{"id":957251,"date":"2025-10-11T17:05:00","date_gmt":"2025-10-11T15:05:00","guid":{"rendered":"https:\/\/dmcsrb.com\/uncategorized\/zecevic-povecan-broj-korisnika-gradskog-prevoza-za-100-hiljada-do-kraja-mjeseca-11-novih-autobusa-za-prigradska-naselja\/"},"modified":"2025-10-11T17:05:00","modified_gmt":"2025-10-11T15:05:00","slug":"zecevic-povecan-broj-korisnika-gradskog-prevoza-za-100-hiljada-do-kraja-mjeseca-11-novih-autobusa-za-prigradska-naselja","status":"publish","type":"post","link":"https:\/\/dmcsrb.com\/en\/podgorica\/zecevic-povecan-broj-korisnika-gradskog-prevoza-za-100-hiljada-do-kraja-mjeseca-11-novih-autobusa-za-prigradska-naselja\/","title":{"rendered":"Ze\u010devi\u0107: Pove\u0107an broj korisnika gradskog prevoza za 100 hiljada, do kraja mjeseca 11 novih autobusa za prigradska naselja"},"content":{"rendered":"<p><\/p>\n\n\n\n<p>U Podgorici, kako ka\u017eu pojedini gra\u0111ani, nije pitanje da li autobus kasni, ve\u0107 koliko. Ipak, gra\u0111ani sa kojima smo razgovarali, demantuju kriti\u010dare javnog prevoza, te isti\u010du da autobusi saobra\u0107aju redovno i da su zadovoljni uslugom.<\/p>\n\n\n\n<figure class=\"wp-block-embed is-type-video is-provider-youtube wp-block-embed-youtube wp-embed-aspect-16-9 wp-has-aspect-ratio\"><div class=\"wp-block-embed__wrapper\">\n<iframe loading=\"lazy\" title=\"Ze\u010devi\u0107: Pove\u0107an broj korisnika gradskog prevoza za 100 hiljada, do kraja mjeseca 11 novih autobusa\" width=\"500\" height=\"281\" src=\"https:\/\/www.youtube.com\/embed\/L2NX6rMFAzo?feature=oembed\" frameborder=\"0\" allow=\"accelerometer; autoplay; clipboard-write; encrypted-media; gyroscope; picture-in-picture; web-share\" referrerpolicy=\"strict-origin-when-cross-origin\" allowfullscreen><\/iframe>\n<\/div><\/figure>\n\n\n\n<p>Direktor preduze\u0107a \u201ePutevi\u201c Rado\u0161 Ze\u010devi\u0107 poziva gra\u0111ane na razumijevanje zbog okolnosti koje nisu u njihovoj mo\u0107i.<\/p>\n\n\n\n<p>&#8220;Prosto su enormne gu\u017eve na na\u0161im ulicama i mi nemamo mogu\u0107nost da uti\u010demo na to. Svjedoci smo svi da i privatnim automobilom za relaciju gdje je realno potrebno pet minuta potro\u0161ite 20, kako \u0107e tek autobus tu gu\u017evu sa onolikim gabaritima&#8221;, kazao je Ze\u010devi\u0107.<\/p>\n\n\n\n<p>Kako ne bi dolazilo do ka\u0161njena, Ze\u010devi\u0107 ka\u017ee da je broj autobusa pove\u0107an, te da su zadovoljni postignutim rezultatima.<\/p>\n\n\n\n<p>&#8220;Broj korisnika se pove\u0107ao za sto hiljada, u zadnjih mjesec dana iza nas, jer sad preko elektonske karte koji su ugra\u0111eni bilje\u017eimo svakog putnika. Oko 556 hiljada se vozilo zadnjih mjesec dana za razliku od prethodnog perioda pro\u0161le godine, odnosno oko 100 hiljada manje. Trend je dobar i podi\u017eemo jos vi\u0161e, ali gra\u0111ani moraju da imaju malo strpljenja&#8221;, naveo je Ze\u010devi\u0107.<\/p>","protected":false},"excerpt":{"rendered":"<p>Gra\u0111ani sve \u010de\u0161\u0107e upozoravaju na ka\u0161njenje gradskog autobusa, pa se \u010dekanje nekada pretvori u pravi izazov. Direktor preduze\u0107a \u201ePutevi\u201c Rado\u0161 Ze\u010devi\u0107 ka\u017ee da su naj\u010de\u0161\u0107i problemi saobra\u0107ajne gu\u017eve i nea\u017eurnost nadle\u017enih, te moli putnike da imaju vi\u0161e razumijevanja. Na radost mje\u0161tana, prigradska naselja \u0107e do kraja mjeseca dobiti 11 novih autobusa, poru\u010dio je Ze\u010devi\u0107.<\/p>","protected":false},"author":1,"featured_media":957252,"comment_status":"open","ping_status":"open","sticky":false,"template":"","format":"standard","meta":{"_acf_changed":false,"footnotes":""},"categories":[56],"tags":[5181,578,849],"naslovna":[],"class_list":["post-957251","post","type-post","status-publish","format-standard","has-post-thumbnail","hentry","category-podgorica","tag-autobusi","tag-putevi","tag-rados-zecevic"],"acf":[],"yoast_head":"<!-- This site is optimized with the Yoast SEO plugin v27.0 - https:\/\/yoast.com\/product\/yoast-seo-wordpress\/ -->\n<title>Ze\u010devi\u0107: Pove\u0107an broj korisnika gradskog prevoza za 100 hiljada, do kraja mjeseca 11 novih autobusa za prigradska naselja - dmcsrb.com<\/title>\n<meta name=\"robots\" content=\"index, follow, max-snippet:-1, max-image-preview:large, max-video-preview:-1\" \/>\n<link rel=\"canonical\" href=\"https:\/\/dmcsrb.com\/en\/podgorica\/zecevic-povecan-broj-korisnika-gradskog-prevoza-za-100-hiljada-do-kraja-mjeseca-11-novih-autobusa-za-prigradska-naselja\/\" \/>\n<meta property=\"og:locale\" content=\"en_GB\" \/>\n<meta property=\"og:type\" content=\"article\" \/>\n<meta property=\"og:title\" content=\"Ze\u010devi\u0107: Pove\u0107an broj korisnika gradskog prevoza za 100 hiljada, do kraja mjeseca 11 novih autobusa za prigradska naselja - dmcsrb.com\" \/>\n<meta property=\"og:description\" content=\"Gra\u0111ani sve \u010de\u0161\u0107e upozoravaju na ka\u0161njenje gradskog autobusa, pa se \u010dekanje nekada pretvori u pravi izazov. Direktor preduze\u0107a \u201ePutevi\u201c Rado\u0161 Ze\u010devi\u0107 ka\u017ee da su naj\u010de\u0161\u0107i problemi saobra\u0107ajne gu\u017eve i nea\u017eurnost nadle\u017enih, te moli putnike da imaju vi\u0161e razumijevanja. Na radost mje\u0161tana, prigradska naselja \u0107e do kraja mjeseca dobiti 11 novih autobusa, poru\u010dio je Ze\u010devi\u0107.\" \/>\n<meta property=\"og:url\" content=\"https:\/\/dmcsrb.com\/en\/podgorica\/zecevic-povecan-broj-korisnika-gradskog-prevoza-za-100-hiljada-do-kraja-mjeseca-11-novih-autobusa-za-prigradska-naselja\/\" \/>\n<meta property=\"og:site_name\" content=\"dmcsrb.com\" \/>\n<meta property=\"article:published_time\" content=\"2025-10-11T15:05:00+00:00\" \/>\n<meta property=\"og:image\" content=\"https:\/\/dmcsrb.com\/wp-content\/uploads\/2026\/01\/autobus-gradski-prevoz-foto-gradski.webp\" \/>\n\t<meta property=\"og:image:width\" content=\"1445\" \/>\n\t<meta property=\"og:image:height\" content=\"818\" \/>\n\t<meta property=\"og:image:type\" content=\"image\/jpeg\" \/>\n<meta name=\"author\" content=\"dmcsrbija.com@gmail.com\" \/>\n<meta name=\"twitter:card\" content=\"summary_large_image\" \/>\n<meta name=\"twitter:label1\" content=\"Written by\" \/>\n\t<meta name=\"twitter:data1\" content=\"dmcsrbija.com@gmail.com\" \/>\n\t<meta name=\"twitter:label2\" content=\"Estimated reading time\" \/>\n\t<meta name=\"twitter:data2\" content=\"1 minute\" \/>\n<script type=\"application\/ld+json\" class=\"yoast-schema-graph\">{\"@context\":\"https:\/\/schema.org\",\"@graph\":[{\"@type\":\"Article\",\"@id\":\"https:\/\/dmcsrb.com\/podgorica\/zecevic-povecan-broj-korisnika-gradskog-prevoza-za-100-hiljada-do-kraja-mjeseca-11-novih-autobusa-za-prigradska-naselja\/#article\",\"isPartOf\":{\"@id\":\"https:\/\/dmcsrb.com\/podgorica\/zecevic-povecan-broj-korisnika-gradskog-prevoza-za-100-hiljada-do-kraja-mjeseca-11-novih-autobusa-za-prigradska-naselja\/\"},\"author\":{\"name\":\"dmcsrbija.com@gmail.com\",\"@id\":\"https:\/\/dmcsrb.com\/#\/schema\/person\/5c39170f12db1b8b457732d0b5c854e2\"},\"headline\":\"Ze\u010devi\u0107: Pove\u0107an broj korisnika gradskog prevoza za 100 hiljada, do kraja mjeseca 11 novih autobusa za prigradska naselja\",\"datePublished\":\"2025-10-11T15:05:00+00:00\",\"mainEntityOfPage\":{\"@id\":\"https:\/\/dmcsrb.com\/podgorica\/zecevic-povecan-broj-korisnika-gradskog-prevoza-za-100-hiljada-do-kraja-mjeseca-11-novih-autobusa-za-prigradska-naselja\/\"},\"wordCount\":228,\"commentCount\":0,\"image\":{\"@id\":\"https:\/\/dmcsrb.com\/podgorica\/zecevic-povecan-broj-korisnika-gradskog-prevoza-za-100-hiljada-do-kraja-mjeseca-11-novih-autobusa-za-prigradska-naselja\/#primaryimage\"},\"thumbnailUrl\":\"https:\/\/dmcsrb.com\/wp-content\/uploads\/2026\/01\/autobus-gradski-prevoz-foto-gradski.webp\",\"keywords\":[\"Autobusi\",\"putevi\",\"Rado\u0161 Ze\u010devi\u0107\"],\"articleSection\":[\"Podgorica\"],\"inLanguage\":\"en-GB\",\"potentialAction\":[{\"@type\":\"CommentAction\",\"name\":\"Comment\",\"target\":[\"https:\/\/dmcsrb.com\/podgorica\/zecevic-povecan-broj-korisnika-gradskog-prevoza-za-100-hiljada-do-kraja-mjeseca-11-novih-autobusa-za-prigradska-naselja\/#respond\"]}]},{\"@type\":\"WebPage\",\"@id\":\"https:\/\/dmcsrb.com\/podgorica\/zecevic-povecan-broj-korisnika-gradskog-prevoza-za-100-hiljada-do-kraja-mjeseca-11-novih-autobusa-za-prigradska-naselja\/\",\"url\":\"https:\/\/dmcsrb.com\/podgorica\/zecevic-povecan-broj-korisnika-gradskog-prevoza-za-100-hiljada-do-kraja-mjeseca-11-novih-autobusa-za-prigradska-naselja\/\",\"name\":\"Ze\u010devi\u0107: Pove\u0107an broj korisnika gradskog prevoza za 100 hiljada, do kraja mjeseca 11 novih autobusa za prigradska naselja - dmcsrb.com\",\"isPartOf\":{\"@id\":\"https:\/\/dmcsrb.com\/#website\"},\"primaryImageOfPage\":{\"@id\":\"https:\/\/dmcsrb.com\/podgorica\/zecevic-povecan-broj-korisnika-gradskog-prevoza-za-100-hiljada-do-kraja-mjeseca-11-novih-autobusa-za-prigradska-naselja\/#primaryimage\"},\"image\":{\"@id\":\"https:\/\/dmcsrb.com\/podgorica\/zecevic-povecan-broj-korisnika-gradskog-prevoza-za-100-hiljada-do-kraja-mjeseca-11-novih-autobusa-za-prigradska-naselja\/#primaryimage\"},\"thumbnailUrl\":\"https:\/\/dmcsrb.com\/wp-content\/uploads\/2026\/01\/autobus-gradski-prevoz-foto-gradski.webp\",\"datePublished\":\"2025-10-11T15:05:00+00:00\",\"author\":{\"@id\":\"https:\/\/dmcsrb.com\/#\/schema\/person\/5c39170f12db1b8b457732d0b5c854e2\"},\"breadcrumb\":{\"@id\":\"https:\/\/dmcsrb.com\/podgorica\/zecevic-povecan-broj-korisnika-gradskog-prevoza-za-100-hiljada-do-kraja-mjeseca-11-novih-autobusa-za-prigradska-naselja\/#breadcrumb\"},\"inLanguage\":\"en-GB\",\"potentialAction\":[{\"@type\":\"ReadAction\",\"target\":[\"https:\/\/dmcsrb.com\/podgorica\/zecevic-povecan-broj-korisnika-gradskog-prevoza-za-100-hiljada-do-kraja-mjeseca-11-novih-autobusa-za-prigradska-naselja\/\"]}]},{\"@type\":\"ImageObject\",\"inLanguage\":\"en-GB\",\"@id\":\"https:\/\/dmcsrb.com\/podgorica\/zecevic-povecan-broj-korisnika-gradskog-prevoza-za-100-hiljada-do-kraja-mjeseca-11-novih-autobusa-za-prigradska-naselja\/#primaryimage\",\"url\":\"https:\/\/dmcsrb.com\/wp-content\/uploads\/2026\/01\/autobus-gradski-prevoz-foto-gradski.webp\",\"contentUrl\":\"https:\/\/dmcsrb.com\/wp-content\/uploads\/2026\/01\/autobus-gradski-prevoz-foto-gradski.webp\",\"width\":1445,\"height\":818},{\"@type\":\"BreadcrumbList\",\"@id\":\"https:\/\/dmcsrb.com\/podgorica\/zecevic-povecan-broj-korisnika-gradskog-prevoza-za-100-hiljada-do-kraja-mjeseca-11-novih-autobusa-za-prigradska-naselja\/#breadcrumb\",\"itemListElement\":[{\"@type\":\"ListItem\",\"position\":1,\"name\":\"Home\",\"item\":\"https:\/\/dmcsrb.com\/\"},{\"@type\":\"ListItem\",\"position\":2,\"name\":\"Ze\u010devi\u0107: Pove\u0107an broj korisnika gradskog prevoza za 100 hiljada, do kraja mjeseca 11 novih autobusa za prigradska naselja\"}]},{\"@type\":\"WebSite\",\"@id\":\"https:\/\/dmcsrb.com\/#website\",\"url\":\"https:\/\/dmcsrb.com\/\",\"name\":\"dmcsrb.com\",\"description\":\"\",\"potentialAction\":[{\"@type\":\"SearchAction\",\"target\":{\"@type\":\"EntryPoint\",\"urlTemplate\":\"https:\/\/dmcsrb.com\/?s={search_term_string}\"},\"query-input\":{\"@type\":\"PropertyValueSpecification\",\"valueRequired\":true,\"valueName\":\"search_term_string\"}}],\"inLanguage\":\"en-GB\"},{\"@type\":\"Person\",\"@id\":\"https:\/\/dmcsrb.com\/#\/schema\/person\/5c39170f12db1b8b457732d0b5c854e2\",\"name\":\"dmcsrbija.com@gmail.com\",\"image\":{\"@type\":\"ImageObject\",\"inLanguage\":\"en-GB\",\"@id\":\"https:\/\/dmcsrb.com\/#\/schema\/person\/image\/\",\"url\":\"https:\/\/secure.gravatar.com\/avatar\/68592660ad6347fad0fb587f8d5d8f1a7b44961362f56e4f2cd524feb87e9069?s=96&d=mm&r=g\",\"contentUrl\":\"https:\/\/secure.gravatar.com\/avatar\/68592660ad6347fad0fb587f8d5d8f1a7b44961362f56e4f2cd524feb87e9069?s=96&d=mm&r=g\",\"caption\":\"dmcsrbija.com@gmail.com\"},\"sameAs\":[\"https:\/\/dmcsrb.com\"],\"url\":\"https:\/\/dmcsrb.com\/en\/author\/dmcsrbija-comgmail-com\/\"}]}<\/script>\n<!-- \/ Yoast SEO plugin. -->","yoast_head_json":{"title":"Ze\u010devi\u0107: Pove\u0107an broj korisnika gradskog prevoza za 100 hiljada, do kraja mjeseca 11 novih autobusa za prigradska naselja - dmcsrb.com","robots":{"index":"index","follow":"follow","max-snippet":"max-snippet:-1","max-image-preview":"max-image-preview:large","max-video-preview":"max-video-preview:-1"},"canonical":"https:\/\/dmcsrb.com\/en\/podgorica\/zecevic-povecan-broj-korisnika-gradskog-prevoza-za-100-hiljada-do-kraja-mjeseca-11-novih-autobusa-za-prigradska-naselja\/","og_locale":"en_GB","og_type":"article","og_title":"Ze\u010devi\u0107: Pove\u0107an broj korisnika gradskog prevoza za 100 hiljada, do kraja mjeseca 11 novih autobusa za prigradska naselja - dmcsrb.com","og_description":"Gra\u0111ani sve \u010de\u0161\u0107e upozoravaju na ka\u0161njenje gradskog autobusa, pa se \u010dekanje nekada pretvori u pravi izazov. Direktor preduze\u0107a \u201ePutevi\u201c Rado\u0161 Ze\u010devi\u0107 ka\u017ee da su naj\u010de\u0161\u0107i problemi saobra\u0107ajne gu\u017eve i nea\u017eurnost nadle\u017enih, te moli putnike da imaju vi\u0161e razumijevanja. Na radost mje\u0161tana, prigradska naselja \u0107e do kraja mjeseca dobiti 11 novih autobusa, poru\u010dio je Ze\u010devi\u0107.","og_url":"https:\/\/dmcsrb.com\/en\/podgorica\/zecevic-povecan-broj-korisnika-gradskog-prevoza-za-100-hiljada-do-kraja-mjeseca-11-novih-autobusa-za-prigradska-naselja\/","og_site_name":"dmcsrb.com","article_published_time":"2025-10-11T15:05:00+00:00","og_image":[{"width":1445,"height":818,"url":"https:\/\/dmcsrb.com\/wp-content\/uploads\/2026\/01\/autobus-gradski-prevoz-foto-gradski.webp","type":"image\/jpeg"}],"author":"dmcsrbija.com@gmail.com","twitter_card":"summary_large_image","twitter_misc":{"Written by":"dmcsrbija.com@gmail.com","Estimated reading time":"1 minute"},"schema":{"@context":"https:\/\/schema.org","@graph":[{"@type":"Article","@id":"https:\/\/dmcsrb.com\/podgorica\/zecevic-povecan-broj-korisnika-gradskog-prevoza-za-100-hiljada-do-kraja-mjeseca-11-novih-autobusa-za-prigradska-naselja\/#article","isPartOf":{"@id":"https:\/\/dmcsrb.com\/podgorica\/zecevic-povecan-broj-korisnika-gradskog-prevoza-za-100-hiljada-do-kraja-mjeseca-11-novih-autobusa-za-prigradska-naselja\/"},"author":{"name":"dmcsrbija.com@gmail.com","@id":"https:\/\/dmcsrb.com\/#\/schema\/person\/5c39170f12db1b8b457732d0b5c854e2"},"headline":"Ze\u010devi\u0107: Pove\u0107an broj korisnika gradskog prevoza za 100 hiljada, do kraja mjeseca 11 novih autobusa za prigradska naselja","datePublished":"2025-10-11T15:05:00+00:00","mainEntityOfPage":{"@id":"https:\/\/dmcsrb.com\/podgorica\/zecevic-povecan-broj-korisnika-gradskog-prevoza-za-100-hiljada-do-kraja-mjeseca-11-novih-autobusa-za-prigradska-naselja\/"},"wordCount":228,"commentCount":0,"image":{"@id":"https:\/\/dmcsrb.com\/podgorica\/zecevic-povecan-broj-korisnika-gradskog-prevoza-za-100-hiljada-do-kraja-mjeseca-11-novih-autobusa-za-prigradska-naselja\/#primaryimage"},"thumbnailUrl":"https:\/\/dmcsrb.com\/wp-content\/uploads\/2026\/01\/autobus-gradski-prevoz-foto-gradski.webp","keywords":["Autobusi","putevi","Rado\u0161 Ze\u010devi\u0107"],"articleSection":["Podgorica"],"inLanguage":"en-GB","potentialAction":[{"@type":"CommentAction","name":"Comment","target":["https:\/\/dmcsrb.com\/podgorica\/zecevic-povecan-broj-korisnika-gradskog-prevoza-za-100-hiljada-do-kraja-mjeseca-11-novih-autobusa-za-prigradska-naselja\/#respond"]}]},{"@type":"WebPage","@id":"https:\/\/dmcsrb.com\/podgorica\/zecevic-povecan-broj-korisnika-gradskog-prevoza-za-100-hiljada-do-kraja-mjeseca-11-novih-autobusa-za-prigradska-naselja\/","url":"https:\/\/dmcsrb.com\/podgorica\/zecevic-povecan-broj-korisnika-gradskog-prevoza-za-100-hiljada-do-kraja-mjeseca-11-novih-autobusa-za-prigradska-naselja\/","name":"Ze\u010devi\u0107: Pove\u0107an broj korisnika gradskog prevoza za 100 hiljada, do kraja mjeseca 11 novih autobusa za prigradska naselja - dmcsrb.com","isPartOf":{"@id":"https:\/\/dmcsrb.com\/#website"},"primaryImageOfPage":{"@id":"https:\/\/dmcsrb.com\/podgorica\/zecevic-povecan-broj-korisnika-gradskog-prevoza-za-100-hiljada-do-kraja-mjeseca-11-novih-autobusa-za-prigradska-naselja\/#primaryimage"},"image":{"@id":"https:\/\/dmcsrb.com\/podgorica\/zecevic-povecan-broj-korisnika-gradskog-prevoza-za-100-hiljada-do-kraja-mjeseca-11-novih-autobusa-za-prigradska-naselja\/#primaryimage"},"thumbnailUrl":"https:\/\/dmcsrb.com\/wp-content\/uploads\/2026\/01\/autobus-gradski-prevoz-foto-gradski.webp","datePublished":"2025-10-11T15:05:00+00:00","author":{"@id":"https:\/\/dmcsrb.com\/#\/schema\/person\/5c39170f12db1b8b457732d0b5c854e2"},"breadcrumb":{"@id":"https:\/\/dmcsrb.com\/podgorica\/zecevic-povecan-broj-korisnika-gradskog-prevoza-za-100-hiljada-do-kraja-mjeseca-11-novih-autobusa-za-prigradska-naselja\/#breadcrumb"},"inLanguage":"en-GB","potentialAction":[{"@type":"ReadAction","target":["https:\/\/dmcsrb.com\/podgorica\/zecevic-povecan-broj-korisnika-gradskog-prevoza-za-100-hiljada-do-kraja-mjeseca-11-novih-autobusa-za-prigradska-naselja\/"]}]},{"@type":"ImageObject","inLanguage":"en-GB","@id":"https:\/\/dmcsrb.com\/podgorica\/zecevic-povecan-broj-korisnika-gradskog-prevoza-za-100-hiljada-do-kraja-mjeseca-11-novih-autobusa-za-prigradska-naselja\/#primaryimage","url":"https:\/\/dmcsrb.com\/wp-content\/uploads\/2026\/01\/autobus-gradski-prevoz-foto-gradski.webp","contentUrl":"https:\/\/dmcsrb.com\/wp-content\/uploads\/2026\/01\/autobus-gradski-prevoz-foto-gradski.webp","width":1445,"height":818},{"@type":"BreadcrumbList","@id":"https:\/\/dmcsrb.com\/podgorica\/zecevic-povecan-broj-korisnika-gradskog-prevoza-za-100-hiljada-do-kraja-mjeseca-11-novih-autobusa-za-prigradska-naselja\/#breadcrumb","itemListElement":[{"@type":"ListItem","position":1,"name":"Home","item":"https:\/\/dmcsrb.com\/"},{"@type":"ListItem","position":2,"name":"Ze\u010devi\u0107: Pove\u0107an broj korisnika gradskog prevoza za 100 hiljada, do kraja mjeseca 11 novih autobusa za prigradska naselja"}]},{"@type":"WebSite","@id":"https:\/\/dmcsrb.com\/#website","url":"https:\/\/dmcsrb.com\/","name":"dmcsrb.com","description":"","potentialAction":[{"@type":"SearchAction","target":{"@type":"EntryPoint","urlTemplate":"https:\/\/dmcsrb.com\/?s={search_term_string}"},"query-input":{"@type":"PropertyValueSpecification","valueRequired":true,"valueName":"search_term_string"}}],"inLanguage":"en-GB"},{"@type":"Person","@id":"https:\/\/dmcsrb.com\/#\/schema\/person\/5c39170f12db1b8b457732d0b5c854e2","name":"dmcsrbija.com@gmail.com","image":{"@type":"ImageObject","inLanguage":"en-GB","@id":"https:\/\/dmcsrb.com\/#\/schema\/person\/image\/","url":"https:\/\/secure.gravatar.com\/avatar\/68592660ad6347fad0fb587f8d5d8f1a7b44961362f56e4f2cd524feb87e9069?s=96&d=mm&r=g","contentUrl":"https:\/\/secure.gravatar.com\/avatar\/68592660ad6347fad0fb587f8d5d8f1a7b44961362f56e4f2cd524feb87e9069?s=96&d=mm&r=g","caption":"dmcsrbija.com@gmail.com"},"sameAs":["https:\/\/dmcsrb.com"],"url":"https:\/\/dmcsrb.com\/en\/author\/dmcsrbija-comgmail-com\/"}]}},"_links":{"self":[{"href":"https:\/\/dmcsrb.com\/en\/wp-json\/wp\/v2\/posts\/957251","targetHints":{"allow":["GET"]}}],"collection":[{"href":"https:\/\/dmcsrb.com\/en\/wp-json\/wp\/v2\/posts"}],"about":[{"href":"https:\/\/dmcsrb.com\/en\/wp-json\/wp\/v2\/types\/post"}],"author":[{"embeddable":true,"href":"https:\/\/dmcsrb.com\/en\/wp-json\/wp\/v2\/users\/1"}],"replies":[{"embeddable":true,"href":"https:\/\/dmcsrb.com\/en\/wp-json\/wp\/v2\/comments?post=957251"}],"version-history":[{"count":0,"href":"https:\/\/dmcsrb.com\/en\/wp-json\/wp\/v2\/posts\/957251\/revisions"}],"wp:featuredmedia":[{"embeddable":true,"href":"https:\/\/dmcsrb.com\/en\/wp-json\/wp\/v2\/media\/957252"}],"wp:attachment":[{"href":"https:\/\/dmcsrb.com\/en\/wp-json\/wp\/v2\/media?parent=957251"}],"wp:term":[{"taxonomy":"category","embeddable":true,"href":"https:\/\/dmcsrb.com\/en\/wp-json\/wp\/v2\/categories?post=957251"},{"taxonomy":"post_tag","embeddable":true,"href":"https:\/\/dmcsrb.com\/en\/wp-json\/wp\/v2\/tags?post=957251"},{"taxonomy":"naslovna","embeddable":true,"href":"https:\/\/dmcsrb.com\/en\/wp-json\/wp\/v2\/naslovna?post=957251"}],"curies":[{"name":"wp","href":"https:\/\/api.w.org\/{rel}","templated":true}]}}