{"id":957243,"date":"2025-10-11T17:17:00","date_gmt":"2025-10-11T15:17:00","guid":{"rendered":"https:\/\/dmcsrb.com\/uncategorized\/stubici-na-bulevaru-ivana-crnojevica-nijesu-dali-rezultate-vozacima-desna-traka-i-dalje-sluzi-kao-parking\/"},"modified":"2025-10-11T17:17:00","modified_gmt":"2025-10-11T15:17:00","slug":"stubici-na-bulevaru-ivana-crnojevica-nijesu-dali-rezultate-vozacima-desna-traka-i-dalje-sluzi-kao-parking","status":"publish","type":"post","link":"https:\/\/dmcsrb.com\/en\/podgorica\/stubici-na-bulevaru-ivana-crnojevica-nijesu-dali-rezultate-vozacima-desna-traka-i-dalje-sluzi-kao-parking\/","title":{"rendered":"Stubi\u0107i na Bulevaru Ivana Crnojevi\u0107a nijesu dali rezultate: Voza\u010dima desna traka i dalje slu\u017ei kao parking"},"content":{"rendered":"<p><\/p>\n\n\n\n<p>Parking na Bulevaru Ivana Crnojevi\u0107a izbrisan je u avgustu, kako bi se rije\u0161io problem sa saobra\u0107ajnim gu\u017evama. Me\u0111utim, mnogim nesavjesnim sugra\u0111anima to nije prepreka da vozila nepropisno parkiraju na kolovozu, a potom vjerovatno i kritikuju gu\u017eve za koje su i sami odgovorni.<\/p>\n\n\n\n<p>Pauk je \u010desto na terenu, ali ne uspijeva da podigne sva nepropisno parkirana vozila. Iz Uprave za inspekcijske poslove Glavnog grada za TV Podgorica ka\u017eu da svakodnevno u okviru svojih nadle\u017enosti, kontroli\u0161u i sankcioni\u0161u nepropisno parkirana vozila. Kontrole se sprovode po slu\u017ebenoj du\u017enosti, ali i ona osnovu prijava gra\u0111ana, saop\u0161tio je direktor Uprave Branko Kova\u010devi\u0107.<\/p>\n\n\n\n<p>&#8220;U prethodnom periodu je s Bulevara Ivana Crnojevi\u0107a od 01. maja do dana dana\u0161njeg prevezeno 355 nepropisno parkiranih vozila&#8221;, kazao je Kova\u010devi\u0107.<\/p>\n\n\n\n<p>Prema njegovim rije\u010dima, savjest voza\u010da je i dalje na izuzetno niskom nivou.<\/p>\n\n\n\n<p>&#8220;Kada bi se to promijenilo umnogome, mi ne bismo imali ovih problema. Na\u0161i gra\u0111ani su takvi, oni ako ima slobodno parking mjesto ne\u0107e da se parkira tu ve\u0107 ga parkira na ulici da mu to bude blizu, da li je to neka trgovinska radnja, da li je to kafi\u0107, \u017eeli da mu je tu vozilo, i onda stvaramo tu sliku i taj problem koji moramo da re\u0161avamo svi zajedno i zbog tih nesavjesnih voza\u010da trpimo svi kao gra\u0111ani Podgorice&#8221;, naveo je Kova\u010devi\u0107.<\/p>\n\n\n\n<p>Iako Uprava za inspekcijske poslove koristi sve raspolo\u017eive resurse da se ovaj problem rije\u0161i, postoje\u0107a zakonska regulativa umnogome ote\u017eava posao, obja\u0161njava Kova\u010devi\u0107.<\/p>\n\n\n\n<p>&#8220;Moram naglasiti da je u toku izmjena Zakona o bezbjednosti saobra\u0107aja, javna rasprava je zavr\u0161ena, o\u010dekujem da to vrlo brzo bude u Skup\u0161tini na dr\u017eavnom nivou, da \u0107e to biti usvojeno novi zakoni i novi propisi, a tako \u0107emo mo\u0107i da djelujemo na neke druge na\u010dine na koje sada ne mo\u017eemo, i to \u0107e pomo\u0107i da rije\u0161imo ovaj saobra\u0107ajni problem koji je evidentan na teritoriji \u010ditavog Glavnog grada&#8221;, kazao je Kova\u010devi\u0107.<\/p>\n\n\n\n<p>Na Bulevaru Ivana Crnojevi\u0107a u cilju optimizacije saobra\u0107aja postavljeni su i PVC stubi\u0107i ali to rje\u0161enje nije dalo o\u010dekivane rezultate, jer pojedini voza\u010di i dalje parkiraju na nepropisnim mjestima.<\/p>\n\n\n\n<p>&#8220;U po\u010detku je to djelovalo jako dobro, me\u0111utim imamo opet one nesavjesne voza\u010de koji parkiraju svoje vozilo u tu traku i ta traka postaje potpuno neupotrebljiva dok god se to makar jedno vozilo nalazi u njoj&#8221;, naveo je Kova\u010devi\u0107.<\/p>\n\n\n\n<p>Izmjenama zakonske regulative predvi\u0111ene su stro\u017ee kazne za postoje\u0107e prekr\u0161aje ali i prekidanje prakse neka\u017enjivosti odre\u0111enih djela &#8211; ipak, promjena svijesti voza\u010da je od klju\u010dnog zna\u010daja, a edukacija o pravilima pona\u0161anja u saobra\u0107aju trebalo bi da po\u010dne jo\u0161 od najranijeg uzrasta, poru\u010dio je Kova\u010devi\u0107.<\/p>\n\n\n\n<figure class=\"wp-block-embed is-type-video is-provider-youtube wp-block-embed-youtube wp-embed-aspect-16-9 wp-has-aspect-ratio\"><div class=\"wp-block-embed__wrapper\">\n<iframe loading=\"lazy\" title=\"Stubi\u0107i na Bulevaru Ivana Crnojevi\u0107a bez rezultata: Voza\u010dima desna traka i dalje slu\u017ei kao parking\" width=\"500\" height=\"281\" src=\"https:\/\/www.youtube.com\/embed\/w96S34TSvYU?feature=oembed\" frameborder=\"0\" allow=\"accelerometer; autoplay; clipboard-write; encrypted-media; gyroscope; picture-in-picture; web-share\" referrerpolicy=\"strict-origin-when-cross-origin\" allowfullscreen><\/iframe>\n<\/div><\/figure>","protected":false},"excerpt":{"rendered":"<p>Na Bulevaru Bulevara Ivana Crnojevi\u0107a u avgustu ove godine izmijenjena je signalizacija. Stare horizontalne oznake su prefarbane a po sredini su postavljeni stubi\u0107i da se trake ne bi koristile kao zaustavne. Nesavjesni voza\u010di ipak ne po\u0161tuju ove izmjene, \u0161to je na\u0161a ekipa danas i zabilje\u017eila, a iz Uprave za inspekcijeske poslove poru\u010duju da su njihove ekipe svakodnevno na terenu.<\/p>","protected":false},"author":1,"featured_media":957244,"comment_status":"open","ping_status":"open","sticky":false,"template":"","format":"standard","meta":{"_acf_changed":false,"footnotes":""},"categories":[56],"tags":[6221,11098,10914],"naslovna":[],"class_list":["post-957243","post","type-post","status-publish","format-standard","has-post-thumbnail","hentry","category-podgorica","tag-branko-kovacevic","tag-pauk","tag-uprava-za-inspekcijske-poslove"],"acf":[],"yoast_head":"<!-- This site is optimized with the Yoast SEO plugin v27.4 - https:\/\/yoast.com\/product\/yoast-seo-wordpress\/ -->\n<title>Stubi\u0107i na Bulevaru Ivana Crnojevi\u0107a nijesu dali rezultate: Voza\u010dima desna traka i dalje slu\u017ei kao parking - dmcsrb.com<\/title>\n<meta name=\"robots\" content=\"index, follow, max-snippet:-1, max-image-preview:large, max-video-preview:-1\" \/>\n<link rel=\"canonical\" href=\"https:\/\/dmcsrb.com\/en\/podgorica\/stubici-na-bulevaru-ivana-crnojevica-nijesu-dali-rezultate-vozacima-desna-traka-i-dalje-sluzi-kao-parking\/\" \/>\n<meta property=\"og:locale\" content=\"en_GB\" \/>\n<meta property=\"og:type\" content=\"article\" \/>\n<meta property=\"og:title\" content=\"Stubi\u0107i na Bulevaru Ivana Crnojevi\u0107a nijesu dali rezultate: Voza\u010dima desna traka i dalje slu\u017ei kao parking - dmcsrb.com\" \/>\n<meta property=\"og:description\" content=\"Na Bulevaru Bulevara Ivana Crnojevi\u0107a u avgustu ove godine izmijenjena je signalizacija. Stare horizontalne oznake su prefarbane a po sredini su postavljeni stubi\u0107i da se trake ne bi koristile kao zaustavne. Nesavjesni voza\u010di ipak ne po\u0161tuju ove izmjene, \u0161to je na\u0161a ekipa danas i zabilje\u017eila, a iz Uprave za inspekcijeske poslove poru\u010duju da su njihove ekipe svakodnevno na terenu.\" \/>\n<meta property=\"og:url\" content=\"https:\/\/dmcsrb.com\/en\/podgorica\/stubici-na-bulevaru-ivana-crnojevica-nijesu-dali-rezultate-vozacima-desna-traka-i-dalje-sluzi-kao-parking\/\" \/>\n<meta property=\"og:site_name\" content=\"dmcsrb.com\" \/>\n<meta property=\"article:published_time\" content=\"2025-10-11T15:17:00+00:00\" \/>\n<meta property=\"og:image\" content=\"https:\/\/dmcsrb.com\/wp-content\/uploads\/2026\/01\/Pauk-na-bulevaru-ivana-crnojevica-foto-gradski.webp\" \/>\n\t<meta property=\"og:image:width\" content=\"1315\" \/>\n\t<meta property=\"og:image:height\" content=\"744\" \/>\n\t<meta property=\"og:image:type\" content=\"image\/jpeg\" \/>\n<meta name=\"author\" content=\"dmcsrbija.com@gmail.com\" \/>\n<meta name=\"twitter:card\" content=\"summary_large_image\" \/>\n<meta name=\"twitter:label1\" content=\"Written by\" \/>\n\t<meta name=\"twitter:data1\" content=\"dmcsrbija.com@gmail.com\" \/>\n\t<meta name=\"twitter:label2\" content=\"Estimated reading time\" \/>\n\t<meta name=\"twitter:data2\" content=\"2 minutes\" \/>\n<script type=\"application\/ld+json\" class=\"yoast-schema-graph\">{\"@context\":\"https:\\\/\\\/schema.org\",\"@graph\":[{\"@type\":\"Article\",\"@id\":\"https:\\\/\\\/dmcsrb.com\\\/podgorica\\\/stubici-na-bulevaru-ivana-crnojevica-nijesu-dali-rezultate-vozacima-desna-traka-i-dalje-sluzi-kao-parking\\\/#article\",\"isPartOf\":{\"@id\":\"https:\\\/\\\/dmcsrb.com\\\/podgorica\\\/stubici-na-bulevaru-ivana-crnojevica-nijesu-dali-rezultate-vozacima-desna-traka-i-dalje-sluzi-kao-parking\\\/\"},\"author\":{\"name\":\"dmcsrbija.com@gmail.com\",\"@id\":\"https:\\\/\\\/dmcsrb.com\\\/#\\\/schema\\\/person\\\/5c39170f12db1b8b457732d0b5c854e2\"},\"headline\":\"Stubi\u0107i na Bulevaru Ivana Crnojevi\u0107a nijesu dali rezultate: Voza\u010dima desna traka i dalje slu\u017ei kao parking\",\"datePublished\":\"2025-10-11T15:17:00+00:00\",\"mainEntityOfPage\":{\"@id\":\"https:\\\/\\\/dmcsrb.com\\\/podgorica\\\/stubici-na-bulevaru-ivana-crnojevica-nijesu-dali-rezultate-vozacima-desna-traka-i-dalje-sluzi-kao-parking\\\/\"},\"wordCount\":515,\"commentCount\":0,\"image\":{\"@id\":\"https:\\\/\\\/dmcsrb.com\\\/podgorica\\\/stubici-na-bulevaru-ivana-crnojevica-nijesu-dali-rezultate-vozacima-desna-traka-i-dalje-sluzi-kao-parking\\\/#primaryimage\"},\"thumbnailUrl\":\"https:\\\/\\\/dmcsrb.com\\\/wp-content\\\/uploads\\\/2026\\\/01\\\/Pauk-na-bulevaru-ivana-crnojevica-foto-gradski.webp\",\"keywords\":[\"Branko Kova\u010devi\u0107\",\"pauk\",\"Uprava za inspekcijske poslove\"],\"articleSection\":[\"Podgorica\"],\"inLanguage\":\"en-GB\",\"potentialAction\":[{\"@type\":\"CommentAction\",\"name\":\"Comment\",\"target\":[\"https:\\\/\\\/dmcsrb.com\\\/podgorica\\\/stubici-na-bulevaru-ivana-crnojevica-nijesu-dali-rezultate-vozacima-desna-traka-i-dalje-sluzi-kao-parking\\\/#respond\"]}]},{\"@type\":\"WebPage\",\"@id\":\"https:\\\/\\\/dmcsrb.com\\\/podgorica\\\/stubici-na-bulevaru-ivana-crnojevica-nijesu-dali-rezultate-vozacima-desna-traka-i-dalje-sluzi-kao-parking\\\/\",\"url\":\"https:\\\/\\\/dmcsrb.com\\\/podgorica\\\/stubici-na-bulevaru-ivana-crnojevica-nijesu-dali-rezultate-vozacima-desna-traka-i-dalje-sluzi-kao-parking\\\/\",\"name\":\"Stubi\u0107i na Bulevaru Ivana Crnojevi\u0107a nijesu dali rezultate: Voza\u010dima desna traka i dalje slu\u017ei kao parking - dmcsrb.com\",\"isPartOf\":{\"@id\":\"https:\\\/\\\/dmcsrb.com\\\/#website\"},\"primaryImageOfPage\":{\"@id\":\"https:\\\/\\\/dmcsrb.com\\\/podgorica\\\/stubici-na-bulevaru-ivana-crnojevica-nijesu-dali-rezultate-vozacima-desna-traka-i-dalje-sluzi-kao-parking\\\/#primaryimage\"},\"image\":{\"@id\":\"https:\\\/\\\/dmcsrb.com\\\/podgorica\\\/stubici-na-bulevaru-ivana-crnojevica-nijesu-dali-rezultate-vozacima-desna-traka-i-dalje-sluzi-kao-parking\\\/#primaryimage\"},\"thumbnailUrl\":\"https:\\\/\\\/dmcsrb.com\\\/wp-content\\\/uploads\\\/2026\\\/01\\\/Pauk-na-bulevaru-ivana-crnojevica-foto-gradski.webp\",\"datePublished\":\"2025-10-11T15:17:00+00:00\",\"author\":{\"@id\":\"https:\\\/\\\/dmcsrb.com\\\/#\\\/schema\\\/person\\\/5c39170f12db1b8b457732d0b5c854e2\"},\"breadcrumb\":{\"@id\":\"https:\\\/\\\/dmcsrb.com\\\/podgorica\\\/stubici-na-bulevaru-ivana-crnojevica-nijesu-dali-rezultate-vozacima-desna-traka-i-dalje-sluzi-kao-parking\\\/#breadcrumb\"},\"inLanguage\":\"en-GB\",\"potentialAction\":[{\"@type\":\"ReadAction\",\"target\":[\"https:\\\/\\\/dmcsrb.com\\\/podgorica\\\/stubici-na-bulevaru-ivana-crnojevica-nijesu-dali-rezultate-vozacima-desna-traka-i-dalje-sluzi-kao-parking\\\/\"]}]},{\"@type\":\"ImageObject\",\"inLanguage\":\"en-GB\",\"@id\":\"https:\\\/\\\/dmcsrb.com\\\/podgorica\\\/stubici-na-bulevaru-ivana-crnojevica-nijesu-dali-rezultate-vozacima-desna-traka-i-dalje-sluzi-kao-parking\\\/#primaryimage\",\"url\":\"https:\\\/\\\/dmcsrb.com\\\/wp-content\\\/uploads\\\/2026\\\/01\\\/Pauk-na-bulevaru-ivana-crnojevica-foto-gradski.webp\",\"contentUrl\":\"https:\\\/\\\/dmcsrb.com\\\/wp-content\\\/uploads\\\/2026\\\/01\\\/Pauk-na-bulevaru-ivana-crnojevica-foto-gradski.webp\",\"width\":1315,\"height\":744},{\"@type\":\"BreadcrumbList\",\"@id\":\"https:\\\/\\\/dmcsrb.com\\\/podgorica\\\/stubici-na-bulevaru-ivana-crnojevica-nijesu-dali-rezultate-vozacima-desna-traka-i-dalje-sluzi-kao-parking\\\/#breadcrumb\",\"itemListElement\":[{\"@type\":\"ListItem\",\"position\":1,\"name\":\"Home\",\"item\":\"https:\\\/\\\/dmcsrb.com\\\/\"},{\"@type\":\"ListItem\",\"position\":2,\"name\":\"Stubi\u0107i na Bulevaru Ivana Crnojevi\u0107a nijesu dali rezultate: Voza\u010dima desna traka i dalje slu\u017ei kao parking\"}]},{\"@type\":\"WebSite\",\"@id\":\"https:\\\/\\\/dmcsrb.com\\\/#website\",\"url\":\"https:\\\/\\\/dmcsrb.com\\\/\",\"name\":\"dmcsrb.com\",\"description\":\"\",\"potentialAction\":[{\"@type\":\"SearchAction\",\"target\":{\"@type\":\"EntryPoint\",\"urlTemplate\":\"https:\\\/\\\/dmcsrb.com\\\/?s={search_term_string}\"},\"query-input\":{\"@type\":\"PropertyValueSpecification\",\"valueRequired\":true,\"valueName\":\"search_term_string\"}}],\"inLanguage\":\"en-GB\"},{\"@type\":\"Person\",\"@id\":\"https:\\\/\\\/dmcsrb.com\\\/#\\\/schema\\\/person\\\/5c39170f12db1b8b457732d0b5c854e2\",\"name\":\"dmcsrbija.com@gmail.com\",\"image\":{\"@type\":\"ImageObject\",\"inLanguage\":\"en-GB\",\"@id\":\"https:\\\/\\\/secure.gravatar.com\\\/avatar\\\/68592660ad6347fad0fb587f8d5d8f1a7b44961362f56e4f2cd524feb87e9069?s=96&d=mm&r=g\",\"url\":\"https:\\\/\\\/secure.gravatar.com\\\/avatar\\\/68592660ad6347fad0fb587f8d5d8f1a7b44961362f56e4f2cd524feb87e9069?s=96&d=mm&r=g\",\"contentUrl\":\"https:\\\/\\\/secure.gravatar.com\\\/avatar\\\/68592660ad6347fad0fb587f8d5d8f1a7b44961362f56e4f2cd524feb87e9069?s=96&d=mm&r=g\",\"caption\":\"dmcsrbija.com@gmail.com\"},\"sameAs\":[\"https:\\\/\\\/dmcsrb.com\"],\"url\":\"https:\\\/\\\/dmcsrb.com\\\/en\\\/author\\\/dmcsrbija-comgmail-com\\\/\"}]}<\/script>\n<!-- \/ Yoast SEO plugin. -->","yoast_head_json":{"title":"Stubi\u0107i na Bulevaru Ivana Crnojevi\u0107a nijesu dali rezultate: Voza\u010dima desna traka i dalje slu\u017ei kao parking - dmcsrb.com","robots":{"index":"index","follow":"follow","max-snippet":"max-snippet:-1","max-image-preview":"max-image-preview:large","max-video-preview":"max-video-preview:-1"},"canonical":"https:\/\/dmcsrb.com\/en\/podgorica\/stubici-na-bulevaru-ivana-crnojevica-nijesu-dali-rezultate-vozacima-desna-traka-i-dalje-sluzi-kao-parking\/","og_locale":"en_GB","og_type":"article","og_title":"Stubi\u0107i na Bulevaru Ivana Crnojevi\u0107a nijesu dali rezultate: Voza\u010dima desna traka i dalje slu\u017ei kao parking - dmcsrb.com","og_description":"Na Bulevaru Bulevara Ivana Crnojevi\u0107a u avgustu ove godine izmijenjena je signalizacija. Stare horizontalne oznake su prefarbane a po sredini su postavljeni stubi\u0107i da se trake ne bi koristile kao zaustavne. Nesavjesni voza\u010di ipak ne po\u0161tuju ove izmjene, \u0161to je na\u0161a ekipa danas i zabilje\u017eila, a iz Uprave za inspekcijeske poslove poru\u010duju da su njihove ekipe svakodnevno na terenu.","og_url":"https:\/\/dmcsrb.com\/en\/podgorica\/stubici-na-bulevaru-ivana-crnojevica-nijesu-dali-rezultate-vozacima-desna-traka-i-dalje-sluzi-kao-parking\/","og_site_name":"dmcsrb.com","article_published_time":"2025-10-11T15:17:00+00:00","og_image":[{"width":1315,"height":744,"url":"https:\/\/dmcsrb.com\/wp-content\/uploads\/2026\/01\/Pauk-na-bulevaru-ivana-crnojevica-foto-gradski.webp","type":"image\/jpeg"}],"author":"dmcsrbija.com@gmail.com","twitter_card":"summary_large_image","twitter_misc":{"Written by":"dmcsrbija.com@gmail.com","Estimated reading time":"2 minutes"},"schema":{"@context":"https:\/\/schema.org","@graph":[{"@type":"Article","@id":"https:\/\/dmcsrb.com\/podgorica\/stubici-na-bulevaru-ivana-crnojevica-nijesu-dali-rezultate-vozacima-desna-traka-i-dalje-sluzi-kao-parking\/#article","isPartOf":{"@id":"https:\/\/dmcsrb.com\/podgorica\/stubici-na-bulevaru-ivana-crnojevica-nijesu-dali-rezultate-vozacima-desna-traka-i-dalje-sluzi-kao-parking\/"},"author":{"name":"dmcsrbija.com@gmail.com","@id":"https:\/\/dmcsrb.com\/#\/schema\/person\/5c39170f12db1b8b457732d0b5c854e2"},"headline":"Stubi\u0107i na Bulevaru Ivana Crnojevi\u0107a nijesu dali rezultate: Voza\u010dima desna traka i dalje slu\u017ei kao parking","datePublished":"2025-10-11T15:17:00+00:00","mainEntityOfPage":{"@id":"https:\/\/dmcsrb.com\/podgorica\/stubici-na-bulevaru-ivana-crnojevica-nijesu-dali-rezultate-vozacima-desna-traka-i-dalje-sluzi-kao-parking\/"},"wordCount":515,"commentCount":0,"image":{"@id":"https:\/\/dmcsrb.com\/podgorica\/stubici-na-bulevaru-ivana-crnojevica-nijesu-dali-rezultate-vozacima-desna-traka-i-dalje-sluzi-kao-parking\/#primaryimage"},"thumbnailUrl":"https:\/\/dmcsrb.com\/wp-content\/uploads\/2026\/01\/Pauk-na-bulevaru-ivana-crnojevica-foto-gradski.webp","keywords":["Branko Kova\u010devi\u0107","pauk","Uprava za inspekcijske poslove"],"articleSection":["Podgorica"],"inLanguage":"en-GB","potentialAction":[{"@type":"CommentAction","name":"Comment","target":["https:\/\/dmcsrb.com\/podgorica\/stubici-na-bulevaru-ivana-crnojevica-nijesu-dali-rezultate-vozacima-desna-traka-i-dalje-sluzi-kao-parking\/#respond"]}]},{"@type":"WebPage","@id":"https:\/\/dmcsrb.com\/podgorica\/stubici-na-bulevaru-ivana-crnojevica-nijesu-dali-rezultate-vozacima-desna-traka-i-dalje-sluzi-kao-parking\/","url":"https:\/\/dmcsrb.com\/podgorica\/stubici-na-bulevaru-ivana-crnojevica-nijesu-dali-rezultate-vozacima-desna-traka-i-dalje-sluzi-kao-parking\/","name":"Stubi\u0107i na Bulevaru Ivana Crnojevi\u0107a nijesu dali rezultate: Voza\u010dima desna traka i dalje slu\u017ei kao parking - dmcsrb.com","isPartOf":{"@id":"https:\/\/dmcsrb.com\/#website"},"primaryImageOfPage":{"@id":"https:\/\/dmcsrb.com\/podgorica\/stubici-na-bulevaru-ivana-crnojevica-nijesu-dali-rezultate-vozacima-desna-traka-i-dalje-sluzi-kao-parking\/#primaryimage"},"image":{"@id":"https:\/\/dmcsrb.com\/podgorica\/stubici-na-bulevaru-ivana-crnojevica-nijesu-dali-rezultate-vozacima-desna-traka-i-dalje-sluzi-kao-parking\/#primaryimage"},"thumbnailUrl":"https:\/\/dmcsrb.com\/wp-content\/uploads\/2026\/01\/Pauk-na-bulevaru-ivana-crnojevica-foto-gradski.webp","datePublished":"2025-10-11T15:17:00+00:00","author":{"@id":"https:\/\/dmcsrb.com\/#\/schema\/person\/5c39170f12db1b8b457732d0b5c854e2"},"breadcrumb":{"@id":"https:\/\/dmcsrb.com\/podgorica\/stubici-na-bulevaru-ivana-crnojevica-nijesu-dali-rezultate-vozacima-desna-traka-i-dalje-sluzi-kao-parking\/#breadcrumb"},"inLanguage":"en-GB","potentialAction":[{"@type":"ReadAction","target":["https:\/\/dmcsrb.com\/podgorica\/stubici-na-bulevaru-ivana-crnojevica-nijesu-dali-rezultate-vozacima-desna-traka-i-dalje-sluzi-kao-parking\/"]}]},{"@type":"ImageObject","inLanguage":"en-GB","@id":"https:\/\/dmcsrb.com\/podgorica\/stubici-na-bulevaru-ivana-crnojevica-nijesu-dali-rezultate-vozacima-desna-traka-i-dalje-sluzi-kao-parking\/#primaryimage","url":"https:\/\/dmcsrb.com\/wp-content\/uploads\/2026\/01\/Pauk-na-bulevaru-ivana-crnojevica-foto-gradski.webp","contentUrl":"https:\/\/dmcsrb.com\/wp-content\/uploads\/2026\/01\/Pauk-na-bulevaru-ivana-crnojevica-foto-gradski.webp","width":1315,"height":744},{"@type":"BreadcrumbList","@id":"https:\/\/dmcsrb.com\/podgorica\/stubici-na-bulevaru-ivana-crnojevica-nijesu-dali-rezultate-vozacima-desna-traka-i-dalje-sluzi-kao-parking\/#breadcrumb","itemListElement":[{"@type":"ListItem","position":1,"name":"Home","item":"https:\/\/dmcsrb.com\/"},{"@type":"ListItem","position":2,"name":"Stubi\u0107i na Bulevaru Ivana Crnojevi\u0107a nijesu dali rezultate: Voza\u010dima desna traka i dalje slu\u017ei kao parking"}]},{"@type":"WebSite","@id":"https:\/\/dmcsrb.com\/#website","url":"https:\/\/dmcsrb.com\/","name":"dmcsrb.com","description":"","potentialAction":[{"@type":"SearchAction","target":{"@type":"EntryPoint","urlTemplate":"https:\/\/dmcsrb.com\/?s={search_term_string}"},"query-input":{"@type":"PropertyValueSpecification","valueRequired":true,"valueName":"search_term_string"}}],"inLanguage":"en-GB"},{"@type":"Person","@id":"https:\/\/dmcsrb.com\/#\/schema\/person\/5c39170f12db1b8b457732d0b5c854e2","name":"dmcsrbija.com@gmail.com","image":{"@type":"ImageObject","inLanguage":"en-GB","@id":"https:\/\/secure.gravatar.com\/avatar\/68592660ad6347fad0fb587f8d5d8f1a7b44961362f56e4f2cd524feb87e9069?s=96&d=mm&r=g","url":"https:\/\/secure.gravatar.com\/avatar\/68592660ad6347fad0fb587f8d5d8f1a7b44961362f56e4f2cd524feb87e9069?s=96&d=mm&r=g","contentUrl":"https:\/\/secure.gravatar.com\/avatar\/68592660ad6347fad0fb587f8d5d8f1a7b44961362f56e4f2cd524feb87e9069?s=96&d=mm&r=g","caption":"dmcsrbija.com@gmail.com"},"sameAs":["https:\/\/dmcsrb.com"],"url":"https:\/\/dmcsrb.com\/en\/author\/dmcsrbija-comgmail-com\/"}]}},"_links":{"self":[{"href":"https:\/\/dmcsrb.com\/en\/wp-json\/wp\/v2\/posts\/957243","targetHints":{"allow":["GET"]}}],"collection":[{"href":"https:\/\/dmcsrb.com\/en\/wp-json\/wp\/v2\/posts"}],"about":[{"href":"https:\/\/dmcsrb.com\/en\/wp-json\/wp\/v2\/types\/post"}],"author":[{"embeddable":true,"href":"https:\/\/dmcsrb.com\/en\/wp-json\/wp\/v2\/users\/1"}],"replies":[{"embeddable":true,"href":"https:\/\/dmcsrb.com\/en\/wp-json\/wp\/v2\/comments?post=957243"}],"version-history":[{"count":0,"href":"https:\/\/dmcsrb.com\/en\/wp-json\/wp\/v2\/posts\/957243\/revisions"}],"wp:featuredmedia":[{"embeddable":true,"href":"https:\/\/dmcsrb.com\/en\/wp-json\/wp\/v2\/media\/957244"}],"wp:attachment":[{"href":"https:\/\/dmcsrb.com\/en\/wp-json\/wp\/v2\/media?parent=957243"}],"wp:term":[{"taxonomy":"category","embeddable":true,"href":"https:\/\/dmcsrb.com\/en\/wp-json\/wp\/v2\/categories?post=957243"},{"taxonomy":"post_tag","embeddable":true,"href":"https:\/\/dmcsrb.com\/en\/wp-json\/wp\/v2\/tags?post=957243"},{"taxonomy":"naslovna","embeddable":true,"href":"https:\/\/dmcsrb.com\/en\/wp-json\/wp\/v2\/naslovna?post=957243"}],"curies":[{"name":"wp","href":"https:\/\/api.w.org\/{rel}","templated":true}]}}