{"id":957217,"date":"2025-10-11T13:37:00","date_gmt":"2025-10-11T11:37:00","guid":{"rendered":"https:\/\/dmcsrb.com\/uncategorized\/cnp-glembajevi-odusevili-publiku-u-nisu\/"},"modified":"2025-10-11T13:37:00","modified_gmt":"2025-10-11T11:37:00","slug":"cnp-glembajevi-odusevili-publiku-u-nisu","status":"publish","type":"post","link":"https:\/\/dmcsrb.com\/en\/kultura\/cnp-glembajevi-odusevili-publiku-u-nisu\/","title":{"rendered":"CNP: \u201eGlembajevi\u201c odu\u0161evili publiku u Ni\u0161u"},"content":{"rendered":"<p><\/p>\n\n\n\n<p><\/p>\n\n\n\n<p>\u201eOdu\u0161evljeni smo, divna predstava\u201c, \u201eRijetko se u Ni\u0161u vidi dobra klasi\u010dna predstava\u201c, \u201eNe zna se ko je bolji\u201c, \u201ePredstava je vrlo atraktivna i efektna\u201c \u2013 samo su neki od komentara publike nakon izvo\u0111enja predstave.<\/p>\n\n\n\n<p>Selektor festivala <strong>Spasoje \u017d. Milovanovi\u0107<\/strong> je kazao da je igranje \u201eGlembajevih\u201c Crnogorskog narodnog pozori\u0161ta na festivalu \u201eTeatar na raskr\u0161\u0107u\u201c ispunilo sva o\u010dekivanja.<\/p>\n\n\n\n<p>\u201eOva predstava je napravila iskorak da nemamo posla s muzejskim teatrom, ve\u0107 ozbiljno promi\u0161ljenom predstavom, od koje je napravljena okosnica \u010ditavog festivala\u201c, kazao je Milovanovi\u0107.<\/p>\n\n\n\n<p>Na okruglom stolu publike i kritike, kriti\u010darka Festivala, dramatur\u0161kinja \u017deljka Tur\u010dinovi\u0107 je istakla da je ovo predstava visokih umjetni\u010dkih standarda u kojoj na virtuozan na\u010din glumci govore Krle\u017eine re\u010denice i stvaraju radnju koja posebno u prvom dijelu, u razgovoru oca i sina, dose\u017ee svoj vrhunac.<\/p>\n\n\n\n<p>\u201eZnamo da su Krle\u017eine re\u010denice te\u0161ke, misaone, eseisti\u010dke i da to treba kao glumac iskoristiti i na tome zaista \u010destitam ansamblu. Treba pohvaliti i re\u017eiju koja je sofisticirana i koja pazi na sve elemente koje je Krle\u017ea u tekstu zadao\u201c, kazala je Tur\u010dinovi\u0107.<\/p>\n\n\n\n<p>Glumac Svetozar Cvetkovi\u0107, u ulozi Ignjata Glembaja, kazao je da ga u ovoj drami najvi\u0161e inspiri\u0161e Krle\u017eino prepoznavanje karaktera ljudske du\u0161e koja ne zavisi od vremena u kojem \u017eivimo.<\/p>\n\n\n\n<p>Lik Leona Glembaja tuma\u010di <strong>Mi\u0161o Obradovi\u0107<\/strong>, koji je kazao da Krle\u017ea pi\u0161e o kraju jednog vremena koje do\u017eivljava svoj dekadentni vrhunac, kroz prizmu jedne porodice.<\/p>\n\n\n\n<p>\u201eMene pla\u0161i to \u0161to u ovom tekstu mnogo vi\u0161e sli\u010dnosti ima ono vrijeme s dana\u0161njim, nego \u0161to je to bilo poslije Drugog svjetskog rata\u201c, kazao je Obradovi\u0107.<\/p>\n\n\n\n<p>Glumica Kristina Obradovi\u0107, koja tuma\u010di lik barunice Kasteli, istakla je da je u procesu rada predlo\u017eila i nai\u0161la na odobrenje da poku\u0161amo da napravimo \u017eenu koja je jednom mogla imati ljubav.<\/p>\n\n\n\n<p>\u201eDa je prije 20 godina stigla druga\u010dija odluka od Leonea, oni bi imali danas potpuno druga\u010dije \u017eivote\u201c, rekla je Obradovi\u0107.<\/p>\n\n\n\n<p>O ulogama Fabricija Glembaja i Silberbrandta govorili su glumci Danilo \u010celebi\u0107 i Stevan Vukovi\u0107.<\/p>\n\n\n\n<p>Vukovi\u0107 je rekao da je pitanje identiteta svakodnevno pitanje svakog \u010dovjeka koji razmi\u0161lja i ima percepciju sebe, dok je \u010celebi\u0107 istakao da smatra da bi Krle\u017ea bio jako zadovoljan kada bi mogao da gleda ovo izvo\u0111enje Glembajevih.<\/p>\n\n\n\n<p>Uloge u predstavi jo\u0161 tuma\u010de: Una Lu\u010di\u0107, Pavle Prelevi\u0107, Jovan Dabovi\u0107, Kristina Mrki\u0107 i Predrag Pavi\u0107evi\u0107.<\/p>\n\n\n\n<p>Adaptaciju potpisuju Bojana Mijovi\u0107 i Danilo Marunovi\u0107, koji je bio zadu\u017een i za izbor muzike, kostimografkinja je Vanja Ciraj D\u017eud\u017ea, scenograf Valentin Svetozarev, scenski pokret Tamara Vujo\u0161evi\u0107-Mandi\u0107, scenski govor Dubravka Draki\u0107, a izvr\u0161na producentkinja je Nela Ota\u0161evi\u0107.<\/p>\n\n\n\n<p>VI Festival drame i pozori\u0161ta balkanskog kulturnog prostora \u201eTeatar na raskr\u0161\u0107u\u201c je po\u010deo 6. oktobra, dok je u takmi\u010darskom programu pet predstava iz Bosne i Hercegovine, Bugarske, Crne Gore, Sjeverne Makedonije i Srbije. Festival se zavr\u0161ava sjutra ve\u010de dodjelom nagrada i izvo\u0111enjem predstave Hajnriha fon Klajsta \u201cMihael Kolhas\u201d, u re\u017eiji Borisa Lije\u0161evi\u0107a, Jugoslovenskog dramskog pozori\u0161ta iz Beograda, u \u010dast nagra\u0111enih.<\/p>","protected":false},"excerpt":{"rendered":"<p>Predstava \u201eGospoda Glembajevi\u201c Crnogorskog narodnog pozori\u0161ta, koju je po tekstu Miroslava Krle\u017ee re\u017eirao Danilo Marunovi\u0107, izvedena je sino\u0107 u Narodnom pozori\u0161tu Ni\u0161, u okviru takmi\u010darske selekcije VI Festivala drame i pozori\u0161ta balkanskog kulturnog prostora \u201eTeatar na raskr\u0161\u0107u\u201c. Predstava je nai\u0161la na odli\u010dan prijem publike, koja je ansambl pozdravila dugotrajnim aplauzima i ovacijama.<\/p>","protected":false},"author":1,"featured_media":957218,"comment_status":"open","ping_status":"open","sticky":false,"template":"","format":"standard","meta":{"_acf_changed":false,"footnotes":""},"categories":[50],"tags":[444,2557,11090,11091],"naslovna":[],"class_list":["post-957217","post","type-post","status-publish","format-standard","has-post-thumbnail","hentry","category-kultura","tag-cnp","tag-gospoda-glembajevi","tag-miso-obradovic","tag-spasoje-z-milovanovic"],"acf":[],"yoast_head":"<!-- This site is optimized with the Yoast SEO plugin v27.4 - https:\/\/yoast.com\/product\/yoast-seo-wordpress\/ -->\n<title>CNP: \u201eGlembajevi\u201c odu\u0161evili publiku u Ni\u0161u - dmcsrb.com<\/title>\n<meta name=\"robots\" content=\"index, follow, max-snippet:-1, max-image-preview:large, max-video-preview:-1\" \/>\n<link rel=\"canonical\" href=\"https:\/\/dmcsrb.com\/en\/kultura\/cnp-glembajevi-odusevili-publiku-u-nisu\/\" \/>\n<meta property=\"og:locale\" content=\"en_GB\" \/>\n<meta property=\"og:type\" content=\"article\" \/>\n<meta property=\"og:title\" content=\"CNP: \u201eGlembajevi\u201c odu\u0161evili publiku u Ni\u0161u - dmcsrb.com\" \/>\n<meta property=\"og:description\" content=\"Predstava \u201eGospoda Glembajevi\u201c Crnogorskog narodnog pozori\u0161ta, koju je po tekstu Miroslava Krle\u017ee re\u017eirao Danilo Marunovi\u0107, izvedena je sino\u0107 u Narodnom pozori\u0161tu Ni\u0161, u okviru takmi\u010darske selekcije VI Festivala drame i pozori\u0161ta balkanskog kulturnog prostora \u201eTeatar na raskr\u0161\u0107u\u201c. Predstava je nai\u0161la na odli\u010dan prijem publike, koja je ansambl pozdravila dugotrajnim aplauzima i ovacijama.\" \/>\n<meta property=\"og:url\" content=\"https:\/\/dmcsrb.com\/en\/kultura\/cnp-glembajevi-odusevili-publiku-u-nisu\/\" \/>\n<meta property=\"og:site_name\" content=\"dmcsrb.com\" \/>\n<meta property=\"article:published_time\" content=\"2025-10-11T11:37:00+00:00\" \/>\n<meta property=\"og:image\" content=\"https:\/\/dmcsrb.com\/wp-content\/uploads\/2026\/01\/Glembajevi-foto-narodno-pozoriste-Nis.webp\" \/>\n\t<meta property=\"og:image:width\" content=\"1076\" \/>\n\t<meta property=\"og:image:height\" content=\"727\" \/>\n\t<meta property=\"og:image:type\" content=\"image\/jpeg\" \/>\n<meta name=\"author\" content=\"dmcsrbija.com@gmail.com\" \/>\n<meta name=\"twitter:card\" content=\"summary_large_image\" \/>\n<meta name=\"twitter:label1\" content=\"Written by\" \/>\n\t<meta name=\"twitter:data1\" content=\"dmcsrbija.com@gmail.com\" \/>\n\t<meta name=\"twitter:label2\" content=\"Estimated reading time\" \/>\n\t<meta name=\"twitter:data2\" content=\"3 minutes\" \/>\n<script type=\"application\/ld+json\" class=\"yoast-schema-graph\">{\"@context\":\"https:\\\/\\\/schema.org\",\"@graph\":[{\"@type\":\"Article\",\"@id\":\"https:\\\/\\\/dmcsrb.com\\\/kultura\\\/cnp-glembajevi-odusevili-publiku-u-nisu\\\/#article\",\"isPartOf\":{\"@id\":\"https:\\\/\\\/dmcsrb.com\\\/kultura\\\/cnp-glembajevi-odusevili-publiku-u-nisu\\\/\"},\"author\":{\"name\":\"dmcsrbija.com@gmail.com\",\"@id\":\"https:\\\/\\\/dmcsrb.com\\\/#\\\/schema\\\/person\\\/5c39170f12db1b8b457732d0b5c854e2\"},\"headline\":\"CNP: \u201eGlembajevi\u201c odu\u0161evili publiku u Ni\u0161u\",\"datePublished\":\"2025-10-11T11:37:00+00:00\",\"mainEntityOfPage\":{\"@id\":\"https:\\\/\\\/dmcsrb.com\\\/kultura\\\/cnp-glembajevi-odusevili-publiku-u-nisu\\\/\"},\"wordCount\":536,\"commentCount\":0,\"image\":{\"@id\":\"https:\\\/\\\/dmcsrb.com\\\/kultura\\\/cnp-glembajevi-odusevili-publiku-u-nisu\\\/#primaryimage\"},\"thumbnailUrl\":\"https:\\\/\\\/dmcsrb.com\\\/wp-content\\\/uploads\\\/2026\\\/01\\\/Glembajevi-foto-narodno-pozoriste-Nis.webp\",\"keywords\":[\"CNP\",\"Gospoda Glembajevi\",\"Mi\u0161o Obradovi\u0107\",\"Spasoje \u017d. Milovanovi\u0107\"],\"articleSection\":[\"Kultura\"],\"inLanguage\":\"en-GB\",\"potentialAction\":[{\"@type\":\"CommentAction\",\"name\":\"Comment\",\"target\":[\"https:\\\/\\\/dmcsrb.com\\\/kultura\\\/cnp-glembajevi-odusevili-publiku-u-nisu\\\/#respond\"]}]},{\"@type\":\"WebPage\",\"@id\":\"https:\\\/\\\/dmcsrb.com\\\/kultura\\\/cnp-glembajevi-odusevili-publiku-u-nisu\\\/\",\"url\":\"https:\\\/\\\/dmcsrb.com\\\/kultura\\\/cnp-glembajevi-odusevili-publiku-u-nisu\\\/\",\"name\":\"CNP: \u201eGlembajevi\u201c odu\u0161evili publiku u Ni\u0161u - dmcsrb.com\",\"isPartOf\":{\"@id\":\"https:\\\/\\\/dmcsrb.com\\\/#website\"},\"primaryImageOfPage\":{\"@id\":\"https:\\\/\\\/dmcsrb.com\\\/kultura\\\/cnp-glembajevi-odusevili-publiku-u-nisu\\\/#primaryimage\"},\"image\":{\"@id\":\"https:\\\/\\\/dmcsrb.com\\\/kultura\\\/cnp-glembajevi-odusevili-publiku-u-nisu\\\/#primaryimage\"},\"thumbnailUrl\":\"https:\\\/\\\/dmcsrb.com\\\/wp-content\\\/uploads\\\/2026\\\/01\\\/Glembajevi-foto-narodno-pozoriste-Nis.webp\",\"datePublished\":\"2025-10-11T11:37:00+00:00\",\"author\":{\"@id\":\"https:\\\/\\\/dmcsrb.com\\\/#\\\/schema\\\/person\\\/5c39170f12db1b8b457732d0b5c854e2\"},\"breadcrumb\":{\"@id\":\"https:\\\/\\\/dmcsrb.com\\\/kultura\\\/cnp-glembajevi-odusevili-publiku-u-nisu\\\/#breadcrumb\"},\"inLanguage\":\"en-GB\",\"potentialAction\":[{\"@type\":\"ReadAction\",\"target\":[\"https:\\\/\\\/dmcsrb.com\\\/kultura\\\/cnp-glembajevi-odusevili-publiku-u-nisu\\\/\"]}]},{\"@type\":\"ImageObject\",\"inLanguage\":\"en-GB\",\"@id\":\"https:\\\/\\\/dmcsrb.com\\\/kultura\\\/cnp-glembajevi-odusevili-publiku-u-nisu\\\/#primaryimage\",\"url\":\"https:\\\/\\\/dmcsrb.com\\\/wp-content\\\/uploads\\\/2026\\\/01\\\/Glembajevi-foto-narodno-pozoriste-Nis.webp\",\"contentUrl\":\"https:\\\/\\\/dmcsrb.com\\\/wp-content\\\/uploads\\\/2026\\\/01\\\/Glembajevi-foto-narodno-pozoriste-Nis.webp\",\"width\":1076,\"height\":727},{\"@type\":\"BreadcrumbList\",\"@id\":\"https:\\\/\\\/dmcsrb.com\\\/kultura\\\/cnp-glembajevi-odusevili-publiku-u-nisu\\\/#breadcrumb\",\"itemListElement\":[{\"@type\":\"ListItem\",\"position\":1,\"name\":\"Home\",\"item\":\"https:\\\/\\\/dmcsrb.com\\\/\"},{\"@type\":\"ListItem\",\"position\":2,\"name\":\"CNP: \u201eGlembajevi\u201c odu\u0161evili publiku u Ni\u0161u\"}]},{\"@type\":\"WebSite\",\"@id\":\"https:\\\/\\\/dmcsrb.com\\\/#website\",\"url\":\"https:\\\/\\\/dmcsrb.com\\\/\",\"name\":\"dmcsrb.com\",\"description\":\"\",\"potentialAction\":[{\"@type\":\"SearchAction\",\"target\":{\"@type\":\"EntryPoint\",\"urlTemplate\":\"https:\\\/\\\/dmcsrb.com\\\/?s={search_term_string}\"},\"query-input\":{\"@type\":\"PropertyValueSpecification\",\"valueRequired\":true,\"valueName\":\"search_term_string\"}}],\"inLanguage\":\"en-GB\"},{\"@type\":\"Person\",\"@id\":\"https:\\\/\\\/dmcsrb.com\\\/#\\\/schema\\\/person\\\/5c39170f12db1b8b457732d0b5c854e2\",\"name\":\"dmcsrbija.com@gmail.com\",\"image\":{\"@type\":\"ImageObject\",\"inLanguage\":\"en-GB\",\"@id\":\"https:\\\/\\\/secure.gravatar.com\\\/avatar\\\/68592660ad6347fad0fb587f8d5d8f1a7b44961362f56e4f2cd524feb87e9069?s=96&d=mm&r=g\",\"url\":\"https:\\\/\\\/secure.gravatar.com\\\/avatar\\\/68592660ad6347fad0fb587f8d5d8f1a7b44961362f56e4f2cd524feb87e9069?s=96&d=mm&r=g\",\"contentUrl\":\"https:\\\/\\\/secure.gravatar.com\\\/avatar\\\/68592660ad6347fad0fb587f8d5d8f1a7b44961362f56e4f2cd524feb87e9069?s=96&d=mm&r=g\",\"caption\":\"dmcsrbija.com@gmail.com\"},\"sameAs\":[\"https:\\\/\\\/dmcsrb.com\"],\"url\":\"https:\\\/\\\/dmcsrb.com\\\/en\\\/author\\\/dmcsrbija-comgmail-com\\\/\"}]}<\/script>\n<!-- \/ Yoast SEO plugin. -->","yoast_head_json":{"title":"CNP: \u201eGlembajevi\u201c odu\u0161evili publiku u Ni\u0161u - dmcsrb.com","robots":{"index":"index","follow":"follow","max-snippet":"max-snippet:-1","max-image-preview":"max-image-preview:large","max-video-preview":"max-video-preview:-1"},"canonical":"https:\/\/dmcsrb.com\/en\/kultura\/cnp-glembajevi-odusevili-publiku-u-nisu\/","og_locale":"en_GB","og_type":"article","og_title":"CNP: \u201eGlembajevi\u201c odu\u0161evili publiku u Ni\u0161u - dmcsrb.com","og_description":"Predstava \u201eGospoda Glembajevi\u201c Crnogorskog narodnog pozori\u0161ta, koju je po tekstu Miroslava Krle\u017ee re\u017eirao Danilo Marunovi\u0107, izvedena je sino\u0107 u Narodnom pozori\u0161tu Ni\u0161, u okviru takmi\u010darske selekcije VI Festivala drame i pozori\u0161ta balkanskog kulturnog prostora \u201eTeatar na raskr\u0161\u0107u\u201c. Predstava je nai\u0161la na odli\u010dan prijem publike, koja je ansambl pozdravila dugotrajnim aplauzima i ovacijama.","og_url":"https:\/\/dmcsrb.com\/en\/kultura\/cnp-glembajevi-odusevili-publiku-u-nisu\/","og_site_name":"dmcsrb.com","article_published_time":"2025-10-11T11:37:00+00:00","og_image":[{"width":1076,"height":727,"url":"https:\/\/dmcsrb.com\/wp-content\/uploads\/2026\/01\/Glembajevi-foto-narodno-pozoriste-Nis.webp","type":"image\/jpeg"}],"author":"dmcsrbija.com@gmail.com","twitter_card":"summary_large_image","twitter_misc":{"Written by":"dmcsrbija.com@gmail.com","Estimated reading time":"3 minutes"},"schema":{"@context":"https:\/\/schema.org","@graph":[{"@type":"Article","@id":"https:\/\/dmcsrb.com\/kultura\/cnp-glembajevi-odusevili-publiku-u-nisu\/#article","isPartOf":{"@id":"https:\/\/dmcsrb.com\/kultura\/cnp-glembajevi-odusevili-publiku-u-nisu\/"},"author":{"name":"dmcsrbija.com@gmail.com","@id":"https:\/\/dmcsrb.com\/#\/schema\/person\/5c39170f12db1b8b457732d0b5c854e2"},"headline":"CNP: \u201eGlembajevi\u201c odu\u0161evili publiku u Ni\u0161u","datePublished":"2025-10-11T11:37:00+00:00","mainEntityOfPage":{"@id":"https:\/\/dmcsrb.com\/kultura\/cnp-glembajevi-odusevili-publiku-u-nisu\/"},"wordCount":536,"commentCount":0,"image":{"@id":"https:\/\/dmcsrb.com\/kultura\/cnp-glembajevi-odusevili-publiku-u-nisu\/#primaryimage"},"thumbnailUrl":"https:\/\/dmcsrb.com\/wp-content\/uploads\/2026\/01\/Glembajevi-foto-narodno-pozoriste-Nis.webp","keywords":["CNP","Gospoda Glembajevi","Mi\u0161o Obradovi\u0107","Spasoje \u017d. Milovanovi\u0107"],"articleSection":["Kultura"],"inLanguage":"en-GB","potentialAction":[{"@type":"CommentAction","name":"Comment","target":["https:\/\/dmcsrb.com\/kultura\/cnp-glembajevi-odusevili-publiku-u-nisu\/#respond"]}]},{"@type":"WebPage","@id":"https:\/\/dmcsrb.com\/kultura\/cnp-glembajevi-odusevili-publiku-u-nisu\/","url":"https:\/\/dmcsrb.com\/kultura\/cnp-glembajevi-odusevili-publiku-u-nisu\/","name":"CNP: \u201eGlembajevi\u201c odu\u0161evili publiku u Ni\u0161u - dmcsrb.com","isPartOf":{"@id":"https:\/\/dmcsrb.com\/#website"},"primaryImageOfPage":{"@id":"https:\/\/dmcsrb.com\/kultura\/cnp-glembajevi-odusevili-publiku-u-nisu\/#primaryimage"},"image":{"@id":"https:\/\/dmcsrb.com\/kultura\/cnp-glembajevi-odusevili-publiku-u-nisu\/#primaryimage"},"thumbnailUrl":"https:\/\/dmcsrb.com\/wp-content\/uploads\/2026\/01\/Glembajevi-foto-narodno-pozoriste-Nis.webp","datePublished":"2025-10-11T11:37:00+00:00","author":{"@id":"https:\/\/dmcsrb.com\/#\/schema\/person\/5c39170f12db1b8b457732d0b5c854e2"},"breadcrumb":{"@id":"https:\/\/dmcsrb.com\/kultura\/cnp-glembajevi-odusevili-publiku-u-nisu\/#breadcrumb"},"inLanguage":"en-GB","potentialAction":[{"@type":"ReadAction","target":["https:\/\/dmcsrb.com\/kultura\/cnp-glembajevi-odusevili-publiku-u-nisu\/"]}]},{"@type":"ImageObject","inLanguage":"en-GB","@id":"https:\/\/dmcsrb.com\/kultura\/cnp-glembajevi-odusevili-publiku-u-nisu\/#primaryimage","url":"https:\/\/dmcsrb.com\/wp-content\/uploads\/2026\/01\/Glembajevi-foto-narodno-pozoriste-Nis.webp","contentUrl":"https:\/\/dmcsrb.com\/wp-content\/uploads\/2026\/01\/Glembajevi-foto-narodno-pozoriste-Nis.webp","width":1076,"height":727},{"@type":"BreadcrumbList","@id":"https:\/\/dmcsrb.com\/kultura\/cnp-glembajevi-odusevili-publiku-u-nisu\/#breadcrumb","itemListElement":[{"@type":"ListItem","position":1,"name":"Home","item":"https:\/\/dmcsrb.com\/"},{"@type":"ListItem","position":2,"name":"CNP: \u201eGlembajevi\u201c odu\u0161evili publiku u Ni\u0161u"}]},{"@type":"WebSite","@id":"https:\/\/dmcsrb.com\/#website","url":"https:\/\/dmcsrb.com\/","name":"dmcsrb.com","description":"","potentialAction":[{"@type":"SearchAction","target":{"@type":"EntryPoint","urlTemplate":"https:\/\/dmcsrb.com\/?s={search_term_string}"},"query-input":{"@type":"PropertyValueSpecification","valueRequired":true,"valueName":"search_term_string"}}],"inLanguage":"en-GB"},{"@type":"Person","@id":"https:\/\/dmcsrb.com\/#\/schema\/person\/5c39170f12db1b8b457732d0b5c854e2","name":"dmcsrbija.com@gmail.com","image":{"@type":"ImageObject","inLanguage":"en-GB","@id":"https:\/\/secure.gravatar.com\/avatar\/68592660ad6347fad0fb587f8d5d8f1a7b44961362f56e4f2cd524feb87e9069?s=96&d=mm&r=g","url":"https:\/\/secure.gravatar.com\/avatar\/68592660ad6347fad0fb587f8d5d8f1a7b44961362f56e4f2cd524feb87e9069?s=96&d=mm&r=g","contentUrl":"https:\/\/secure.gravatar.com\/avatar\/68592660ad6347fad0fb587f8d5d8f1a7b44961362f56e4f2cd524feb87e9069?s=96&d=mm&r=g","caption":"dmcsrbija.com@gmail.com"},"sameAs":["https:\/\/dmcsrb.com"],"url":"https:\/\/dmcsrb.com\/en\/author\/dmcsrbija-comgmail-com\/"}]}},"_links":{"self":[{"href":"https:\/\/dmcsrb.com\/en\/wp-json\/wp\/v2\/posts\/957217","targetHints":{"allow":["GET"]}}],"collection":[{"href":"https:\/\/dmcsrb.com\/en\/wp-json\/wp\/v2\/posts"}],"about":[{"href":"https:\/\/dmcsrb.com\/en\/wp-json\/wp\/v2\/types\/post"}],"author":[{"embeddable":true,"href":"https:\/\/dmcsrb.com\/en\/wp-json\/wp\/v2\/users\/1"}],"replies":[{"embeddable":true,"href":"https:\/\/dmcsrb.com\/en\/wp-json\/wp\/v2\/comments?post=957217"}],"version-history":[{"count":0,"href":"https:\/\/dmcsrb.com\/en\/wp-json\/wp\/v2\/posts\/957217\/revisions"}],"wp:featuredmedia":[{"embeddable":true,"href":"https:\/\/dmcsrb.com\/en\/wp-json\/wp\/v2\/media\/957218"}],"wp:attachment":[{"href":"https:\/\/dmcsrb.com\/en\/wp-json\/wp\/v2\/media?parent=957217"}],"wp:term":[{"taxonomy":"category","embeddable":true,"href":"https:\/\/dmcsrb.com\/en\/wp-json\/wp\/v2\/categories?post=957217"},{"taxonomy":"post_tag","embeddable":true,"href":"https:\/\/dmcsrb.com\/en\/wp-json\/wp\/v2\/tags?post=957217"},{"taxonomy":"naslovna","embeddable":true,"href":"https:\/\/dmcsrb.com\/en\/wp-json\/wp\/v2\/naslovna?post=957217"}],"curies":[{"name":"wp","href":"https:\/\/api.w.org\/{rel}","templated":true}]}}