{"id":957143,"date":"2025-10-11T07:54:44","date_gmt":"2025-10-11T05:54:44","guid":{"rendered":"https:\/\/dmcsrb.com\/uncategorized\/borovinic-bojovic-ostro-osudjujem-izjavu-u-kojoj-se-iznose-uvrede-na-racun-rajzing-rajnke-takav-recnik-je-neprimjeren\/"},"modified":"2025-10-11T07:54:44","modified_gmt":"2025-10-11T05:54:44","slug":"borovinic-bojovic-ostro-osudjujem-izjavu-u-kojoj-se-iznose-uvrede-na-racun-rajzing-rajnke-takav-recnik-je-neprimjeren","status":"publish","type":"post","link":"https:\/\/dmcsrb.com\/en\/drustvo\/borovinic-bojovic-ostro-osudjujem-izjavu-u-kojoj-se-iznose-uvrede-na-racun-rajzing-rajnke-takav-recnik-je-neprimjeren\/","title":{"rendered":"Borovini\u0107 Bojovi\u0107: O\u0161tro osu\u0111ujem izjavu u kojoj se iznose uvrede na ra\u010dun Rajzing Rajnke, takav re\u010dnik je neprimjeren"},"content":{"rendered":"<p><br>&#8220;O\u0161tro osu\u0111ujem izjavu u kojoj se iznose uvrede na ra\u010dun diplomatskog kora, a posebno dio u kojem se &#8220;dr\u017eanje&#8221; ambasadorke SAD u Crnoj Gori, naziva &#8220;sramotom za SAD i nju li\u010dno&#8221;. Takav rje\u010dnik na ra\u010dun \u017eene, predstavnice diplomatskog kora, ambasadorke Rajnke je &#8211; neprimjeren, neprihvatljiv i ne mo\u017ee postati dio javnog govora u dru\u0161tvu koje te\u017ei demokratskim vrijednostima i me\u0111usobnom uva\u017eavanju. Tako\u0111e, vjerujem da je dr\u017eanje ambasadorke Rajnke na ponos Sjedinjenim Ameri\u010dkim Dr\u017eavama, a na zadovoljstvo Crnoj Gori, imaju\u0107i u vidu njenu vi\u0161egodi\u0161nju posve\u0107enost razvoju odnosa izme\u0111u dvije prijateljske i savezni\u010dke zemlje. Ona je, nastavljaju\u0107i dobru praksu prethodnika, pru\u017eila ogroman doprinos unapre\u0111enju saradnje izme\u0111u Crne Gore i Sjedinjenih Ameri\u010dkih Dr\u017eava, a njena podr\u0161ka razvoju demokratije, vladavini prava, ja\u010danju institucija, afirmaciji \u017eena, humanitarnom radu, te integraciji crnogorskog dru\u0161tva, prepoznata je kod gra\u0111ana i gra\u0111anki Crne Gore&#8221;, isti\u010de Borovini\u0107 Bojovi\u0107.<br><br>Predsjednica Skup\u0161tine Podgorice je poru\u010dila da, Rajzing Rajnke, kao go\u0161\u0107a u na\u0161oj zemlji i predstavnica dr\u017eave sa kojom Crna Gora ima dugogodi\u0161nje prijateljske i savezni\u010dke odnose, te da ona zaslu\u017euje po\u0161tovanje i dostojanstven tretman u javnom komentarisanju.<br><br>&#8220;Kona\u010dno, sigurna sam da ovakvi incidenti ne\u0107e kompromitovati one koji su meta uvreda, ali ho\u0107e one koji ovakve uvrede plasiraju. Zato je korisno da svako provjeri stanje u svom oku, prije nego krene da tra\u017ei trn u oku drugoga. Osobito sada, i u ovom trenutku &#8211; jer stvari kojima svjedo\u010dimo ovih dana, a koje nam daju uvid u de\u0161avanja pod vladavinom biv\u0161eg re\u017eima &#8211; nisu sramota ni SAD, ni EU&#8221;, zaklju\u010duje Borovini\u0107 Bojovi\u0107.<\/p>\n\n\n\n<figure class=\"wp-block-embed is-type-wp-embed is-provider-gradski-portal wp-block-embed-gradski-portal\"><div class=\"wp-block-embed__wrapper\">\nhttps:\/\/gradski.me\/sukovic-americkoj-ambasadorki-vi-ste-sramota-za-svoju-zemlju\n<\/div><\/figure>","protected":false},"excerpt":{"rendered":"<p>Predsjednica Skup\u0161tine Glavnog grada dr Jelena Borovini\u0107 Bojovi\u0107 reagovala je povodom uvredljive izjave novinara i urednika Antene M Darka \u0160ukovi\u0107a, upu\u0107ene ambasadorki Sjedinjenih Ameri\u010dkih Dr\u017eava u Crnoj Gori, Nj. E. D\u017eudi Rajzing Rajnke, kao i ambasadorima zemalja Kvinte i \u0161efu Delegacije Evropske unije u Crnoj Gori Johanu Satleru, navodi se u saop\u0161tenju.<\/p>","protected":false},"author":1,"featured_media":953212,"comment_status":"open","ping_status":"open","sticky":false,"template":"","format":"standard","meta":{"_acf_changed":false,"footnotes":""},"categories":[2],"tags":[11063,2179,574],"naslovna":[],"class_list":["post-957143","post","type-post","status-publish","format-standard","has-post-thumbnail","hentry","category-drustvo","tag-darko-sukovic","tag-dzudi-rajzing-rajnke","tag-jelena-borovinic-bojovic"],"acf":[],"yoast_head":"<!-- This site is optimized with the Yoast SEO plugin v27.4 - https:\/\/yoast.com\/product\/yoast-seo-wordpress\/ -->\n<title>Borovini\u0107 Bojovi\u0107: O\u0161tro osu\u0111ujem izjavu u kojoj se iznose uvrede na ra\u010dun Rajzing Rajnke, takav re\u010dnik je neprimjeren - dmcsrb.com<\/title>\n<meta name=\"robots\" content=\"index, follow, max-snippet:-1, max-image-preview:large, max-video-preview:-1\" \/>\n<link rel=\"canonical\" href=\"https:\/\/dmcsrb.com\/en\/drustvo\/borovinic-bojovic-ostro-osudjujem-izjavu-u-kojoj-se-iznose-uvrede-na-racun-rajzing-rajnke-takav-recnik-je-neprimjeren\/\" \/>\n<meta property=\"og:locale\" content=\"en_GB\" \/>\n<meta property=\"og:type\" content=\"article\" \/>\n<meta property=\"og:title\" content=\"Borovini\u0107 Bojovi\u0107: O\u0161tro osu\u0111ujem izjavu u kojoj se iznose uvrede na ra\u010dun Rajzing Rajnke, takav re\u010dnik je neprimjeren - dmcsrb.com\" \/>\n<meta property=\"og:description\" content=\"Predsjednica Skup\u0161tine Glavnog grada dr Jelena Borovini\u0107 Bojovi\u0107 reagovala je povodom uvredljive izjave novinara i urednika Antene M Darka \u0160ukovi\u0107a, upu\u0107ene ambasadorki Sjedinjenih Ameri\u010dkih Dr\u017eava u Crnoj Gori, Nj. E. D\u017eudi Rajzing Rajnke, kao i ambasadorima zemalja Kvinte i \u0161efu Delegacije Evropske unije u Crnoj Gori Johanu Satleru, navodi se u saop\u0161tenju.\" \/>\n<meta property=\"og:url\" content=\"https:\/\/dmcsrb.com\/en\/drustvo\/borovinic-bojovic-ostro-osudjujem-izjavu-u-kojoj-se-iznose-uvrede-na-racun-rajzing-rajnke-takav-recnik-je-neprimjeren\/\" \/>\n<meta property=\"og:site_name\" content=\"dmcsrb.com\" \/>\n<meta property=\"article:published_time\" content=\"2025-10-11T05:54:44+00:00\" \/>\n<meta property=\"og:image\" content=\"https:\/\/dmcsrb.com\/wp-content\/uploads\/2026\/01\/Jelena-Borovinic-Bojovic-foto-skupstina-glavnog-grada.webp\" \/>\n\t<meta property=\"og:image:width\" content=\"1005\" \/>\n\t<meta property=\"og:image:height\" content=\"633\" \/>\n\t<meta property=\"og:image:type\" content=\"image\/jpeg\" \/>\n<meta name=\"author\" content=\"dmcsrbija.com@gmail.com\" \/>\n<meta name=\"twitter:card\" content=\"summary_large_image\" \/>\n<meta name=\"twitter:label1\" content=\"Written by\" \/>\n\t<meta name=\"twitter:data1\" content=\"dmcsrbija.com@gmail.com\" \/>\n\t<meta name=\"twitter:label2\" content=\"Estimated reading time\" \/>\n\t<meta name=\"twitter:data2\" content=\"2 minutes\" \/>\n<script type=\"application\/ld+json\" class=\"yoast-schema-graph\">{\"@context\":\"https:\\\/\\\/schema.org\",\"@graph\":[{\"@type\":\"Article\",\"@id\":\"https:\\\/\\\/dmcsrb.com\\\/drustvo\\\/borovinic-bojovic-ostro-osudjujem-izjavu-u-kojoj-se-iznose-uvrede-na-racun-rajzing-rajnke-takav-recnik-je-neprimjeren\\\/#article\",\"isPartOf\":{\"@id\":\"https:\\\/\\\/dmcsrb.com\\\/drustvo\\\/borovinic-bojovic-ostro-osudjujem-izjavu-u-kojoj-se-iznose-uvrede-na-racun-rajzing-rajnke-takav-recnik-je-neprimjeren\\\/\"},\"author\":{\"name\":\"dmcsrbija.com@gmail.com\",\"@id\":\"https:\\\/\\\/dmcsrb.com\\\/#\\\/schema\\\/person\\\/5c39170f12db1b8b457732d0b5c854e2\"},\"headline\":\"Borovini\u0107 Bojovi\u0107: O\u0161tro osu\u0111ujem izjavu u kojoj se iznose uvrede na ra\u010dun Rajzing Rajnke, takav re\u010dnik je neprimjeren\",\"datePublished\":\"2025-10-11T05:54:44+00:00\",\"mainEntityOfPage\":{\"@id\":\"https:\\\/\\\/dmcsrb.com\\\/drustvo\\\/borovinic-bojovic-ostro-osudjujem-izjavu-u-kojoj-se-iznose-uvrede-na-racun-rajzing-rajnke-takav-recnik-je-neprimjeren\\\/\"},\"wordCount\":326,\"commentCount\":0,\"image\":{\"@id\":\"https:\\\/\\\/dmcsrb.com\\\/drustvo\\\/borovinic-bojovic-ostro-osudjujem-izjavu-u-kojoj-se-iznose-uvrede-na-racun-rajzing-rajnke-takav-recnik-je-neprimjeren\\\/#primaryimage\"},\"thumbnailUrl\":\"https:\\\/\\\/dmcsrb.com\\\/wp-content\\\/uploads\\\/2026\\\/01\\\/Jelena-Borovinic-Bojovic-foto-skupstina-glavnog-grada.webp\",\"keywords\":[\"Darko \u0160ukovi\u0107\",\"D\u017eudi Rajzing Rajnke\",\"Jelena Borovini\u0107 Bojovi\u0107\"],\"articleSection\":[\"Dru\u0161tvo\"],\"inLanguage\":\"en-GB\",\"potentialAction\":[{\"@type\":\"CommentAction\",\"name\":\"Comment\",\"target\":[\"https:\\\/\\\/dmcsrb.com\\\/drustvo\\\/borovinic-bojovic-ostro-osudjujem-izjavu-u-kojoj-se-iznose-uvrede-na-racun-rajzing-rajnke-takav-recnik-je-neprimjeren\\\/#respond\"]}]},{\"@type\":\"WebPage\",\"@id\":\"https:\\\/\\\/dmcsrb.com\\\/drustvo\\\/borovinic-bojovic-ostro-osudjujem-izjavu-u-kojoj-se-iznose-uvrede-na-racun-rajzing-rajnke-takav-recnik-je-neprimjeren\\\/\",\"url\":\"https:\\\/\\\/dmcsrb.com\\\/drustvo\\\/borovinic-bojovic-ostro-osudjujem-izjavu-u-kojoj-se-iznose-uvrede-na-racun-rajzing-rajnke-takav-recnik-je-neprimjeren\\\/\",\"name\":\"Borovini\u0107 Bojovi\u0107: O\u0161tro osu\u0111ujem izjavu u kojoj se iznose uvrede na ra\u010dun Rajzing Rajnke, takav re\u010dnik je neprimjeren - dmcsrb.com\",\"isPartOf\":{\"@id\":\"https:\\\/\\\/dmcsrb.com\\\/#website\"},\"primaryImageOfPage\":{\"@id\":\"https:\\\/\\\/dmcsrb.com\\\/drustvo\\\/borovinic-bojovic-ostro-osudjujem-izjavu-u-kojoj-se-iznose-uvrede-na-racun-rajzing-rajnke-takav-recnik-je-neprimjeren\\\/#primaryimage\"},\"image\":{\"@id\":\"https:\\\/\\\/dmcsrb.com\\\/drustvo\\\/borovinic-bojovic-ostro-osudjujem-izjavu-u-kojoj-se-iznose-uvrede-na-racun-rajzing-rajnke-takav-recnik-je-neprimjeren\\\/#primaryimage\"},\"thumbnailUrl\":\"https:\\\/\\\/dmcsrb.com\\\/wp-content\\\/uploads\\\/2026\\\/01\\\/Jelena-Borovinic-Bojovic-foto-skupstina-glavnog-grada.webp\",\"datePublished\":\"2025-10-11T05:54:44+00:00\",\"author\":{\"@id\":\"https:\\\/\\\/dmcsrb.com\\\/#\\\/schema\\\/person\\\/5c39170f12db1b8b457732d0b5c854e2\"},\"breadcrumb\":{\"@id\":\"https:\\\/\\\/dmcsrb.com\\\/drustvo\\\/borovinic-bojovic-ostro-osudjujem-izjavu-u-kojoj-se-iznose-uvrede-na-racun-rajzing-rajnke-takav-recnik-je-neprimjeren\\\/#breadcrumb\"},\"inLanguage\":\"en-GB\",\"potentialAction\":[{\"@type\":\"ReadAction\",\"target\":[\"https:\\\/\\\/dmcsrb.com\\\/drustvo\\\/borovinic-bojovic-ostro-osudjujem-izjavu-u-kojoj-se-iznose-uvrede-na-racun-rajzing-rajnke-takav-recnik-je-neprimjeren\\\/\"]}]},{\"@type\":\"ImageObject\",\"inLanguage\":\"en-GB\",\"@id\":\"https:\\\/\\\/dmcsrb.com\\\/drustvo\\\/borovinic-bojovic-ostro-osudjujem-izjavu-u-kojoj-se-iznose-uvrede-na-racun-rajzing-rajnke-takav-recnik-je-neprimjeren\\\/#primaryimage\",\"url\":\"https:\\\/\\\/dmcsrb.com\\\/wp-content\\\/uploads\\\/2026\\\/01\\\/Jelena-Borovinic-Bojovic-foto-skupstina-glavnog-grada.webp\",\"contentUrl\":\"https:\\\/\\\/dmcsrb.com\\\/wp-content\\\/uploads\\\/2026\\\/01\\\/Jelena-Borovinic-Bojovic-foto-skupstina-glavnog-grada.webp\",\"width\":1005,\"height\":633},{\"@type\":\"BreadcrumbList\",\"@id\":\"https:\\\/\\\/dmcsrb.com\\\/drustvo\\\/borovinic-bojovic-ostro-osudjujem-izjavu-u-kojoj-se-iznose-uvrede-na-racun-rajzing-rajnke-takav-recnik-je-neprimjeren\\\/#breadcrumb\",\"itemListElement\":[{\"@type\":\"ListItem\",\"position\":1,\"name\":\"Home\",\"item\":\"https:\\\/\\\/dmcsrb.com\\\/\"},{\"@type\":\"ListItem\",\"position\":2,\"name\":\"Borovini\u0107 Bojovi\u0107: O\u0161tro osu\u0111ujem izjavu u kojoj se iznose uvrede na ra\u010dun Rajzing Rajnke, takav re\u010dnik je neprimjeren\"}]},{\"@type\":\"WebSite\",\"@id\":\"https:\\\/\\\/dmcsrb.com\\\/#website\",\"url\":\"https:\\\/\\\/dmcsrb.com\\\/\",\"name\":\"dmcsrb.com\",\"description\":\"\",\"potentialAction\":[{\"@type\":\"SearchAction\",\"target\":{\"@type\":\"EntryPoint\",\"urlTemplate\":\"https:\\\/\\\/dmcsrb.com\\\/?s={search_term_string}\"},\"query-input\":{\"@type\":\"PropertyValueSpecification\",\"valueRequired\":true,\"valueName\":\"search_term_string\"}}],\"inLanguage\":\"en-GB\"},{\"@type\":\"Person\",\"@id\":\"https:\\\/\\\/dmcsrb.com\\\/#\\\/schema\\\/person\\\/5c39170f12db1b8b457732d0b5c854e2\",\"name\":\"dmcsrbija.com@gmail.com\",\"image\":{\"@type\":\"ImageObject\",\"inLanguage\":\"en-GB\",\"@id\":\"https:\\\/\\\/secure.gravatar.com\\\/avatar\\\/68592660ad6347fad0fb587f8d5d8f1a7b44961362f56e4f2cd524feb87e9069?s=96&d=mm&r=g\",\"url\":\"https:\\\/\\\/secure.gravatar.com\\\/avatar\\\/68592660ad6347fad0fb587f8d5d8f1a7b44961362f56e4f2cd524feb87e9069?s=96&d=mm&r=g\",\"contentUrl\":\"https:\\\/\\\/secure.gravatar.com\\\/avatar\\\/68592660ad6347fad0fb587f8d5d8f1a7b44961362f56e4f2cd524feb87e9069?s=96&d=mm&r=g\",\"caption\":\"dmcsrbija.com@gmail.com\"},\"sameAs\":[\"https:\\\/\\\/dmcsrb.com\"],\"url\":\"https:\\\/\\\/dmcsrb.com\\\/en\\\/author\\\/dmcsrbija-comgmail-com\\\/\"}]}<\/script>\n<!-- \/ Yoast SEO plugin. -->","yoast_head_json":{"title":"Borovini\u0107 Bojovi\u0107: O\u0161tro osu\u0111ujem izjavu u kojoj se iznose uvrede na ra\u010dun Rajzing Rajnke, takav re\u010dnik je neprimjeren - dmcsrb.com","robots":{"index":"index","follow":"follow","max-snippet":"max-snippet:-1","max-image-preview":"max-image-preview:large","max-video-preview":"max-video-preview:-1"},"canonical":"https:\/\/dmcsrb.com\/en\/drustvo\/borovinic-bojovic-ostro-osudjujem-izjavu-u-kojoj-se-iznose-uvrede-na-racun-rajzing-rajnke-takav-recnik-je-neprimjeren\/","og_locale":"en_GB","og_type":"article","og_title":"Borovini\u0107 Bojovi\u0107: O\u0161tro osu\u0111ujem izjavu u kojoj se iznose uvrede na ra\u010dun Rajzing Rajnke, takav re\u010dnik je neprimjeren - dmcsrb.com","og_description":"Predsjednica Skup\u0161tine Glavnog grada dr Jelena Borovini\u0107 Bojovi\u0107 reagovala je povodom uvredljive izjave novinara i urednika Antene M Darka \u0160ukovi\u0107a, upu\u0107ene ambasadorki Sjedinjenih Ameri\u010dkih Dr\u017eava u Crnoj Gori, Nj. E. D\u017eudi Rajzing Rajnke, kao i ambasadorima zemalja Kvinte i \u0161efu Delegacije Evropske unije u Crnoj Gori Johanu Satleru, navodi se u saop\u0161tenju.","og_url":"https:\/\/dmcsrb.com\/en\/drustvo\/borovinic-bojovic-ostro-osudjujem-izjavu-u-kojoj-se-iznose-uvrede-na-racun-rajzing-rajnke-takav-recnik-je-neprimjeren\/","og_site_name":"dmcsrb.com","article_published_time":"2025-10-11T05:54:44+00:00","og_image":[{"width":1005,"height":633,"url":"https:\/\/dmcsrb.com\/wp-content\/uploads\/2026\/01\/Jelena-Borovinic-Bojovic-foto-skupstina-glavnog-grada.webp","type":"image\/jpeg"}],"author":"dmcsrbija.com@gmail.com","twitter_card":"summary_large_image","twitter_misc":{"Written by":"dmcsrbija.com@gmail.com","Estimated reading time":"2 minutes"},"schema":{"@context":"https:\/\/schema.org","@graph":[{"@type":"Article","@id":"https:\/\/dmcsrb.com\/drustvo\/borovinic-bojovic-ostro-osudjujem-izjavu-u-kojoj-se-iznose-uvrede-na-racun-rajzing-rajnke-takav-recnik-je-neprimjeren\/#article","isPartOf":{"@id":"https:\/\/dmcsrb.com\/drustvo\/borovinic-bojovic-ostro-osudjujem-izjavu-u-kojoj-se-iznose-uvrede-na-racun-rajzing-rajnke-takav-recnik-je-neprimjeren\/"},"author":{"name":"dmcsrbija.com@gmail.com","@id":"https:\/\/dmcsrb.com\/#\/schema\/person\/5c39170f12db1b8b457732d0b5c854e2"},"headline":"Borovini\u0107 Bojovi\u0107: O\u0161tro osu\u0111ujem izjavu u kojoj se iznose uvrede na ra\u010dun Rajzing Rajnke, takav re\u010dnik je neprimjeren","datePublished":"2025-10-11T05:54:44+00:00","mainEntityOfPage":{"@id":"https:\/\/dmcsrb.com\/drustvo\/borovinic-bojovic-ostro-osudjujem-izjavu-u-kojoj-se-iznose-uvrede-na-racun-rajzing-rajnke-takav-recnik-je-neprimjeren\/"},"wordCount":326,"commentCount":0,"image":{"@id":"https:\/\/dmcsrb.com\/drustvo\/borovinic-bojovic-ostro-osudjujem-izjavu-u-kojoj-se-iznose-uvrede-na-racun-rajzing-rajnke-takav-recnik-je-neprimjeren\/#primaryimage"},"thumbnailUrl":"https:\/\/dmcsrb.com\/wp-content\/uploads\/2026\/01\/Jelena-Borovinic-Bojovic-foto-skupstina-glavnog-grada.webp","keywords":["Darko \u0160ukovi\u0107","D\u017eudi Rajzing Rajnke","Jelena Borovini\u0107 Bojovi\u0107"],"articleSection":["Dru\u0161tvo"],"inLanguage":"en-GB","potentialAction":[{"@type":"CommentAction","name":"Comment","target":["https:\/\/dmcsrb.com\/drustvo\/borovinic-bojovic-ostro-osudjujem-izjavu-u-kojoj-se-iznose-uvrede-na-racun-rajzing-rajnke-takav-recnik-je-neprimjeren\/#respond"]}]},{"@type":"WebPage","@id":"https:\/\/dmcsrb.com\/drustvo\/borovinic-bojovic-ostro-osudjujem-izjavu-u-kojoj-se-iznose-uvrede-na-racun-rajzing-rajnke-takav-recnik-je-neprimjeren\/","url":"https:\/\/dmcsrb.com\/drustvo\/borovinic-bojovic-ostro-osudjujem-izjavu-u-kojoj-se-iznose-uvrede-na-racun-rajzing-rajnke-takav-recnik-je-neprimjeren\/","name":"Borovini\u0107 Bojovi\u0107: O\u0161tro osu\u0111ujem izjavu u kojoj se iznose uvrede na ra\u010dun Rajzing Rajnke, takav re\u010dnik je neprimjeren - dmcsrb.com","isPartOf":{"@id":"https:\/\/dmcsrb.com\/#website"},"primaryImageOfPage":{"@id":"https:\/\/dmcsrb.com\/drustvo\/borovinic-bojovic-ostro-osudjujem-izjavu-u-kojoj-se-iznose-uvrede-na-racun-rajzing-rajnke-takav-recnik-je-neprimjeren\/#primaryimage"},"image":{"@id":"https:\/\/dmcsrb.com\/drustvo\/borovinic-bojovic-ostro-osudjujem-izjavu-u-kojoj-se-iznose-uvrede-na-racun-rajzing-rajnke-takav-recnik-je-neprimjeren\/#primaryimage"},"thumbnailUrl":"https:\/\/dmcsrb.com\/wp-content\/uploads\/2026\/01\/Jelena-Borovinic-Bojovic-foto-skupstina-glavnog-grada.webp","datePublished":"2025-10-11T05:54:44+00:00","author":{"@id":"https:\/\/dmcsrb.com\/#\/schema\/person\/5c39170f12db1b8b457732d0b5c854e2"},"breadcrumb":{"@id":"https:\/\/dmcsrb.com\/drustvo\/borovinic-bojovic-ostro-osudjujem-izjavu-u-kojoj-se-iznose-uvrede-na-racun-rajzing-rajnke-takav-recnik-je-neprimjeren\/#breadcrumb"},"inLanguage":"en-GB","potentialAction":[{"@type":"ReadAction","target":["https:\/\/dmcsrb.com\/drustvo\/borovinic-bojovic-ostro-osudjujem-izjavu-u-kojoj-se-iznose-uvrede-na-racun-rajzing-rajnke-takav-recnik-je-neprimjeren\/"]}]},{"@type":"ImageObject","inLanguage":"en-GB","@id":"https:\/\/dmcsrb.com\/drustvo\/borovinic-bojovic-ostro-osudjujem-izjavu-u-kojoj-se-iznose-uvrede-na-racun-rajzing-rajnke-takav-recnik-je-neprimjeren\/#primaryimage","url":"https:\/\/dmcsrb.com\/wp-content\/uploads\/2026\/01\/Jelena-Borovinic-Bojovic-foto-skupstina-glavnog-grada.webp","contentUrl":"https:\/\/dmcsrb.com\/wp-content\/uploads\/2026\/01\/Jelena-Borovinic-Bojovic-foto-skupstina-glavnog-grada.webp","width":1005,"height":633},{"@type":"BreadcrumbList","@id":"https:\/\/dmcsrb.com\/drustvo\/borovinic-bojovic-ostro-osudjujem-izjavu-u-kojoj-se-iznose-uvrede-na-racun-rajzing-rajnke-takav-recnik-je-neprimjeren\/#breadcrumb","itemListElement":[{"@type":"ListItem","position":1,"name":"Home","item":"https:\/\/dmcsrb.com\/"},{"@type":"ListItem","position":2,"name":"Borovini\u0107 Bojovi\u0107: O\u0161tro osu\u0111ujem izjavu u kojoj se iznose uvrede na ra\u010dun Rajzing Rajnke, takav re\u010dnik je neprimjeren"}]},{"@type":"WebSite","@id":"https:\/\/dmcsrb.com\/#website","url":"https:\/\/dmcsrb.com\/","name":"dmcsrb.com","description":"","potentialAction":[{"@type":"SearchAction","target":{"@type":"EntryPoint","urlTemplate":"https:\/\/dmcsrb.com\/?s={search_term_string}"},"query-input":{"@type":"PropertyValueSpecification","valueRequired":true,"valueName":"search_term_string"}}],"inLanguage":"en-GB"},{"@type":"Person","@id":"https:\/\/dmcsrb.com\/#\/schema\/person\/5c39170f12db1b8b457732d0b5c854e2","name":"dmcsrbija.com@gmail.com","image":{"@type":"ImageObject","inLanguage":"en-GB","@id":"https:\/\/secure.gravatar.com\/avatar\/68592660ad6347fad0fb587f8d5d8f1a7b44961362f56e4f2cd524feb87e9069?s=96&d=mm&r=g","url":"https:\/\/secure.gravatar.com\/avatar\/68592660ad6347fad0fb587f8d5d8f1a7b44961362f56e4f2cd524feb87e9069?s=96&d=mm&r=g","contentUrl":"https:\/\/secure.gravatar.com\/avatar\/68592660ad6347fad0fb587f8d5d8f1a7b44961362f56e4f2cd524feb87e9069?s=96&d=mm&r=g","caption":"dmcsrbija.com@gmail.com"},"sameAs":["https:\/\/dmcsrb.com"],"url":"https:\/\/dmcsrb.com\/en\/author\/dmcsrbija-comgmail-com\/"}]}},"_links":{"self":[{"href":"https:\/\/dmcsrb.com\/en\/wp-json\/wp\/v2\/posts\/957143","targetHints":{"allow":["GET"]}}],"collection":[{"href":"https:\/\/dmcsrb.com\/en\/wp-json\/wp\/v2\/posts"}],"about":[{"href":"https:\/\/dmcsrb.com\/en\/wp-json\/wp\/v2\/types\/post"}],"author":[{"embeddable":true,"href":"https:\/\/dmcsrb.com\/en\/wp-json\/wp\/v2\/users\/1"}],"replies":[{"embeddable":true,"href":"https:\/\/dmcsrb.com\/en\/wp-json\/wp\/v2\/comments?post=957143"}],"version-history":[{"count":0,"href":"https:\/\/dmcsrb.com\/en\/wp-json\/wp\/v2\/posts\/957143\/revisions"}],"wp:featuredmedia":[{"embeddable":true,"href":"https:\/\/dmcsrb.com\/en\/wp-json\/wp\/v2\/media\/953212"}],"wp:attachment":[{"href":"https:\/\/dmcsrb.com\/en\/wp-json\/wp\/v2\/media?parent=957143"}],"wp:term":[{"taxonomy":"category","embeddable":true,"href":"https:\/\/dmcsrb.com\/en\/wp-json\/wp\/v2\/categories?post=957143"},{"taxonomy":"post_tag","embeddable":true,"href":"https:\/\/dmcsrb.com\/en\/wp-json\/wp\/v2\/tags?post=957143"},{"taxonomy":"naslovna","embeddable":true,"href":"https:\/\/dmcsrb.com\/en\/wp-json\/wp\/v2\/naslovna?post=957143"}],"curies":[{"name":"wp","href":"https:\/\/api.w.org\/{rel}","templated":true}]}}