{"id":957141,"date":"2025-10-11T06:20:00","date_gmt":"2025-10-11T04:20:00","guid":{"rendered":"https:\/\/dmcsrb.com\/uncategorized\/sukovic-americkoj-ambasadorki-vi-ste-sramota-za-svoju-zemlju\/"},"modified":"2025-10-11T06:20:00","modified_gmt":"2025-10-11T04:20:00","slug":"sukovic-americkoj-ambasadorki-vi-ste-sramota-za-svoju-zemlju","status":"publish","type":"post","link":"https:\/\/dmcsrb.com\/en\/drustvo\/sukovic-americkoj-ambasadorki-vi-ste-sramota-za-svoju-zemlju\/","title":{"rendered":"\u0160ukovi\u0107 ameri\u010dkoj ambasadorki: Vi ste sramota za svoju zemlju"},"content":{"rendered":"<p>Iz te misije je poru\u010deno da zbog aktuelne blokade ameri\u010dke vlade trenutno nijesu u mogu\u0107nosti da daju komentar na optu\u017ebe Specijalnog dr\u017eavnog tu\u017eila\u0161tva.<\/p>\n\n\n\n<p>Ostale ambasade ostale su bez odgovora, \u0161to je izazvalo o\u0161tru reakciju urednika Antene M <strong>Darka \u0160ukovi\u0107a<\/strong>. On je u svom obra\u0107anju uputio niz uvredljivih i krajnje kriti\u010dkih komentara na ra\u010dun ambasadora zemalja Kvinte i \u0161efa Delegacije EU u Crnoj Gori <strong>Johana Satlera<\/strong>. Posebnu pa\u017enju je izazvala kritika Ameri\u010dkoj ambasadorki u Crnoj Gori <strong>D\u017eudi Rajzing Rajnke<\/strong> kojoj je \u0160ukovi\u0107 rekao da je \u201csramota za svoju zemlju\u201d.<\/p>\n\n\n\n<p><\/p>","protected":false},"excerpt":{"rendered":"<p>Nakon \u0161to su urednici vi\u0161e crnogorskih medija uputili pismo \u0161efu Delegacije Evropske unije u Crnoj Gori Johanu Satleru kao i ambasadama zemalja Kvinte, u kojem su zatra\u017eili reakciju povodom \u2013 kako navode \u2013 \u201edo sada nevi\u0111ene zloupotrebe mo\u0107i i poku\u0161aja da se u\u0107utka svaki slobodan i kriti\u010dki glas\u201c, uslijedila je reakcija jedino iz Ambasade SAD.<\/p>","protected":false},"author":1,"featured_media":957142,"comment_status":"open","ping_status":"open","sticky":false,"template":"","format":"standard","meta":{"_acf_changed":false,"footnotes":""},"categories":[2],"tags":[11063,9161],"naslovna":[],"class_list":["post-957141","post","type-post","status-publish","format-standard","has-post-thumbnail","hentry","category-drustvo","tag-darko-sukovic","tag-rajzing-rajnke"],"acf":[],"yoast_head":"<!-- This site is optimized with the Yoast SEO plugin v27.4 - https:\/\/yoast.com\/product\/yoast-seo-wordpress\/ -->\n<title>\u0160ukovi\u0107 ameri\u010dkoj ambasadorki: Vi ste sramota za svoju zemlju - dmcsrb.com<\/title>\n<meta name=\"robots\" content=\"index, follow, max-snippet:-1, max-image-preview:large, max-video-preview:-1\" \/>\n<link rel=\"canonical\" href=\"https:\/\/dmcsrb.com\/en\/drustvo\/sukovic-americkoj-ambasadorki-vi-ste-sramota-za-svoju-zemlju\/\" \/>\n<meta property=\"og:locale\" content=\"en_GB\" \/>\n<meta property=\"og:type\" content=\"article\" \/>\n<meta property=\"og:title\" content=\"\u0160ukovi\u0107 ameri\u010dkoj ambasadorki: Vi ste sramota za svoju zemlju - dmcsrb.com\" \/>\n<meta property=\"og:description\" content=\"Nakon \u0161to su urednici vi\u0161e crnogorskih medija uputili pismo \u0161efu Delegacije Evropske unije u Crnoj Gori Johanu Satleru kao i ambasadama zemalja Kvinte, u kojem su zatra\u017eili reakciju povodom \u2013 kako navode \u2013 \u201edo sada nevi\u0111ene zloupotrebe mo\u0107i i poku\u0161aja da se u\u0107utka svaki slobodan i kriti\u010dki glas\u201c, uslijedila je reakcija jedino iz Ambasade SAD.\" \/>\n<meta property=\"og:url\" content=\"https:\/\/dmcsrb.com\/en\/drustvo\/sukovic-americkoj-ambasadorki-vi-ste-sramota-za-svoju-zemlju\/\" \/>\n<meta property=\"og:site_name\" content=\"dmcsrb.com\" \/>\n<meta property=\"article:published_time\" content=\"2025-10-11T04:20:00+00:00\" \/>\n<meta property=\"og:image\" content=\"https:\/\/dmcsrb.com\/wp-content\/uploads\/2026\/01\/sukovic.webp\" \/>\n\t<meta property=\"og:image:width\" content=\"941\" \/>\n\t<meta property=\"og:image:height\" content=\"603\" \/>\n\t<meta property=\"og:image:type\" content=\"image\/jpeg\" \/>\n<meta name=\"author\" content=\"dmcsrbija.com@gmail.com\" \/>\n<meta name=\"twitter:card\" content=\"summary_large_image\" \/>\n<meta name=\"twitter:label1\" content=\"Written by\" \/>\n\t<meta name=\"twitter:data1\" content=\"dmcsrbija.com@gmail.com\" \/>\n\t<meta name=\"twitter:label2\" content=\"Estimated reading time\" \/>\n\t<meta name=\"twitter:data2\" content=\"1 minute\" \/>\n<script type=\"application\/ld+json\" class=\"yoast-schema-graph\">{\"@context\":\"https:\\\/\\\/schema.org\",\"@graph\":[{\"@type\":\"Article\",\"@id\":\"https:\\\/\\\/dmcsrb.com\\\/drustvo\\\/sukovic-americkoj-ambasadorki-vi-ste-sramota-za-svoju-zemlju\\\/#article\",\"isPartOf\":{\"@id\":\"https:\\\/\\\/dmcsrb.com\\\/drustvo\\\/sukovic-americkoj-ambasadorki-vi-ste-sramota-za-svoju-zemlju\\\/\"},\"author\":{\"name\":\"dmcsrbija.com@gmail.com\",\"@id\":\"https:\\\/\\\/dmcsrb.com\\\/#\\\/schema\\\/person\\\/5c39170f12db1b8b457732d0b5c854e2\"},\"headline\":\"\u0160ukovi\u0107 ameri\u010dkoj ambasadorki: Vi ste sramota za svoju zemlju\",\"datePublished\":\"2025-10-11T04:20:00+00:00\",\"mainEntityOfPage\":{\"@id\":\"https:\\\/\\\/dmcsrb.com\\\/drustvo\\\/sukovic-americkoj-ambasadorki-vi-ste-sramota-za-svoju-zemlju\\\/\"},\"wordCount\":113,\"commentCount\":0,\"image\":{\"@id\":\"https:\\\/\\\/dmcsrb.com\\\/drustvo\\\/sukovic-americkoj-ambasadorki-vi-ste-sramota-za-svoju-zemlju\\\/#primaryimage\"},\"thumbnailUrl\":\"https:\\\/\\\/dmcsrb.com\\\/wp-content\\\/uploads\\\/2026\\\/01\\\/sukovic.webp\",\"keywords\":[\"Darko \u0160ukovi\u0107\",\"Rajzing Rajnke\"],\"articleSection\":[\"Dru\u0161tvo\"],\"inLanguage\":\"en-GB\",\"potentialAction\":[{\"@type\":\"CommentAction\",\"name\":\"Comment\",\"target\":[\"https:\\\/\\\/dmcsrb.com\\\/drustvo\\\/sukovic-americkoj-ambasadorki-vi-ste-sramota-za-svoju-zemlju\\\/#respond\"]}]},{\"@type\":\"WebPage\",\"@id\":\"https:\\\/\\\/dmcsrb.com\\\/drustvo\\\/sukovic-americkoj-ambasadorki-vi-ste-sramota-za-svoju-zemlju\\\/\",\"url\":\"https:\\\/\\\/dmcsrb.com\\\/drustvo\\\/sukovic-americkoj-ambasadorki-vi-ste-sramota-za-svoju-zemlju\\\/\",\"name\":\"\u0160ukovi\u0107 ameri\u010dkoj ambasadorki: Vi ste sramota za svoju zemlju - dmcsrb.com\",\"isPartOf\":{\"@id\":\"https:\\\/\\\/dmcsrb.com\\\/#website\"},\"primaryImageOfPage\":{\"@id\":\"https:\\\/\\\/dmcsrb.com\\\/drustvo\\\/sukovic-americkoj-ambasadorki-vi-ste-sramota-za-svoju-zemlju\\\/#primaryimage\"},\"image\":{\"@id\":\"https:\\\/\\\/dmcsrb.com\\\/drustvo\\\/sukovic-americkoj-ambasadorki-vi-ste-sramota-za-svoju-zemlju\\\/#primaryimage\"},\"thumbnailUrl\":\"https:\\\/\\\/dmcsrb.com\\\/wp-content\\\/uploads\\\/2026\\\/01\\\/sukovic.webp\",\"datePublished\":\"2025-10-11T04:20:00+00:00\",\"author\":{\"@id\":\"https:\\\/\\\/dmcsrb.com\\\/#\\\/schema\\\/person\\\/5c39170f12db1b8b457732d0b5c854e2\"},\"breadcrumb\":{\"@id\":\"https:\\\/\\\/dmcsrb.com\\\/drustvo\\\/sukovic-americkoj-ambasadorki-vi-ste-sramota-za-svoju-zemlju\\\/#breadcrumb\"},\"inLanguage\":\"en-GB\",\"potentialAction\":[{\"@type\":\"ReadAction\",\"target\":[\"https:\\\/\\\/dmcsrb.com\\\/drustvo\\\/sukovic-americkoj-ambasadorki-vi-ste-sramota-za-svoju-zemlju\\\/\"]}]},{\"@type\":\"ImageObject\",\"inLanguage\":\"en-GB\",\"@id\":\"https:\\\/\\\/dmcsrb.com\\\/drustvo\\\/sukovic-americkoj-ambasadorki-vi-ste-sramota-za-svoju-zemlju\\\/#primaryimage\",\"url\":\"https:\\\/\\\/dmcsrb.com\\\/wp-content\\\/uploads\\\/2026\\\/01\\\/sukovic.webp\",\"contentUrl\":\"https:\\\/\\\/dmcsrb.com\\\/wp-content\\\/uploads\\\/2026\\\/01\\\/sukovic.webp\",\"width\":941,\"height\":603},{\"@type\":\"BreadcrumbList\",\"@id\":\"https:\\\/\\\/dmcsrb.com\\\/drustvo\\\/sukovic-americkoj-ambasadorki-vi-ste-sramota-za-svoju-zemlju\\\/#breadcrumb\",\"itemListElement\":[{\"@type\":\"ListItem\",\"position\":1,\"name\":\"Home\",\"item\":\"https:\\\/\\\/dmcsrb.com\\\/\"},{\"@type\":\"ListItem\",\"position\":2,\"name\":\"\u0160ukovi\u0107 ameri\u010dkoj ambasadorki: Vi ste sramota za svoju zemlju\"}]},{\"@type\":\"WebSite\",\"@id\":\"https:\\\/\\\/dmcsrb.com\\\/#website\",\"url\":\"https:\\\/\\\/dmcsrb.com\\\/\",\"name\":\"dmcsrb.com\",\"description\":\"\",\"potentialAction\":[{\"@type\":\"SearchAction\",\"target\":{\"@type\":\"EntryPoint\",\"urlTemplate\":\"https:\\\/\\\/dmcsrb.com\\\/?s={search_term_string}\"},\"query-input\":{\"@type\":\"PropertyValueSpecification\",\"valueRequired\":true,\"valueName\":\"search_term_string\"}}],\"inLanguage\":\"en-GB\"},{\"@type\":\"Person\",\"@id\":\"https:\\\/\\\/dmcsrb.com\\\/#\\\/schema\\\/person\\\/5c39170f12db1b8b457732d0b5c854e2\",\"name\":\"dmcsrbija.com@gmail.com\",\"image\":{\"@type\":\"ImageObject\",\"inLanguage\":\"en-GB\",\"@id\":\"https:\\\/\\\/secure.gravatar.com\\\/avatar\\\/68592660ad6347fad0fb587f8d5d8f1a7b44961362f56e4f2cd524feb87e9069?s=96&d=mm&r=g\",\"url\":\"https:\\\/\\\/secure.gravatar.com\\\/avatar\\\/68592660ad6347fad0fb587f8d5d8f1a7b44961362f56e4f2cd524feb87e9069?s=96&d=mm&r=g\",\"contentUrl\":\"https:\\\/\\\/secure.gravatar.com\\\/avatar\\\/68592660ad6347fad0fb587f8d5d8f1a7b44961362f56e4f2cd524feb87e9069?s=96&d=mm&r=g\",\"caption\":\"dmcsrbija.com@gmail.com\"},\"sameAs\":[\"https:\\\/\\\/dmcsrb.com\"],\"url\":\"https:\\\/\\\/dmcsrb.com\\\/en\\\/author\\\/dmcsrbija-comgmail-com\\\/\"}]}<\/script>\n<!-- \/ Yoast SEO plugin. -->","yoast_head_json":{"title":"\u0160ukovi\u0107 ameri\u010dkoj ambasadorki: Vi ste sramota za svoju zemlju - dmcsrb.com","robots":{"index":"index","follow":"follow","max-snippet":"max-snippet:-1","max-image-preview":"max-image-preview:large","max-video-preview":"max-video-preview:-1"},"canonical":"https:\/\/dmcsrb.com\/en\/drustvo\/sukovic-americkoj-ambasadorki-vi-ste-sramota-za-svoju-zemlju\/","og_locale":"en_GB","og_type":"article","og_title":"\u0160ukovi\u0107 ameri\u010dkoj ambasadorki: Vi ste sramota za svoju zemlju - dmcsrb.com","og_description":"Nakon \u0161to su urednici vi\u0161e crnogorskih medija uputili pismo \u0161efu Delegacije Evropske unije u Crnoj Gori Johanu Satleru kao i ambasadama zemalja Kvinte, u kojem su zatra\u017eili reakciju povodom \u2013 kako navode \u2013 \u201edo sada nevi\u0111ene zloupotrebe mo\u0107i i poku\u0161aja da se u\u0107utka svaki slobodan i kriti\u010dki glas\u201c, uslijedila je reakcija jedino iz Ambasade SAD.","og_url":"https:\/\/dmcsrb.com\/en\/drustvo\/sukovic-americkoj-ambasadorki-vi-ste-sramota-za-svoju-zemlju\/","og_site_name":"dmcsrb.com","article_published_time":"2025-10-11T04:20:00+00:00","og_image":[{"width":941,"height":603,"url":"https:\/\/dmcsrb.com\/wp-content\/uploads\/2026\/01\/sukovic.webp","type":"image\/jpeg"}],"author":"dmcsrbija.com@gmail.com","twitter_card":"summary_large_image","twitter_misc":{"Written by":"dmcsrbija.com@gmail.com","Estimated reading time":"1 minute"},"schema":{"@context":"https:\/\/schema.org","@graph":[{"@type":"Article","@id":"https:\/\/dmcsrb.com\/drustvo\/sukovic-americkoj-ambasadorki-vi-ste-sramota-za-svoju-zemlju\/#article","isPartOf":{"@id":"https:\/\/dmcsrb.com\/drustvo\/sukovic-americkoj-ambasadorki-vi-ste-sramota-za-svoju-zemlju\/"},"author":{"name":"dmcsrbija.com@gmail.com","@id":"https:\/\/dmcsrb.com\/#\/schema\/person\/5c39170f12db1b8b457732d0b5c854e2"},"headline":"\u0160ukovi\u0107 ameri\u010dkoj ambasadorki: Vi ste sramota za svoju zemlju","datePublished":"2025-10-11T04:20:00+00:00","mainEntityOfPage":{"@id":"https:\/\/dmcsrb.com\/drustvo\/sukovic-americkoj-ambasadorki-vi-ste-sramota-za-svoju-zemlju\/"},"wordCount":113,"commentCount":0,"image":{"@id":"https:\/\/dmcsrb.com\/drustvo\/sukovic-americkoj-ambasadorki-vi-ste-sramota-za-svoju-zemlju\/#primaryimage"},"thumbnailUrl":"https:\/\/dmcsrb.com\/wp-content\/uploads\/2026\/01\/sukovic.webp","keywords":["Darko \u0160ukovi\u0107","Rajzing Rajnke"],"articleSection":["Dru\u0161tvo"],"inLanguage":"en-GB","potentialAction":[{"@type":"CommentAction","name":"Comment","target":["https:\/\/dmcsrb.com\/drustvo\/sukovic-americkoj-ambasadorki-vi-ste-sramota-za-svoju-zemlju\/#respond"]}]},{"@type":"WebPage","@id":"https:\/\/dmcsrb.com\/drustvo\/sukovic-americkoj-ambasadorki-vi-ste-sramota-za-svoju-zemlju\/","url":"https:\/\/dmcsrb.com\/drustvo\/sukovic-americkoj-ambasadorki-vi-ste-sramota-za-svoju-zemlju\/","name":"\u0160ukovi\u0107 ameri\u010dkoj ambasadorki: Vi ste sramota za svoju zemlju - dmcsrb.com","isPartOf":{"@id":"https:\/\/dmcsrb.com\/#website"},"primaryImageOfPage":{"@id":"https:\/\/dmcsrb.com\/drustvo\/sukovic-americkoj-ambasadorki-vi-ste-sramota-za-svoju-zemlju\/#primaryimage"},"image":{"@id":"https:\/\/dmcsrb.com\/drustvo\/sukovic-americkoj-ambasadorki-vi-ste-sramota-za-svoju-zemlju\/#primaryimage"},"thumbnailUrl":"https:\/\/dmcsrb.com\/wp-content\/uploads\/2026\/01\/sukovic.webp","datePublished":"2025-10-11T04:20:00+00:00","author":{"@id":"https:\/\/dmcsrb.com\/#\/schema\/person\/5c39170f12db1b8b457732d0b5c854e2"},"breadcrumb":{"@id":"https:\/\/dmcsrb.com\/drustvo\/sukovic-americkoj-ambasadorki-vi-ste-sramota-za-svoju-zemlju\/#breadcrumb"},"inLanguage":"en-GB","potentialAction":[{"@type":"ReadAction","target":["https:\/\/dmcsrb.com\/drustvo\/sukovic-americkoj-ambasadorki-vi-ste-sramota-za-svoju-zemlju\/"]}]},{"@type":"ImageObject","inLanguage":"en-GB","@id":"https:\/\/dmcsrb.com\/drustvo\/sukovic-americkoj-ambasadorki-vi-ste-sramota-za-svoju-zemlju\/#primaryimage","url":"https:\/\/dmcsrb.com\/wp-content\/uploads\/2026\/01\/sukovic.webp","contentUrl":"https:\/\/dmcsrb.com\/wp-content\/uploads\/2026\/01\/sukovic.webp","width":941,"height":603},{"@type":"BreadcrumbList","@id":"https:\/\/dmcsrb.com\/drustvo\/sukovic-americkoj-ambasadorki-vi-ste-sramota-za-svoju-zemlju\/#breadcrumb","itemListElement":[{"@type":"ListItem","position":1,"name":"Home","item":"https:\/\/dmcsrb.com\/"},{"@type":"ListItem","position":2,"name":"\u0160ukovi\u0107 ameri\u010dkoj ambasadorki: Vi ste sramota za svoju zemlju"}]},{"@type":"WebSite","@id":"https:\/\/dmcsrb.com\/#website","url":"https:\/\/dmcsrb.com\/","name":"dmcsrb.com","description":"","potentialAction":[{"@type":"SearchAction","target":{"@type":"EntryPoint","urlTemplate":"https:\/\/dmcsrb.com\/?s={search_term_string}"},"query-input":{"@type":"PropertyValueSpecification","valueRequired":true,"valueName":"search_term_string"}}],"inLanguage":"en-GB"},{"@type":"Person","@id":"https:\/\/dmcsrb.com\/#\/schema\/person\/5c39170f12db1b8b457732d0b5c854e2","name":"dmcsrbija.com@gmail.com","image":{"@type":"ImageObject","inLanguage":"en-GB","@id":"https:\/\/secure.gravatar.com\/avatar\/68592660ad6347fad0fb587f8d5d8f1a7b44961362f56e4f2cd524feb87e9069?s=96&d=mm&r=g","url":"https:\/\/secure.gravatar.com\/avatar\/68592660ad6347fad0fb587f8d5d8f1a7b44961362f56e4f2cd524feb87e9069?s=96&d=mm&r=g","contentUrl":"https:\/\/secure.gravatar.com\/avatar\/68592660ad6347fad0fb587f8d5d8f1a7b44961362f56e4f2cd524feb87e9069?s=96&d=mm&r=g","caption":"dmcsrbija.com@gmail.com"},"sameAs":["https:\/\/dmcsrb.com"],"url":"https:\/\/dmcsrb.com\/en\/author\/dmcsrbija-comgmail-com\/"}]}},"_links":{"self":[{"href":"https:\/\/dmcsrb.com\/en\/wp-json\/wp\/v2\/posts\/957141","targetHints":{"allow":["GET"]}}],"collection":[{"href":"https:\/\/dmcsrb.com\/en\/wp-json\/wp\/v2\/posts"}],"about":[{"href":"https:\/\/dmcsrb.com\/en\/wp-json\/wp\/v2\/types\/post"}],"author":[{"embeddable":true,"href":"https:\/\/dmcsrb.com\/en\/wp-json\/wp\/v2\/users\/1"}],"replies":[{"embeddable":true,"href":"https:\/\/dmcsrb.com\/en\/wp-json\/wp\/v2\/comments?post=957141"}],"version-history":[{"count":0,"href":"https:\/\/dmcsrb.com\/en\/wp-json\/wp\/v2\/posts\/957141\/revisions"}],"wp:featuredmedia":[{"embeddable":true,"href":"https:\/\/dmcsrb.com\/en\/wp-json\/wp\/v2\/media\/957142"}],"wp:attachment":[{"href":"https:\/\/dmcsrb.com\/en\/wp-json\/wp\/v2\/media?parent=957141"}],"wp:term":[{"taxonomy":"category","embeddable":true,"href":"https:\/\/dmcsrb.com\/en\/wp-json\/wp\/v2\/categories?post=957141"},{"taxonomy":"post_tag","embeddable":true,"href":"https:\/\/dmcsrb.com\/en\/wp-json\/wp\/v2\/tags?post=957141"},{"taxonomy":"naslovna","embeddable":true,"href":"https:\/\/dmcsrb.com\/en\/wp-json\/wp\/v2\/naslovna?post=957141"}],"curies":[{"name":"wp","href":"https:\/\/api.w.org\/{rel}","templated":true}]}}