{"id":957122,"date":"2025-10-11T09:59:00","date_gmt":"2025-10-11T07:59:00","guid":{"rendered":"https:\/\/dmcsrb.com\/uncategorized\/kosarkasi-primorja-1945-spremni-za-start-sezone-i-nastupe-na-dva-fronta\/"},"modified":"2025-10-11T09:59:00","modified_gmt":"2025-10-11T07:59:00","slug":"kosarkasi-primorja-1945-spremni-za-start-sezone-i-nastupe-na-dva-fronta","status":"publish","type":"post","link":"https:\/\/dmcsrb.com\/en\/sport\/kosarkasi-primorja-1945-spremni-za-start-sezone-i-nastupe-na-dva-fronta\/","title":{"rendered":"Ko\u0161arka\u0161i Primorja 1945 spremni za start sezone i nastupe na dva fronta"},"content":{"rendered":"<p>Mladi strateg Novljana\u00a0<strong>Pavle Roganovi\u0107<\/strong>\u00a0istakao je da njegova ekipa jedva \u010deka start sezone i prvi me\u010d protiv\u00a0Teoda\u00a0koji se igra danas od 18 \u010dasova u Igalu.<\/p>\n\n\n\n<p>\u201cDo\u0161li smo do onoga \u0161to smo svi \u017earko \u017eeljeli, a to je start sezone. Pripreme su bile duge i mukotrpne za sve igra\u010de jer je ovo nova ekipa, dosta mlada, \u0161to je i zahtijevalo puno rada. U pripremnom periodu smo imali uspona i padova, \u0161to je i normalno, ali smatram da smo spremni da start sezone i prvi duel protiv Teoda na na\u0161em terenu, koji \u0107e nam biti dobar test uo\u010di istorijskog me\u010da za na\u0161 klub i gostovanja u Novom Sadu u srijedu u ABA 2 ligi. Mislim da \u0107emo uspjeti da dodjemo do onoga \u0161to smo svi \u017eeljeli \u2013 da budemo agresivni i brzi i da igramo za posjed vi\u0161e\u201d,\u00a0rekao je \u0161ef stru\u010dnog \u0161taba Primorja,\u00a0Pavle Roganovi\u0107.<\/p>\n\n\n\n<p>Od prije nekoliko dana Novljani su ja\u010di za plejmejkera\u00a0Bal\u0161u Velji\u0107a, koji je u grad na Kara\u010di stigao iz Danske.<\/p>\n\n\n\n<p>\u201cPripreme su protekle dobro i svi igra\u010di su na nekom dobrom nivou, spremni za dva takmi\u010denja koja nas o\u010dekuju ove sezone,\u00a0rekao je kapiten\u00a0Aleksandar \u017divojin Danilovi\u0107.<\/p>\n\n\n\n<p>\u201cPo\u0161to nam je stigao novi igra\u010d ovih dana smo radili na tome da se on \u0161to prije i \u0161to bolje uklopi u ekipu i na\u0161 sistem. Protiv Teoda o\u010dekujem jednu dobru utakmicu, pravi derbi Boke Kotorske i dobru uvertiru za debitantski nastup u ABA2 ligi i gostovanje Vojvodini. U svakom slu\u010daju, da\u0107emo sve od sebe i nadam se dobrom rezultatu\u201c, rekao je Danilovi\u0107.<\/p>","protected":false},"excerpt":{"rendered":"<p>Nakon mjesec i po dana priprema i odigranih sedam pripremnih utakmica, ko\u0161arka\u0161i\u00a0Primorja 1945\u00a0spremni do\u010dekuju start sezone, u kojoj ih prvi put u klupskoj istoriji o\u010dekuju borbe na dva fronta \u2013 doma\u0107em \u0161ampionatu i debitantski nastup u ABA2 ligi.<\/p>","protected":false},"author":1,"featured_media":957123,"comment_status":"open","ping_status":"open","sticky":false,"template":"","format":"standard","meta":{"_acf_changed":false,"footnotes":""},"categories":[148],"tags":[11055,1006],"naslovna":[],"class_list":["post-957122","post","type-post","status-publish","format-standard","has-post-thumbnail","hentry","category-sport","tag-i-a-eko-mckl","tag-kk-primorje-1945"],"acf":[],"yoast_head":"<!-- This site is optimized with the Yoast SEO plugin v27.4 - https:\/\/yoast.com\/product\/yoast-seo-wordpress\/ -->\n<title>Ko\u0161arka\u0161i Primorja 1945 spremni za start sezone i nastupe na dva fronta - dmcsrb.com<\/title>\n<meta name=\"robots\" content=\"index, follow, max-snippet:-1, max-image-preview:large, max-video-preview:-1\" \/>\n<link rel=\"canonical\" href=\"https:\/\/dmcsrb.com\/en\/sport\/kosarkasi-primorja-1945-spremni-za-start-sezone-i-nastupe-na-dva-fronta\/\" \/>\n<meta property=\"og:locale\" content=\"en_GB\" \/>\n<meta property=\"og:type\" content=\"article\" \/>\n<meta property=\"og:title\" content=\"Ko\u0161arka\u0161i Primorja 1945 spremni za start sezone i nastupe na dva fronta - dmcsrb.com\" \/>\n<meta property=\"og:description\" content=\"Nakon mjesec i po dana priprema i odigranih sedam pripremnih utakmica, ko\u0161arka\u0161i\u00a0Primorja 1945\u00a0spremni do\u010dekuju start sezone, u kojoj ih prvi put u klupskoj istoriji o\u010dekuju borbe na dva fronta \u2013 doma\u0107em \u0161ampionatu i debitantski nastup u ABA2 ligi.\" \/>\n<meta property=\"og:url\" content=\"https:\/\/dmcsrb.com\/en\/sport\/kosarkasi-primorja-1945-spremni-za-start-sezone-i-nastupe-na-dva-fronta\/\" \/>\n<meta property=\"og:site_name\" content=\"dmcsrb.com\" \/>\n<meta property=\"article:published_time\" content=\"2025-10-11T07:59:00+00:00\" \/>\n<meta property=\"og:image\" content=\"https:\/\/dmcsrb.com\/wp-content\/uploads\/2026\/01\/Primorje-KK-Primorje-.webp\" \/>\n\t<meta property=\"og:image:width\" content=\"1280\" \/>\n\t<meta property=\"og:image:height\" content=\"916\" \/>\n\t<meta property=\"og:image:type\" content=\"image\/webp\" \/>\n<meta name=\"author\" content=\"dmcsrbija.com@gmail.com\" \/>\n<meta name=\"twitter:card\" content=\"summary_large_image\" \/>\n<meta name=\"twitter:label1\" content=\"Written by\" \/>\n\t<meta name=\"twitter:data1\" content=\"dmcsrbija.com@gmail.com\" \/>\n\t<meta name=\"twitter:label2\" content=\"Estimated reading time\" \/>\n\t<meta name=\"twitter:data2\" content=\"1 minute\" \/>\n<script type=\"application\/ld+json\" class=\"yoast-schema-graph\">{\"@context\":\"https:\\\/\\\/schema.org\",\"@graph\":[{\"@type\":\"Article\",\"@id\":\"https:\\\/\\\/dmcsrb.com\\\/sport\\\/kosarkasi-primorja-1945-spremni-za-start-sezone-i-nastupe-na-dva-fronta\\\/#article\",\"isPartOf\":{\"@id\":\"https:\\\/\\\/dmcsrb.com\\\/sport\\\/kosarkasi-primorja-1945-spremni-za-start-sezone-i-nastupe-na-dva-fronta\\\/\"},\"author\":{\"name\":\"dmcsrbija.com@gmail.com\",\"@id\":\"https:\\\/\\\/dmcsrb.com\\\/#\\\/schema\\\/person\\\/5c39170f12db1b8b457732d0b5c854e2\"},\"headline\":\"Ko\u0161arka\u0161i Primorja 1945 spremni za start sezone i nastupe na dva fronta\",\"datePublished\":\"2025-10-11T07:59:00+00:00\",\"mainEntityOfPage\":{\"@id\":\"https:\\\/\\\/dmcsrb.com\\\/sport\\\/kosarkasi-primorja-1945-spremni-za-start-sezone-i-nastupe-na-dva-fronta\\\/\"},\"wordCount\":285,\"commentCount\":0,\"image\":{\"@id\":\"https:\\\/\\\/dmcsrb.com\\\/sport\\\/kosarkasi-primorja-1945-spremni-za-start-sezone-i-nastupe-na-dva-fronta\\\/#primaryimage\"},\"thumbnailUrl\":\"https:\\\/\\\/dmcsrb.com\\\/wp-content\\\/uploads\\\/2026\\\/01\\\/Primorje-KK-Primorje-.webp\",\"keywords\":[\"I A EKO MCKL\",\"KK Primorje 1945\"],\"articleSection\":[\"Sport\"],\"inLanguage\":\"en-GB\",\"potentialAction\":[{\"@type\":\"CommentAction\",\"name\":\"Comment\",\"target\":[\"https:\\\/\\\/dmcsrb.com\\\/sport\\\/kosarkasi-primorja-1945-spremni-za-start-sezone-i-nastupe-na-dva-fronta\\\/#respond\"]}]},{\"@type\":\"WebPage\",\"@id\":\"https:\\\/\\\/dmcsrb.com\\\/sport\\\/kosarkasi-primorja-1945-spremni-za-start-sezone-i-nastupe-na-dva-fronta\\\/\",\"url\":\"https:\\\/\\\/dmcsrb.com\\\/sport\\\/kosarkasi-primorja-1945-spremni-za-start-sezone-i-nastupe-na-dva-fronta\\\/\",\"name\":\"Ko\u0161arka\u0161i Primorja 1945 spremni za start sezone i nastupe na dva fronta - dmcsrb.com\",\"isPartOf\":{\"@id\":\"https:\\\/\\\/dmcsrb.com\\\/#website\"},\"primaryImageOfPage\":{\"@id\":\"https:\\\/\\\/dmcsrb.com\\\/sport\\\/kosarkasi-primorja-1945-spremni-za-start-sezone-i-nastupe-na-dva-fronta\\\/#primaryimage\"},\"image\":{\"@id\":\"https:\\\/\\\/dmcsrb.com\\\/sport\\\/kosarkasi-primorja-1945-spremni-za-start-sezone-i-nastupe-na-dva-fronta\\\/#primaryimage\"},\"thumbnailUrl\":\"https:\\\/\\\/dmcsrb.com\\\/wp-content\\\/uploads\\\/2026\\\/01\\\/Primorje-KK-Primorje-.webp\",\"datePublished\":\"2025-10-11T07:59:00+00:00\",\"author\":{\"@id\":\"https:\\\/\\\/dmcsrb.com\\\/#\\\/schema\\\/person\\\/5c39170f12db1b8b457732d0b5c854e2\"},\"breadcrumb\":{\"@id\":\"https:\\\/\\\/dmcsrb.com\\\/sport\\\/kosarkasi-primorja-1945-spremni-za-start-sezone-i-nastupe-na-dva-fronta\\\/#breadcrumb\"},\"inLanguage\":\"en-GB\",\"potentialAction\":[{\"@type\":\"ReadAction\",\"target\":[\"https:\\\/\\\/dmcsrb.com\\\/sport\\\/kosarkasi-primorja-1945-spremni-za-start-sezone-i-nastupe-na-dva-fronta\\\/\"]}]},{\"@type\":\"ImageObject\",\"inLanguage\":\"en-GB\",\"@id\":\"https:\\\/\\\/dmcsrb.com\\\/sport\\\/kosarkasi-primorja-1945-spremni-za-start-sezone-i-nastupe-na-dva-fronta\\\/#primaryimage\",\"url\":\"https:\\\/\\\/dmcsrb.com\\\/wp-content\\\/uploads\\\/2026\\\/01\\\/Primorje-KK-Primorje-.webp\",\"contentUrl\":\"https:\\\/\\\/dmcsrb.com\\\/wp-content\\\/uploads\\\/2026\\\/01\\\/Primorje-KK-Primorje-.webp\",\"width\":1280,\"height\":916},{\"@type\":\"BreadcrumbList\",\"@id\":\"https:\\\/\\\/dmcsrb.com\\\/sport\\\/kosarkasi-primorja-1945-spremni-za-start-sezone-i-nastupe-na-dva-fronta\\\/#breadcrumb\",\"itemListElement\":[{\"@type\":\"ListItem\",\"position\":1,\"name\":\"Home\",\"item\":\"https:\\\/\\\/dmcsrb.com\\\/\"},{\"@type\":\"ListItem\",\"position\":2,\"name\":\"Ko\u0161arka\u0161i Primorja 1945 spremni za start sezone i nastupe na dva fronta\"}]},{\"@type\":\"WebSite\",\"@id\":\"https:\\\/\\\/dmcsrb.com\\\/#website\",\"url\":\"https:\\\/\\\/dmcsrb.com\\\/\",\"name\":\"dmcsrb.com\",\"description\":\"\",\"potentialAction\":[{\"@type\":\"SearchAction\",\"target\":{\"@type\":\"EntryPoint\",\"urlTemplate\":\"https:\\\/\\\/dmcsrb.com\\\/?s={search_term_string}\"},\"query-input\":{\"@type\":\"PropertyValueSpecification\",\"valueRequired\":true,\"valueName\":\"search_term_string\"}}],\"inLanguage\":\"en-GB\"},{\"@type\":\"Person\",\"@id\":\"https:\\\/\\\/dmcsrb.com\\\/#\\\/schema\\\/person\\\/5c39170f12db1b8b457732d0b5c854e2\",\"name\":\"dmcsrbija.com@gmail.com\",\"image\":{\"@type\":\"ImageObject\",\"inLanguage\":\"en-GB\",\"@id\":\"https:\\\/\\\/secure.gravatar.com\\\/avatar\\\/68592660ad6347fad0fb587f8d5d8f1a7b44961362f56e4f2cd524feb87e9069?s=96&d=mm&r=g\",\"url\":\"https:\\\/\\\/secure.gravatar.com\\\/avatar\\\/68592660ad6347fad0fb587f8d5d8f1a7b44961362f56e4f2cd524feb87e9069?s=96&d=mm&r=g\",\"contentUrl\":\"https:\\\/\\\/secure.gravatar.com\\\/avatar\\\/68592660ad6347fad0fb587f8d5d8f1a7b44961362f56e4f2cd524feb87e9069?s=96&d=mm&r=g\",\"caption\":\"dmcsrbija.com@gmail.com\"},\"sameAs\":[\"https:\\\/\\\/dmcsrb.com\"],\"url\":\"https:\\\/\\\/dmcsrb.com\\\/en\\\/author\\\/dmcsrbija-comgmail-com\\\/\"}]}<\/script>\n<!-- \/ Yoast SEO plugin. -->","yoast_head_json":{"title":"Ko\u0161arka\u0161i Primorja 1945 spremni za start sezone i nastupe na dva fronta - dmcsrb.com","robots":{"index":"index","follow":"follow","max-snippet":"max-snippet:-1","max-image-preview":"max-image-preview:large","max-video-preview":"max-video-preview:-1"},"canonical":"https:\/\/dmcsrb.com\/en\/sport\/kosarkasi-primorja-1945-spremni-za-start-sezone-i-nastupe-na-dva-fronta\/","og_locale":"en_GB","og_type":"article","og_title":"Ko\u0161arka\u0161i Primorja 1945 spremni za start sezone i nastupe na dva fronta - dmcsrb.com","og_description":"Nakon mjesec i po dana priprema i odigranih sedam pripremnih utakmica, ko\u0161arka\u0161i\u00a0Primorja 1945\u00a0spremni do\u010dekuju start sezone, u kojoj ih prvi put u klupskoj istoriji o\u010dekuju borbe na dva fronta \u2013 doma\u0107em \u0161ampionatu i debitantski nastup u ABA2 ligi.","og_url":"https:\/\/dmcsrb.com\/en\/sport\/kosarkasi-primorja-1945-spremni-za-start-sezone-i-nastupe-na-dva-fronta\/","og_site_name":"dmcsrb.com","article_published_time":"2025-10-11T07:59:00+00:00","og_image":[{"width":1280,"height":916,"url":"https:\/\/dmcsrb.com\/wp-content\/uploads\/2026\/01\/Primorje-KK-Primorje-.webp","type":"image\/webp"}],"author":"dmcsrbija.com@gmail.com","twitter_card":"summary_large_image","twitter_misc":{"Written by":"dmcsrbija.com@gmail.com","Estimated reading time":"1 minute"},"schema":{"@context":"https:\/\/schema.org","@graph":[{"@type":"Article","@id":"https:\/\/dmcsrb.com\/sport\/kosarkasi-primorja-1945-spremni-za-start-sezone-i-nastupe-na-dva-fronta\/#article","isPartOf":{"@id":"https:\/\/dmcsrb.com\/sport\/kosarkasi-primorja-1945-spremni-za-start-sezone-i-nastupe-na-dva-fronta\/"},"author":{"name":"dmcsrbija.com@gmail.com","@id":"https:\/\/dmcsrb.com\/#\/schema\/person\/5c39170f12db1b8b457732d0b5c854e2"},"headline":"Ko\u0161arka\u0161i Primorja 1945 spremni za start sezone i nastupe na dva fronta","datePublished":"2025-10-11T07:59:00+00:00","mainEntityOfPage":{"@id":"https:\/\/dmcsrb.com\/sport\/kosarkasi-primorja-1945-spremni-za-start-sezone-i-nastupe-na-dva-fronta\/"},"wordCount":285,"commentCount":0,"image":{"@id":"https:\/\/dmcsrb.com\/sport\/kosarkasi-primorja-1945-spremni-za-start-sezone-i-nastupe-na-dva-fronta\/#primaryimage"},"thumbnailUrl":"https:\/\/dmcsrb.com\/wp-content\/uploads\/2026\/01\/Primorje-KK-Primorje-.webp","keywords":["I A EKO MCKL","KK Primorje 1945"],"articleSection":["Sport"],"inLanguage":"en-GB","potentialAction":[{"@type":"CommentAction","name":"Comment","target":["https:\/\/dmcsrb.com\/sport\/kosarkasi-primorja-1945-spremni-za-start-sezone-i-nastupe-na-dva-fronta\/#respond"]}]},{"@type":"WebPage","@id":"https:\/\/dmcsrb.com\/sport\/kosarkasi-primorja-1945-spremni-za-start-sezone-i-nastupe-na-dva-fronta\/","url":"https:\/\/dmcsrb.com\/sport\/kosarkasi-primorja-1945-spremni-za-start-sezone-i-nastupe-na-dva-fronta\/","name":"Ko\u0161arka\u0161i Primorja 1945 spremni za start sezone i nastupe na dva fronta - dmcsrb.com","isPartOf":{"@id":"https:\/\/dmcsrb.com\/#website"},"primaryImageOfPage":{"@id":"https:\/\/dmcsrb.com\/sport\/kosarkasi-primorja-1945-spremni-za-start-sezone-i-nastupe-na-dva-fronta\/#primaryimage"},"image":{"@id":"https:\/\/dmcsrb.com\/sport\/kosarkasi-primorja-1945-spremni-za-start-sezone-i-nastupe-na-dva-fronta\/#primaryimage"},"thumbnailUrl":"https:\/\/dmcsrb.com\/wp-content\/uploads\/2026\/01\/Primorje-KK-Primorje-.webp","datePublished":"2025-10-11T07:59:00+00:00","author":{"@id":"https:\/\/dmcsrb.com\/#\/schema\/person\/5c39170f12db1b8b457732d0b5c854e2"},"breadcrumb":{"@id":"https:\/\/dmcsrb.com\/sport\/kosarkasi-primorja-1945-spremni-za-start-sezone-i-nastupe-na-dva-fronta\/#breadcrumb"},"inLanguage":"en-GB","potentialAction":[{"@type":"ReadAction","target":["https:\/\/dmcsrb.com\/sport\/kosarkasi-primorja-1945-spremni-za-start-sezone-i-nastupe-na-dva-fronta\/"]}]},{"@type":"ImageObject","inLanguage":"en-GB","@id":"https:\/\/dmcsrb.com\/sport\/kosarkasi-primorja-1945-spremni-za-start-sezone-i-nastupe-na-dva-fronta\/#primaryimage","url":"https:\/\/dmcsrb.com\/wp-content\/uploads\/2026\/01\/Primorje-KK-Primorje-.webp","contentUrl":"https:\/\/dmcsrb.com\/wp-content\/uploads\/2026\/01\/Primorje-KK-Primorje-.webp","width":1280,"height":916},{"@type":"BreadcrumbList","@id":"https:\/\/dmcsrb.com\/sport\/kosarkasi-primorja-1945-spremni-za-start-sezone-i-nastupe-na-dva-fronta\/#breadcrumb","itemListElement":[{"@type":"ListItem","position":1,"name":"Home","item":"https:\/\/dmcsrb.com\/"},{"@type":"ListItem","position":2,"name":"Ko\u0161arka\u0161i Primorja 1945 spremni za start sezone i nastupe na dva fronta"}]},{"@type":"WebSite","@id":"https:\/\/dmcsrb.com\/#website","url":"https:\/\/dmcsrb.com\/","name":"dmcsrb.com","description":"","potentialAction":[{"@type":"SearchAction","target":{"@type":"EntryPoint","urlTemplate":"https:\/\/dmcsrb.com\/?s={search_term_string}"},"query-input":{"@type":"PropertyValueSpecification","valueRequired":true,"valueName":"search_term_string"}}],"inLanguage":"en-GB"},{"@type":"Person","@id":"https:\/\/dmcsrb.com\/#\/schema\/person\/5c39170f12db1b8b457732d0b5c854e2","name":"dmcsrbija.com@gmail.com","image":{"@type":"ImageObject","inLanguage":"en-GB","@id":"https:\/\/secure.gravatar.com\/avatar\/68592660ad6347fad0fb587f8d5d8f1a7b44961362f56e4f2cd524feb87e9069?s=96&d=mm&r=g","url":"https:\/\/secure.gravatar.com\/avatar\/68592660ad6347fad0fb587f8d5d8f1a7b44961362f56e4f2cd524feb87e9069?s=96&d=mm&r=g","contentUrl":"https:\/\/secure.gravatar.com\/avatar\/68592660ad6347fad0fb587f8d5d8f1a7b44961362f56e4f2cd524feb87e9069?s=96&d=mm&r=g","caption":"dmcsrbija.com@gmail.com"},"sameAs":["https:\/\/dmcsrb.com"],"url":"https:\/\/dmcsrb.com\/en\/author\/dmcsrbija-comgmail-com\/"}]}},"_links":{"self":[{"href":"https:\/\/dmcsrb.com\/en\/wp-json\/wp\/v2\/posts\/957122","targetHints":{"allow":["GET"]}}],"collection":[{"href":"https:\/\/dmcsrb.com\/en\/wp-json\/wp\/v2\/posts"}],"about":[{"href":"https:\/\/dmcsrb.com\/en\/wp-json\/wp\/v2\/types\/post"}],"author":[{"embeddable":true,"href":"https:\/\/dmcsrb.com\/en\/wp-json\/wp\/v2\/users\/1"}],"replies":[{"embeddable":true,"href":"https:\/\/dmcsrb.com\/en\/wp-json\/wp\/v2\/comments?post=957122"}],"version-history":[{"count":0,"href":"https:\/\/dmcsrb.com\/en\/wp-json\/wp\/v2\/posts\/957122\/revisions"}],"wp:featuredmedia":[{"embeddable":true,"href":"https:\/\/dmcsrb.com\/en\/wp-json\/wp\/v2\/media\/957123"}],"wp:attachment":[{"href":"https:\/\/dmcsrb.com\/en\/wp-json\/wp\/v2\/media?parent=957122"}],"wp:term":[{"taxonomy":"category","embeddable":true,"href":"https:\/\/dmcsrb.com\/en\/wp-json\/wp\/v2\/categories?post=957122"},{"taxonomy":"post_tag","embeddable":true,"href":"https:\/\/dmcsrb.com\/en\/wp-json\/wp\/v2\/tags?post=957122"},{"taxonomy":"naslovna","embeddable":true,"href":"https:\/\/dmcsrb.com\/en\/wp-json\/wp\/v2\/naslovna?post=957122"}],"curies":[{"name":"wp","href":"https:\/\/api.w.org\/{rel}","templated":true}]}}