{"id":957088,"date":"2025-10-10T19:44:00","date_gmt":"2025-10-10T17:44:00","guid":{"rendered":"https:\/\/dmcsrb.com\/uncategorized\/u-porastu-depresija-i-anksioznost-u-dobroti-od-pocetka-godine-10-odsto-vise-pacijenata\/"},"modified":"2025-10-10T19:44:00","modified_gmt":"2025-10-10T17:44:00","slug":"u-porastu-depresija-i-anksioznost-u-dobroti-od-pocetka-godine-10-odsto-vise-pacijenata","status":"publish","type":"post","link":"https:\/\/dmcsrb.com\/en\/drustvo\/u-porastu-depresija-i-anksioznost-u-dobroti-od-pocetka-godine-10-odsto-vise-pacijenata\/","title":{"rendered":"U porastu depresija i anksioznost, u Dobroti od po\u010detka godine 10 odsto vi\u0161e pacijenata"},"content":{"rendered":"<p><\/p>\n\n\n\n<p>Uslovi u kojima radi osoblje i borave pacijenti u psihijatrijskoj bolnici u Dobroti nije na zavidnom nivou. Od 80-ih godina ni\u0161ta zna\u010dajnije se nije ulo\u017eilo.<br><br>U psihijatrijskoj bolnici u Dobroti trenutno je vi\u0161e od 270 pacijenata. Kreveta je 233, a 11 ljekara ordinira na toliki broj pacijenata.<\/p>\n\n\n\n<p>Od po\u010detka godine, u psihijatrijsku bolnicu u Kotoru primljeno je ne\u0161to vi\u0161e od 700 pacijenata, \u0161to je rast od deset procenata. Brojnost nije jedini problem.<\/p>\n\n\n\n<p>&#8220;Odre\u0111enih ljekova nemamo, pacijenti moraju da se snalaze i da kupuju kad je medikacija u pitanju&#8221;, ka\u017ee psihijatar Boris \u0106ori\u0107.<\/p>\n\n\n\n<p>Psihijatrijska klinika u Podgorici od po\u010detka godine primila je 350 pacijenata.<br><br>&#8220;Primijetili smo da postoji porast ambulantnih pregleda, to je nekih 12 hiljada na godi\u0161njem nivou&#8221;, ka\u017ee direktor Klinike Aleksandar Popovi\u0107.<\/p>\n\n\n\n<p>Struka tvrdi da se gra\u0111ani, u pore\u0111enu sa prethodnim godinama lak\u0161e odva\u017ee da tra\u017ee pomo\u0107, ali da je mentalno zdravlje i dalje tabu tema.<br><br>&#8220;Do\u0111u u situacijama kad ne mogu da podnesu vi\u0161e neke smptome koji traju produ\u017eeni vremenski period&#8221;, obja\u0161njava Popovi\u0107.<\/p>\n\n\n\n<p>\u0106ori\u0107 dodaje da je veliki porast nasilja, agresije, vr\u0161nja\u010dkog nasilja me\u0111u omladinom i u dru\u0161tvu Crne Gore.<\/p>\n\n\n\n<p>Da je dr\u017eava zaboravila na one kojima je pomo\u0107 najpotrebija tvrde gra\u0111ani. U anketi na\u0161eg reportera ka\u017eu da sve i da ho\u0107e da potra\u017ee pomo\u0107 na pregled \u010dekaju mjesecima. Zapa\u017eaju i da se u bolnivu u Kotoru slabo ula\u017ee.<\/p>\n\n\n\n<p>De\u0161avanja na Cetinju, kako ka\u017eu sagovornici doprinijeli su pogor\u0161anju mentalnog zdravlja gra\u0111ana. Broj 1555 koji je otvoren nakon tragedija i dalje je aktuelan, a Klini\u010dki centar radi na tome da bude dostpan 24 sata. Lo\u0161e je i to, smatra \u0106ori\u0107, \u0161to Crna Gora nema statistiku kada su u pitanju psihi\u010dke bolesti, te nijedan registar o suicidima ni dijagnozama.<a href=\"https:\/\/play.google.com\/store\/apps\/details?id=me.rtcg\" target=\"_blank\" rel=\"noreferrer noopener\"><\/a><a href=\"https:\/\/apps.apple.com\/us\/app\/rtcg\/id1400067551\" target=\"_blank\" rel=\"noreferrer noopener\"><\/a><\/p>\n\n\n\n<p><a target=\"_blank\" href=\"https:\/\/play.google.com\/store\/apps\/details?id=me.rtcg\" rel=\"noreferrer noopener\"><\/a><a target=\"_blank\" href=\"https:\/\/apps.apple.com\/us\/app\/rtcg\/id1400067551\" rel=\"noreferrer noopener\"><\/a><\/p>","protected":false},"excerpt":{"rendered":"<p>Me\u0111unarodni je dan mentalnog zdravlja. U Crnoj Gori u porastu je anksioznost i depresija, samim tim i broj gra\u0111ana kojima je neophodna pomo\u0107 psihijatrijskih ustanova. U Dobroti od po\u010detka godine bilje\u017ee porast pacijenata za 10 odsto. Da se u mentalno zdravlje ne ula\u017ee dovoljno, tvrde i gra\u0111ani i stru\u010dnjaci.<\/p>","protected":false},"author":1,"featured_media":957089,"comment_status":"open","ping_status":"open","sticky":false,"template":"","format":"standard","meta":{"_acf_changed":false,"footnotes":""},"categories":[2],"tags":[11034,7442,6377,7780,7652],"naslovna":[],"class_list":["post-957088","post","type-post","status-publish","format-standard","has-post-thumbnail","hentry","category-drustvo","tag-anksioznost","tag-depresija","tag-dobrota","tag-pacijenti","tag-pocetak-godine"],"acf":[],"yoast_head":"<!-- This site is optimized with the Yoast SEO plugin v27.4 - https:\/\/yoast.com\/product\/yoast-seo-wordpress\/ -->\n<title>U porastu depresija i anksioznost, u Dobroti od po\u010detka godine 10 odsto vi\u0161e pacijenata - dmcsrb.com<\/title>\n<meta name=\"robots\" content=\"index, follow, max-snippet:-1, max-image-preview:large, max-video-preview:-1\" \/>\n<link rel=\"canonical\" href=\"https:\/\/dmcsrb.com\/en\/drustvo\/u-porastu-depresija-i-anksioznost-u-dobroti-od-pocetka-godine-10-odsto-vise-pacijenata\/\" \/>\n<meta property=\"og:locale\" content=\"en_GB\" \/>\n<meta property=\"og:type\" content=\"article\" \/>\n<meta property=\"og:title\" content=\"U porastu depresija i anksioznost, u Dobroti od po\u010detka godine 10 odsto vi\u0161e pacijenata - dmcsrb.com\" \/>\n<meta property=\"og:description\" content=\"Me\u0111unarodni je dan mentalnog zdravlja. U Crnoj Gori u porastu je anksioznost i depresija, samim tim i broj gra\u0111ana kojima je neophodna pomo\u0107 psihijatrijskih ustanova. U Dobroti od po\u010detka godine bilje\u017ee porast pacijenata za 10 odsto. Da se u mentalno zdravlje ne ula\u017ee dovoljno, tvrde i gra\u0111ani i stru\u010dnjaci.\" \/>\n<meta property=\"og:url\" content=\"https:\/\/dmcsrb.com\/en\/drustvo\/u-porastu-depresija-i-anksioznost-u-dobroti-od-pocetka-godine-10-odsto-vise-pacijenata\/\" \/>\n<meta property=\"og:site_name\" content=\"dmcsrb.com\" \/>\n<meta property=\"article:published_time\" content=\"2025-10-10T17:44:00+00:00\" \/>\n<meta property=\"og:image\" content=\"https:\/\/dmcsrb.com\/wp-content\/uploads\/2026\/01\/Capture-31-3.webp\" \/>\n\t<meta property=\"og:image:width\" content=\"942\" \/>\n\t<meta property=\"og:image:height\" content=\"471\" \/>\n\t<meta property=\"og:image:type\" content=\"image\/jpeg\" \/>\n<meta name=\"author\" content=\"dmcsrbija.com@gmail.com\" \/>\n<meta name=\"twitter:card\" content=\"summary_large_image\" \/>\n<meta name=\"twitter:label1\" content=\"Written by\" \/>\n\t<meta name=\"twitter:data1\" content=\"dmcsrbija.com@gmail.com\" \/>\n\t<meta name=\"twitter:label2\" content=\"Estimated reading time\" \/>\n\t<meta name=\"twitter:data2\" content=\"2 minutes\" \/>\n<script type=\"application\/ld+json\" class=\"yoast-schema-graph\">{\"@context\":\"https:\\\/\\\/schema.org\",\"@graph\":[{\"@type\":\"Article\",\"@id\":\"https:\\\/\\\/dmcsrb.com\\\/drustvo\\\/u-porastu-depresija-i-anksioznost-u-dobroti-od-pocetka-godine-10-odsto-vise-pacijenata\\\/#article\",\"isPartOf\":{\"@id\":\"https:\\\/\\\/dmcsrb.com\\\/drustvo\\\/u-porastu-depresija-i-anksioznost-u-dobroti-od-pocetka-godine-10-odsto-vise-pacijenata\\\/\"},\"author\":{\"name\":\"dmcsrbija.com@gmail.com\",\"@id\":\"https:\\\/\\\/dmcsrb.com\\\/#\\\/schema\\\/person\\\/5c39170f12db1b8b457732d0b5c854e2\"},\"headline\":\"U porastu depresija i anksioznost, u Dobroti od po\u010detka godine 10 odsto vi\u0161e pacijenata\",\"datePublished\":\"2025-10-10T17:44:00+00:00\",\"mainEntityOfPage\":{\"@id\":\"https:\\\/\\\/dmcsrb.com\\\/drustvo\\\/u-porastu-depresija-i-anksioznost-u-dobroti-od-pocetka-godine-10-odsto-vise-pacijenata\\\/\"},\"wordCount\":326,\"commentCount\":0,\"image\":{\"@id\":\"https:\\\/\\\/dmcsrb.com\\\/drustvo\\\/u-porastu-depresija-i-anksioznost-u-dobroti-od-pocetka-godine-10-odsto-vise-pacijenata\\\/#primaryimage\"},\"thumbnailUrl\":\"https:\\\/\\\/dmcsrb.com\\\/wp-content\\\/uploads\\\/2026\\\/01\\\/Capture-31-3.webp\",\"keywords\":[\"anksioznost\",\"depresija\",\"Dobrota\",\"pacijenti\",\"Po\u010detak godine\"],\"articleSection\":[\"Dru\u0161tvo\"],\"inLanguage\":\"en-GB\",\"potentialAction\":[{\"@type\":\"CommentAction\",\"name\":\"Comment\",\"target\":[\"https:\\\/\\\/dmcsrb.com\\\/drustvo\\\/u-porastu-depresija-i-anksioznost-u-dobroti-od-pocetka-godine-10-odsto-vise-pacijenata\\\/#respond\"]}]},{\"@type\":\"WebPage\",\"@id\":\"https:\\\/\\\/dmcsrb.com\\\/drustvo\\\/u-porastu-depresija-i-anksioznost-u-dobroti-od-pocetka-godine-10-odsto-vise-pacijenata\\\/\",\"url\":\"https:\\\/\\\/dmcsrb.com\\\/drustvo\\\/u-porastu-depresija-i-anksioznost-u-dobroti-od-pocetka-godine-10-odsto-vise-pacijenata\\\/\",\"name\":\"U porastu depresija i anksioznost, u Dobroti od po\u010detka godine 10 odsto vi\u0161e pacijenata - dmcsrb.com\",\"isPartOf\":{\"@id\":\"https:\\\/\\\/dmcsrb.com\\\/#website\"},\"primaryImageOfPage\":{\"@id\":\"https:\\\/\\\/dmcsrb.com\\\/drustvo\\\/u-porastu-depresija-i-anksioznost-u-dobroti-od-pocetka-godine-10-odsto-vise-pacijenata\\\/#primaryimage\"},\"image\":{\"@id\":\"https:\\\/\\\/dmcsrb.com\\\/drustvo\\\/u-porastu-depresija-i-anksioznost-u-dobroti-od-pocetka-godine-10-odsto-vise-pacijenata\\\/#primaryimage\"},\"thumbnailUrl\":\"https:\\\/\\\/dmcsrb.com\\\/wp-content\\\/uploads\\\/2026\\\/01\\\/Capture-31-3.webp\",\"datePublished\":\"2025-10-10T17:44:00+00:00\",\"author\":{\"@id\":\"https:\\\/\\\/dmcsrb.com\\\/#\\\/schema\\\/person\\\/5c39170f12db1b8b457732d0b5c854e2\"},\"breadcrumb\":{\"@id\":\"https:\\\/\\\/dmcsrb.com\\\/drustvo\\\/u-porastu-depresija-i-anksioznost-u-dobroti-od-pocetka-godine-10-odsto-vise-pacijenata\\\/#breadcrumb\"},\"inLanguage\":\"en-GB\",\"potentialAction\":[{\"@type\":\"ReadAction\",\"target\":[\"https:\\\/\\\/dmcsrb.com\\\/drustvo\\\/u-porastu-depresija-i-anksioznost-u-dobroti-od-pocetka-godine-10-odsto-vise-pacijenata\\\/\"]}]},{\"@type\":\"ImageObject\",\"inLanguage\":\"en-GB\",\"@id\":\"https:\\\/\\\/dmcsrb.com\\\/drustvo\\\/u-porastu-depresija-i-anksioznost-u-dobroti-od-pocetka-godine-10-odsto-vise-pacijenata\\\/#primaryimage\",\"url\":\"https:\\\/\\\/dmcsrb.com\\\/wp-content\\\/uploads\\\/2026\\\/01\\\/Capture-31-3.webp\",\"contentUrl\":\"https:\\\/\\\/dmcsrb.com\\\/wp-content\\\/uploads\\\/2026\\\/01\\\/Capture-31-3.webp\",\"width\":942,\"height\":471},{\"@type\":\"BreadcrumbList\",\"@id\":\"https:\\\/\\\/dmcsrb.com\\\/drustvo\\\/u-porastu-depresija-i-anksioznost-u-dobroti-od-pocetka-godine-10-odsto-vise-pacijenata\\\/#breadcrumb\",\"itemListElement\":[{\"@type\":\"ListItem\",\"position\":1,\"name\":\"Home\",\"item\":\"https:\\\/\\\/dmcsrb.com\\\/\"},{\"@type\":\"ListItem\",\"position\":2,\"name\":\"U porastu depresija i anksioznost, u Dobroti od po\u010detka godine 10 odsto vi\u0161e pacijenata\"}]},{\"@type\":\"WebSite\",\"@id\":\"https:\\\/\\\/dmcsrb.com\\\/#website\",\"url\":\"https:\\\/\\\/dmcsrb.com\\\/\",\"name\":\"dmcsrb.com\",\"description\":\"\",\"potentialAction\":[{\"@type\":\"SearchAction\",\"target\":{\"@type\":\"EntryPoint\",\"urlTemplate\":\"https:\\\/\\\/dmcsrb.com\\\/?s={search_term_string}\"},\"query-input\":{\"@type\":\"PropertyValueSpecification\",\"valueRequired\":true,\"valueName\":\"search_term_string\"}}],\"inLanguage\":\"en-GB\"},{\"@type\":\"Person\",\"@id\":\"https:\\\/\\\/dmcsrb.com\\\/#\\\/schema\\\/person\\\/5c39170f12db1b8b457732d0b5c854e2\",\"name\":\"dmcsrbija.com@gmail.com\",\"image\":{\"@type\":\"ImageObject\",\"inLanguage\":\"en-GB\",\"@id\":\"https:\\\/\\\/secure.gravatar.com\\\/avatar\\\/68592660ad6347fad0fb587f8d5d8f1a7b44961362f56e4f2cd524feb87e9069?s=96&d=mm&r=g\",\"url\":\"https:\\\/\\\/secure.gravatar.com\\\/avatar\\\/68592660ad6347fad0fb587f8d5d8f1a7b44961362f56e4f2cd524feb87e9069?s=96&d=mm&r=g\",\"contentUrl\":\"https:\\\/\\\/secure.gravatar.com\\\/avatar\\\/68592660ad6347fad0fb587f8d5d8f1a7b44961362f56e4f2cd524feb87e9069?s=96&d=mm&r=g\",\"caption\":\"dmcsrbija.com@gmail.com\"},\"sameAs\":[\"https:\\\/\\\/dmcsrb.com\"],\"url\":\"https:\\\/\\\/dmcsrb.com\\\/en\\\/author\\\/dmcsrbija-comgmail-com\\\/\"}]}<\/script>\n<!-- \/ Yoast SEO plugin. -->","yoast_head_json":{"title":"U porastu depresija i anksioznost, u Dobroti od po\u010detka godine 10 odsto vi\u0161e pacijenata - dmcsrb.com","robots":{"index":"index","follow":"follow","max-snippet":"max-snippet:-1","max-image-preview":"max-image-preview:large","max-video-preview":"max-video-preview:-1"},"canonical":"https:\/\/dmcsrb.com\/en\/drustvo\/u-porastu-depresija-i-anksioznost-u-dobroti-od-pocetka-godine-10-odsto-vise-pacijenata\/","og_locale":"en_GB","og_type":"article","og_title":"U porastu depresija i anksioznost, u Dobroti od po\u010detka godine 10 odsto vi\u0161e pacijenata - dmcsrb.com","og_description":"Me\u0111unarodni je dan mentalnog zdravlja. U Crnoj Gori u porastu je anksioznost i depresija, samim tim i broj gra\u0111ana kojima je neophodna pomo\u0107 psihijatrijskih ustanova. U Dobroti od po\u010detka godine bilje\u017ee porast pacijenata za 10 odsto. Da se u mentalno zdravlje ne ula\u017ee dovoljno, tvrde i gra\u0111ani i stru\u010dnjaci.","og_url":"https:\/\/dmcsrb.com\/en\/drustvo\/u-porastu-depresija-i-anksioznost-u-dobroti-od-pocetka-godine-10-odsto-vise-pacijenata\/","og_site_name":"dmcsrb.com","article_published_time":"2025-10-10T17:44:00+00:00","og_image":[{"width":942,"height":471,"url":"https:\/\/dmcsrb.com\/wp-content\/uploads\/2026\/01\/Capture-31-3.webp","type":"image\/jpeg"}],"author":"dmcsrbija.com@gmail.com","twitter_card":"summary_large_image","twitter_misc":{"Written by":"dmcsrbija.com@gmail.com","Estimated reading time":"2 minutes"},"schema":{"@context":"https:\/\/schema.org","@graph":[{"@type":"Article","@id":"https:\/\/dmcsrb.com\/drustvo\/u-porastu-depresija-i-anksioznost-u-dobroti-od-pocetka-godine-10-odsto-vise-pacijenata\/#article","isPartOf":{"@id":"https:\/\/dmcsrb.com\/drustvo\/u-porastu-depresija-i-anksioznost-u-dobroti-od-pocetka-godine-10-odsto-vise-pacijenata\/"},"author":{"name":"dmcsrbija.com@gmail.com","@id":"https:\/\/dmcsrb.com\/#\/schema\/person\/5c39170f12db1b8b457732d0b5c854e2"},"headline":"U porastu depresija i anksioznost, u Dobroti od po\u010detka godine 10 odsto vi\u0161e pacijenata","datePublished":"2025-10-10T17:44:00+00:00","mainEntityOfPage":{"@id":"https:\/\/dmcsrb.com\/drustvo\/u-porastu-depresija-i-anksioznost-u-dobroti-od-pocetka-godine-10-odsto-vise-pacijenata\/"},"wordCount":326,"commentCount":0,"image":{"@id":"https:\/\/dmcsrb.com\/drustvo\/u-porastu-depresija-i-anksioznost-u-dobroti-od-pocetka-godine-10-odsto-vise-pacijenata\/#primaryimage"},"thumbnailUrl":"https:\/\/dmcsrb.com\/wp-content\/uploads\/2026\/01\/Capture-31-3.webp","keywords":["anksioznost","depresija","Dobrota","pacijenti","Po\u010detak godine"],"articleSection":["Dru\u0161tvo"],"inLanguage":"en-GB","potentialAction":[{"@type":"CommentAction","name":"Comment","target":["https:\/\/dmcsrb.com\/drustvo\/u-porastu-depresija-i-anksioznost-u-dobroti-od-pocetka-godine-10-odsto-vise-pacijenata\/#respond"]}]},{"@type":"WebPage","@id":"https:\/\/dmcsrb.com\/drustvo\/u-porastu-depresija-i-anksioznost-u-dobroti-od-pocetka-godine-10-odsto-vise-pacijenata\/","url":"https:\/\/dmcsrb.com\/drustvo\/u-porastu-depresija-i-anksioznost-u-dobroti-od-pocetka-godine-10-odsto-vise-pacijenata\/","name":"U porastu depresija i anksioznost, u Dobroti od po\u010detka godine 10 odsto vi\u0161e pacijenata - dmcsrb.com","isPartOf":{"@id":"https:\/\/dmcsrb.com\/#website"},"primaryImageOfPage":{"@id":"https:\/\/dmcsrb.com\/drustvo\/u-porastu-depresija-i-anksioznost-u-dobroti-od-pocetka-godine-10-odsto-vise-pacijenata\/#primaryimage"},"image":{"@id":"https:\/\/dmcsrb.com\/drustvo\/u-porastu-depresija-i-anksioznost-u-dobroti-od-pocetka-godine-10-odsto-vise-pacijenata\/#primaryimage"},"thumbnailUrl":"https:\/\/dmcsrb.com\/wp-content\/uploads\/2026\/01\/Capture-31-3.webp","datePublished":"2025-10-10T17:44:00+00:00","author":{"@id":"https:\/\/dmcsrb.com\/#\/schema\/person\/5c39170f12db1b8b457732d0b5c854e2"},"breadcrumb":{"@id":"https:\/\/dmcsrb.com\/drustvo\/u-porastu-depresija-i-anksioznost-u-dobroti-od-pocetka-godine-10-odsto-vise-pacijenata\/#breadcrumb"},"inLanguage":"en-GB","potentialAction":[{"@type":"ReadAction","target":["https:\/\/dmcsrb.com\/drustvo\/u-porastu-depresija-i-anksioznost-u-dobroti-od-pocetka-godine-10-odsto-vise-pacijenata\/"]}]},{"@type":"ImageObject","inLanguage":"en-GB","@id":"https:\/\/dmcsrb.com\/drustvo\/u-porastu-depresija-i-anksioznost-u-dobroti-od-pocetka-godine-10-odsto-vise-pacijenata\/#primaryimage","url":"https:\/\/dmcsrb.com\/wp-content\/uploads\/2026\/01\/Capture-31-3.webp","contentUrl":"https:\/\/dmcsrb.com\/wp-content\/uploads\/2026\/01\/Capture-31-3.webp","width":942,"height":471},{"@type":"BreadcrumbList","@id":"https:\/\/dmcsrb.com\/drustvo\/u-porastu-depresija-i-anksioznost-u-dobroti-od-pocetka-godine-10-odsto-vise-pacijenata\/#breadcrumb","itemListElement":[{"@type":"ListItem","position":1,"name":"Home","item":"https:\/\/dmcsrb.com\/"},{"@type":"ListItem","position":2,"name":"U porastu depresija i anksioznost, u Dobroti od po\u010detka godine 10 odsto vi\u0161e pacijenata"}]},{"@type":"WebSite","@id":"https:\/\/dmcsrb.com\/#website","url":"https:\/\/dmcsrb.com\/","name":"dmcsrb.com","description":"","potentialAction":[{"@type":"SearchAction","target":{"@type":"EntryPoint","urlTemplate":"https:\/\/dmcsrb.com\/?s={search_term_string}"},"query-input":{"@type":"PropertyValueSpecification","valueRequired":true,"valueName":"search_term_string"}}],"inLanguage":"en-GB"},{"@type":"Person","@id":"https:\/\/dmcsrb.com\/#\/schema\/person\/5c39170f12db1b8b457732d0b5c854e2","name":"dmcsrbija.com@gmail.com","image":{"@type":"ImageObject","inLanguage":"en-GB","@id":"https:\/\/secure.gravatar.com\/avatar\/68592660ad6347fad0fb587f8d5d8f1a7b44961362f56e4f2cd524feb87e9069?s=96&d=mm&r=g","url":"https:\/\/secure.gravatar.com\/avatar\/68592660ad6347fad0fb587f8d5d8f1a7b44961362f56e4f2cd524feb87e9069?s=96&d=mm&r=g","contentUrl":"https:\/\/secure.gravatar.com\/avatar\/68592660ad6347fad0fb587f8d5d8f1a7b44961362f56e4f2cd524feb87e9069?s=96&d=mm&r=g","caption":"dmcsrbija.com@gmail.com"},"sameAs":["https:\/\/dmcsrb.com"],"url":"https:\/\/dmcsrb.com\/en\/author\/dmcsrbija-comgmail-com\/"}]}},"_links":{"self":[{"href":"https:\/\/dmcsrb.com\/en\/wp-json\/wp\/v2\/posts\/957088","targetHints":{"allow":["GET"]}}],"collection":[{"href":"https:\/\/dmcsrb.com\/en\/wp-json\/wp\/v2\/posts"}],"about":[{"href":"https:\/\/dmcsrb.com\/en\/wp-json\/wp\/v2\/types\/post"}],"author":[{"embeddable":true,"href":"https:\/\/dmcsrb.com\/en\/wp-json\/wp\/v2\/users\/1"}],"replies":[{"embeddable":true,"href":"https:\/\/dmcsrb.com\/en\/wp-json\/wp\/v2\/comments?post=957088"}],"version-history":[{"count":0,"href":"https:\/\/dmcsrb.com\/en\/wp-json\/wp\/v2\/posts\/957088\/revisions"}],"wp:featuredmedia":[{"embeddable":true,"href":"https:\/\/dmcsrb.com\/en\/wp-json\/wp\/v2\/media\/957089"}],"wp:attachment":[{"href":"https:\/\/dmcsrb.com\/en\/wp-json\/wp\/v2\/media?parent=957088"}],"wp:term":[{"taxonomy":"category","embeddable":true,"href":"https:\/\/dmcsrb.com\/en\/wp-json\/wp\/v2\/categories?post=957088"},{"taxonomy":"post_tag","embeddable":true,"href":"https:\/\/dmcsrb.com\/en\/wp-json\/wp\/v2\/tags?post=957088"},{"taxonomy":"naslovna","embeddable":true,"href":"https:\/\/dmcsrb.com\/en\/wp-json\/wp\/v2\/naslovna?post=957088"}],"curies":[{"name":"wp","href":"https:\/\/api.w.org\/{rel}","templated":true}]}}