{"id":957066,"date":"2025-10-10T17:00:00","date_gmt":"2025-10-10T15:00:00","guid":{"rendered":"https:\/\/dmcsrb.com\/uncategorized\/video-markovic-poruka-tuzilastva-jasna-napadi-na-novinare-nece-se-tolerisati\/"},"modified":"2025-10-10T17:00:00","modified_gmt":"2025-10-10T15:00:00","slug":"video-markovic-poruka-tuzilastva-jasna-napadi-na-novinare-nece-se-tolerisati","status":"publish","type":"post","link":"https:\/\/dmcsrb.com\/en\/drustvo\/video-markovic-poruka-tuzilastva-jasna-napadi-na-novinare-nece-se-tolerisati\/","title":{"rendered":"(VIDEO) Markovi\u0107: Poruka tu\u017eila\u0161tva jasna \u2013 napadi na novinare ne\u0107e se tolerisati"},"content":{"rendered":"<p><\/p>\n\n\n\n<p>\u201cPrimjenom uputstva donijetog u martu 2024. godine, postignut je vidan napredak u za\u0161titi&nbsp;izra\u017eavanja i sigurnosti medija. Uputstvo je uspostavilo jasan okvir da tu\u017eioci djeluju bez odlaganja u neposrednom kontaktu sa o\u0161te\u0107enima. Time je unaprije\u0111en kvalitet i brzina postupanja kao i komunikacija sa novinarima koji su \u017ertve\u201d, naveo je Markovi\u0107.<\/p>\n\n\n\n<p>Dodao je da je poruka tu\u017eila\u0161tva jasna \u2013 napadi na novinare ne\u0107e se tolerisati.<\/p>\n\n\n\n<p>\u201cMehanizam oko kojeg smo se okupili bi\u0107e iz perspektive tu\u017eila\u0161tva nadogradnja i ja\u010danje sistema koji \u0107e biti uspostavljen u samoj instituciji. Bi\u0107e dodatni segment kreiranja ambijenta ja\u010danja slobode medija i povjerenja izme\u0111u novinara i dr\u017eavnih organa&#8221;, poru\u010dio je Markovi\u0107.<\/p>\n\n\n\n<figure class=\"wp-block-image size-large\"><img decoding=\"async\" src=\"https:\/\/gradski.me\/wp-content\/uploads\/2025\/10\/Bozovic-1024x491.jpg\" alt=\"\" class=\"wp-image-849095\"\/><figcaption class=\"wp-element-caption\">Foto: <strong>Gradski.me<\/strong><\/figcaption><\/figure>\n\n\n\n<p>Sloboda izra\u017eavanja jedno je od osnovnih ljudskih prava i dana\u0161nja inicijativa je klju\u010dna za bolju za\u0161titu novinara, ocjenjuje ministar pravde <strong>Bojan Bo\u017eovi\u0107<\/strong>.<\/p>\n\n\n\n<p>&#8220;Ovaj problem u Cg nedovoljne za\u0161tite ne datira od ju\u010de, traje godinama. Gotovo 10 godina su je pribilje\u017eili me\u0111unarodni partneri i u skladu s tim iz izvje\u0161taja, iz godine u godinu dobijamo sugestije da se mora raditi ne\u0161to konkretno po pitanju za\u0161tite. \u010cini mi se u poslednjih nekoliko godina da imamo mjerljive korake i pomake. Imamo odre\u0111eni stepen institucijalne za\u0161tite stepen vi\u0161e nego ranije, da li je to dovoljno, naravno da nije\u201d, kazao je Bo\u017eovi\u0107.<\/p>\n\n\n\n<p>Klju\u010dno je, dodaju iz Delegacije Evropske unije u Crnoj Gori, novinarima obezbijediti sigurnu okolinu da rade svoj posao. Ukazano je da su posebno pogo\u0111ene novinarke i poslanice, te da&nbsp;moraju biti bolje za\u0161ti\u0107eni od onlajn nasilja.<\/p>\n\n\n\n<figure class=\"wp-block-image size-large\"><img decoding=\"async\" src=\"https:\/\/gradski.me\/wp-content\/uploads\/2025\/10\/Seri-1024x490.jpg\" alt=\"\" class=\"wp-image-849096\"\/><figcaption class=\"wp-element-caption\">Foto: <strong>Gradski.me<\/strong><\/figcaption><\/figure>\n\n\n\n<p>&#8220;Novinari su stubovi slobode medija. Ju\u010de smo dodijelili nagrade za istra\u017eiva\u010dko novinarstvo, jer je va\u017eno gra\u0111anima obezbijediti kvalitetne informacije i za\u0161tititi novinare od svih mogu\u0107ih napada&#8221;, istakao je Zamjenik \u0161efa delegacije EU u Crnoj Gori <strong>Rikardo Seri<\/strong>.<\/p>\n\n\n\n<figure class=\"wp-block-image size-large\"><img decoding=\"async\" src=\"https:\/\/gradski.me\/wp-content\/uploads\/2025\/10\/Vujovic-1024x491.jpg\" alt=\"\" class=\"wp-image-849098\"\/><figcaption class=\"wp-element-caption\">Foto: <strong>Gradski.me<\/strong><\/figcaption><\/figure>\n\n\n\n<p>Ministarka kulture i medija <strong>Tamara Vujovi\u0107<\/strong> kazala je da novinari danas nose teret pritisaka i fizi\u010dkih napada, te da su&nbsp; institucije du\u017ene da poka\u017eu da su uz njih \u2013 ne samo deklarativno, ve\u0107 kroz konkretne reakcije i podr\u0161ku. Komentari\u0161u\u0107i istragu SDT-a i najavljeno saslu\u0161anje pojedinih novinara \u2013 odnosno urednika, Vujovi\u0107 isti\u010de da je rano za zaklju\u010dke.<\/p>\n\n\n\n<p>\u201cDosta je rano komentarisati i davati neke ocjene, pogotovo ozna\u010davati ovo kao &#8221;hajku&#8221; ili koristiti druge izraze koje se ti\u010du ovog slu\u010daja koji potresa CG javnost. Radi se o ne\u010demu za \u0161ta SDT smatra da ima obilje\u017eja krivi\u010dnih djela koje se tretiraju iz domena SDT-a sa zaprije\u0107enim veoma visokim kaznama, govori se o ugro\u017eavanju bezbjednosti i ustavnog poretka\u201c, navodi Vujovi\u0107.<\/p>\n\n\n\n<p>Vujovi\u0107 je navela da je \u010dula kako je portparol kazao da \u0107e neki urednici ili vlasnici medija biti saslu\u0161ani, i misli da je svako du\u017ean da svjedo\u010di jer se radi o opasnim krivi\u010dnim djelima I svako je du\u017ean da svjedo\u010di\u201d, kazala je Vujovi\u0107.<\/p>\n\n\n\n<p>A sudski rasplet \u010ditavog slu\u010daja \u0107e biti veoma zna\u010dajan, poru\u010dila je Vujovi\u0107.<\/p>\n\n\n\n<figure class=\"wp-block-embed is-type-video is-provider-youtube wp-block-embed-youtube wp-embed-aspect-16-9 wp-has-aspect-ratio\"><div class=\"wp-block-embed__wrapper\">\n<iframe loading=\"lazy\" title=\"Markovi\u0107: Poruka tu\u017eila\u0161tva jasna \u2013 napadi na novinare ne\u0107e se tolerisati\" width=\"500\" height=\"281\" src=\"https:\/\/www.youtube.com\/embed\/5YZFXejWwHY?feature=oembed\" frameborder=\"0\" allow=\"accelerometer; autoplay; clipboard-write; encrypted-media; gyroscope; picture-in-picture; web-share\" referrerpolicy=\"strict-origin-when-cross-origin\" allowfullscreen><\/iframe>\n<\/div><\/figure>","protected":false},"excerpt":{"rendered":"<p>Vrhovni dr\u017eavni tu\u017eilac Milorad Markovi\u0107 ocijenio je da dana\u0161nje potpisivanje protokola o za\u0161titi novinara kojeg su potpisali predstavnici Sindikata medija, Vrhovnog dr\u017eavnog tu\u017eila\u0161tva, ministarstva pravde, unutra\u0161njih poslova i kulture i medija predstavlja prvi korak ka ure\u0111enom pristupu za\u0161titi i podr\u0161ci medijima.<\/p>","protected":false},"author":1,"featured_media":957067,"comment_status":"open","ping_status":"open","sticky":false,"template":"","format":"standard","meta":{"_acf_changed":false,"footnotes":""},"categories":[2],"tags":[2181,9738,1278],"naslovna":[],"class_list":["post-957066","post","type-post","status-publish","format-standard","has-post-thumbnail","hentry","category-drustvo","tag-milorad-markovic","tag-napadi-na-novinare","tag-tuzilastvo-2"],"acf":[],"yoast_head":"<!-- This site is optimized with the Yoast SEO plugin v27.4 - https:\/\/yoast.com\/product\/yoast-seo-wordpress\/ -->\n<title>(VIDEO) Markovi\u0107: Poruka tu\u017eila\u0161tva jasna \u2013 napadi na novinare ne\u0107e se tolerisati - dmcsrb.com<\/title>\n<meta name=\"robots\" content=\"index, follow, max-snippet:-1, max-image-preview:large, max-video-preview:-1\" \/>\n<link rel=\"canonical\" href=\"https:\/\/dmcsrb.com\/en\/drustvo\/video-markovic-poruka-tuzilastva-jasna-napadi-na-novinare-nece-se-tolerisati\/\" \/>\n<meta property=\"og:locale\" content=\"en_GB\" \/>\n<meta property=\"og:type\" content=\"article\" \/>\n<meta property=\"og:title\" content=\"(VIDEO) Markovi\u0107: Poruka tu\u017eila\u0161tva jasna \u2013 napadi na novinare ne\u0107e se tolerisati - dmcsrb.com\" \/>\n<meta property=\"og:description\" content=\"Vrhovni dr\u017eavni tu\u017eilac Milorad Markovi\u0107 ocijenio je da dana\u0161nje potpisivanje protokola o za\u0161titi novinara kojeg su potpisali predstavnici Sindikata medija, Vrhovnog dr\u017eavnog tu\u017eila\u0161tva, ministarstva pravde, unutra\u0161njih poslova i kulture i medija predstavlja prvi korak ka ure\u0111enom pristupu za\u0161titi i podr\u0161ci medijima.\" \/>\n<meta property=\"og:url\" content=\"https:\/\/dmcsrb.com\/en\/drustvo\/video-markovic-poruka-tuzilastva-jasna-napadi-na-novinare-nece-se-tolerisati\/\" \/>\n<meta property=\"og:site_name\" content=\"dmcsrb.com\" \/>\n<meta property=\"article:published_time\" content=\"2025-10-10T15:00:00+00:00\" \/>\n<meta property=\"og:image\" content=\"https:\/\/dmcsrb.com\/wp-content\/uploads\/2026\/01\/Capture-30-4.webp\" \/>\n\t<meta property=\"og:image:width\" content=\"1850\" \/>\n\t<meta property=\"og:image:height\" content=\"888\" \/>\n\t<meta property=\"og:image:type\" content=\"image\/jpeg\" \/>\n<meta name=\"author\" content=\"dmcsrbija.com@gmail.com\" \/>\n<meta name=\"twitter:card\" content=\"summary_large_image\" \/>\n<meta name=\"twitter:label1\" content=\"Written by\" \/>\n\t<meta name=\"twitter:data1\" content=\"dmcsrbija.com@gmail.com\" \/>\n\t<meta name=\"twitter:label2\" content=\"Estimated reading time\" \/>\n\t<meta name=\"twitter:data2\" content=\"3 minutes\" \/>\n<script type=\"application\/ld+json\" class=\"yoast-schema-graph\">{\"@context\":\"https:\\\/\\\/schema.org\",\"@graph\":[{\"@type\":\"Article\",\"@id\":\"https:\\\/\\\/dmcsrb.com\\\/drustvo\\\/video-markovic-poruka-tuzilastva-jasna-napadi-na-novinare-nece-se-tolerisati\\\/#article\",\"isPartOf\":{\"@id\":\"https:\\\/\\\/dmcsrb.com\\\/drustvo\\\/video-markovic-poruka-tuzilastva-jasna-napadi-na-novinare-nece-se-tolerisati\\\/\"},\"author\":{\"name\":\"dmcsrbija.com@gmail.com\",\"@id\":\"https:\\\/\\\/dmcsrb.com\\\/#\\\/schema\\\/person\\\/5c39170f12db1b8b457732d0b5c854e2\"},\"headline\":\"(VIDEO) Markovi\u0107: Poruka tu\u017eila\u0161tva jasna \u2013 napadi na novinare ne\u0107e se tolerisati\",\"datePublished\":\"2025-10-10T15:00:00+00:00\",\"mainEntityOfPage\":{\"@id\":\"https:\\\/\\\/dmcsrb.com\\\/drustvo\\\/video-markovic-poruka-tuzilastva-jasna-napadi-na-novinare-nece-se-tolerisati\\\/\"},\"wordCount\":540,\"commentCount\":0,\"image\":{\"@id\":\"https:\\\/\\\/dmcsrb.com\\\/drustvo\\\/video-markovic-poruka-tuzilastva-jasna-napadi-na-novinare-nece-se-tolerisati\\\/#primaryimage\"},\"thumbnailUrl\":\"https:\\\/\\\/dmcsrb.com\\\/wp-content\\\/uploads\\\/2026\\\/01\\\/Capture-30-4.webp\",\"keywords\":[\"Milorad Markovi\u0107\",\"Napadi na novinare\",\"tuzilastvo\"],\"articleSection\":[\"Dru\u0161tvo\"],\"inLanguage\":\"en-GB\",\"potentialAction\":[{\"@type\":\"CommentAction\",\"name\":\"Comment\",\"target\":[\"https:\\\/\\\/dmcsrb.com\\\/drustvo\\\/video-markovic-poruka-tuzilastva-jasna-napadi-na-novinare-nece-se-tolerisati\\\/#respond\"]}]},{\"@type\":\"WebPage\",\"@id\":\"https:\\\/\\\/dmcsrb.com\\\/drustvo\\\/video-markovic-poruka-tuzilastva-jasna-napadi-na-novinare-nece-se-tolerisati\\\/\",\"url\":\"https:\\\/\\\/dmcsrb.com\\\/drustvo\\\/video-markovic-poruka-tuzilastva-jasna-napadi-na-novinare-nece-se-tolerisati\\\/\",\"name\":\"(VIDEO) Markovi\u0107: Poruka tu\u017eila\u0161tva jasna \u2013 napadi na novinare ne\u0107e se tolerisati - dmcsrb.com\",\"isPartOf\":{\"@id\":\"https:\\\/\\\/dmcsrb.com\\\/#website\"},\"primaryImageOfPage\":{\"@id\":\"https:\\\/\\\/dmcsrb.com\\\/drustvo\\\/video-markovic-poruka-tuzilastva-jasna-napadi-na-novinare-nece-se-tolerisati\\\/#primaryimage\"},\"image\":{\"@id\":\"https:\\\/\\\/dmcsrb.com\\\/drustvo\\\/video-markovic-poruka-tuzilastva-jasna-napadi-na-novinare-nece-se-tolerisati\\\/#primaryimage\"},\"thumbnailUrl\":\"https:\\\/\\\/dmcsrb.com\\\/wp-content\\\/uploads\\\/2026\\\/01\\\/Capture-30-4.webp\",\"datePublished\":\"2025-10-10T15:00:00+00:00\",\"author\":{\"@id\":\"https:\\\/\\\/dmcsrb.com\\\/#\\\/schema\\\/person\\\/5c39170f12db1b8b457732d0b5c854e2\"},\"breadcrumb\":{\"@id\":\"https:\\\/\\\/dmcsrb.com\\\/drustvo\\\/video-markovic-poruka-tuzilastva-jasna-napadi-na-novinare-nece-se-tolerisati\\\/#breadcrumb\"},\"inLanguage\":\"en-GB\",\"potentialAction\":[{\"@type\":\"ReadAction\",\"target\":[\"https:\\\/\\\/dmcsrb.com\\\/drustvo\\\/video-markovic-poruka-tuzilastva-jasna-napadi-na-novinare-nece-se-tolerisati\\\/\"]}]},{\"@type\":\"ImageObject\",\"inLanguage\":\"en-GB\",\"@id\":\"https:\\\/\\\/dmcsrb.com\\\/drustvo\\\/video-markovic-poruka-tuzilastva-jasna-napadi-na-novinare-nece-se-tolerisati\\\/#primaryimage\",\"url\":\"https:\\\/\\\/dmcsrb.com\\\/wp-content\\\/uploads\\\/2026\\\/01\\\/Capture-30-4.webp\",\"contentUrl\":\"https:\\\/\\\/dmcsrb.com\\\/wp-content\\\/uploads\\\/2026\\\/01\\\/Capture-30-4.webp\",\"width\":1850,\"height\":888},{\"@type\":\"BreadcrumbList\",\"@id\":\"https:\\\/\\\/dmcsrb.com\\\/drustvo\\\/video-markovic-poruka-tuzilastva-jasna-napadi-na-novinare-nece-se-tolerisati\\\/#breadcrumb\",\"itemListElement\":[{\"@type\":\"ListItem\",\"position\":1,\"name\":\"Home\",\"item\":\"https:\\\/\\\/dmcsrb.com\\\/\"},{\"@type\":\"ListItem\",\"position\":2,\"name\":\"(VIDEO) Markovi\u0107: Poruka tu\u017eila\u0161tva jasna \u2013 napadi na novinare ne\u0107e se tolerisati\"}]},{\"@type\":\"WebSite\",\"@id\":\"https:\\\/\\\/dmcsrb.com\\\/#website\",\"url\":\"https:\\\/\\\/dmcsrb.com\\\/\",\"name\":\"dmcsrb.com\",\"description\":\"\",\"potentialAction\":[{\"@type\":\"SearchAction\",\"target\":{\"@type\":\"EntryPoint\",\"urlTemplate\":\"https:\\\/\\\/dmcsrb.com\\\/?s={search_term_string}\"},\"query-input\":{\"@type\":\"PropertyValueSpecification\",\"valueRequired\":true,\"valueName\":\"search_term_string\"}}],\"inLanguage\":\"en-GB\"},{\"@type\":\"Person\",\"@id\":\"https:\\\/\\\/dmcsrb.com\\\/#\\\/schema\\\/person\\\/5c39170f12db1b8b457732d0b5c854e2\",\"name\":\"dmcsrbija.com@gmail.com\",\"image\":{\"@type\":\"ImageObject\",\"inLanguage\":\"en-GB\",\"@id\":\"https:\\\/\\\/secure.gravatar.com\\\/avatar\\\/68592660ad6347fad0fb587f8d5d8f1a7b44961362f56e4f2cd524feb87e9069?s=96&d=mm&r=g\",\"url\":\"https:\\\/\\\/secure.gravatar.com\\\/avatar\\\/68592660ad6347fad0fb587f8d5d8f1a7b44961362f56e4f2cd524feb87e9069?s=96&d=mm&r=g\",\"contentUrl\":\"https:\\\/\\\/secure.gravatar.com\\\/avatar\\\/68592660ad6347fad0fb587f8d5d8f1a7b44961362f56e4f2cd524feb87e9069?s=96&d=mm&r=g\",\"caption\":\"dmcsrbija.com@gmail.com\"},\"sameAs\":[\"https:\\\/\\\/dmcsrb.com\"],\"url\":\"https:\\\/\\\/dmcsrb.com\\\/en\\\/author\\\/dmcsrbija-comgmail-com\\\/\"}]}<\/script>\n<!-- \/ Yoast SEO plugin. -->","yoast_head_json":{"title":"(VIDEO) Markovi\u0107: Poruka tu\u017eila\u0161tva jasna \u2013 napadi na novinare ne\u0107e se tolerisati - dmcsrb.com","robots":{"index":"index","follow":"follow","max-snippet":"max-snippet:-1","max-image-preview":"max-image-preview:large","max-video-preview":"max-video-preview:-1"},"canonical":"https:\/\/dmcsrb.com\/en\/drustvo\/video-markovic-poruka-tuzilastva-jasna-napadi-na-novinare-nece-se-tolerisati\/","og_locale":"en_GB","og_type":"article","og_title":"(VIDEO) Markovi\u0107: Poruka tu\u017eila\u0161tva jasna \u2013 napadi na novinare ne\u0107e se tolerisati - dmcsrb.com","og_description":"Vrhovni dr\u017eavni tu\u017eilac Milorad Markovi\u0107 ocijenio je da dana\u0161nje potpisivanje protokola o za\u0161titi novinara kojeg su potpisali predstavnici Sindikata medija, Vrhovnog dr\u017eavnog tu\u017eila\u0161tva, ministarstva pravde, unutra\u0161njih poslova i kulture i medija predstavlja prvi korak ka ure\u0111enom pristupu za\u0161titi i podr\u0161ci medijima.","og_url":"https:\/\/dmcsrb.com\/en\/drustvo\/video-markovic-poruka-tuzilastva-jasna-napadi-na-novinare-nece-se-tolerisati\/","og_site_name":"dmcsrb.com","article_published_time":"2025-10-10T15:00:00+00:00","og_image":[{"width":1850,"height":888,"url":"https:\/\/dmcsrb.com\/wp-content\/uploads\/2026\/01\/Capture-30-4.webp","type":"image\/jpeg"}],"author":"dmcsrbija.com@gmail.com","twitter_card":"summary_large_image","twitter_misc":{"Written by":"dmcsrbija.com@gmail.com","Estimated reading time":"3 minutes"},"schema":{"@context":"https:\/\/schema.org","@graph":[{"@type":"Article","@id":"https:\/\/dmcsrb.com\/drustvo\/video-markovic-poruka-tuzilastva-jasna-napadi-na-novinare-nece-se-tolerisati\/#article","isPartOf":{"@id":"https:\/\/dmcsrb.com\/drustvo\/video-markovic-poruka-tuzilastva-jasna-napadi-na-novinare-nece-se-tolerisati\/"},"author":{"name":"dmcsrbija.com@gmail.com","@id":"https:\/\/dmcsrb.com\/#\/schema\/person\/5c39170f12db1b8b457732d0b5c854e2"},"headline":"(VIDEO) Markovi\u0107: Poruka tu\u017eila\u0161tva jasna \u2013 napadi na novinare ne\u0107e se tolerisati","datePublished":"2025-10-10T15:00:00+00:00","mainEntityOfPage":{"@id":"https:\/\/dmcsrb.com\/drustvo\/video-markovic-poruka-tuzilastva-jasna-napadi-na-novinare-nece-se-tolerisati\/"},"wordCount":540,"commentCount":0,"image":{"@id":"https:\/\/dmcsrb.com\/drustvo\/video-markovic-poruka-tuzilastva-jasna-napadi-na-novinare-nece-se-tolerisati\/#primaryimage"},"thumbnailUrl":"https:\/\/dmcsrb.com\/wp-content\/uploads\/2026\/01\/Capture-30-4.webp","keywords":["Milorad Markovi\u0107","Napadi na novinare","tuzilastvo"],"articleSection":["Dru\u0161tvo"],"inLanguage":"en-GB","potentialAction":[{"@type":"CommentAction","name":"Comment","target":["https:\/\/dmcsrb.com\/drustvo\/video-markovic-poruka-tuzilastva-jasna-napadi-na-novinare-nece-se-tolerisati\/#respond"]}]},{"@type":"WebPage","@id":"https:\/\/dmcsrb.com\/drustvo\/video-markovic-poruka-tuzilastva-jasna-napadi-na-novinare-nece-se-tolerisati\/","url":"https:\/\/dmcsrb.com\/drustvo\/video-markovic-poruka-tuzilastva-jasna-napadi-na-novinare-nece-se-tolerisati\/","name":"(VIDEO) Markovi\u0107: Poruka tu\u017eila\u0161tva jasna \u2013 napadi na novinare ne\u0107e se tolerisati - dmcsrb.com","isPartOf":{"@id":"https:\/\/dmcsrb.com\/#website"},"primaryImageOfPage":{"@id":"https:\/\/dmcsrb.com\/drustvo\/video-markovic-poruka-tuzilastva-jasna-napadi-na-novinare-nece-se-tolerisati\/#primaryimage"},"image":{"@id":"https:\/\/dmcsrb.com\/drustvo\/video-markovic-poruka-tuzilastva-jasna-napadi-na-novinare-nece-se-tolerisati\/#primaryimage"},"thumbnailUrl":"https:\/\/dmcsrb.com\/wp-content\/uploads\/2026\/01\/Capture-30-4.webp","datePublished":"2025-10-10T15:00:00+00:00","author":{"@id":"https:\/\/dmcsrb.com\/#\/schema\/person\/5c39170f12db1b8b457732d0b5c854e2"},"breadcrumb":{"@id":"https:\/\/dmcsrb.com\/drustvo\/video-markovic-poruka-tuzilastva-jasna-napadi-na-novinare-nece-se-tolerisati\/#breadcrumb"},"inLanguage":"en-GB","potentialAction":[{"@type":"ReadAction","target":["https:\/\/dmcsrb.com\/drustvo\/video-markovic-poruka-tuzilastva-jasna-napadi-na-novinare-nece-se-tolerisati\/"]}]},{"@type":"ImageObject","inLanguage":"en-GB","@id":"https:\/\/dmcsrb.com\/drustvo\/video-markovic-poruka-tuzilastva-jasna-napadi-na-novinare-nece-se-tolerisati\/#primaryimage","url":"https:\/\/dmcsrb.com\/wp-content\/uploads\/2026\/01\/Capture-30-4.webp","contentUrl":"https:\/\/dmcsrb.com\/wp-content\/uploads\/2026\/01\/Capture-30-4.webp","width":1850,"height":888},{"@type":"BreadcrumbList","@id":"https:\/\/dmcsrb.com\/drustvo\/video-markovic-poruka-tuzilastva-jasna-napadi-na-novinare-nece-se-tolerisati\/#breadcrumb","itemListElement":[{"@type":"ListItem","position":1,"name":"Home","item":"https:\/\/dmcsrb.com\/"},{"@type":"ListItem","position":2,"name":"(VIDEO) Markovi\u0107: Poruka tu\u017eila\u0161tva jasna \u2013 napadi na novinare ne\u0107e se tolerisati"}]},{"@type":"WebSite","@id":"https:\/\/dmcsrb.com\/#website","url":"https:\/\/dmcsrb.com\/","name":"dmcsrb.com","description":"","potentialAction":[{"@type":"SearchAction","target":{"@type":"EntryPoint","urlTemplate":"https:\/\/dmcsrb.com\/?s={search_term_string}"},"query-input":{"@type":"PropertyValueSpecification","valueRequired":true,"valueName":"search_term_string"}}],"inLanguage":"en-GB"},{"@type":"Person","@id":"https:\/\/dmcsrb.com\/#\/schema\/person\/5c39170f12db1b8b457732d0b5c854e2","name":"dmcsrbija.com@gmail.com","image":{"@type":"ImageObject","inLanguage":"en-GB","@id":"https:\/\/secure.gravatar.com\/avatar\/68592660ad6347fad0fb587f8d5d8f1a7b44961362f56e4f2cd524feb87e9069?s=96&d=mm&r=g","url":"https:\/\/secure.gravatar.com\/avatar\/68592660ad6347fad0fb587f8d5d8f1a7b44961362f56e4f2cd524feb87e9069?s=96&d=mm&r=g","contentUrl":"https:\/\/secure.gravatar.com\/avatar\/68592660ad6347fad0fb587f8d5d8f1a7b44961362f56e4f2cd524feb87e9069?s=96&d=mm&r=g","caption":"dmcsrbija.com@gmail.com"},"sameAs":["https:\/\/dmcsrb.com"],"url":"https:\/\/dmcsrb.com\/en\/author\/dmcsrbija-comgmail-com\/"}]}},"_links":{"self":[{"href":"https:\/\/dmcsrb.com\/en\/wp-json\/wp\/v2\/posts\/957066","targetHints":{"allow":["GET"]}}],"collection":[{"href":"https:\/\/dmcsrb.com\/en\/wp-json\/wp\/v2\/posts"}],"about":[{"href":"https:\/\/dmcsrb.com\/en\/wp-json\/wp\/v2\/types\/post"}],"author":[{"embeddable":true,"href":"https:\/\/dmcsrb.com\/en\/wp-json\/wp\/v2\/users\/1"}],"replies":[{"embeddable":true,"href":"https:\/\/dmcsrb.com\/en\/wp-json\/wp\/v2\/comments?post=957066"}],"version-history":[{"count":0,"href":"https:\/\/dmcsrb.com\/en\/wp-json\/wp\/v2\/posts\/957066\/revisions"}],"wp:featuredmedia":[{"embeddable":true,"href":"https:\/\/dmcsrb.com\/en\/wp-json\/wp\/v2\/media\/957067"}],"wp:attachment":[{"href":"https:\/\/dmcsrb.com\/en\/wp-json\/wp\/v2\/media?parent=957066"}],"wp:term":[{"taxonomy":"category","embeddable":true,"href":"https:\/\/dmcsrb.com\/en\/wp-json\/wp\/v2\/categories?post=957066"},{"taxonomy":"post_tag","embeddable":true,"href":"https:\/\/dmcsrb.com\/en\/wp-json\/wp\/v2\/tags?post=957066"},{"taxonomy":"naslovna","embeddable":true,"href":"https:\/\/dmcsrb.com\/en\/wp-json\/wp\/v2\/naslovna?post=957066"}],"curies":[{"name":"wp","href":"https:\/\/api.w.org\/{rel}","templated":true}]}}