{"id":957007,"date":"2025-10-10T16:27:00","date_gmt":"2025-10-10T14:27:00","guid":{"rendered":"https:\/\/dmcsrb.com\/uncategorized\/njeguska-trpeza-u-nedjelju-12-oktobra-na-njegusima\/"},"modified":"2025-10-10T16:27:00","modified_gmt":"2025-10-10T14:27:00","slug":"njeguska-trpeza-u-nedjelju-12-oktobra-na-njegusima","status":"publish","type":"post","link":"https:\/\/dmcsrb.com\/en\/drustvo\/njeguska-trpeza-u-nedjelju-12-oktobra-na-njegusima\/","title":{"rendered":"&#8220;Njegu\u0161ka trpeza&#8221; u nedjelju, 12. oktobra na Njegu\u0161ima"},"content":{"rendered":"<p>&#8220;Program po\u010dinje u 14:00 \u010dasova nastupima KUD-a Njego\u0161, Hora Lu\u010da, recitatorke Milice Radovi\u0107, guslara Rajka Radovi\u0107a i diplera Stevana \u010cavora. U 15:00 \u010dasova predvi\u0111ena je besplatna degustacija proizvoda, dok \u0107e muzi\u010dki dio programa upotpuniti koncert Jadranke Barjaktarovi\u0107 u 16:00 \u010dasova i koncert grupe Perper u 18:00 \u010dasova&#8221;, navodi se u saop\u0161tenju.<\/p>\n\n\n\n<p>Kako se navodi, tokom trajanja manifestacije bi\u0107e izlo\u017eeni tradicionalni njegu\u0161ki proizvodi, pr\u0161uta, sir, vino, med, suveniri i rukotvorine lokalnih proizvo\u0111a\u010da.<\/p>\n\n\n\n<p>&#8220;Organizatori manifestacije su Prijestonica Cetinje, Turisti\u010dka organizacija Prijestonice, Mjesna zajednica Njegu\u0161i i Udru\u017eenje proizvo\u0111a\u010da njegu\u0161kih specijaliteta&#8221;, zaklju\u010duje se u saop\u0161tenju.<\/p>\n\n\n\n<p><\/p>","protected":false},"excerpt":{"rendered":"<p>Tradicionalna manifestacija &#8220;Njegu\u0161ka trpeza&#8221; bi\u0107e odr\u017eana u nedjelju, 12. oktobra na Njegu\u0161ima, uz bogat kulturno-zabavni program i degustaciju autenti\u010dnih njegu\u0161kih specijaliteta. Ove godine obilje\u017eava se jubilarno, dvadeseto izdanje manifestacije koja promovi\u0161e gastronomsku i kulturnu ba\u0161tinu ovog kraja.<\/p>","protected":false},"author":1,"featured_media":957008,"comment_status":"open","ping_status":"open","sticky":false,"template":"","format":"standard","meta":{"_acf_changed":false,"footnotes":""},"categories":[2],"tags":[10987,10988],"naslovna":[],"class_list":["post-957007","post","type-post","status-publish","format-standard","has-post-thumbnail","hentry","category-drustvo","tag-njegusi","tag-njeguska-trpeza"],"acf":[],"yoast_head":"<!-- This site is optimized with the Yoast SEO plugin v27.4 - https:\/\/yoast.com\/product\/yoast-seo-wordpress\/ -->\n<title>&quot;Njegu\u0161ka trpeza&quot; u nedjelju, 12. oktobra na Njegu\u0161ima - dmcsrb.com<\/title>\n<meta name=\"robots\" content=\"index, follow, max-snippet:-1, max-image-preview:large, max-video-preview:-1\" \/>\n<link rel=\"canonical\" href=\"https:\/\/dmcsrb.com\/en\/drustvo\/njeguska-trpeza-u-nedjelju-12-oktobra-na-njegusima\/\" \/>\n<meta property=\"og:locale\" content=\"en_GB\" \/>\n<meta property=\"og:type\" content=\"article\" \/>\n<meta property=\"og:title\" content=\"&quot;Njegu\u0161ka trpeza&quot; u nedjelju, 12. oktobra na Njegu\u0161ima - dmcsrb.com\" \/>\n<meta property=\"og:description\" content=\"Tradicionalna manifestacija &quot;Njegu\u0161ka trpeza&quot; bi\u0107e odr\u017eana u nedjelju, 12. oktobra na Njegu\u0161ima, uz bogat kulturno-zabavni program i degustaciju autenti\u010dnih njegu\u0161kih specijaliteta. Ove godine obilje\u017eava se jubilarno, dvadeseto izdanje manifestacije koja promovi\u0161e gastronomsku i kulturnu ba\u0161tinu ovog kraja.\" \/>\n<meta property=\"og:url\" content=\"https:\/\/dmcsrb.com\/en\/drustvo\/njeguska-trpeza-u-nedjelju-12-oktobra-na-njegusima\/\" \/>\n<meta property=\"og:site_name\" content=\"dmcsrb.com\" \/>\n<meta property=\"article:published_time\" content=\"2025-10-10T14:27:00+00:00\" \/>\n<meta property=\"og:image\" content=\"https:\/\/dmcsrb.com\/wp-content\/uploads\/2026\/01\/najavni-baner-njeguska-trpeza-1200x800-NOVI-DATUM.webp\" \/>\n\t<meta property=\"og:image:width\" content=\"1200\" \/>\n\t<meta property=\"og:image:height\" content=\"800\" \/>\n\t<meta property=\"og:image:type\" content=\"image\/jpeg\" \/>\n<meta name=\"author\" content=\"dmcsrbija.com@gmail.com\" \/>\n<meta name=\"twitter:card\" content=\"summary_large_image\" \/>\n<meta name=\"twitter:label1\" content=\"Written by\" \/>\n\t<meta name=\"twitter:data1\" content=\"dmcsrbija.com@gmail.com\" \/>\n\t<meta name=\"twitter:label2\" content=\"Estimated reading time\" \/>\n\t<meta name=\"twitter:data2\" content=\"1 minute\" \/>\n<script type=\"application\/ld+json\" class=\"yoast-schema-graph\">{\"@context\":\"https:\\\/\\\/schema.org\",\"@graph\":[{\"@type\":\"Article\",\"@id\":\"https:\\\/\\\/dmcsrb.com\\\/drustvo\\\/njeguska-trpeza-u-nedjelju-12-oktobra-na-njegusima\\\/#article\",\"isPartOf\":{\"@id\":\"https:\\\/\\\/dmcsrb.com\\\/drustvo\\\/njeguska-trpeza-u-nedjelju-12-oktobra-na-njegusima\\\/\"},\"author\":{\"name\":\"dmcsrbija.com@gmail.com\",\"@id\":\"https:\\\/\\\/dmcsrb.com\\\/#\\\/schema\\\/person\\\/5c39170f12db1b8b457732d0b5c854e2\"},\"headline\":\"&#8220;Njegu\u0161ka trpeza&#8221; u nedjelju, 12. oktobra na Njegu\u0161ima\",\"datePublished\":\"2025-10-10T14:27:00+00:00\",\"mainEntityOfPage\":{\"@id\":\"https:\\\/\\\/dmcsrb.com\\\/drustvo\\\/njeguska-trpeza-u-nedjelju-12-oktobra-na-njegusima\\\/\"},\"wordCount\":116,\"commentCount\":0,\"image\":{\"@id\":\"https:\\\/\\\/dmcsrb.com\\\/drustvo\\\/njeguska-trpeza-u-nedjelju-12-oktobra-na-njegusima\\\/#primaryimage\"},\"thumbnailUrl\":\"https:\\\/\\\/dmcsrb.com\\\/wp-content\\\/uploads\\\/2026\\\/01\\\/najavni-baner-njeguska-trpeza-1200x800-NOVI-DATUM.webp\",\"keywords\":[\"Njegu\u0161i\",\"Njegu\u0161ka trpeza\"],\"articleSection\":[\"Dru\u0161tvo\"],\"inLanguage\":\"en-GB\",\"potentialAction\":[{\"@type\":\"CommentAction\",\"name\":\"Comment\",\"target\":[\"https:\\\/\\\/dmcsrb.com\\\/drustvo\\\/njeguska-trpeza-u-nedjelju-12-oktobra-na-njegusima\\\/#respond\"]}]},{\"@type\":\"WebPage\",\"@id\":\"https:\\\/\\\/dmcsrb.com\\\/drustvo\\\/njeguska-trpeza-u-nedjelju-12-oktobra-na-njegusima\\\/\",\"url\":\"https:\\\/\\\/dmcsrb.com\\\/drustvo\\\/njeguska-trpeza-u-nedjelju-12-oktobra-na-njegusima\\\/\",\"name\":\"\\\"Njegu\u0161ka trpeza\\\" u nedjelju, 12. oktobra na Njegu\u0161ima - dmcsrb.com\",\"isPartOf\":{\"@id\":\"https:\\\/\\\/dmcsrb.com\\\/#website\"},\"primaryImageOfPage\":{\"@id\":\"https:\\\/\\\/dmcsrb.com\\\/drustvo\\\/njeguska-trpeza-u-nedjelju-12-oktobra-na-njegusima\\\/#primaryimage\"},\"image\":{\"@id\":\"https:\\\/\\\/dmcsrb.com\\\/drustvo\\\/njeguska-trpeza-u-nedjelju-12-oktobra-na-njegusima\\\/#primaryimage\"},\"thumbnailUrl\":\"https:\\\/\\\/dmcsrb.com\\\/wp-content\\\/uploads\\\/2026\\\/01\\\/najavni-baner-njeguska-trpeza-1200x800-NOVI-DATUM.webp\",\"datePublished\":\"2025-10-10T14:27:00+00:00\",\"author\":{\"@id\":\"https:\\\/\\\/dmcsrb.com\\\/#\\\/schema\\\/person\\\/5c39170f12db1b8b457732d0b5c854e2\"},\"breadcrumb\":{\"@id\":\"https:\\\/\\\/dmcsrb.com\\\/drustvo\\\/njeguska-trpeza-u-nedjelju-12-oktobra-na-njegusima\\\/#breadcrumb\"},\"inLanguage\":\"en-GB\",\"potentialAction\":[{\"@type\":\"ReadAction\",\"target\":[\"https:\\\/\\\/dmcsrb.com\\\/drustvo\\\/njeguska-trpeza-u-nedjelju-12-oktobra-na-njegusima\\\/\"]}]},{\"@type\":\"ImageObject\",\"inLanguage\":\"en-GB\",\"@id\":\"https:\\\/\\\/dmcsrb.com\\\/drustvo\\\/njeguska-trpeza-u-nedjelju-12-oktobra-na-njegusima\\\/#primaryimage\",\"url\":\"https:\\\/\\\/dmcsrb.com\\\/wp-content\\\/uploads\\\/2026\\\/01\\\/najavni-baner-njeguska-trpeza-1200x800-NOVI-DATUM.webp\",\"contentUrl\":\"https:\\\/\\\/dmcsrb.com\\\/wp-content\\\/uploads\\\/2026\\\/01\\\/najavni-baner-njeguska-trpeza-1200x800-NOVI-DATUM.webp\",\"width\":1200,\"height\":800},{\"@type\":\"BreadcrumbList\",\"@id\":\"https:\\\/\\\/dmcsrb.com\\\/drustvo\\\/njeguska-trpeza-u-nedjelju-12-oktobra-na-njegusima\\\/#breadcrumb\",\"itemListElement\":[{\"@type\":\"ListItem\",\"position\":1,\"name\":\"Home\",\"item\":\"https:\\\/\\\/dmcsrb.com\\\/\"},{\"@type\":\"ListItem\",\"position\":2,\"name\":\"&#8220;Njegu\u0161ka trpeza&#8221; u nedjelju, 12. oktobra na Njegu\u0161ima\"}]},{\"@type\":\"WebSite\",\"@id\":\"https:\\\/\\\/dmcsrb.com\\\/#website\",\"url\":\"https:\\\/\\\/dmcsrb.com\\\/\",\"name\":\"dmcsrb.com\",\"description\":\"\",\"potentialAction\":[{\"@type\":\"SearchAction\",\"target\":{\"@type\":\"EntryPoint\",\"urlTemplate\":\"https:\\\/\\\/dmcsrb.com\\\/?s={search_term_string}\"},\"query-input\":{\"@type\":\"PropertyValueSpecification\",\"valueRequired\":true,\"valueName\":\"search_term_string\"}}],\"inLanguage\":\"en-GB\"},{\"@type\":\"Person\",\"@id\":\"https:\\\/\\\/dmcsrb.com\\\/#\\\/schema\\\/person\\\/5c39170f12db1b8b457732d0b5c854e2\",\"name\":\"dmcsrbija.com@gmail.com\",\"image\":{\"@type\":\"ImageObject\",\"inLanguage\":\"en-GB\",\"@id\":\"https:\\\/\\\/secure.gravatar.com\\\/avatar\\\/68592660ad6347fad0fb587f8d5d8f1a7b44961362f56e4f2cd524feb87e9069?s=96&d=mm&r=g\",\"url\":\"https:\\\/\\\/secure.gravatar.com\\\/avatar\\\/68592660ad6347fad0fb587f8d5d8f1a7b44961362f56e4f2cd524feb87e9069?s=96&d=mm&r=g\",\"contentUrl\":\"https:\\\/\\\/secure.gravatar.com\\\/avatar\\\/68592660ad6347fad0fb587f8d5d8f1a7b44961362f56e4f2cd524feb87e9069?s=96&d=mm&r=g\",\"caption\":\"dmcsrbija.com@gmail.com\"},\"sameAs\":[\"https:\\\/\\\/dmcsrb.com\"],\"url\":\"https:\\\/\\\/dmcsrb.com\\\/en\\\/author\\\/dmcsrbija-comgmail-com\\\/\"}]}<\/script>\n<!-- \/ Yoast SEO plugin. -->","yoast_head_json":{"title":"\"Njegu\u0161ka trpeza\" u nedjelju, 12. oktobra na Njegu\u0161ima - dmcsrb.com","robots":{"index":"index","follow":"follow","max-snippet":"max-snippet:-1","max-image-preview":"max-image-preview:large","max-video-preview":"max-video-preview:-1"},"canonical":"https:\/\/dmcsrb.com\/en\/drustvo\/njeguska-trpeza-u-nedjelju-12-oktobra-na-njegusima\/","og_locale":"en_GB","og_type":"article","og_title":"\"Njegu\u0161ka trpeza\" u nedjelju, 12. oktobra na Njegu\u0161ima - dmcsrb.com","og_description":"Tradicionalna manifestacija \"Njegu\u0161ka trpeza\" bi\u0107e odr\u017eana u nedjelju, 12. oktobra na Njegu\u0161ima, uz bogat kulturno-zabavni program i degustaciju autenti\u010dnih njegu\u0161kih specijaliteta. Ove godine obilje\u017eava se jubilarno, dvadeseto izdanje manifestacije koja promovi\u0161e gastronomsku i kulturnu ba\u0161tinu ovog kraja.","og_url":"https:\/\/dmcsrb.com\/en\/drustvo\/njeguska-trpeza-u-nedjelju-12-oktobra-na-njegusima\/","og_site_name":"dmcsrb.com","article_published_time":"2025-10-10T14:27:00+00:00","og_image":[{"width":1200,"height":800,"url":"https:\/\/dmcsrb.com\/wp-content\/uploads\/2026\/01\/najavni-baner-njeguska-trpeza-1200x800-NOVI-DATUM.webp","type":"image\/jpeg"}],"author":"dmcsrbija.com@gmail.com","twitter_card":"summary_large_image","twitter_misc":{"Written by":"dmcsrbija.com@gmail.com","Estimated reading time":"1 minute"},"schema":{"@context":"https:\/\/schema.org","@graph":[{"@type":"Article","@id":"https:\/\/dmcsrb.com\/drustvo\/njeguska-trpeza-u-nedjelju-12-oktobra-na-njegusima\/#article","isPartOf":{"@id":"https:\/\/dmcsrb.com\/drustvo\/njeguska-trpeza-u-nedjelju-12-oktobra-na-njegusima\/"},"author":{"name":"dmcsrbija.com@gmail.com","@id":"https:\/\/dmcsrb.com\/#\/schema\/person\/5c39170f12db1b8b457732d0b5c854e2"},"headline":"&#8220;Njegu\u0161ka trpeza&#8221; u nedjelju, 12. oktobra na Njegu\u0161ima","datePublished":"2025-10-10T14:27:00+00:00","mainEntityOfPage":{"@id":"https:\/\/dmcsrb.com\/drustvo\/njeguska-trpeza-u-nedjelju-12-oktobra-na-njegusima\/"},"wordCount":116,"commentCount":0,"image":{"@id":"https:\/\/dmcsrb.com\/drustvo\/njeguska-trpeza-u-nedjelju-12-oktobra-na-njegusima\/#primaryimage"},"thumbnailUrl":"https:\/\/dmcsrb.com\/wp-content\/uploads\/2026\/01\/najavni-baner-njeguska-trpeza-1200x800-NOVI-DATUM.webp","keywords":["Njegu\u0161i","Njegu\u0161ka trpeza"],"articleSection":["Dru\u0161tvo"],"inLanguage":"en-GB","potentialAction":[{"@type":"CommentAction","name":"Comment","target":["https:\/\/dmcsrb.com\/drustvo\/njeguska-trpeza-u-nedjelju-12-oktobra-na-njegusima\/#respond"]}]},{"@type":"WebPage","@id":"https:\/\/dmcsrb.com\/drustvo\/njeguska-trpeza-u-nedjelju-12-oktobra-na-njegusima\/","url":"https:\/\/dmcsrb.com\/drustvo\/njeguska-trpeza-u-nedjelju-12-oktobra-na-njegusima\/","name":"\"Njegu\u0161ka trpeza\" u nedjelju, 12. oktobra na Njegu\u0161ima - dmcsrb.com","isPartOf":{"@id":"https:\/\/dmcsrb.com\/#website"},"primaryImageOfPage":{"@id":"https:\/\/dmcsrb.com\/drustvo\/njeguska-trpeza-u-nedjelju-12-oktobra-na-njegusima\/#primaryimage"},"image":{"@id":"https:\/\/dmcsrb.com\/drustvo\/njeguska-trpeza-u-nedjelju-12-oktobra-na-njegusima\/#primaryimage"},"thumbnailUrl":"https:\/\/dmcsrb.com\/wp-content\/uploads\/2026\/01\/najavni-baner-njeguska-trpeza-1200x800-NOVI-DATUM.webp","datePublished":"2025-10-10T14:27:00+00:00","author":{"@id":"https:\/\/dmcsrb.com\/#\/schema\/person\/5c39170f12db1b8b457732d0b5c854e2"},"breadcrumb":{"@id":"https:\/\/dmcsrb.com\/drustvo\/njeguska-trpeza-u-nedjelju-12-oktobra-na-njegusima\/#breadcrumb"},"inLanguage":"en-GB","potentialAction":[{"@type":"ReadAction","target":["https:\/\/dmcsrb.com\/drustvo\/njeguska-trpeza-u-nedjelju-12-oktobra-na-njegusima\/"]}]},{"@type":"ImageObject","inLanguage":"en-GB","@id":"https:\/\/dmcsrb.com\/drustvo\/njeguska-trpeza-u-nedjelju-12-oktobra-na-njegusima\/#primaryimage","url":"https:\/\/dmcsrb.com\/wp-content\/uploads\/2026\/01\/najavni-baner-njeguska-trpeza-1200x800-NOVI-DATUM.webp","contentUrl":"https:\/\/dmcsrb.com\/wp-content\/uploads\/2026\/01\/najavni-baner-njeguska-trpeza-1200x800-NOVI-DATUM.webp","width":1200,"height":800},{"@type":"BreadcrumbList","@id":"https:\/\/dmcsrb.com\/drustvo\/njeguska-trpeza-u-nedjelju-12-oktobra-na-njegusima\/#breadcrumb","itemListElement":[{"@type":"ListItem","position":1,"name":"Home","item":"https:\/\/dmcsrb.com\/"},{"@type":"ListItem","position":2,"name":"&#8220;Njegu\u0161ka trpeza&#8221; u nedjelju, 12. oktobra na Njegu\u0161ima"}]},{"@type":"WebSite","@id":"https:\/\/dmcsrb.com\/#website","url":"https:\/\/dmcsrb.com\/","name":"dmcsrb.com","description":"","potentialAction":[{"@type":"SearchAction","target":{"@type":"EntryPoint","urlTemplate":"https:\/\/dmcsrb.com\/?s={search_term_string}"},"query-input":{"@type":"PropertyValueSpecification","valueRequired":true,"valueName":"search_term_string"}}],"inLanguage":"en-GB"},{"@type":"Person","@id":"https:\/\/dmcsrb.com\/#\/schema\/person\/5c39170f12db1b8b457732d0b5c854e2","name":"dmcsrbija.com@gmail.com","image":{"@type":"ImageObject","inLanguage":"en-GB","@id":"https:\/\/secure.gravatar.com\/avatar\/68592660ad6347fad0fb587f8d5d8f1a7b44961362f56e4f2cd524feb87e9069?s=96&d=mm&r=g","url":"https:\/\/secure.gravatar.com\/avatar\/68592660ad6347fad0fb587f8d5d8f1a7b44961362f56e4f2cd524feb87e9069?s=96&d=mm&r=g","contentUrl":"https:\/\/secure.gravatar.com\/avatar\/68592660ad6347fad0fb587f8d5d8f1a7b44961362f56e4f2cd524feb87e9069?s=96&d=mm&r=g","caption":"dmcsrbija.com@gmail.com"},"sameAs":["https:\/\/dmcsrb.com"],"url":"https:\/\/dmcsrb.com\/en\/author\/dmcsrbija-comgmail-com\/"}]}},"_links":{"self":[{"href":"https:\/\/dmcsrb.com\/en\/wp-json\/wp\/v2\/posts\/957007","targetHints":{"allow":["GET"]}}],"collection":[{"href":"https:\/\/dmcsrb.com\/en\/wp-json\/wp\/v2\/posts"}],"about":[{"href":"https:\/\/dmcsrb.com\/en\/wp-json\/wp\/v2\/types\/post"}],"author":[{"embeddable":true,"href":"https:\/\/dmcsrb.com\/en\/wp-json\/wp\/v2\/users\/1"}],"replies":[{"embeddable":true,"href":"https:\/\/dmcsrb.com\/en\/wp-json\/wp\/v2\/comments?post=957007"}],"version-history":[{"count":0,"href":"https:\/\/dmcsrb.com\/en\/wp-json\/wp\/v2\/posts\/957007\/revisions"}],"wp:featuredmedia":[{"embeddable":true,"href":"https:\/\/dmcsrb.com\/en\/wp-json\/wp\/v2\/media\/957008"}],"wp:attachment":[{"href":"https:\/\/dmcsrb.com\/en\/wp-json\/wp\/v2\/media?parent=957007"}],"wp:term":[{"taxonomy":"category","embeddable":true,"href":"https:\/\/dmcsrb.com\/en\/wp-json\/wp\/v2\/categories?post=957007"},{"taxonomy":"post_tag","embeddable":true,"href":"https:\/\/dmcsrb.com\/en\/wp-json\/wp\/v2\/tags?post=957007"},{"taxonomy":"naslovna","embeddable":true,"href":"https:\/\/dmcsrb.com\/en\/wp-json\/wp\/v2\/naslovna?post=957007"}],"curies":[{"name":"wp","href":"https:\/\/api.w.org\/{rel}","templated":true}]}}