{"id":956997,"date":"2025-10-10T11:24:00","date_gmt":"2025-10-10T09:24:00","guid":{"rendered":"https:\/\/dmcsrb.com\/uncategorized\/postignut-preliminarni-dogovor-wizz-air-otvara-bazu-u-podgorici\/"},"modified":"2025-10-10T11:24:00","modified_gmt":"2025-10-10T09:24:00","slug":"postignut-preliminarni-dogovor-wizz-air-otvara-bazu-u-podgorici","status":"publish","type":"post","link":"https:\/\/dmcsrb.com\/en\/ekonomija\/postignut-preliminarni-dogovor-wizz-air-otvara-bazu-u-podgorici\/","title":{"rendered":"Postignut preliminarni dogovor: Wizz Air otvara bazu u Podgorici"},"content":{"rendered":"<p><br><\/p>\n\n\n\n<p><\/p>\n\n\n\n<p>\u201ePostigli smo preliminarni dogovor sa Wizz Airom i uskoro o\u010dekujem potpisivanje ugovora o saradnji, \u010dime \u0107e Crna Gora postati baza ove renomirane aviokompanije. To \u0107e zna\u010dajno unaprijediti na\u0161u povezanost i dodatno pove\u0107ati broj putnika. Ve\u0107 imamo najavu otvaranja Wizz Air baze, kao i novih linija drugih prepoznatih prevoznika, a ohrabruje i to \u0161to broj dostupnih destinacija raste iz godine u godinu. Ono \u0161to je sigurno jeste da \u0107emo u narednom periodu pove\u0107ati broj cjelogodi\u0161njih destinacija sa kojima je Crna Gora povezana\u201c, kazala je Vuki\u0107evi\u0107.<\/p>\n\n\n\n<p><strong>Dva aviona stacionirana u Podgorici<\/strong><\/p>\n\n\n\n<p>Direktor Aerodroma Crne Gore, Roko Toli\u0107, ranije je najavio da Wizz Air planira da stacionira dva aviona u Podgorici, uz mogu\u0107nost dodavanja tre\u0107eg. Toli\u0107 je istakao da je rije\u010d o partnerskom projektu sa obostranim benefitima, jer iako \u0107e aerodrom mo\u017eda prihvatiti ni\u017ee takse po putniku, ukupni efekat na ekonomiju \u2013 kroz rast turizma i nova radna mjesta \u2013 bi\u0107e vi\u0161estruko ve\u0107i.<\/p>\n\n\n\n<p>Wizz Air trenutno leti za Podgoricu iz Budimpe\u0161te, Dortmunda, Memingena i Milana (Malpensa) tokom cijele godine, dok su sezonske linije dostupne ka Katovicama, Londonu (Gatwick), Be\u010du (do oktobra 2024.) i Var\u0161avi. U jun 2026. planira se i nova ljetnja linija ka Vilnjusu.<\/p>\n\n\n\n<p><strong>Podgorica tra\u017ei oporavak nakon slabog ljeta<\/strong><\/p>\n\n\n\n<p>Otvaranje baze u Podgorici trebalo bi da pomogne aerodromu da se oporavi nakon slabije sezone u 2025., kada je zbog smanjenog obima letova kompanije Ryanair zabilje\u017een pad broja putnika tokom jula i avgusta.<\/p>\n\n\n\n<p>Vlada Crne Gore uskoro \u0107e objaviti i listu linija od javnog zna\u010daja (Public Service Obligation \u2013 PSO), koje su komercijalno neisplative, ali od strate\u0161ke va\u017enosti za dr\u017eavu i bi\u0107e subvencionisane iz bud\u017eeta.<\/p>\n\n\n\n<p>\u201eVlada je, na predlog Ministarstva saobra\u0107aja, usvojila uredbu kojom se defini\u0161u uslovi pod kojima se odre\u0111ena linija mo\u017ee proglasiti javnim interesom. Trenutno smo u komunikaciji sa Evropskom komisijom kako bismo osigurali da cijeli proces bude u skladu sa obavezama Crne Gore kao zemlje kandidata za \u010dlanstvo u EU\u201c, kazala je ministarka Vuki\u0107evi\u0107.<\/p>\n\n\n\n<p>Otvaranje baze Wizz Aira u Podgorici predstavlja najzna\u010dajniji razvojni korak u crnogorskoj avio-industriji u posljednjih nekoliko godina. O\u010dekuje se da \u0107e to donijeti ve\u0107u povezanost, vi\u0161e turista, ni\u017ee cijene letova i nove poslovne prilike za sektor turizma i usluga.<\/p>\n\n\n\n<p><\/p>","protected":false},"excerpt":{"rendered":"<p>Ma\u0111arska niskotarifna avio-kompanija Wizz Air postigla je preliminarni dogovor sa Vladom Crne Gore o otvaranju svoje nove baze u Podgorici, potvrdila je ministarka saobra\u0107aja Maja Vuki\u0107evi\u0107.<\/p>","protected":false},"author":1,"featured_media":917287,"comment_status":"open","ping_status":"open","sticky":false,"template":"","format":"standard","meta":{"_acf_changed":false,"footnotes":""},"categories":[27],"tags":[10980,10981,5395],"naslovna":[],"class_list":["post-956997","post","type-post","status-publish","format-standard","has-post-thumbnail","hentry","category-ekonomija","tag-baza","tag-podgorca","tag-wizz-air"],"acf":[],"yoast_head":"<!-- This site is optimized with the Yoast SEO plugin v27.0 - https:\/\/yoast.com\/product\/yoast-seo-wordpress\/ -->\n<title>Postignut preliminarni dogovor: Wizz Air otvara bazu u Podgorici - dmcsrb.com<\/title>\n<meta name=\"robots\" content=\"index, follow, max-snippet:-1, max-image-preview:large, max-video-preview:-1\" \/>\n<link rel=\"canonical\" href=\"https:\/\/dmcsrb.com\/en\/ekonomija\/postignut-preliminarni-dogovor-wizz-air-otvara-bazu-u-podgorici\/\" \/>\n<meta property=\"og:locale\" content=\"en_GB\" \/>\n<meta property=\"og:type\" content=\"article\" \/>\n<meta property=\"og:title\" content=\"Postignut preliminarni dogovor: Wizz Air otvara bazu u Podgorici - dmcsrb.com\" \/>\n<meta property=\"og:description\" content=\"Ma\u0111arska niskotarifna avio-kompanija Wizz Air postigla je preliminarni dogovor sa Vladom Crne Gore o otvaranju svoje nove baze u Podgorici, potvrdila je ministarka saobra\u0107aja Maja Vuki\u0107evi\u0107.\" \/>\n<meta property=\"og:url\" content=\"https:\/\/dmcsrb.com\/en\/ekonomija\/postignut-preliminarni-dogovor-wizz-air-otvara-bazu-u-podgorici\/\" \/>\n<meta property=\"og:site_name\" content=\"dmcsrb.com\" \/>\n<meta property=\"article:published_time\" content=\"2025-10-10T09:24:00+00:00\" \/>\n<meta property=\"og:image\" content=\"https:\/\/dmcsrb.com\/wp-content\/uploads\/2026\/01\/wizzair.jpg\" \/>\n\t<meta property=\"og:image:width\" content=\"640\" \/>\n\t<meta property=\"og:image:height\" content=\"427\" \/>\n\t<meta property=\"og:image:type\" content=\"image\/jpeg\" \/>\n<meta name=\"author\" content=\"dmcsrbija.com@gmail.com\" \/>\n<meta name=\"twitter:card\" content=\"summary_large_image\" \/>\n<meta name=\"twitter:label1\" content=\"Written by\" \/>\n\t<meta name=\"twitter:data1\" content=\"dmcsrbija.com@gmail.com\" \/>\n\t<meta name=\"twitter:label2\" content=\"Estimated reading time\" \/>\n\t<meta name=\"twitter:data2\" content=\"2 minutes\" \/>\n<script type=\"application\/ld+json\" class=\"yoast-schema-graph\">{\"@context\":\"https:\/\/schema.org\",\"@graph\":[{\"@type\":\"Article\",\"@id\":\"https:\/\/dmcsrb.com\/ekonomija\/postignut-preliminarni-dogovor-wizz-air-otvara-bazu-u-podgorici\/#article\",\"isPartOf\":{\"@id\":\"https:\/\/dmcsrb.com\/ekonomija\/postignut-preliminarni-dogovor-wizz-air-otvara-bazu-u-podgorici\/\"},\"author\":{\"name\":\"dmcsrbija.com@gmail.com\",\"@id\":\"https:\/\/dmcsrb.com\/#\/schema\/person\/5c39170f12db1b8b457732d0b5c854e2\"},\"headline\":\"Postignut preliminarni dogovor: Wizz Air otvara bazu u Podgorici\",\"datePublished\":\"2025-10-10T09:24:00+00:00\",\"mainEntityOfPage\":{\"@id\":\"https:\/\/dmcsrb.com\/ekonomija\/postignut-preliminarni-dogovor-wizz-air-otvara-bazu-u-podgorici\/\"},\"wordCount\":392,\"commentCount\":0,\"image\":{\"@id\":\"https:\/\/dmcsrb.com\/ekonomija\/postignut-preliminarni-dogovor-wizz-air-otvara-bazu-u-podgorici\/#primaryimage\"},\"thumbnailUrl\":\"https:\/\/dmcsrb.com\/wp-content\/uploads\/2026\/01\/wizzair.jpg\",\"keywords\":[\"Baza\",\"podgorca\",\"Wizz Air\"],\"articleSection\":[\"Ekonomija\"],\"inLanguage\":\"en-GB\",\"potentialAction\":[{\"@type\":\"CommentAction\",\"name\":\"Comment\",\"target\":[\"https:\/\/dmcsrb.com\/ekonomija\/postignut-preliminarni-dogovor-wizz-air-otvara-bazu-u-podgorici\/#respond\"]}]},{\"@type\":\"WebPage\",\"@id\":\"https:\/\/dmcsrb.com\/ekonomija\/postignut-preliminarni-dogovor-wizz-air-otvara-bazu-u-podgorici\/\",\"url\":\"https:\/\/dmcsrb.com\/ekonomija\/postignut-preliminarni-dogovor-wizz-air-otvara-bazu-u-podgorici\/\",\"name\":\"Postignut preliminarni dogovor: Wizz Air otvara bazu u Podgorici - dmcsrb.com\",\"isPartOf\":{\"@id\":\"https:\/\/dmcsrb.com\/#website\"},\"primaryImageOfPage\":{\"@id\":\"https:\/\/dmcsrb.com\/ekonomija\/postignut-preliminarni-dogovor-wizz-air-otvara-bazu-u-podgorici\/#primaryimage\"},\"image\":{\"@id\":\"https:\/\/dmcsrb.com\/ekonomija\/postignut-preliminarni-dogovor-wizz-air-otvara-bazu-u-podgorici\/#primaryimage\"},\"thumbnailUrl\":\"https:\/\/dmcsrb.com\/wp-content\/uploads\/2026\/01\/wizzair.jpg\",\"datePublished\":\"2025-10-10T09:24:00+00:00\",\"author\":{\"@id\":\"https:\/\/dmcsrb.com\/#\/schema\/person\/5c39170f12db1b8b457732d0b5c854e2\"},\"breadcrumb\":{\"@id\":\"https:\/\/dmcsrb.com\/ekonomija\/postignut-preliminarni-dogovor-wizz-air-otvara-bazu-u-podgorici\/#breadcrumb\"},\"inLanguage\":\"en-GB\",\"potentialAction\":[{\"@type\":\"ReadAction\",\"target\":[\"https:\/\/dmcsrb.com\/ekonomija\/postignut-preliminarni-dogovor-wizz-air-otvara-bazu-u-podgorici\/\"]}]},{\"@type\":\"ImageObject\",\"inLanguage\":\"en-GB\",\"@id\":\"https:\/\/dmcsrb.com\/ekonomija\/postignut-preliminarni-dogovor-wizz-air-otvara-bazu-u-podgorici\/#primaryimage\",\"url\":\"https:\/\/dmcsrb.com\/wp-content\/uploads\/2026\/01\/wizzair.jpg\",\"contentUrl\":\"https:\/\/dmcsrb.com\/wp-content\/uploads\/2026\/01\/wizzair.jpg\",\"width\":640,\"height\":427},{\"@type\":\"BreadcrumbList\",\"@id\":\"https:\/\/dmcsrb.com\/ekonomija\/postignut-preliminarni-dogovor-wizz-air-otvara-bazu-u-podgorici\/#breadcrumb\",\"itemListElement\":[{\"@type\":\"ListItem\",\"position\":1,\"name\":\"Home\",\"item\":\"https:\/\/dmcsrb.com\/\"},{\"@type\":\"ListItem\",\"position\":2,\"name\":\"Postignut preliminarni dogovor: Wizz Air otvara bazu u Podgorici\"}]},{\"@type\":\"WebSite\",\"@id\":\"https:\/\/dmcsrb.com\/#website\",\"url\":\"https:\/\/dmcsrb.com\/\",\"name\":\"dmcsrb.com\",\"description\":\"\",\"potentialAction\":[{\"@type\":\"SearchAction\",\"target\":{\"@type\":\"EntryPoint\",\"urlTemplate\":\"https:\/\/dmcsrb.com\/?s={search_term_string}\"},\"query-input\":{\"@type\":\"PropertyValueSpecification\",\"valueRequired\":true,\"valueName\":\"search_term_string\"}}],\"inLanguage\":\"en-GB\"},{\"@type\":\"Person\",\"@id\":\"https:\/\/dmcsrb.com\/#\/schema\/person\/5c39170f12db1b8b457732d0b5c854e2\",\"name\":\"dmcsrbija.com@gmail.com\",\"image\":{\"@type\":\"ImageObject\",\"inLanguage\":\"en-GB\",\"@id\":\"https:\/\/dmcsrb.com\/#\/schema\/person\/image\/\",\"url\":\"https:\/\/secure.gravatar.com\/avatar\/68592660ad6347fad0fb587f8d5d8f1a7b44961362f56e4f2cd524feb87e9069?s=96&d=mm&r=g\",\"contentUrl\":\"https:\/\/secure.gravatar.com\/avatar\/68592660ad6347fad0fb587f8d5d8f1a7b44961362f56e4f2cd524feb87e9069?s=96&d=mm&r=g\",\"caption\":\"dmcsrbija.com@gmail.com\"},\"sameAs\":[\"https:\/\/dmcsrb.com\"],\"url\":\"https:\/\/dmcsrb.com\/en\/author\/dmcsrbija-comgmail-com\/\"}]}<\/script>\n<!-- \/ Yoast SEO plugin. -->","yoast_head_json":{"title":"Postignut preliminarni dogovor: Wizz Air otvara bazu u Podgorici - dmcsrb.com","robots":{"index":"index","follow":"follow","max-snippet":"max-snippet:-1","max-image-preview":"max-image-preview:large","max-video-preview":"max-video-preview:-1"},"canonical":"https:\/\/dmcsrb.com\/en\/ekonomija\/postignut-preliminarni-dogovor-wizz-air-otvara-bazu-u-podgorici\/","og_locale":"en_GB","og_type":"article","og_title":"Postignut preliminarni dogovor: Wizz Air otvara bazu u Podgorici - dmcsrb.com","og_description":"Ma\u0111arska niskotarifna avio-kompanija Wizz Air postigla je preliminarni dogovor sa Vladom Crne Gore o otvaranju svoje nove baze u Podgorici, potvrdila je ministarka saobra\u0107aja Maja Vuki\u0107evi\u0107.","og_url":"https:\/\/dmcsrb.com\/en\/ekonomija\/postignut-preliminarni-dogovor-wizz-air-otvara-bazu-u-podgorici\/","og_site_name":"dmcsrb.com","article_published_time":"2025-10-10T09:24:00+00:00","og_image":[{"width":640,"height":427,"url":"https:\/\/dmcsrb.com\/wp-content\/uploads\/2026\/01\/wizzair.jpg","type":"image\/jpeg"}],"author":"dmcsrbija.com@gmail.com","twitter_card":"summary_large_image","twitter_misc":{"Written by":"dmcsrbija.com@gmail.com","Estimated reading time":"2 minutes"},"schema":{"@context":"https:\/\/schema.org","@graph":[{"@type":"Article","@id":"https:\/\/dmcsrb.com\/ekonomija\/postignut-preliminarni-dogovor-wizz-air-otvara-bazu-u-podgorici\/#article","isPartOf":{"@id":"https:\/\/dmcsrb.com\/ekonomija\/postignut-preliminarni-dogovor-wizz-air-otvara-bazu-u-podgorici\/"},"author":{"name":"dmcsrbija.com@gmail.com","@id":"https:\/\/dmcsrb.com\/#\/schema\/person\/5c39170f12db1b8b457732d0b5c854e2"},"headline":"Postignut preliminarni dogovor: Wizz Air otvara bazu u Podgorici","datePublished":"2025-10-10T09:24:00+00:00","mainEntityOfPage":{"@id":"https:\/\/dmcsrb.com\/ekonomija\/postignut-preliminarni-dogovor-wizz-air-otvara-bazu-u-podgorici\/"},"wordCount":392,"commentCount":0,"image":{"@id":"https:\/\/dmcsrb.com\/ekonomija\/postignut-preliminarni-dogovor-wizz-air-otvara-bazu-u-podgorici\/#primaryimage"},"thumbnailUrl":"https:\/\/dmcsrb.com\/wp-content\/uploads\/2026\/01\/wizzair.jpg","keywords":["Baza","podgorca","Wizz Air"],"articleSection":["Ekonomija"],"inLanguage":"en-GB","potentialAction":[{"@type":"CommentAction","name":"Comment","target":["https:\/\/dmcsrb.com\/ekonomija\/postignut-preliminarni-dogovor-wizz-air-otvara-bazu-u-podgorici\/#respond"]}]},{"@type":"WebPage","@id":"https:\/\/dmcsrb.com\/ekonomija\/postignut-preliminarni-dogovor-wizz-air-otvara-bazu-u-podgorici\/","url":"https:\/\/dmcsrb.com\/ekonomija\/postignut-preliminarni-dogovor-wizz-air-otvara-bazu-u-podgorici\/","name":"Postignut preliminarni dogovor: Wizz Air otvara bazu u Podgorici - dmcsrb.com","isPartOf":{"@id":"https:\/\/dmcsrb.com\/#website"},"primaryImageOfPage":{"@id":"https:\/\/dmcsrb.com\/ekonomija\/postignut-preliminarni-dogovor-wizz-air-otvara-bazu-u-podgorici\/#primaryimage"},"image":{"@id":"https:\/\/dmcsrb.com\/ekonomija\/postignut-preliminarni-dogovor-wizz-air-otvara-bazu-u-podgorici\/#primaryimage"},"thumbnailUrl":"https:\/\/dmcsrb.com\/wp-content\/uploads\/2026\/01\/wizzair.jpg","datePublished":"2025-10-10T09:24:00+00:00","author":{"@id":"https:\/\/dmcsrb.com\/#\/schema\/person\/5c39170f12db1b8b457732d0b5c854e2"},"breadcrumb":{"@id":"https:\/\/dmcsrb.com\/ekonomija\/postignut-preliminarni-dogovor-wizz-air-otvara-bazu-u-podgorici\/#breadcrumb"},"inLanguage":"en-GB","potentialAction":[{"@type":"ReadAction","target":["https:\/\/dmcsrb.com\/ekonomija\/postignut-preliminarni-dogovor-wizz-air-otvara-bazu-u-podgorici\/"]}]},{"@type":"ImageObject","inLanguage":"en-GB","@id":"https:\/\/dmcsrb.com\/ekonomija\/postignut-preliminarni-dogovor-wizz-air-otvara-bazu-u-podgorici\/#primaryimage","url":"https:\/\/dmcsrb.com\/wp-content\/uploads\/2026\/01\/wizzair.jpg","contentUrl":"https:\/\/dmcsrb.com\/wp-content\/uploads\/2026\/01\/wizzair.jpg","width":640,"height":427},{"@type":"BreadcrumbList","@id":"https:\/\/dmcsrb.com\/ekonomija\/postignut-preliminarni-dogovor-wizz-air-otvara-bazu-u-podgorici\/#breadcrumb","itemListElement":[{"@type":"ListItem","position":1,"name":"Home","item":"https:\/\/dmcsrb.com\/"},{"@type":"ListItem","position":2,"name":"Postignut preliminarni dogovor: Wizz Air otvara bazu u Podgorici"}]},{"@type":"WebSite","@id":"https:\/\/dmcsrb.com\/#website","url":"https:\/\/dmcsrb.com\/","name":"dmcsrb.com","description":"","potentialAction":[{"@type":"SearchAction","target":{"@type":"EntryPoint","urlTemplate":"https:\/\/dmcsrb.com\/?s={search_term_string}"},"query-input":{"@type":"PropertyValueSpecification","valueRequired":true,"valueName":"search_term_string"}}],"inLanguage":"en-GB"},{"@type":"Person","@id":"https:\/\/dmcsrb.com\/#\/schema\/person\/5c39170f12db1b8b457732d0b5c854e2","name":"dmcsrbija.com@gmail.com","image":{"@type":"ImageObject","inLanguage":"en-GB","@id":"https:\/\/dmcsrb.com\/#\/schema\/person\/image\/","url":"https:\/\/secure.gravatar.com\/avatar\/68592660ad6347fad0fb587f8d5d8f1a7b44961362f56e4f2cd524feb87e9069?s=96&d=mm&r=g","contentUrl":"https:\/\/secure.gravatar.com\/avatar\/68592660ad6347fad0fb587f8d5d8f1a7b44961362f56e4f2cd524feb87e9069?s=96&d=mm&r=g","caption":"dmcsrbija.com@gmail.com"},"sameAs":["https:\/\/dmcsrb.com"],"url":"https:\/\/dmcsrb.com\/en\/author\/dmcsrbija-comgmail-com\/"}]}},"_links":{"self":[{"href":"https:\/\/dmcsrb.com\/en\/wp-json\/wp\/v2\/posts\/956997","targetHints":{"allow":["GET"]}}],"collection":[{"href":"https:\/\/dmcsrb.com\/en\/wp-json\/wp\/v2\/posts"}],"about":[{"href":"https:\/\/dmcsrb.com\/en\/wp-json\/wp\/v2\/types\/post"}],"author":[{"embeddable":true,"href":"https:\/\/dmcsrb.com\/en\/wp-json\/wp\/v2\/users\/1"}],"replies":[{"embeddable":true,"href":"https:\/\/dmcsrb.com\/en\/wp-json\/wp\/v2\/comments?post=956997"}],"version-history":[{"count":0,"href":"https:\/\/dmcsrb.com\/en\/wp-json\/wp\/v2\/posts\/956997\/revisions"}],"wp:featuredmedia":[{"embeddable":true,"href":"https:\/\/dmcsrb.com\/en\/wp-json\/wp\/v2\/media\/917287"}],"wp:attachment":[{"href":"https:\/\/dmcsrb.com\/en\/wp-json\/wp\/v2\/media?parent=956997"}],"wp:term":[{"taxonomy":"category","embeddable":true,"href":"https:\/\/dmcsrb.com\/en\/wp-json\/wp\/v2\/categories?post=956997"},{"taxonomy":"post_tag","embeddable":true,"href":"https:\/\/dmcsrb.com\/en\/wp-json\/wp\/v2\/tags?post=956997"},{"taxonomy":"naslovna","embeddable":true,"href":"https:\/\/dmcsrb.com\/en\/wp-json\/wp\/v2\/naslovna?post=956997"}],"curies":[{"name":"wp","href":"https:\/\/api.w.org\/{rel}","templated":true}]}}