{"id":956983,"date":"2025-10-10T10:01:41","date_gmt":"2025-10-10T08:01:41","guid":{"rendered":"https:\/\/dmcsrb.com\/uncategorized\/koprivica-na-sastanku-u-okviru-berlinskog-procesa-u-sarajevu-do-kraja-godine-ocekujemo-zatvaranje-pet-poglavlja\/"},"modified":"2025-10-10T10:01:41","modified_gmt":"2025-10-10T08:01:41","slug":"koprivica-na-sastanku-u-okviru-berlinskog-procesa-u-sarajevu-do-kraja-godine-ocekujemo-zatvaranje-pet-poglavlja","status":"publish","type":"post","link":"https:\/\/dmcsrb.com\/en\/politika\/koprivica-na-sastanku-u-okviru-berlinskog-procesa-u-sarajevu-do-kraja-godine-ocekujemo-zatvaranje-pet-poglavlja\/","title":{"rendered":"Koprivica na sastanku u okviru Berlinskog procesa u Sarajevu: Do kraja godine o\u010dekujemo zatvaranje pet poglavlja"},"content":{"rendered":"<p><\/p>\n\n\n\n<p><\/p>\n\n\n\n<p><\/p>\n\n\n\n<p> U svom izlaganju naveo je da Crna Gora, kao kandidat za \u010dlanstvo u EU koji je najdalje odmakao u evropskim integracijama, ima 7 zatvorenih poglavlja, te do kraja godine o\u010dekuje zatvaranje jo\u0161 najmanje 5 poglavlja, te zavr\u0161etak svih obaveza do kraja 2026. godine, \u0161to je dobar primjer na Zapadnom Balkanu i ukazuje na konstatan preobra\u017eaj pravnog sistema u skladu sa pravnom tekovinom EU. Strategija za borbu protiv korupcije jeste temelj za planiranje i realizaciju antikorupcijske i politike ja\u010danja pravnog i eti\u010dkog integriteta na svim nivoima.<\/p>\n\n\n\n<p>Potpredsjednik Koprivica je naglasio da je integritet temelj dobrog upravljanja i preduslov odr\u017eivih reformi, te u tom smislu naveo kao dobar primjer da je uspostavljanje i provjera integriteta prethodila vo\u0111enju politike nulte tolerancije u odnosu na krijum\u010darenje cigareta, a shodno tome je Vlada kredibilno realizovala uni\u0161tenje 1,3 miljardi cigareta u jednom postupku, \u0161to je svojevrsan rekord na nivou Evrope upravo zahvaljuju\u0107i, pored sna\u017ene volje i me\u0111unarodnog partnerstva, ja\u010danju integriteta dr\u017eavnih slu\u017ebi.<\/p>\n\n\n\n<p>&#8220;Podsjetio je tom prilikom i da je Crna Gora potpisala i ratifikovala Me\u0111unarodni sporazum o razmjeni podataka radi provjere izvje\u0161taja o imovini, od kojeg se o\u010dekuje sna\u017ean alat u borbi protiv korupcije, poru\u010div\u0161i da nijedna zemlja regiona ne smije biti sigurno uto\u010di\u0161te za koruptivni kapital. Mehanizam razmjene podataka omogu\u0107i\u0107e br\u017eu i sigurnu provjeru vjerodostojnosti imovinskih prijava, posebno u slu\u010dajevima prekograni\u010dnih veza imovine, prihoda i povezanih lica. Time se smanjuju prostor za zloupotrebe i rizici od sukoba interesa, uz podizanje kvaliteta preventivnog rada institucija.<\/p>\n\n\n\n<p>On je naveo da iskustva Crne Gore govore da zajedni\u010dki napori u okviru Regionalne antikorupcijske inicijative, saradnja kroz Berlinski proces i Regionalni savjet za saradnju dovode do konkretnih rezultata u pogledu ja\u010danja kapaciteta institucija, uskla\u0111ivanja propisa i politika, kao i razmjene informacija i iskustava, te da treba i\u0107i i korak dalje u pravcu uspostavljanja zajedni\u010dkih standarda integriteta u regiji, digitalnih alata koje \u0107e slu\u017eiti prevenciji korupcije i djelotvornih mehanizama za finansijske istrage i provjeru imovine&#8221;, kazao je on.<\/p>\n\n\n\n<p>Integritet nije posledica jedne odluke ili jednog propisa, ve\u0107 procesa ja\u010danja pravne svijesti i demokratske kulture, zahtijeva politi\u010dku volju, povjerenje, sinergiju, saradnju i slobodan sud javnosti.<\/p>\n\n\n\n<p>&#8220;Potpredsjednik Koprivica je podsjetio da je u okviru Berlinskog procesa, nagla\u0161ena vladavina prava kao temelj evropskih integracija, te posebno apostrofirao i da su brojni elementi Berlinskog procesa, koji se direktno ne ti\u010du borbe protiv korupcije, ali da su pospje\u0161ili tu borbu i uop\u0161te prevenciju korupcije, i u tom smislu naveo oblike ekonomske povezanosti i digitalnih alata u okviru Berlinskog procesa koji su redukovali prostor za interakciju slu\u017ebenika i gra\u0111ana, te time suzili prostor za korupciju. Posebno je apostrofirao da Berlinski proces, kojem je Crna Gora sna\u017eno posve\u0107ena, stvara okvir i podsticajan sistem za unapre\u0111enje vladavine prava. U tom smislu dodao je da regionalna saradnja ne smije biti deklarativna ve\u0107 produktivna, a najva\u017eniji je proizvod okru\u017eenje u kojem su odgovornost i integritet zajedni\u010dke vrijednosti&#8221;, navode u saop\u0161tenju.<\/p>\n\n\n\n<p><\/p>","protected":false},"excerpt":{"rendered":"<p>Potpredsjednik Vlade za politi\u010dki sistem, pravosu\u0111e i antikorupciju Momo Koprivica u\u010destvovao je na visokom sastanku u okviru Berlinskog procesa \u201eBorba protiv korupcije i dobro upravljanje na Zapadnom Balkanu: unapre\u0111enje puta ka integracijama\u201c, koji je odr\u017ean u Sarajevu, u Bosni i Hercegovini.<\/p>","protected":false},"author":1,"featured_media":956984,"comment_status":"open","ping_status":"open","sticky":false,"template":"","format":"standard","meta":{"_acf_changed":false,"footnotes":""},"categories":[12],"tags":[10,2507,1879],"naslovna":[],"class_list":["post-956983","post","type-post","status-publish","format-standard","has-post-thumbnail","hentry","category-politika","tag-eu","tag-koprivica","tag-sarajevo"],"acf":[],"yoast_head":"<!-- This site is optimized with the Yoast SEO plugin v27.0 - https:\/\/yoast.com\/product\/yoast-seo-wordpress\/ -->\n<title>Koprivica na sastanku u okviru Berlinskog procesa u Sarajevu: Do kraja godine o\u010dekujemo zatvaranje pet poglavlja - dmcsrb.com<\/title>\n<meta name=\"robots\" content=\"index, follow, max-snippet:-1, max-image-preview:large, max-video-preview:-1\" \/>\n<link rel=\"canonical\" href=\"https:\/\/dmcsrb.com\/en\/politika\/koprivica-na-sastanku-u-okviru-berlinskog-procesa-u-sarajevu-do-kraja-godine-ocekujemo-zatvaranje-pet-poglavlja\/\" \/>\n<meta property=\"og:locale\" content=\"en_GB\" \/>\n<meta property=\"og:type\" content=\"article\" \/>\n<meta property=\"og:title\" content=\"Koprivica na sastanku u okviru Berlinskog procesa u Sarajevu: Do kraja godine o\u010dekujemo zatvaranje pet poglavlja - dmcsrb.com\" \/>\n<meta property=\"og:description\" content=\"Potpredsjednik Vlade za politi\u010dki sistem, pravosu\u0111e i antikorupciju Momo Koprivica u\u010destvovao je na visokom sastanku u okviru Berlinskog procesa \u201eBorba protiv korupcije i dobro upravljanje na Zapadnom Balkanu: unapre\u0111enje puta ka integracijama\u201c, koji je odr\u017ean u Sarajevu, u Bosni i Hercegovini.\" \/>\n<meta property=\"og:url\" content=\"https:\/\/dmcsrb.com\/en\/politika\/koprivica-na-sastanku-u-okviru-berlinskog-procesa-u-sarajevu-do-kraja-godine-ocekujemo-zatvaranje-pet-poglavlja\/\" \/>\n<meta property=\"og:site_name\" content=\"dmcsrb.com\" \/>\n<meta property=\"article:published_time\" content=\"2025-10-10T08:01:41+00:00\" \/>\n<meta property=\"og:image\" content=\"https:\/\/dmcsrb.com\/wp-content\/uploads\/2026\/01\/thumbnail_Koprivica-na-visokom-sastanku-u-okviru-Berlinskog-procesa-02.webp\" \/>\n\t<meta property=\"og:image:width\" content=\"1280\" \/>\n\t<meta property=\"og:image:height\" content=\"853\" \/>\n\t<meta property=\"og:image:type\" content=\"image\/jpeg\" \/>\n<meta name=\"author\" content=\"dmcsrbija.com@gmail.com\" \/>\n<meta name=\"twitter:card\" content=\"summary_large_image\" \/>\n<meta name=\"twitter:label1\" content=\"Written by\" \/>\n\t<meta name=\"twitter:data1\" content=\"dmcsrbija.com@gmail.com\" \/>\n\t<meta name=\"twitter:label2\" content=\"Estimated reading time\" \/>\n\t<meta name=\"twitter:data2\" content=\"3 minutes\" \/>\n<script type=\"application\/ld+json\" class=\"yoast-schema-graph\">{\"@context\":\"https:\/\/schema.org\",\"@graph\":[{\"@type\":\"Article\",\"@id\":\"https:\/\/dmcsrb.com\/en\/politika\/koprivica-na-sastanku-u-okviru-berlinskog-procesa-u-sarajevu-do-kraja-godine-ocekujemo-zatvaranje-pet-poglavlja\/#article\",\"isPartOf\":{\"@id\":\"https:\/\/dmcsrb.com\/en\/politika\/koprivica-na-sastanku-u-okviru-berlinskog-procesa-u-sarajevu-do-kraja-godine-ocekujemo-zatvaranje-pet-poglavlja\/\"},\"author\":{\"name\":\"dmcsrbija.com@gmail.com\",\"@id\":\"https:\/\/dmcsrb.com\/#\/schema\/person\/5c39170f12db1b8b457732d0b5c854e2\"},\"headline\":\"Koprivica na sastanku u okviru Berlinskog procesa u Sarajevu: Do kraja godine o\u010dekujemo zatvaranje pet poglavlja\",\"datePublished\":\"2025-10-10T08:01:41+00:00\",\"mainEntityOfPage\":{\"@id\":\"https:\/\/dmcsrb.com\/en\/politika\/koprivica-na-sastanku-u-okviru-berlinskog-procesa-u-sarajevu-do-kraja-godine-ocekujemo-zatvaranje-pet-poglavlja\/\"},\"wordCount\":531,\"commentCount\":0,\"image\":{\"@id\":\"https:\/\/dmcsrb.com\/en\/politika\/koprivica-na-sastanku-u-okviru-berlinskog-procesa-u-sarajevu-do-kraja-godine-ocekujemo-zatvaranje-pet-poglavlja\/#primaryimage\"},\"thumbnailUrl\":\"https:\/\/dmcsrb.com\/wp-content\/uploads\/2026\/01\/thumbnail_Koprivica-na-visokom-sastanku-u-okviru-Berlinskog-procesa-02.webp\",\"keywords\":[\"EU\",\"koprivica\",\"Sarajevo\"],\"articleSection\":[\"Politika\"],\"inLanguage\":\"en-GB\",\"potentialAction\":[{\"@type\":\"CommentAction\",\"name\":\"Comment\",\"target\":[\"https:\/\/dmcsrb.com\/en\/politika\/koprivica-na-sastanku-u-okviru-berlinskog-procesa-u-sarajevu-do-kraja-godine-ocekujemo-zatvaranje-pet-poglavlja\/#respond\"]}]},{\"@type\":\"WebPage\",\"@id\":\"https:\/\/dmcsrb.com\/en\/politika\/koprivica-na-sastanku-u-okviru-berlinskog-procesa-u-sarajevu-do-kraja-godine-ocekujemo-zatvaranje-pet-poglavlja\/\",\"url\":\"https:\/\/dmcsrb.com\/en\/politika\/koprivica-na-sastanku-u-okviru-berlinskog-procesa-u-sarajevu-do-kraja-godine-ocekujemo-zatvaranje-pet-poglavlja\/\",\"name\":\"Koprivica na sastanku u okviru Berlinskog procesa u Sarajevu: Do kraja godine o\u010dekujemo zatvaranje pet poglavlja - dmcsrb.com\",\"isPartOf\":{\"@id\":\"https:\/\/dmcsrb.com\/#website\"},\"primaryImageOfPage\":{\"@id\":\"https:\/\/dmcsrb.com\/en\/politika\/koprivica-na-sastanku-u-okviru-berlinskog-procesa-u-sarajevu-do-kraja-godine-ocekujemo-zatvaranje-pet-poglavlja\/#primaryimage\"},\"image\":{\"@id\":\"https:\/\/dmcsrb.com\/en\/politika\/koprivica-na-sastanku-u-okviru-berlinskog-procesa-u-sarajevu-do-kraja-godine-ocekujemo-zatvaranje-pet-poglavlja\/#primaryimage\"},\"thumbnailUrl\":\"https:\/\/dmcsrb.com\/wp-content\/uploads\/2026\/01\/thumbnail_Koprivica-na-visokom-sastanku-u-okviru-Berlinskog-procesa-02.webp\",\"datePublished\":\"2025-10-10T08:01:41+00:00\",\"author\":{\"@id\":\"https:\/\/dmcsrb.com\/#\/schema\/person\/5c39170f12db1b8b457732d0b5c854e2\"},\"breadcrumb\":{\"@id\":\"https:\/\/dmcsrb.com\/en\/politika\/koprivica-na-sastanku-u-okviru-berlinskog-procesa-u-sarajevu-do-kraja-godine-ocekujemo-zatvaranje-pet-poglavlja\/#breadcrumb\"},\"inLanguage\":\"en-GB\",\"potentialAction\":[{\"@type\":\"ReadAction\",\"target\":[\"https:\/\/dmcsrb.com\/en\/politika\/koprivica-na-sastanku-u-okviru-berlinskog-procesa-u-sarajevu-do-kraja-godine-ocekujemo-zatvaranje-pet-poglavlja\/\"]}]},{\"@type\":\"ImageObject\",\"inLanguage\":\"en-GB\",\"@id\":\"https:\/\/dmcsrb.com\/en\/politika\/koprivica-na-sastanku-u-okviru-berlinskog-procesa-u-sarajevu-do-kraja-godine-ocekujemo-zatvaranje-pet-poglavlja\/#primaryimage\",\"url\":\"https:\/\/dmcsrb.com\/wp-content\/uploads\/2026\/01\/thumbnail_Koprivica-na-visokom-sastanku-u-okviru-Berlinskog-procesa-02.webp\",\"contentUrl\":\"https:\/\/dmcsrb.com\/wp-content\/uploads\/2026\/01\/thumbnail_Koprivica-na-visokom-sastanku-u-okviru-Berlinskog-procesa-02.webp\",\"width\":1280,\"height\":853},{\"@type\":\"BreadcrumbList\",\"@id\":\"https:\/\/dmcsrb.com\/en\/politika\/koprivica-na-sastanku-u-okviru-berlinskog-procesa-u-sarajevu-do-kraja-godine-ocekujemo-zatvaranje-pet-poglavlja\/#breadcrumb\",\"itemListElement\":[{\"@type\":\"ListItem\",\"position\":1,\"name\":\"Home\",\"item\":\"https:\/\/dmcsrb.com\/\"},{\"@type\":\"ListItem\",\"position\":2,\"name\":\"Koprivica na sastanku u okviru Berlinskog procesa u Sarajevu: Do kraja godine o\u010dekujemo zatvaranje pet poglavlja\"}]},{\"@type\":\"WebSite\",\"@id\":\"https:\/\/dmcsrb.com\/#website\",\"url\":\"https:\/\/dmcsrb.com\/\",\"name\":\"dmcsrb.com\",\"description\":\"\",\"potentialAction\":[{\"@type\":\"SearchAction\",\"target\":{\"@type\":\"EntryPoint\",\"urlTemplate\":\"https:\/\/dmcsrb.com\/?s={search_term_string}\"},\"query-input\":{\"@type\":\"PropertyValueSpecification\",\"valueRequired\":true,\"valueName\":\"search_term_string\"}}],\"inLanguage\":\"en-GB\"},{\"@type\":\"Person\",\"@id\":\"https:\/\/dmcsrb.com\/#\/schema\/person\/5c39170f12db1b8b457732d0b5c854e2\",\"name\":\"dmcsrbija.com@gmail.com\",\"image\":{\"@type\":\"ImageObject\",\"inLanguage\":\"en-GB\",\"@id\":\"https:\/\/dmcsrb.com\/#\/schema\/person\/image\/\",\"url\":\"https:\/\/secure.gravatar.com\/avatar\/68592660ad6347fad0fb587f8d5d8f1a7b44961362f56e4f2cd524feb87e9069?s=96&d=mm&r=g\",\"contentUrl\":\"https:\/\/secure.gravatar.com\/avatar\/68592660ad6347fad0fb587f8d5d8f1a7b44961362f56e4f2cd524feb87e9069?s=96&d=mm&r=g\",\"caption\":\"dmcsrbija.com@gmail.com\"},\"sameAs\":[\"https:\/\/dmcsrb.com\"],\"url\":\"https:\/\/dmcsrb.com\/en\/author\/dmcsrbija-comgmail-com\/\"}]}<\/script>\n<!-- \/ Yoast SEO plugin. -->","yoast_head_json":{"title":"Koprivica na sastanku u okviru Berlinskog procesa u Sarajevu: Do kraja godine o\u010dekujemo zatvaranje pet poglavlja - dmcsrb.com","robots":{"index":"index","follow":"follow","max-snippet":"max-snippet:-1","max-image-preview":"max-image-preview:large","max-video-preview":"max-video-preview:-1"},"canonical":"https:\/\/dmcsrb.com\/en\/politika\/koprivica-na-sastanku-u-okviru-berlinskog-procesa-u-sarajevu-do-kraja-godine-ocekujemo-zatvaranje-pet-poglavlja\/","og_locale":"en_GB","og_type":"article","og_title":"Koprivica na sastanku u okviru Berlinskog procesa u Sarajevu: Do kraja godine o\u010dekujemo zatvaranje pet poglavlja - dmcsrb.com","og_description":"Potpredsjednik Vlade za politi\u010dki sistem, pravosu\u0111e i antikorupciju Momo Koprivica u\u010destvovao je na visokom sastanku u okviru Berlinskog procesa \u201eBorba protiv korupcije i dobro upravljanje na Zapadnom Balkanu: unapre\u0111enje puta ka integracijama\u201c, koji je odr\u017ean u Sarajevu, u Bosni i Hercegovini.","og_url":"https:\/\/dmcsrb.com\/en\/politika\/koprivica-na-sastanku-u-okviru-berlinskog-procesa-u-sarajevu-do-kraja-godine-ocekujemo-zatvaranje-pet-poglavlja\/","og_site_name":"dmcsrb.com","article_published_time":"2025-10-10T08:01:41+00:00","og_image":[{"width":1280,"height":853,"url":"https:\/\/dmcsrb.com\/wp-content\/uploads\/2026\/01\/thumbnail_Koprivica-na-visokom-sastanku-u-okviru-Berlinskog-procesa-02.webp","type":"image\/jpeg"}],"author":"dmcsrbija.com@gmail.com","twitter_card":"summary_large_image","twitter_misc":{"Written by":"dmcsrbija.com@gmail.com","Estimated reading time":"3 minutes"},"schema":{"@context":"https:\/\/schema.org","@graph":[{"@type":"Article","@id":"https:\/\/dmcsrb.com\/en\/politika\/koprivica-na-sastanku-u-okviru-berlinskog-procesa-u-sarajevu-do-kraja-godine-ocekujemo-zatvaranje-pet-poglavlja\/#article","isPartOf":{"@id":"https:\/\/dmcsrb.com\/en\/politika\/koprivica-na-sastanku-u-okviru-berlinskog-procesa-u-sarajevu-do-kraja-godine-ocekujemo-zatvaranje-pet-poglavlja\/"},"author":{"name":"dmcsrbija.com@gmail.com","@id":"https:\/\/dmcsrb.com\/#\/schema\/person\/5c39170f12db1b8b457732d0b5c854e2"},"headline":"Koprivica na sastanku u okviru Berlinskog procesa u Sarajevu: Do kraja godine o\u010dekujemo zatvaranje pet poglavlja","datePublished":"2025-10-10T08:01:41+00:00","mainEntityOfPage":{"@id":"https:\/\/dmcsrb.com\/en\/politika\/koprivica-na-sastanku-u-okviru-berlinskog-procesa-u-sarajevu-do-kraja-godine-ocekujemo-zatvaranje-pet-poglavlja\/"},"wordCount":531,"commentCount":0,"image":{"@id":"https:\/\/dmcsrb.com\/en\/politika\/koprivica-na-sastanku-u-okviru-berlinskog-procesa-u-sarajevu-do-kraja-godine-ocekujemo-zatvaranje-pet-poglavlja\/#primaryimage"},"thumbnailUrl":"https:\/\/dmcsrb.com\/wp-content\/uploads\/2026\/01\/thumbnail_Koprivica-na-visokom-sastanku-u-okviru-Berlinskog-procesa-02.webp","keywords":["EU","koprivica","Sarajevo"],"articleSection":["Politika"],"inLanguage":"en-GB","potentialAction":[{"@type":"CommentAction","name":"Comment","target":["https:\/\/dmcsrb.com\/en\/politika\/koprivica-na-sastanku-u-okviru-berlinskog-procesa-u-sarajevu-do-kraja-godine-ocekujemo-zatvaranje-pet-poglavlja\/#respond"]}]},{"@type":"WebPage","@id":"https:\/\/dmcsrb.com\/en\/politika\/koprivica-na-sastanku-u-okviru-berlinskog-procesa-u-sarajevu-do-kraja-godine-ocekujemo-zatvaranje-pet-poglavlja\/","url":"https:\/\/dmcsrb.com\/en\/politika\/koprivica-na-sastanku-u-okviru-berlinskog-procesa-u-sarajevu-do-kraja-godine-ocekujemo-zatvaranje-pet-poglavlja\/","name":"Koprivica na sastanku u okviru Berlinskog procesa u Sarajevu: Do kraja godine o\u010dekujemo zatvaranje pet poglavlja - dmcsrb.com","isPartOf":{"@id":"https:\/\/dmcsrb.com\/#website"},"primaryImageOfPage":{"@id":"https:\/\/dmcsrb.com\/en\/politika\/koprivica-na-sastanku-u-okviru-berlinskog-procesa-u-sarajevu-do-kraja-godine-ocekujemo-zatvaranje-pet-poglavlja\/#primaryimage"},"image":{"@id":"https:\/\/dmcsrb.com\/en\/politika\/koprivica-na-sastanku-u-okviru-berlinskog-procesa-u-sarajevu-do-kraja-godine-ocekujemo-zatvaranje-pet-poglavlja\/#primaryimage"},"thumbnailUrl":"https:\/\/dmcsrb.com\/wp-content\/uploads\/2026\/01\/thumbnail_Koprivica-na-visokom-sastanku-u-okviru-Berlinskog-procesa-02.webp","datePublished":"2025-10-10T08:01:41+00:00","author":{"@id":"https:\/\/dmcsrb.com\/#\/schema\/person\/5c39170f12db1b8b457732d0b5c854e2"},"breadcrumb":{"@id":"https:\/\/dmcsrb.com\/en\/politika\/koprivica-na-sastanku-u-okviru-berlinskog-procesa-u-sarajevu-do-kraja-godine-ocekujemo-zatvaranje-pet-poglavlja\/#breadcrumb"},"inLanguage":"en-GB","potentialAction":[{"@type":"ReadAction","target":["https:\/\/dmcsrb.com\/en\/politika\/koprivica-na-sastanku-u-okviru-berlinskog-procesa-u-sarajevu-do-kraja-godine-ocekujemo-zatvaranje-pet-poglavlja\/"]}]},{"@type":"ImageObject","inLanguage":"en-GB","@id":"https:\/\/dmcsrb.com\/en\/politika\/koprivica-na-sastanku-u-okviru-berlinskog-procesa-u-sarajevu-do-kraja-godine-ocekujemo-zatvaranje-pet-poglavlja\/#primaryimage","url":"https:\/\/dmcsrb.com\/wp-content\/uploads\/2026\/01\/thumbnail_Koprivica-na-visokom-sastanku-u-okviru-Berlinskog-procesa-02.webp","contentUrl":"https:\/\/dmcsrb.com\/wp-content\/uploads\/2026\/01\/thumbnail_Koprivica-na-visokom-sastanku-u-okviru-Berlinskog-procesa-02.webp","width":1280,"height":853},{"@type":"BreadcrumbList","@id":"https:\/\/dmcsrb.com\/en\/politika\/koprivica-na-sastanku-u-okviru-berlinskog-procesa-u-sarajevu-do-kraja-godine-ocekujemo-zatvaranje-pet-poglavlja\/#breadcrumb","itemListElement":[{"@type":"ListItem","position":1,"name":"Home","item":"https:\/\/dmcsrb.com\/"},{"@type":"ListItem","position":2,"name":"Koprivica na sastanku u okviru Berlinskog procesa u Sarajevu: Do kraja godine o\u010dekujemo zatvaranje pet poglavlja"}]},{"@type":"WebSite","@id":"https:\/\/dmcsrb.com\/#website","url":"https:\/\/dmcsrb.com\/","name":"dmcsrb.com","description":"","potentialAction":[{"@type":"SearchAction","target":{"@type":"EntryPoint","urlTemplate":"https:\/\/dmcsrb.com\/?s={search_term_string}"},"query-input":{"@type":"PropertyValueSpecification","valueRequired":true,"valueName":"search_term_string"}}],"inLanguage":"en-GB"},{"@type":"Person","@id":"https:\/\/dmcsrb.com\/#\/schema\/person\/5c39170f12db1b8b457732d0b5c854e2","name":"dmcsrbija.com@gmail.com","image":{"@type":"ImageObject","inLanguage":"en-GB","@id":"https:\/\/dmcsrb.com\/#\/schema\/person\/image\/","url":"https:\/\/secure.gravatar.com\/avatar\/68592660ad6347fad0fb587f8d5d8f1a7b44961362f56e4f2cd524feb87e9069?s=96&d=mm&r=g","contentUrl":"https:\/\/secure.gravatar.com\/avatar\/68592660ad6347fad0fb587f8d5d8f1a7b44961362f56e4f2cd524feb87e9069?s=96&d=mm&r=g","caption":"dmcsrbija.com@gmail.com"},"sameAs":["https:\/\/dmcsrb.com"],"url":"https:\/\/dmcsrb.com\/en\/author\/dmcsrbija-comgmail-com\/"}]}},"_links":{"self":[{"href":"https:\/\/dmcsrb.com\/en\/wp-json\/wp\/v2\/posts\/956983","targetHints":{"allow":["GET"]}}],"collection":[{"href":"https:\/\/dmcsrb.com\/en\/wp-json\/wp\/v2\/posts"}],"about":[{"href":"https:\/\/dmcsrb.com\/en\/wp-json\/wp\/v2\/types\/post"}],"author":[{"embeddable":true,"href":"https:\/\/dmcsrb.com\/en\/wp-json\/wp\/v2\/users\/1"}],"replies":[{"embeddable":true,"href":"https:\/\/dmcsrb.com\/en\/wp-json\/wp\/v2\/comments?post=956983"}],"version-history":[{"count":0,"href":"https:\/\/dmcsrb.com\/en\/wp-json\/wp\/v2\/posts\/956983\/revisions"}],"wp:featuredmedia":[{"embeddable":true,"href":"https:\/\/dmcsrb.com\/en\/wp-json\/wp\/v2\/media\/956984"}],"wp:attachment":[{"href":"https:\/\/dmcsrb.com\/en\/wp-json\/wp\/v2\/media?parent=956983"}],"wp:term":[{"taxonomy":"category","embeddable":true,"href":"https:\/\/dmcsrb.com\/en\/wp-json\/wp\/v2\/categories?post=956983"},{"taxonomy":"post_tag","embeddable":true,"href":"https:\/\/dmcsrb.com\/en\/wp-json\/wp\/v2\/tags?post=956983"},{"taxonomy":"naslovna","embeddable":true,"href":"https:\/\/dmcsrb.com\/en\/wp-json\/wp\/v2\/naslovna?post=956983"}],"curies":[{"name":"wp","href":"https:\/\/api.w.org\/{rel}","templated":true}]}}