{"id":956945,"date":"2025-10-10T08:14:00","date_gmt":"2025-10-10T06:14:00","guid":{"rendered":"https:\/\/dmcsrb.com\/uncategorized\/milicic-niko-iz-dps-se-ne-ogradjuje-od-prepiski-boskovica-zivkovica-erakovica-i-drugih\/"},"modified":"2025-10-10T08:14:00","modified_gmt":"2025-10-10T06:14:00","slug":"milicic-niko-iz-dps-se-ne-ogradjuje-od-prepiski-boskovica-zivkovica-erakovica-i-drugih","status":"publish","type":"post","link":"https:\/\/dmcsrb.com\/en\/politika\/milicic-niko-iz-dps-se-ne-ogradjuje-od-prepiski-boskovica-zivkovica-erakovica-i-drugih\/","title":{"rendered":"Mili\u010di\u0107: Niko iz DPS se ne ogra\u0111uje od prepiski Bo\u0161kovi\u0107a, \u017divkovi\u0107a, Erakovi\u0107a i drugih"},"content":{"rendered":"<p>\u201cKona\u010dno se krenulo putem onoga \u0161to su gra\u0111ani tra\u017eili \u2013 da se sazna istina o biv\u0161em re\u017eimu i da se zadovolji narodni osje\u0107aj pravde\u201d, istakao je Mili\u010di\u0107.<\/p>\n\n\n\n<p>On je naglasio da se u aktuelnim doga\u0111ajima moraju razlikovati dva momenta.<\/p>\n\n\n\n<p>Prvi, kako je rekao, predstavlja \u201cpoliti\u010dko blato\u201d u koje ne \u017eeli da ulazi, jer pripada generaciji mladih politi\u010dara koja se zala\u017ee za Crnu Goru bez organizovanog kriminala i korupcije.<\/p>\n\n\n\n<p>\u201cDrugi, mnogo ozbiljniji momenat odnosi se na \u010dinjenicu da su pojedini okrivljeni u ovom slu\u010daju davali tajne podatke optu\u017eenom biznismenu Mijajlovi\u0107u. Posebno je zabrinjavaju\u0107e \u0161to je sada\u0161nji poslanik, a nekada\u0161nji na\u010delnik KBC, iznosio podatke koji se ti\u010du zdravstvenog stanja jednog od pacijenata te institucije \u2013 bla\u017eenopo\u010div\u0161eg Mitropolita crnogorsko-primorskog Amfilohija\u201d, poru\u010dio je portparol NSD.<\/p>\n\n\n\n<p>Prema njegovim rije\u010dima, pona\u0161anje nekada\u0161njih nosilaca odgovornih funkcija, me\u0111u kojima su i biv\u0161i ministar odbrane i \u0161ef kontraobavje\u0161tajne za\u0161tite ANB, koji su, kako se navodi, dostavljali tajne podatke jednom biznismenu, trebalo bi da alarmira javnost.<\/p>\n\n\n\n<p>\u201cNiko od funkcionera DPS se nije ogradio od ovih prepiski. Takav DPS \u0107e strmoglavo politi\u010dki padati i nema budu\u0107nost na politi\u010dkoj sceni Crne Gore. Na vrhu te piramide nalazi se njihov po\u010dasni predsjednik, i samo je pitanje vremena kada \u0107e se do\u0107i i do njega\u201d, zaklju\u010dio je Mili\u010di\u0107.<\/p>","protected":false},"excerpt":{"rendered":"<p>Portparol Nove srpske demokratije Mirko Mili\u010di\u0107 izjavio je za RTCG da se niko iz Demokratske partije socijalista nije ogradio od nedavno objavljenih prepiski u koje su, kako je rekao, umje\u0161ani biv\u0161i visoki funkcioneri te partije \u2013 Predrag Bo\u0161kovi\u0107, Danijel \u017divkovi\u0107, Jevto Erakovi\u0107 i drugi.<\/p>","protected":false},"author":1,"featured_media":913762,"comment_status":"open","ping_status":"open","sticky":false,"template":"","format":"standard","meta":{"_acf_changed":false,"footnotes":""},"categories":[12],"tags":[63,3234,10833],"naslovna":[],"class_list":["post-956945","post","type-post","status-publish","format-standard","has-post-thumbnail","hentry","category-politika","tag-dps","tag-mirko-milicic","tag-prepiska"],"acf":[],"yoast_head":"<!-- This site is optimized with the Yoast SEO plugin v27.0 - https:\/\/yoast.com\/product\/yoast-seo-wordpress\/ -->\n<title>Mili\u010di\u0107: Niko iz DPS se ne ogra\u0111uje od prepiski Bo\u0161kovi\u0107a, \u017divkovi\u0107a, Erakovi\u0107a i drugih - dmcsrb.com<\/title>\n<meta name=\"robots\" content=\"index, follow, max-snippet:-1, max-image-preview:large, max-video-preview:-1\" \/>\n<link rel=\"canonical\" href=\"https:\/\/dmcsrb.com\/en\/politika\/milicic-niko-iz-dps-se-ne-ogradjuje-od-prepiski-boskovica-zivkovica-erakovica-i-drugih\/\" \/>\n<meta property=\"og:locale\" content=\"en_GB\" \/>\n<meta property=\"og:type\" content=\"article\" \/>\n<meta property=\"og:title\" content=\"Mili\u010di\u0107: Niko iz DPS se ne ogra\u0111uje od prepiski Bo\u0161kovi\u0107a, \u017divkovi\u0107a, Erakovi\u0107a i drugih - dmcsrb.com\" \/>\n<meta property=\"og:description\" content=\"Portparol Nove srpske demokratije Mirko Mili\u010di\u0107 izjavio je za RTCG da se niko iz Demokratske partije socijalista nije ogradio od nedavno objavljenih prepiski u koje su, kako je rekao, umje\u0161ani biv\u0161i visoki funkcioneri te partije \u2013 Predrag Bo\u0161kovi\u0107, Danijel \u017divkovi\u0107, Jevto Erakovi\u0107 i drugi.\" \/>\n<meta property=\"og:url\" content=\"https:\/\/dmcsrb.com\/en\/politika\/milicic-niko-iz-dps-se-ne-ogradjuje-od-prepiski-boskovica-zivkovica-erakovica-i-drugih\/\" \/>\n<meta property=\"og:site_name\" content=\"dmcsrb.com\" \/>\n<meta property=\"article:published_time\" content=\"2025-10-10T06:14:00+00:00\" \/>\n<meta property=\"og:image\" content=\"https:\/\/dmcsrb.com\/wp-content\/uploads\/2026\/01\/mirkomilicic-1024x640-1.png\" \/>\n\t<meta property=\"og:image:width\" content=\"1024\" \/>\n\t<meta property=\"og:image:height\" content=\"640\" \/>\n\t<meta property=\"og:image:type\" content=\"image\/png\" \/>\n<meta name=\"author\" content=\"dmcsrbija.com@gmail.com\" \/>\n<meta name=\"twitter:card\" content=\"summary_large_image\" \/>\n<meta name=\"twitter:label1\" content=\"Written by\" \/>\n\t<meta name=\"twitter:data1\" content=\"dmcsrbija.com@gmail.com\" \/>\n\t<meta name=\"twitter:label2\" content=\"Estimated reading time\" \/>\n\t<meta name=\"twitter:data2\" content=\"1 minute\" \/>\n<script type=\"application\/ld+json\" class=\"yoast-schema-graph\">{\"@context\":\"https:\/\/schema.org\",\"@graph\":[{\"@type\":\"Article\",\"@id\":\"https:\/\/dmcsrb.com\/politika\/milicic-niko-iz-dps-se-ne-ogradjuje-od-prepiski-boskovica-zivkovica-erakovica-i-drugih\/#article\",\"isPartOf\":{\"@id\":\"https:\/\/dmcsrb.com\/politika\/milicic-niko-iz-dps-se-ne-ogradjuje-od-prepiski-boskovica-zivkovica-erakovica-i-drugih\/\"},\"author\":{\"name\":\"dmcsrbija.com@gmail.com\",\"@id\":\"https:\/\/dmcsrb.com\/#\/schema\/person\/5c39170f12db1b8b457732d0b5c854e2\"},\"headline\":\"Mili\u010di\u0107: Niko iz DPS se ne ogra\u0111uje od prepiski Bo\u0161kovi\u0107a, \u017divkovi\u0107a, Erakovi\u0107a i drugih\",\"datePublished\":\"2025-10-10T06:14:00+00:00\",\"mainEntityOfPage\":{\"@id\":\"https:\/\/dmcsrb.com\/politika\/milicic-niko-iz-dps-se-ne-ogradjuje-od-prepiski-boskovica-zivkovica-erakovica-i-drugih\/\"},\"wordCount\":259,\"commentCount\":0,\"image\":{\"@id\":\"https:\/\/dmcsrb.com\/politika\/milicic-niko-iz-dps-se-ne-ogradjuje-od-prepiski-boskovica-zivkovica-erakovica-i-drugih\/#primaryimage\"},\"thumbnailUrl\":\"https:\/\/dmcsrb.com\/wp-content\/uploads\/2026\/01\/mirkomilicic-1024x640-1.png\",\"keywords\":[\"DPS\",\"Mirko Mili\u010di\u0107\",\"Prepiska\"],\"articleSection\":[\"Politika\"],\"inLanguage\":\"en-GB\",\"potentialAction\":[{\"@type\":\"CommentAction\",\"name\":\"Comment\",\"target\":[\"https:\/\/dmcsrb.com\/politika\/milicic-niko-iz-dps-se-ne-ogradjuje-od-prepiski-boskovica-zivkovica-erakovica-i-drugih\/#respond\"]}]},{\"@type\":\"WebPage\",\"@id\":\"https:\/\/dmcsrb.com\/politika\/milicic-niko-iz-dps-se-ne-ogradjuje-od-prepiski-boskovica-zivkovica-erakovica-i-drugih\/\",\"url\":\"https:\/\/dmcsrb.com\/politika\/milicic-niko-iz-dps-se-ne-ogradjuje-od-prepiski-boskovica-zivkovica-erakovica-i-drugih\/\",\"name\":\"Mili\u010di\u0107: Niko iz DPS se ne ogra\u0111uje od prepiski Bo\u0161kovi\u0107a, \u017divkovi\u0107a, Erakovi\u0107a i drugih - dmcsrb.com\",\"isPartOf\":{\"@id\":\"https:\/\/dmcsrb.com\/#website\"},\"primaryImageOfPage\":{\"@id\":\"https:\/\/dmcsrb.com\/politika\/milicic-niko-iz-dps-se-ne-ogradjuje-od-prepiski-boskovica-zivkovica-erakovica-i-drugih\/#primaryimage\"},\"image\":{\"@id\":\"https:\/\/dmcsrb.com\/politika\/milicic-niko-iz-dps-se-ne-ogradjuje-od-prepiski-boskovica-zivkovica-erakovica-i-drugih\/#primaryimage\"},\"thumbnailUrl\":\"https:\/\/dmcsrb.com\/wp-content\/uploads\/2026\/01\/mirkomilicic-1024x640-1.png\",\"datePublished\":\"2025-10-10T06:14:00+00:00\",\"author\":{\"@id\":\"https:\/\/dmcsrb.com\/#\/schema\/person\/5c39170f12db1b8b457732d0b5c854e2\"},\"breadcrumb\":{\"@id\":\"https:\/\/dmcsrb.com\/politika\/milicic-niko-iz-dps-se-ne-ogradjuje-od-prepiski-boskovica-zivkovica-erakovica-i-drugih\/#breadcrumb\"},\"inLanguage\":\"en-GB\",\"potentialAction\":[{\"@type\":\"ReadAction\",\"target\":[\"https:\/\/dmcsrb.com\/politika\/milicic-niko-iz-dps-se-ne-ogradjuje-od-prepiski-boskovica-zivkovica-erakovica-i-drugih\/\"]}]},{\"@type\":\"ImageObject\",\"inLanguage\":\"en-GB\",\"@id\":\"https:\/\/dmcsrb.com\/politika\/milicic-niko-iz-dps-se-ne-ogradjuje-od-prepiski-boskovica-zivkovica-erakovica-i-drugih\/#primaryimage\",\"url\":\"https:\/\/dmcsrb.com\/wp-content\/uploads\/2026\/01\/mirkomilicic-1024x640-1.png\",\"contentUrl\":\"https:\/\/dmcsrb.com\/wp-content\/uploads\/2026\/01\/mirkomilicic-1024x640-1.png\",\"width\":1024,\"height\":640},{\"@type\":\"BreadcrumbList\",\"@id\":\"https:\/\/dmcsrb.com\/politika\/milicic-niko-iz-dps-se-ne-ogradjuje-od-prepiski-boskovica-zivkovica-erakovica-i-drugih\/#breadcrumb\",\"itemListElement\":[{\"@type\":\"ListItem\",\"position\":1,\"name\":\"Home\",\"item\":\"https:\/\/dmcsrb.com\/\"},{\"@type\":\"ListItem\",\"position\":2,\"name\":\"Mili\u010di\u0107: Niko iz DPS se ne ogra\u0111uje od prepiski Bo\u0161kovi\u0107a, \u017divkovi\u0107a, Erakovi\u0107a i drugih\"}]},{\"@type\":\"WebSite\",\"@id\":\"https:\/\/dmcsrb.com\/#website\",\"url\":\"https:\/\/dmcsrb.com\/\",\"name\":\"dmcsrb.com\",\"description\":\"\",\"potentialAction\":[{\"@type\":\"SearchAction\",\"target\":{\"@type\":\"EntryPoint\",\"urlTemplate\":\"https:\/\/dmcsrb.com\/?s={search_term_string}\"},\"query-input\":{\"@type\":\"PropertyValueSpecification\",\"valueRequired\":true,\"valueName\":\"search_term_string\"}}],\"inLanguage\":\"en-GB\"},{\"@type\":\"Person\",\"@id\":\"https:\/\/dmcsrb.com\/#\/schema\/person\/5c39170f12db1b8b457732d0b5c854e2\",\"name\":\"dmcsrbija.com@gmail.com\",\"image\":{\"@type\":\"ImageObject\",\"inLanguage\":\"en-GB\",\"@id\":\"https:\/\/dmcsrb.com\/#\/schema\/person\/image\/\",\"url\":\"https:\/\/secure.gravatar.com\/avatar\/68592660ad6347fad0fb587f8d5d8f1a7b44961362f56e4f2cd524feb87e9069?s=96&d=mm&r=g\",\"contentUrl\":\"https:\/\/secure.gravatar.com\/avatar\/68592660ad6347fad0fb587f8d5d8f1a7b44961362f56e4f2cd524feb87e9069?s=96&d=mm&r=g\",\"caption\":\"dmcsrbija.com@gmail.com\"},\"sameAs\":[\"https:\/\/dmcsrb.com\"],\"url\":\"https:\/\/dmcsrb.com\/en\/author\/dmcsrbija-comgmail-com\/\"}]}<\/script>\n<!-- \/ Yoast SEO plugin. -->","yoast_head_json":{"title":"Mili\u010di\u0107: Niko iz DPS se ne ogra\u0111uje od prepiski Bo\u0161kovi\u0107a, \u017divkovi\u0107a, Erakovi\u0107a i drugih - dmcsrb.com","robots":{"index":"index","follow":"follow","max-snippet":"max-snippet:-1","max-image-preview":"max-image-preview:large","max-video-preview":"max-video-preview:-1"},"canonical":"https:\/\/dmcsrb.com\/en\/politika\/milicic-niko-iz-dps-se-ne-ogradjuje-od-prepiski-boskovica-zivkovica-erakovica-i-drugih\/","og_locale":"en_GB","og_type":"article","og_title":"Mili\u010di\u0107: Niko iz DPS se ne ogra\u0111uje od prepiski Bo\u0161kovi\u0107a, \u017divkovi\u0107a, Erakovi\u0107a i drugih - dmcsrb.com","og_description":"Portparol Nove srpske demokratije Mirko Mili\u010di\u0107 izjavio je za RTCG da se niko iz Demokratske partije socijalista nije ogradio od nedavno objavljenih prepiski u koje su, kako je rekao, umje\u0161ani biv\u0161i visoki funkcioneri te partije \u2013 Predrag Bo\u0161kovi\u0107, Danijel \u017divkovi\u0107, Jevto Erakovi\u0107 i drugi.","og_url":"https:\/\/dmcsrb.com\/en\/politika\/milicic-niko-iz-dps-se-ne-ogradjuje-od-prepiski-boskovica-zivkovica-erakovica-i-drugih\/","og_site_name":"dmcsrb.com","article_published_time":"2025-10-10T06:14:00+00:00","og_image":[{"width":1024,"height":640,"url":"https:\/\/dmcsrb.com\/wp-content\/uploads\/2026\/01\/mirkomilicic-1024x640-1.png","type":"image\/png"}],"author":"dmcsrbija.com@gmail.com","twitter_card":"summary_large_image","twitter_misc":{"Written by":"dmcsrbija.com@gmail.com","Estimated reading time":"1 minute"},"schema":{"@context":"https:\/\/schema.org","@graph":[{"@type":"Article","@id":"https:\/\/dmcsrb.com\/politika\/milicic-niko-iz-dps-se-ne-ogradjuje-od-prepiski-boskovica-zivkovica-erakovica-i-drugih\/#article","isPartOf":{"@id":"https:\/\/dmcsrb.com\/politika\/milicic-niko-iz-dps-se-ne-ogradjuje-od-prepiski-boskovica-zivkovica-erakovica-i-drugih\/"},"author":{"name":"dmcsrbija.com@gmail.com","@id":"https:\/\/dmcsrb.com\/#\/schema\/person\/5c39170f12db1b8b457732d0b5c854e2"},"headline":"Mili\u010di\u0107: Niko iz DPS se ne ogra\u0111uje od prepiski Bo\u0161kovi\u0107a, \u017divkovi\u0107a, Erakovi\u0107a i drugih","datePublished":"2025-10-10T06:14:00+00:00","mainEntityOfPage":{"@id":"https:\/\/dmcsrb.com\/politika\/milicic-niko-iz-dps-se-ne-ogradjuje-od-prepiski-boskovica-zivkovica-erakovica-i-drugih\/"},"wordCount":259,"commentCount":0,"image":{"@id":"https:\/\/dmcsrb.com\/politika\/milicic-niko-iz-dps-se-ne-ogradjuje-od-prepiski-boskovica-zivkovica-erakovica-i-drugih\/#primaryimage"},"thumbnailUrl":"https:\/\/dmcsrb.com\/wp-content\/uploads\/2026\/01\/mirkomilicic-1024x640-1.png","keywords":["DPS","Mirko Mili\u010di\u0107","Prepiska"],"articleSection":["Politika"],"inLanguage":"en-GB","potentialAction":[{"@type":"CommentAction","name":"Comment","target":["https:\/\/dmcsrb.com\/politika\/milicic-niko-iz-dps-se-ne-ogradjuje-od-prepiski-boskovica-zivkovica-erakovica-i-drugih\/#respond"]}]},{"@type":"WebPage","@id":"https:\/\/dmcsrb.com\/politika\/milicic-niko-iz-dps-se-ne-ogradjuje-od-prepiski-boskovica-zivkovica-erakovica-i-drugih\/","url":"https:\/\/dmcsrb.com\/politika\/milicic-niko-iz-dps-se-ne-ogradjuje-od-prepiski-boskovica-zivkovica-erakovica-i-drugih\/","name":"Mili\u010di\u0107: Niko iz DPS se ne ogra\u0111uje od prepiski Bo\u0161kovi\u0107a, \u017divkovi\u0107a, Erakovi\u0107a i drugih - dmcsrb.com","isPartOf":{"@id":"https:\/\/dmcsrb.com\/#website"},"primaryImageOfPage":{"@id":"https:\/\/dmcsrb.com\/politika\/milicic-niko-iz-dps-se-ne-ogradjuje-od-prepiski-boskovica-zivkovica-erakovica-i-drugih\/#primaryimage"},"image":{"@id":"https:\/\/dmcsrb.com\/politika\/milicic-niko-iz-dps-se-ne-ogradjuje-od-prepiski-boskovica-zivkovica-erakovica-i-drugih\/#primaryimage"},"thumbnailUrl":"https:\/\/dmcsrb.com\/wp-content\/uploads\/2026\/01\/mirkomilicic-1024x640-1.png","datePublished":"2025-10-10T06:14:00+00:00","author":{"@id":"https:\/\/dmcsrb.com\/#\/schema\/person\/5c39170f12db1b8b457732d0b5c854e2"},"breadcrumb":{"@id":"https:\/\/dmcsrb.com\/politika\/milicic-niko-iz-dps-se-ne-ogradjuje-od-prepiski-boskovica-zivkovica-erakovica-i-drugih\/#breadcrumb"},"inLanguage":"en-GB","potentialAction":[{"@type":"ReadAction","target":["https:\/\/dmcsrb.com\/politika\/milicic-niko-iz-dps-se-ne-ogradjuje-od-prepiski-boskovica-zivkovica-erakovica-i-drugih\/"]}]},{"@type":"ImageObject","inLanguage":"en-GB","@id":"https:\/\/dmcsrb.com\/politika\/milicic-niko-iz-dps-se-ne-ogradjuje-od-prepiski-boskovica-zivkovica-erakovica-i-drugih\/#primaryimage","url":"https:\/\/dmcsrb.com\/wp-content\/uploads\/2026\/01\/mirkomilicic-1024x640-1.png","contentUrl":"https:\/\/dmcsrb.com\/wp-content\/uploads\/2026\/01\/mirkomilicic-1024x640-1.png","width":1024,"height":640},{"@type":"BreadcrumbList","@id":"https:\/\/dmcsrb.com\/politika\/milicic-niko-iz-dps-se-ne-ogradjuje-od-prepiski-boskovica-zivkovica-erakovica-i-drugih\/#breadcrumb","itemListElement":[{"@type":"ListItem","position":1,"name":"Home","item":"https:\/\/dmcsrb.com\/"},{"@type":"ListItem","position":2,"name":"Mili\u010di\u0107: Niko iz DPS se ne ogra\u0111uje od prepiski Bo\u0161kovi\u0107a, \u017divkovi\u0107a, Erakovi\u0107a i drugih"}]},{"@type":"WebSite","@id":"https:\/\/dmcsrb.com\/#website","url":"https:\/\/dmcsrb.com\/","name":"dmcsrb.com","description":"","potentialAction":[{"@type":"SearchAction","target":{"@type":"EntryPoint","urlTemplate":"https:\/\/dmcsrb.com\/?s={search_term_string}"},"query-input":{"@type":"PropertyValueSpecification","valueRequired":true,"valueName":"search_term_string"}}],"inLanguage":"en-GB"},{"@type":"Person","@id":"https:\/\/dmcsrb.com\/#\/schema\/person\/5c39170f12db1b8b457732d0b5c854e2","name":"dmcsrbija.com@gmail.com","image":{"@type":"ImageObject","inLanguage":"en-GB","@id":"https:\/\/dmcsrb.com\/#\/schema\/person\/image\/","url":"https:\/\/secure.gravatar.com\/avatar\/68592660ad6347fad0fb587f8d5d8f1a7b44961362f56e4f2cd524feb87e9069?s=96&d=mm&r=g","contentUrl":"https:\/\/secure.gravatar.com\/avatar\/68592660ad6347fad0fb587f8d5d8f1a7b44961362f56e4f2cd524feb87e9069?s=96&d=mm&r=g","caption":"dmcsrbija.com@gmail.com"},"sameAs":["https:\/\/dmcsrb.com"],"url":"https:\/\/dmcsrb.com\/en\/author\/dmcsrbija-comgmail-com\/"}]}},"_links":{"self":[{"href":"https:\/\/dmcsrb.com\/en\/wp-json\/wp\/v2\/posts\/956945","targetHints":{"allow":["GET"]}}],"collection":[{"href":"https:\/\/dmcsrb.com\/en\/wp-json\/wp\/v2\/posts"}],"about":[{"href":"https:\/\/dmcsrb.com\/en\/wp-json\/wp\/v2\/types\/post"}],"author":[{"embeddable":true,"href":"https:\/\/dmcsrb.com\/en\/wp-json\/wp\/v2\/users\/1"}],"replies":[{"embeddable":true,"href":"https:\/\/dmcsrb.com\/en\/wp-json\/wp\/v2\/comments?post=956945"}],"version-history":[{"count":0,"href":"https:\/\/dmcsrb.com\/en\/wp-json\/wp\/v2\/posts\/956945\/revisions"}],"wp:featuredmedia":[{"embeddable":true,"href":"https:\/\/dmcsrb.com\/en\/wp-json\/wp\/v2\/media\/913762"}],"wp:attachment":[{"href":"https:\/\/dmcsrb.com\/en\/wp-json\/wp\/v2\/media?parent=956945"}],"wp:term":[{"taxonomy":"category","embeddable":true,"href":"https:\/\/dmcsrb.com\/en\/wp-json\/wp\/v2\/categories?post=956945"},{"taxonomy":"post_tag","embeddable":true,"href":"https:\/\/dmcsrb.com\/en\/wp-json\/wp\/v2\/tags?post=956945"},{"taxonomy":"naslovna","embeddable":true,"href":"https:\/\/dmcsrb.com\/en\/wp-json\/wp\/v2\/naslovna?post=956945"}],"curies":[{"name":"wp","href":"https:\/\/api.w.org\/{rel}","templated":true}]}}