{"id":956917,"date":"2025-10-09T21:21:00","date_gmt":"2025-10-09T19:21:00","guid":{"rendered":"https:\/\/dmcsrb.com\/uncategorized\/savic-neka-ovaj-poraz-bude-lekcija-za-sve-nas-osmajic-moramo-da-igramo-brze\/"},"modified":"2025-10-09T21:21:00","modified_gmt":"2025-10-09T19:21:00","slug":"savic-neka-ovaj-poraz-bude-lekcija-za-sve-nas-osmajic-moramo-da-igramo-brze","status":"publish","type":"post","link":"https:\/\/dmcsrb.com\/en\/sport\/savic-neka-ovaj-poraz-bude-lekcija-za-sve-nas-osmajic-moramo-da-igramo-brze\/","title":{"rendered":"Savi\u0107: Neka ovaj poraz bude lekcija za sve nas; Osmaji\u0107: Moramo da igramo br\u017ee"},"content":{"rendered":"<p>&#8220;Mislim da se sve vidjelo na terenu. Rezultat koji sigurno boli, ali neka poslu\u017ei kao lekcija i kao otre\u017enjenje. Znali smo da \u0107e biti te\u017eak teren, dosta vjetra, oni su iskoristili sve te svoje \u0161anse na njihovom terenu. Neka ovo bude jedna lekcija za sve da treba dosta da se radi, na pri\u010du te\u0161ko \u0161ta mo\u017ee da se uradi, ve\u0107 jedino mjerilo je teren&#8221;, kazao je Savi\u0107 za RTCG nakon me\u010da i dodao:<\/p>\n\n\n\n<p>&#8220;Mo\u017eemo mi da pri\u010damo bajke, da hvalimo jedni druge, da govorimo kako \u0107emo da napadnemo prvo mjesto. Treba prvo da budemo realni, da spustimo glavu dolje i da radimo. Neka ovo bude otre\u017enjenje za sve mlade momke koji su tu, ne treba sada ni kidati glave, de\u0161ava se ovo u fudbalu, sigurno nikom put nije bio med i mlijeko, tako i u ovoj reprezentaciji. Fali rezultata to je o\u010digledno. Dolazi do smjene gemeracija, dolaze mladi momci, neka ovo bude samo lekcija, da rezultat donosi samo rad, nema drugog na\u010dina&#8221;, istakao je kapiten &#8220;sokola&#8221;. <\/p>\n\n\n\n<p>Milutin Osmaji\u0107 isti\u010de da je svima krivo \u0161to je selektor debitovao na ovakav na\u010din.<\/p>\n\n\n\n<p>&#8220;Ovo je stvarno te\u017eak poraz, moramo svi kolektivno da igramo dosta br\u017ee i bolje. \u0160to se ti\u010de Farskih Ostrva, mislim da su iskoristili njihov teren. Ima tu dosta novih mladih igra\u010da, tu je novi selektor, mislim da nikom nije milo \u0161to smo izgubili naravno, ali to je njegova prva utakmica na klupi. Te\u017eak poraz za sve nas&#8221;, kazao je napada\u010d Prestona.<\/p>\n\n\n\n<p>&#8220;Ostaje nam da analiziramo i ispravimo gre\u0161ke&#8221;, dodao je. <\/p>\n\n\n\n<p>Jedan od trojice debitanata Marko \u0160imun smatra da je prvi gol presjekao ekipu. <\/p>\n\n\n\n<p>&#8220;Do tog gola nismo igrali toliko lo\u0161e. Moramo svi bolje, samo tako mo\u017eemo naprijed. Ne moe\u017emo da ka\u017eemo da su nas izenandili, oni prekide izvode fenomenalno, ali mi smo bili dekocentrisani. Do\u0107 \u0107e bolji dani, krenulo je podmla\u0111ivanje&#8221;, kazao je \u0160imun. <\/p>","protected":false},"excerpt":{"rendered":"<p>Kapiten crnogorske reprezentacije, Stefan Savi\u0107 kazao je nakon bolnog poraza na Farskim Ostrvima (4:0) da ovaj neuspjeh treba da poslu\u017ei kao jedna lekcija.<\/p>","protected":false},"author":1,"featured_media":956918,"comment_status":"open","ping_status":"open","sticky":false,"template":"","format":"standard","meta":{"_acf_changed":false,"footnotes":""},"categories":[148],"tags":[5443,4322,5300,4051,10369,2718],"naslovna":[],"class_list":["post-956917","post","type-post","status-publish","format-standard","has-post-thumbnail","hentry","category-sport","tag-kvalifikacije-za-svjetsko-prvenstvo","tag-marko-simun","tag-milutin-osmajic","tag-muska-fudbalska-reprezentacija-crne-gore","tag-muska-fudbalska-reprezentacija-farskih-ostrva","tag-stefan-savic"],"acf":[],"yoast_head":"<!-- This site is optimized with the Yoast SEO plugin v27.4 - https:\/\/yoast.com\/product\/yoast-seo-wordpress\/ -->\n<title>Savi\u0107: Neka ovaj poraz bude lekcija za sve nas; Osmaji\u0107: Moramo da igramo br\u017ee - dmcsrb.com<\/title>\n<meta name=\"robots\" content=\"index, follow, max-snippet:-1, max-image-preview:large, max-video-preview:-1\" \/>\n<link rel=\"canonical\" href=\"https:\/\/dmcsrb.com\/en\/sport\/savic-neka-ovaj-poraz-bude-lekcija-za-sve-nas-osmajic-moramo-da-igramo-brze\/\" \/>\n<meta property=\"og:locale\" content=\"en_GB\" \/>\n<meta property=\"og:type\" content=\"article\" \/>\n<meta property=\"og:title\" content=\"Savi\u0107: Neka ovaj poraz bude lekcija za sve nas; Osmaji\u0107: Moramo da igramo br\u017ee - dmcsrb.com\" \/>\n<meta property=\"og:description\" content=\"Kapiten crnogorske reprezentacije, Stefan Savi\u0107 kazao je nakon bolnog poraza na Farskim Ostrvima (4:0) da ovaj neuspjeh treba da poslu\u017ei kao jedna lekcija.\" \/>\n<meta property=\"og:url\" content=\"https:\/\/dmcsrb.com\/en\/sport\/savic-neka-ovaj-poraz-bude-lekcija-za-sve-nas-osmajic-moramo-da-igramo-brze\/\" \/>\n<meta property=\"og:site_name\" content=\"dmcsrb.com\" \/>\n<meta property=\"article:published_time\" content=\"2025-10-09T19:21:00+00:00\" \/>\n<meta property=\"og:image\" content=\"https:\/\/dmcsrb.com\/wp-content\/uploads\/2026\/01\/Stefan-Savic-protiv-Farana-FSCG.webp\" \/>\n\t<meta property=\"og:image:width\" content=\"900\" \/>\n\t<meta property=\"og:image:height\" content=\"585\" \/>\n\t<meta property=\"og:image:type\" content=\"image\/jpeg\" \/>\n<meta name=\"author\" content=\"dmcsrbija.com@gmail.com\" \/>\n<meta name=\"twitter:card\" content=\"summary_large_image\" \/>\n<meta name=\"twitter:label1\" content=\"Written by\" \/>\n\t<meta name=\"twitter:data1\" content=\"dmcsrbija.com@gmail.com\" \/>\n\t<meta name=\"twitter:label2\" content=\"Estimated reading time\" \/>\n\t<meta name=\"twitter:data2\" content=\"2 minutes\" \/>\n<script type=\"application\/ld+json\" class=\"yoast-schema-graph\">{\"@context\":\"https:\\\/\\\/schema.org\",\"@graph\":[{\"@type\":\"Article\",\"@id\":\"https:\\\/\\\/dmcsrb.com\\\/sport\\\/savic-neka-ovaj-poraz-bude-lekcija-za-sve-nas-osmajic-moramo-da-igramo-brze\\\/#article\",\"isPartOf\":{\"@id\":\"https:\\\/\\\/dmcsrb.com\\\/sport\\\/savic-neka-ovaj-poraz-bude-lekcija-za-sve-nas-osmajic-moramo-da-igramo-brze\\\/\"},\"author\":{\"name\":\"dmcsrbija.com@gmail.com\",\"@id\":\"https:\\\/\\\/dmcsrb.com\\\/#\\\/schema\\\/person\\\/5c39170f12db1b8b457732d0b5c854e2\"},\"headline\":\"Savi\u0107: Neka ovaj poraz bude lekcija za sve nas; Osmaji\u0107: Moramo da igramo br\u017ee\",\"datePublished\":\"2025-10-09T19:21:00+00:00\",\"mainEntityOfPage\":{\"@id\":\"https:\\\/\\\/dmcsrb.com\\\/sport\\\/savic-neka-ovaj-poraz-bude-lekcija-za-sve-nas-osmajic-moramo-da-igramo-brze\\\/\"},\"wordCount\":345,\"commentCount\":0,\"image\":{\"@id\":\"https:\\\/\\\/dmcsrb.com\\\/sport\\\/savic-neka-ovaj-poraz-bude-lekcija-za-sve-nas-osmajic-moramo-da-igramo-brze\\\/#primaryimage\"},\"thumbnailUrl\":\"https:\\\/\\\/dmcsrb.com\\\/wp-content\\\/uploads\\\/2026\\\/01\\\/Stefan-Savic-protiv-Farana-FSCG.webp\",\"keywords\":[\"kvalifikacije za Svjetsko prvenstvo\",\"Marko \u0160imun\",\"Milutin Osmaji\u0107\",\"Mu\u0161ka fudbalska reprezentacija Crne Gore\",\"Mu\u0161ka fudbalska reprezentacija Farskih Ostrva\",\"Stefan Savi\u0107\"],\"articleSection\":[\"Sport\"],\"inLanguage\":\"en-GB\",\"potentialAction\":[{\"@type\":\"CommentAction\",\"name\":\"Comment\",\"target\":[\"https:\\\/\\\/dmcsrb.com\\\/sport\\\/savic-neka-ovaj-poraz-bude-lekcija-za-sve-nas-osmajic-moramo-da-igramo-brze\\\/#respond\"]}]},{\"@type\":\"WebPage\",\"@id\":\"https:\\\/\\\/dmcsrb.com\\\/sport\\\/savic-neka-ovaj-poraz-bude-lekcija-za-sve-nas-osmajic-moramo-da-igramo-brze\\\/\",\"url\":\"https:\\\/\\\/dmcsrb.com\\\/sport\\\/savic-neka-ovaj-poraz-bude-lekcija-za-sve-nas-osmajic-moramo-da-igramo-brze\\\/\",\"name\":\"Savi\u0107: Neka ovaj poraz bude lekcija za sve nas; Osmaji\u0107: Moramo da igramo br\u017ee - dmcsrb.com\",\"isPartOf\":{\"@id\":\"https:\\\/\\\/dmcsrb.com\\\/#website\"},\"primaryImageOfPage\":{\"@id\":\"https:\\\/\\\/dmcsrb.com\\\/sport\\\/savic-neka-ovaj-poraz-bude-lekcija-za-sve-nas-osmajic-moramo-da-igramo-brze\\\/#primaryimage\"},\"image\":{\"@id\":\"https:\\\/\\\/dmcsrb.com\\\/sport\\\/savic-neka-ovaj-poraz-bude-lekcija-za-sve-nas-osmajic-moramo-da-igramo-brze\\\/#primaryimage\"},\"thumbnailUrl\":\"https:\\\/\\\/dmcsrb.com\\\/wp-content\\\/uploads\\\/2026\\\/01\\\/Stefan-Savic-protiv-Farana-FSCG.webp\",\"datePublished\":\"2025-10-09T19:21:00+00:00\",\"author\":{\"@id\":\"https:\\\/\\\/dmcsrb.com\\\/#\\\/schema\\\/person\\\/5c39170f12db1b8b457732d0b5c854e2\"},\"breadcrumb\":{\"@id\":\"https:\\\/\\\/dmcsrb.com\\\/sport\\\/savic-neka-ovaj-poraz-bude-lekcija-za-sve-nas-osmajic-moramo-da-igramo-brze\\\/#breadcrumb\"},\"inLanguage\":\"en-GB\",\"potentialAction\":[{\"@type\":\"ReadAction\",\"target\":[\"https:\\\/\\\/dmcsrb.com\\\/sport\\\/savic-neka-ovaj-poraz-bude-lekcija-za-sve-nas-osmajic-moramo-da-igramo-brze\\\/\"]}]},{\"@type\":\"ImageObject\",\"inLanguage\":\"en-GB\",\"@id\":\"https:\\\/\\\/dmcsrb.com\\\/sport\\\/savic-neka-ovaj-poraz-bude-lekcija-za-sve-nas-osmajic-moramo-da-igramo-brze\\\/#primaryimage\",\"url\":\"https:\\\/\\\/dmcsrb.com\\\/wp-content\\\/uploads\\\/2026\\\/01\\\/Stefan-Savic-protiv-Farana-FSCG.webp\",\"contentUrl\":\"https:\\\/\\\/dmcsrb.com\\\/wp-content\\\/uploads\\\/2026\\\/01\\\/Stefan-Savic-protiv-Farana-FSCG.webp\",\"width\":900,\"height\":585},{\"@type\":\"BreadcrumbList\",\"@id\":\"https:\\\/\\\/dmcsrb.com\\\/sport\\\/savic-neka-ovaj-poraz-bude-lekcija-za-sve-nas-osmajic-moramo-da-igramo-brze\\\/#breadcrumb\",\"itemListElement\":[{\"@type\":\"ListItem\",\"position\":1,\"name\":\"Home\",\"item\":\"https:\\\/\\\/dmcsrb.com\\\/\"},{\"@type\":\"ListItem\",\"position\":2,\"name\":\"Savi\u0107: Neka ovaj poraz bude lekcija za sve nas; Osmaji\u0107: Moramo da igramo br\u017ee\"}]},{\"@type\":\"WebSite\",\"@id\":\"https:\\\/\\\/dmcsrb.com\\\/#website\",\"url\":\"https:\\\/\\\/dmcsrb.com\\\/\",\"name\":\"dmcsrb.com\",\"description\":\"\",\"potentialAction\":[{\"@type\":\"SearchAction\",\"target\":{\"@type\":\"EntryPoint\",\"urlTemplate\":\"https:\\\/\\\/dmcsrb.com\\\/?s={search_term_string}\"},\"query-input\":{\"@type\":\"PropertyValueSpecification\",\"valueRequired\":true,\"valueName\":\"search_term_string\"}}],\"inLanguage\":\"en-GB\"},{\"@type\":\"Person\",\"@id\":\"https:\\\/\\\/dmcsrb.com\\\/#\\\/schema\\\/person\\\/5c39170f12db1b8b457732d0b5c854e2\",\"name\":\"dmcsrbija.com@gmail.com\",\"image\":{\"@type\":\"ImageObject\",\"inLanguage\":\"en-GB\",\"@id\":\"https:\\\/\\\/secure.gravatar.com\\\/avatar\\\/68592660ad6347fad0fb587f8d5d8f1a7b44961362f56e4f2cd524feb87e9069?s=96&d=mm&r=g\",\"url\":\"https:\\\/\\\/secure.gravatar.com\\\/avatar\\\/68592660ad6347fad0fb587f8d5d8f1a7b44961362f56e4f2cd524feb87e9069?s=96&d=mm&r=g\",\"contentUrl\":\"https:\\\/\\\/secure.gravatar.com\\\/avatar\\\/68592660ad6347fad0fb587f8d5d8f1a7b44961362f56e4f2cd524feb87e9069?s=96&d=mm&r=g\",\"caption\":\"dmcsrbija.com@gmail.com\"},\"sameAs\":[\"https:\\\/\\\/dmcsrb.com\"],\"url\":\"https:\\\/\\\/dmcsrb.com\\\/en\\\/author\\\/dmcsrbija-comgmail-com\\\/\"}]}<\/script>\n<!-- \/ Yoast SEO plugin. -->","yoast_head_json":{"title":"Savi\u0107: Neka ovaj poraz bude lekcija za sve nas; Osmaji\u0107: Moramo da igramo br\u017ee - dmcsrb.com","robots":{"index":"index","follow":"follow","max-snippet":"max-snippet:-1","max-image-preview":"max-image-preview:large","max-video-preview":"max-video-preview:-1"},"canonical":"https:\/\/dmcsrb.com\/en\/sport\/savic-neka-ovaj-poraz-bude-lekcija-za-sve-nas-osmajic-moramo-da-igramo-brze\/","og_locale":"en_GB","og_type":"article","og_title":"Savi\u0107: Neka ovaj poraz bude lekcija za sve nas; Osmaji\u0107: Moramo da igramo br\u017ee - dmcsrb.com","og_description":"Kapiten crnogorske reprezentacije, Stefan Savi\u0107 kazao je nakon bolnog poraza na Farskim Ostrvima (4:0) da ovaj neuspjeh treba da poslu\u017ei kao jedna lekcija.","og_url":"https:\/\/dmcsrb.com\/en\/sport\/savic-neka-ovaj-poraz-bude-lekcija-za-sve-nas-osmajic-moramo-da-igramo-brze\/","og_site_name":"dmcsrb.com","article_published_time":"2025-10-09T19:21:00+00:00","og_image":[{"width":900,"height":585,"url":"https:\/\/dmcsrb.com\/wp-content\/uploads\/2026\/01\/Stefan-Savic-protiv-Farana-FSCG.webp","type":"image\/jpeg"}],"author":"dmcsrbija.com@gmail.com","twitter_card":"summary_large_image","twitter_misc":{"Written by":"dmcsrbija.com@gmail.com","Estimated reading time":"2 minutes"},"schema":{"@context":"https:\/\/schema.org","@graph":[{"@type":"Article","@id":"https:\/\/dmcsrb.com\/sport\/savic-neka-ovaj-poraz-bude-lekcija-za-sve-nas-osmajic-moramo-da-igramo-brze\/#article","isPartOf":{"@id":"https:\/\/dmcsrb.com\/sport\/savic-neka-ovaj-poraz-bude-lekcija-za-sve-nas-osmajic-moramo-da-igramo-brze\/"},"author":{"name":"dmcsrbija.com@gmail.com","@id":"https:\/\/dmcsrb.com\/#\/schema\/person\/5c39170f12db1b8b457732d0b5c854e2"},"headline":"Savi\u0107: Neka ovaj poraz bude lekcija za sve nas; Osmaji\u0107: Moramo da igramo br\u017ee","datePublished":"2025-10-09T19:21:00+00:00","mainEntityOfPage":{"@id":"https:\/\/dmcsrb.com\/sport\/savic-neka-ovaj-poraz-bude-lekcija-za-sve-nas-osmajic-moramo-da-igramo-brze\/"},"wordCount":345,"commentCount":0,"image":{"@id":"https:\/\/dmcsrb.com\/sport\/savic-neka-ovaj-poraz-bude-lekcija-za-sve-nas-osmajic-moramo-da-igramo-brze\/#primaryimage"},"thumbnailUrl":"https:\/\/dmcsrb.com\/wp-content\/uploads\/2026\/01\/Stefan-Savic-protiv-Farana-FSCG.webp","keywords":["kvalifikacije za Svjetsko prvenstvo","Marko \u0160imun","Milutin Osmaji\u0107","Mu\u0161ka fudbalska reprezentacija Crne Gore","Mu\u0161ka fudbalska reprezentacija Farskih Ostrva","Stefan Savi\u0107"],"articleSection":["Sport"],"inLanguage":"en-GB","potentialAction":[{"@type":"CommentAction","name":"Comment","target":["https:\/\/dmcsrb.com\/sport\/savic-neka-ovaj-poraz-bude-lekcija-za-sve-nas-osmajic-moramo-da-igramo-brze\/#respond"]}]},{"@type":"WebPage","@id":"https:\/\/dmcsrb.com\/sport\/savic-neka-ovaj-poraz-bude-lekcija-za-sve-nas-osmajic-moramo-da-igramo-brze\/","url":"https:\/\/dmcsrb.com\/sport\/savic-neka-ovaj-poraz-bude-lekcija-za-sve-nas-osmajic-moramo-da-igramo-brze\/","name":"Savi\u0107: Neka ovaj poraz bude lekcija za sve nas; Osmaji\u0107: Moramo da igramo br\u017ee - dmcsrb.com","isPartOf":{"@id":"https:\/\/dmcsrb.com\/#website"},"primaryImageOfPage":{"@id":"https:\/\/dmcsrb.com\/sport\/savic-neka-ovaj-poraz-bude-lekcija-za-sve-nas-osmajic-moramo-da-igramo-brze\/#primaryimage"},"image":{"@id":"https:\/\/dmcsrb.com\/sport\/savic-neka-ovaj-poraz-bude-lekcija-za-sve-nas-osmajic-moramo-da-igramo-brze\/#primaryimage"},"thumbnailUrl":"https:\/\/dmcsrb.com\/wp-content\/uploads\/2026\/01\/Stefan-Savic-protiv-Farana-FSCG.webp","datePublished":"2025-10-09T19:21:00+00:00","author":{"@id":"https:\/\/dmcsrb.com\/#\/schema\/person\/5c39170f12db1b8b457732d0b5c854e2"},"breadcrumb":{"@id":"https:\/\/dmcsrb.com\/sport\/savic-neka-ovaj-poraz-bude-lekcija-za-sve-nas-osmajic-moramo-da-igramo-brze\/#breadcrumb"},"inLanguage":"en-GB","potentialAction":[{"@type":"ReadAction","target":["https:\/\/dmcsrb.com\/sport\/savic-neka-ovaj-poraz-bude-lekcija-za-sve-nas-osmajic-moramo-da-igramo-brze\/"]}]},{"@type":"ImageObject","inLanguage":"en-GB","@id":"https:\/\/dmcsrb.com\/sport\/savic-neka-ovaj-poraz-bude-lekcija-za-sve-nas-osmajic-moramo-da-igramo-brze\/#primaryimage","url":"https:\/\/dmcsrb.com\/wp-content\/uploads\/2026\/01\/Stefan-Savic-protiv-Farana-FSCG.webp","contentUrl":"https:\/\/dmcsrb.com\/wp-content\/uploads\/2026\/01\/Stefan-Savic-protiv-Farana-FSCG.webp","width":900,"height":585},{"@type":"BreadcrumbList","@id":"https:\/\/dmcsrb.com\/sport\/savic-neka-ovaj-poraz-bude-lekcija-za-sve-nas-osmajic-moramo-da-igramo-brze\/#breadcrumb","itemListElement":[{"@type":"ListItem","position":1,"name":"Home","item":"https:\/\/dmcsrb.com\/"},{"@type":"ListItem","position":2,"name":"Savi\u0107: Neka ovaj poraz bude lekcija za sve nas; Osmaji\u0107: Moramo da igramo br\u017ee"}]},{"@type":"WebSite","@id":"https:\/\/dmcsrb.com\/#website","url":"https:\/\/dmcsrb.com\/","name":"dmcsrb.com","description":"","potentialAction":[{"@type":"SearchAction","target":{"@type":"EntryPoint","urlTemplate":"https:\/\/dmcsrb.com\/?s={search_term_string}"},"query-input":{"@type":"PropertyValueSpecification","valueRequired":true,"valueName":"search_term_string"}}],"inLanguage":"en-GB"},{"@type":"Person","@id":"https:\/\/dmcsrb.com\/#\/schema\/person\/5c39170f12db1b8b457732d0b5c854e2","name":"dmcsrbija.com@gmail.com","image":{"@type":"ImageObject","inLanguage":"en-GB","@id":"https:\/\/secure.gravatar.com\/avatar\/68592660ad6347fad0fb587f8d5d8f1a7b44961362f56e4f2cd524feb87e9069?s=96&d=mm&r=g","url":"https:\/\/secure.gravatar.com\/avatar\/68592660ad6347fad0fb587f8d5d8f1a7b44961362f56e4f2cd524feb87e9069?s=96&d=mm&r=g","contentUrl":"https:\/\/secure.gravatar.com\/avatar\/68592660ad6347fad0fb587f8d5d8f1a7b44961362f56e4f2cd524feb87e9069?s=96&d=mm&r=g","caption":"dmcsrbija.com@gmail.com"},"sameAs":["https:\/\/dmcsrb.com"],"url":"https:\/\/dmcsrb.com\/en\/author\/dmcsrbija-comgmail-com\/"}]}},"_links":{"self":[{"href":"https:\/\/dmcsrb.com\/en\/wp-json\/wp\/v2\/posts\/956917","targetHints":{"allow":["GET"]}}],"collection":[{"href":"https:\/\/dmcsrb.com\/en\/wp-json\/wp\/v2\/posts"}],"about":[{"href":"https:\/\/dmcsrb.com\/en\/wp-json\/wp\/v2\/types\/post"}],"author":[{"embeddable":true,"href":"https:\/\/dmcsrb.com\/en\/wp-json\/wp\/v2\/users\/1"}],"replies":[{"embeddable":true,"href":"https:\/\/dmcsrb.com\/en\/wp-json\/wp\/v2\/comments?post=956917"}],"version-history":[{"count":0,"href":"https:\/\/dmcsrb.com\/en\/wp-json\/wp\/v2\/posts\/956917\/revisions"}],"wp:featuredmedia":[{"embeddable":true,"href":"https:\/\/dmcsrb.com\/en\/wp-json\/wp\/v2\/media\/956918"}],"wp:attachment":[{"href":"https:\/\/dmcsrb.com\/en\/wp-json\/wp\/v2\/media?parent=956917"}],"wp:term":[{"taxonomy":"category","embeddable":true,"href":"https:\/\/dmcsrb.com\/en\/wp-json\/wp\/v2\/categories?post=956917"},{"taxonomy":"post_tag","embeddable":true,"href":"https:\/\/dmcsrb.com\/en\/wp-json\/wp\/v2\/tags?post=956917"},{"taxonomy":"naslovna","embeddable":true,"href":"https:\/\/dmcsrb.com\/en\/wp-json\/wp\/v2\/naslovna?post=956917"}],"curies":[{"name":"wp","href":"https:\/\/api.w.org\/{rel}","templated":true}]}}