{"id":956841,"date":"2025-10-09T14:25:00","date_gmt":"2025-10-09T12:25:00","guid":{"rendered":"https:\/\/dmcsrb.com\/uncategorized\/ljubisa-pavicevic-odredjen-za-v-d-generalnog-direktora-direktorata-za-energetsku-efikasnost\/"},"modified":"2025-10-09T14:25:00","modified_gmt":"2025-10-09T12:25:00","slug":"ljubisa-pavicevic-odredjen-za-v-d-generalnog-direktora-direktorata-za-energetsku-efikasnost","status":"publish","type":"post","link":"https:\/\/dmcsrb.com\/en\/drustvo\/ljubisa-pavicevic-odredjen-za-v-d-generalnog-direktora-direktorata-za-energetsku-efikasnost\/","title":{"rendered":"Ljubi\u0161a Pavi\u0107evi\u0107 odre\u0111en za v.d. generalnog direktora Direktorata za energetsku efikasnost"},"content":{"rendered":"<p><\/p>\n\n\n\n<p>U tom kontekstu, Vlada je:<\/p>\n\n\n\n<ol class=\"wp-block-list\">\n<li><a>donijela\u00a0<\/a>Rje\u0161enje o razrje\u0161enju\u00a0<strong>\u017deljka Buri\u0107a,<\/strong>\u00a0predstavnika Unije slobodnih sindikata Crne Gore, du\u017enosti \u010dlana Upravnog odbora Fonda penzijskog i invalidskog osiguranja Crne Gore;<\/li>\n<\/ol>\n\n\n\n<ul class=\"wp-block-list\">\n<li><a>donijela Rje\u0161enje o imenovanju\u00a0<\/a><strong>Sr\u0111ana Veljovi\u0107a<\/strong>, predstavnika Saveza sindikata Crne Gore, za \u010dlana Upravnog odbora Fonda penzijskog i invalidskog osiguranja Crne Gore;<\/li>\n<\/ul>\n\n\n\n<ul class=\"wp-block-list\">\n<li>donijela Rje\u0161enje o prestanku mandata oficira za vezu \u2013 predstavnika Crne Gore u Centru za sprovo\u0111enje zakona u Jugoisto\u010dnoj Evropi (SELEC-u)\u00a0<strong>Zorana Radusinovi\u0107a<\/strong>;<\/li>\n<\/ul>\n\n\n\n<ul class=\"wp-block-list\">\n<li>donijela Rje\u0161enje o obustavi postupka dono\u0161enja odluke po presudi Upravnog suda Crne Gore, U. br. 15161\/23 od 27. 6. 2025. godine, zbog isteka mandata na koji je\u00a0<strong>dr Gordana Radojevi\u0107<\/strong>\u00a0imenovana za direktoricu Uprave za statistiku;<\/li>\n<\/ul>\n\n\n\n<ul class=\"wp-block-list\">\n<li><a>donijela Rje\u0161enje o prestanku vr\u0161enja du\u017enosti\u00a0v. d.\u00a0<\/a>generalne direktorice Direktorata za kulturno-umjetni\u010dko stvarala\u0161tvo u Ministarstvu kulture i medija\u00a0<strong>Jelene Jovanovi\u0107 Nikoli\u0107<\/strong>;<\/li>\n<\/ul>\n\n\n\n<ul class=\"wp-block-list\">\n<li><a>donijela Rje\u0161enje\u00a0<\/a>o prestanku vr\u0161enja du\u017enosti v. d. pomo\u0107nice direktora Uprave za za\u0161titu kulturnih dobara \u2013 rukovoditeljki Sektora za uspostavljanje za\u0161tite kulturnih dobara\u00a0<strong>Lidije Markovi\u0107<\/strong>;<\/li>\n<\/ul>\n\n\n\n<ul class=\"wp-block-list\">\n<li>donijela Rje\u0161enje o postavljenju\u00a0<strong>Lidije Markovi\u0107<\/strong>\u00a0za pomo\u0107nicu direktora Uprave za za\u0161titu kulturnih dobara \u2013 rukovoditeljku Sektora za uspostavljanje za\u0161tite kulturnih dobara;<\/li>\n<\/ul>\n\n\n\n<ul class=\"wp-block-list\">\n<li>donijela Rje\u0161enje o postavljenju\u00a0<strong>mr Marije Lubarde<\/strong>\u00a0za\u00a0pomo\u0107nicu direktora Uprave za za\u0161titu kulturnih dobara \u2013 rukovoditeljku Sektora za sprovo\u0111enje mjera za\u0161tite kulturnih dobara;<\/li>\n<\/ul>\n\n\n\n<ul class=\"wp-block-list\">\n<li>donijela Rje\u0161enje o imenovanju\u00a0<strong>Mirjane Koji\u0107<\/strong>\u00a0za \u010dlanicu Savjeta za privatizaciju i kapitalne projekte;<\/li>\n<\/ul>\n\n\n\n<ol class=\"wp-block-list\">\n<li>donijela Rje\u0161enje o imenovanju\u00a0<strong>Tarika Turkovi\u0107a<\/strong>\u00a0za dr\u017eavnog sekretara u Ministarstvu finansija;<\/li>\n<\/ol>\n\n\n\n<ol class=\"wp-block-list\">\n<li>donijela Rje\u0161enje o prestanku vr\u0161enja du\u017enosti v. d. pomo\u0107nika direktora Uprave za statistiku \u2013 rukovodioca Sektora za koordinaciju statisti\u010dkih izvora podataka mr\u00a0<strong>Ernada Koli\u0107a<\/strong>;<\/li>\n<\/ol>\n\n\n\n<ol class=\"wp-block-list\">\n<li>donijela Rje\u0161enje o prestanku mandata savjetnika potpredsjednika Vlade za me\u0111unarodne odnose<strong>\u00a0mr Adela Nurkovi\u0107a<\/strong>;<\/li>\n<\/ol>\n\n\n\n<ol class=\"wp-block-list\">\n<li>donijela Rje\u0161enje o odre\u0111ivanju\u00a0<strong>Ljubi\u0161e Pavi\u0107evi\u0107a<\/strong>\u00a0za vr\u0161ioca du\u017enosti generalnog direktora Direktorata za energetsku efikasnost u Ministarstvu energetike i rudarstva;<\/li>\n<\/ol>\n\n\n\n<ol class=\"wp-block-list\">\n<li>donijela Rje\u0161enje o imenovanju predsjednika, \u010dlanove i sekretara Me\u0111uresorske komisije za reviziju strate\u0161kih dokumenata, zakonskih i podzakonskih akata kojima su ure\u0111ena tanja od zna\u010daja za nacionalnu bezbjednost, kojom \u0107e rukovoditi\u00a0<strong>Dragan Krapovi\u0107<\/strong>, ministar odbrane;<\/li>\n<\/ol>\n\n\n\n<ol class=\"wp-block-list\">\n<li>donijela Rje\u0161enje o imenovanju\u00a0<strong>Roberte Camaj<\/strong>\u00a0za savjetnicu potpredsjednika Vlade za bezbjednost, odbranu, borbu protiv kriminala i unutra\u0161nju politiku.<\/li>\n<\/ol>","protected":false},"excerpt":{"rendered":"<p>Vlada Crne Gore je, na danas odr\u017eanoj 98. sjednici kojom je predsjedavao premijer\u00a0mr Milojko Spaji\u0107, razmotrila vi\u0161e kadrovskih pitanja.<\/p>","protected":false},"author":1,"featured_media":956842,"comment_status":"open","ping_status":"open","sticky":false,"template":"","format":"standard","meta":{"_acf_changed":false,"footnotes":""},"categories":[2],"tags":[10896,10897,1809,10898],"naslovna":[],"class_list":["post-956841","post","type-post","status-publish","format-standard","has-post-thumbnail","hentry","category-drustvo","tag-direktorat-za-energetsku-efikasnost","tag-ljubisa-pavicevic","tag-ministarstvo-energetike-i-rudarstva","tag-v-d-generalnog-direktora"],"acf":[],"yoast_head":"<!-- This site is optimized with the Yoast SEO plugin v27.0 - https:\/\/yoast.com\/product\/yoast-seo-wordpress\/ -->\n<title>Ljubi\u0161a Pavi\u0107evi\u0107 odre\u0111en za v.d. generalnog direktora Direktorata za energetsku efikasnost - dmcsrb.com<\/title>\n<meta name=\"robots\" content=\"index, follow, max-snippet:-1, max-image-preview:large, max-video-preview:-1\" \/>\n<link rel=\"canonical\" href=\"https:\/\/dmcsrb.com\/en\/drustvo\/ljubisa-pavicevic-odredjen-za-v-d-generalnog-direktora-direktorata-za-energetsku-efikasnost\/\" \/>\n<meta property=\"og:locale\" content=\"en_GB\" \/>\n<meta property=\"og:type\" content=\"article\" \/>\n<meta property=\"og:title\" content=\"Ljubi\u0161a Pavi\u0107evi\u0107 odre\u0111en za v.d. generalnog direktora Direktorata za energetsku efikasnost - dmcsrb.com\" \/>\n<meta property=\"og:description\" content=\"Vlada Crne Gore je, na danas odr\u017eanoj 98. sjednici kojom je predsjedavao premijer\u00a0mr Milojko Spaji\u0107, razmotrila vi\u0161e kadrovskih pitanja.\" \/>\n<meta property=\"og:url\" content=\"https:\/\/dmcsrb.com\/en\/drustvo\/ljubisa-pavicevic-odredjen-za-v-d-generalnog-direktora-direktorata-za-energetsku-efikasnost\/\" \/>\n<meta property=\"og:site_name\" content=\"dmcsrb.com\" \/>\n<meta property=\"article:published_time\" content=\"2025-10-09T12:25:00+00:00\" \/>\n<meta property=\"og:image\" content=\"https:\/\/dmcsrb.com\/wp-content\/uploads\/2026\/01\/54843001068_a94d66db6a_z.webp\" \/>\n\t<meta property=\"og:image:width\" content=\"640\" \/>\n\t<meta property=\"og:image:height\" content=\"426\" \/>\n\t<meta property=\"og:image:type\" content=\"image\/jpeg\" \/>\n<meta name=\"author\" content=\"dmcsrbija.com@gmail.com\" \/>\n<meta name=\"twitter:card\" content=\"summary_large_image\" \/>\n<meta name=\"twitter:label1\" content=\"Written by\" \/>\n\t<meta name=\"twitter:data1\" content=\"dmcsrbija.com@gmail.com\" \/>\n\t<meta name=\"twitter:label2\" content=\"Estimated reading time\" \/>\n\t<meta name=\"twitter:data2\" content=\"2 minutes\" \/>\n<script type=\"application\/ld+json\" class=\"yoast-schema-graph\">{\"@context\":\"https:\/\/schema.org\",\"@graph\":[{\"@type\":\"Article\",\"@id\":\"https:\/\/dmcsrb.com\/drustvo\/ljubisa-pavicevic-odredjen-za-v-d-generalnog-direktora-direktorata-za-energetsku-efikasnost\/#article\",\"isPartOf\":{\"@id\":\"https:\/\/dmcsrb.com\/drustvo\/ljubisa-pavicevic-odredjen-za-v-d-generalnog-direktora-direktorata-za-energetsku-efikasnost\/\"},\"author\":{\"name\":\"dmcsrbija.com@gmail.com\",\"@id\":\"https:\/\/dmcsrb.com\/#\/schema\/person\/5c39170f12db1b8b457732d0b5c854e2\"},\"headline\":\"Ljubi\u0161a Pavi\u0107evi\u0107 odre\u0111en za v.d. generalnog direktora Direktorata za energetsku efikasnost\",\"datePublished\":\"2025-10-09T12:25:00+00:00\",\"mainEntityOfPage\":{\"@id\":\"https:\/\/dmcsrb.com\/drustvo\/ljubisa-pavicevic-odredjen-za-v-d-generalnog-direktora-direktorata-za-energetsku-efikasnost\/\"},\"wordCount\":405,\"commentCount\":0,\"image\":{\"@id\":\"https:\/\/dmcsrb.com\/drustvo\/ljubisa-pavicevic-odredjen-za-v-d-generalnog-direktora-direktorata-za-energetsku-efikasnost\/#primaryimage\"},\"thumbnailUrl\":\"https:\/\/dmcsrb.com\/wp-content\/uploads\/2026\/01\/54843001068_a94d66db6a_z.webp\",\"keywords\":[\"Direktorat za energetsku efikasnost\",\"Ljubi\u0161a Pavi\u0107evi\u0107\",\"Ministarstvo energetike i rudarstva\",\"v.d. generalnog direktora\"],\"articleSection\":[\"Dru\u0161tvo\"],\"inLanguage\":\"en-GB\",\"potentialAction\":[{\"@type\":\"CommentAction\",\"name\":\"Comment\",\"target\":[\"https:\/\/dmcsrb.com\/drustvo\/ljubisa-pavicevic-odredjen-za-v-d-generalnog-direktora-direktorata-za-energetsku-efikasnost\/#respond\"]}]},{\"@type\":\"WebPage\",\"@id\":\"https:\/\/dmcsrb.com\/drustvo\/ljubisa-pavicevic-odredjen-za-v-d-generalnog-direktora-direktorata-za-energetsku-efikasnost\/\",\"url\":\"https:\/\/dmcsrb.com\/drustvo\/ljubisa-pavicevic-odredjen-za-v-d-generalnog-direktora-direktorata-za-energetsku-efikasnost\/\",\"name\":\"Ljubi\u0161a Pavi\u0107evi\u0107 odre\u0111en za v.d. generalnog direktora Direktorata za energetsku efikasnost - dmcsrb.com\",\"isPartOf\":{\"@id\":\"https:\/\/dmcsrb.com\/#website\"},\"primaryImageOfPage\":{\"@id\":\"https:\/\/dmcsrb.com\/drustvo\/ljubisa-pavicevic-odredjen-za-v-d-generalnog-direktora-direktorata-za-energetsku-efikasnost\/#primaryimage\"},\"image\":{\"@id\":\"https:\/\/dmcsrb.com\/drustvo\/ljubisa-pavicevic-odredjen-za-v-d-generalnog-direktora-direktorata-za-energetsku-efikasnost\/#primaryimage\"},\"thumbnailUrl\":\"https:\/\/dmcsrb.com\/wp-content\/uploads\/2026\/01\/54843001068_a94d66db6a_z.webp\",\"datePublished\":\"2025-10-09T12:25:00+00:00\",\"author\":{\"@id\":\"https:\/\/dmcsrb.com\/#\/schema\/person\/5c39170f12db1b8b457732d0b5c854e2\"},\"breadcrumb\":{\"@id\":\"https:\/\/dmcsrb.com\/drustvo\/ljubisa-pavicevic-odredjen-za-v-d-generalnog-direktora-direktorata-za-energetsku-efikasnost\/#breadcrumb\"},\"inLanguage\":\"en-GB\",\"potentialAction\":[{\"@type\":\"ReadAction\",\"target\":[\"https:\/\/dmcsrb.com\/drustvo\/ljubisa-pavicevic-odredjen-za-v-d-generalnog-direktora-direktorata-za-energetsku-efikasnost\/\"]}]},{\"@type\":\"ImageObject\",\"inLanguage\":\"en-GB\",\"@id\":\"https:\/\/dmcsrb.com\/drustvo\/ljubisa-pavicevic-odredjen-za-v-d-generalnog-direktora-direktorata-za-energetsku-efikasnost\/#primaryimage\",\"url\":\"https:\/\/dmcsrb.com\/wp-content\/uploads\/2026\/01\/54843001068_a94d66db6a_z.webp\",\"contentUrl\":\"https:\/\/dmcsrb.com\/wp-content\/uploads\/2026\/01\/54843001068_a94d66db6a_z.webp\",\"width\":640,\"height\":426},{\"@type\":\"BreadcrumbList\",\"@id\":\"https:\/\/dmcsrb.com\/drustvo\/ljubisa-pavicevic-odredjen-za-v-d-generalnog-direktora-direktorata-za-energetsku-efikasnost\/#breadcrumb\",\"itemListElement\":[{\"@type\":\"ListItem\",\"position\":1,\"name\":\"Home\",\"item\":\"https:\/\/dmcsrb.com\/\"},{\"@type\":\"ListItem\",\"position\":2,\"name\":\"Ljubi\u0161a Pavi\u0107evi\u0107 odre\u0111en za v.d. generalnog direktora Direktorata za energetsku efikasnost\"}]},{\"@type\":\"WebSite\",\"@id\":\"https:\/\/dmcsrb.com\/#website\",\"url\":\"https:\/\/dmcsrb.com\/\",\"name\":\"dmcsrb.com\",\"description\":\"\",\"potentialAction\":[{\"@type\":\"SearchAction\",\"target\":{\"@type\":\"EntryPoint\",\"urlTemplate\":\"https:\/\/dmcsrb.com\/?s={search_term_string}\"},\"query-input\":{\"@type\":\"PropertyValueSpecification\",\"valueRequired\":true,\"valueName\":\"search_term_string\"}}],\"inLanguage\":\"en-GB\"},{\"@type\":\"Person\",\"@id\":\"https:\/\/dmcsrb.com\/#\/schema\/person\/5c39170f12db1b8b457732d0b5c854e2\",\"name\":\"dmcsrbija.com@gmail.com\",\"image\":{\"@type\":\"ImageObject\",\"inLanguage\":\"en-GB\",\"@id\":\"https:\/\/dmcsrb.com\/#\/schema\/person\/image\/\",\"url\":\"https:\/\/secure.gravatar.com\/avatar\/68592660ad6347fad0fb587f8d5d8f1a7b44961362f56e4f2cd524feb87e9069?s=96&d=mm&r=g\",\"contentUrl\":\"https:\/\/secure.gravatar.com\/avatar\/68592660ad6347fad0fb587f8d5d8f1a7b44961362f56e4f2cd524feb87e9069?s=96&d=mm&r=g\",\"caption\":\"dmcsrbija.com@gmail.com\"},\"sameAs\":[\"https:\/\/dmcsrb.com\"],\"url\":\"https:\/\/dmcsrb.com\/en\/author\/dmcsrbija-comgmail-com\/\"}]}<\/script>\n<!-- \/ Yoast SEO plugin. -->","yoast_head_json":{"title":"Ljubi\u0161a Pavi\u0107evi\u0107 odre\u0111en za v.d. generalnog direktora Direktorata za energetsku efikasnost - dmcsrb.com","robots":{"index":"index","follow":"follow","max-snippet":"max-snippet:-1","max-image-preview":"max-image-preview:large","max-video-preview":"max-video-preview:-1"},"canonical":"https:\/\/dmcsrb.com\/en\/drustvo\/ljubisa-pavicevic-odredjen-za-v-d-generalnog-direktora-direktorata-za-energetsku-efikasnost\/","og_locale":"en_GB","og_type":"article","og_title":"Ljubi\u0161a Pavi\u0107evi\u0107 odre\u0111en za v.d. generalnog direktora Direktorata za energetsku efikasnost - dmcsrb.com","og_description":"Vlada Crne Gore je, na danas odr\u017eanoj 98. sjednici kojom je predsjedavao premijer\u00a0mr Milojko Spaji\u0107, razmotrila vi\u0161e kadrovskih pitanja.","og_url":"https:\/\/dmcsrb.com\/en\/drustvo\/ljubisa-pavicevic-odredjen-za-v-d-generalnog-direktora-direktorata-za-energetsku-efikasnost\/","og_site_name":"dmcsrb.com","article_published_time":"2025-10-09T12:25:00+00:00","og_image":[{"width":640,"height":426,"url":"https:\/\/dmcsrb.com\/wp-content\/uploads\/2026\/01\/54843001068_a94d66db6a_z.webp","type":"image\/jpeg"}],"author":"dmcsrbija.com@gmail.com","twitter_card":"summary_large_image","twitter_misc":{"Written by":"dmcsrbija.com@gmail.com","Estimated reading time":"2 minutes"},"schema":{"@context":"https:\/\/schema.org","@graph":[{"@type":"Article","@id":"https:\/\/dmcsrb.com\/drustvo\/ljubisa-pavicevic-odredjen-za-v-d-generalnog-direktora-direktorata-za-energetsku-efikasnost\/#article","isPartOf":{"@id":"https:\/\/dmcsrb.com\/drustvo\/ljubisa-pavicevic-odredjen-za-v-d-generalnog-direktora-direktorata-za-energetsku-efikasnost\/"},"author":{"name":"dmcsrbija.com@gmail.com","@id":"https:\/\/dmcsrb.com\/#\/schema\/person\/5c39170f12db1b8b457732d0b5c854e2"},"headline":"Ljubi\u0161a Pavi\u0107evi\u0107 odre\u0111en za v.d. generalnog direktora Direktorata za energetsku efikasnost","datePublished":"2025-10-09T12:25:00+00:00","mainEntityOfPage":{"@id":"https:\/\/dmcsrb.com\/drustvo\/ljubisa-pavicevic-odredjen-za-v-d-generalnog-direktora-direktorata-za-energetsku-efikasnost\/"},"wordCount":405,"commentCount":0,"image":{"@id":"https:\/\/dmcsrb.com\/drustvo\/ljubisa-pavicevic-odredjen-za-v-d-generalnog-direktora-direktorata-za-energetsku-efikasnost\/#primaryimage"},"thumbnailUrl":"https:\/\/dmcsrb.com\/wp-content\/uploads\/2026\/01\/54843001068_a94d66db6a_z.webp","keywords":["Direktorat za energetsku efikasnost","Ljubi\u0161a Pavi\u0107evi\u0107","Ministarstvo energetike i rudarstva","v.d. generalnog direktora"],"articleSection":["Dru\u0161tvo"],"inLanguage":"en-GB","potentialAction":[{"@type":"CommentAction","name":"Comment","target":["https:\/\/dmcsrb.com\/drustvo\/ljubisa-pavicevic-odredjen-za-v-d-generalnog-direktora-direktorata-za-energetsku-efikasnost\/#respond"]}]},{"@type":"WebPage","@id":"https:\/\/dmcsrb.com\/drustvo\/ljubisa-pavicevic-odredjen-za-v-d-generalnog-direktora-direktorata-za-energetsku-efikasnost\/","url":"https:\/\/dmcsrb.com\/drustvo\/ljubisa-pavicevic-odredjen-za-v-d-generalnog-direktora-direktorata-za-energetsku-efikasnost\/","name":"Ljubi\u0161a Pavi\u0107evi\u0107 odre\u0111en za v.d. generalnog direktora Direktorata za energetsku efikasnost - dmcsrb.com","isPartOf":{"@id":"https:\/\/dmcsrb.com\/#website"},"primaryImageOfPage":{"@id":"https:\/\/dmcsrb.com\/drustvo\/ljubisa-pavicevic-odredjen-za-v-d-generalnog-direktora-direktorata-za-energetsku-efikasnost\/#primaryimage"},"image":{"@id":"https:\/\/dmcsrb.com\/drustvo\/ljubisa-pavicevic-odredjen-za-v-d-generalnog-direktora-direktorata-za-energetsku-efikasnost\/#primaryimage"},"thumbnailUrl":"https:\/\/dmcsrb.com\/wp-content\/uploads\/2026\/01\/54843001068_a94d66db6a_z.webp","datePublished":"2025-10-09T12:25:00+00:00","author":{"@id":"https:\/\/dmcsrb.com\/#\/schema\/person\/5c39170f12db1b8b457732d0b5c854e2"},"breadcrumb":{"@id":"https:\/\/dmcsrb.com\/drustvo\/ljubisa-pavicevic-odredjen-za-v-d-generalnog-direktora-direktorata-za-energetsku-efikasnost\/#breadcrumb"},"inLanguage":"en-GB","potentialAction":[{"@type":"ReadAction","target":["https:\/\/dmcsrb.com\/drustvo\/ljubisa-pavicevic-odredjen-za-v-d-generalnog-direktora-direktorata-za-energetsku-efikasnost\/"]}]},{"@type":"ImageObject","inLanguage":"en-GB","@id":"https:\/\/dmcsrb.com\/drustvo\/ljubisa-pavicevic-odredjen-za-v-d-generalnog-direktora-direktorata-za-energetsku-efikasnost\/#primaryimage","url":"https:\/\/dmcsrb.com\/wp-content\/uploads\/2026\/01\/54843001068_a94d66db6a_z.webp","contentUrl":"https:\/\/dmcsrb.com\/wp-content\/uploads\/2026\/01\/54843001068_a94d66db6a_z.webp","width":640,"height":426},{"@type":"BreadcrumbList","@id":"https:\/\/dmcsrb.com\/drustvo\/ljubisa-pavicevic-odredjen-za-v-d-generalnog-direktora-direktorata-za-energetsku-efikasnost\/#breadcrumb","itemListElement":[{"@type":"ListItem","position":1,"name":"Home","item":"https:\/\/dmcsrb.com\/"},{"@type":"ListItem","position":2,"name":"Ljubi\u0161a Pavi\u0107evi\u0107 odre\u0111en za v.d. generalnog direktora Direktorata za energetsku efikasnost"}]},{"@type":"WebSite","@id":"https:\/\/dmcsrb.com\/#website","url":"https:\/\/dmcsrb.com\/","name":"dmcsrb.com","description":"","potentialAction":[{"@type":"SearchAction","target":{"@type":"EntryPoint","urlTemplate":"https:\/\/dmcsrb.com\/?s={search_term_string}"},"query-input":{"@type":"PropertyValueSpecification","valueRequired":true,"valueName":"search_term_string"}}],"inLanguage":"en-GB"},{"@type":"Person","@id":"https:\/\/dmcsrb.com\/#\/schema\/person\/5c39170f12db1b8b457732d0b5c854e2","name":"dmcsrbija.com@gmail.com","image":{"@type":"ImageObject","inLanguage":"en-GB","@id":"https:\/\/dmcsrb.com\/#\/schema\/person\/image\/","url":"https:\/\/secure.gravatar.com\/avatar\/68592660ad6347fad0fb587f8d5d8f1a7b44961362f56e4f2cd524feb87e9069?s=96&d=mm&r=g","contentUrl":"https:\/\/secure.gravatar.com\/avatar\/68592660ad6347fad0fb587f8d5d8f1a7b44961362f56e4f2cd524feb87e9069?s=96&d=mm&r=g","caption":"dmcsrbija.com@gmail.com"},"sameAs":["https:\/\/dmcsrb.com"],"url":"https:\/\/dmcsrb.com\/en\/author\/dmcsrbija-comgmail-com\/"}]}},"_links":{"self":[{"href":"https:\/\/dmcsrb.com\/en\/wp-json\/wp\/v2\/posts\/956841","targetHints":{"allow":["GET"]}}],"collection":[{"href":"https:\/\/dmcsrb.com\/en\/wp-json\/wp\/v2\/posts"}],"about":[{"href":"https:\/\/dmcsrb.com\/en\/wp-json\/wp\/v2\/types\/post"}],"author":[{"embeddable":true,"href":"https:\/\/dmcsrb.com\/en\/wp-json\/wp\/v2\/users\/1"}],"replies":[{"embeddable":true,"href":"https:\/\/dmcsrb.com\/en\/wp-json\/wp\/v2\/comments?post=956841"}],"version-history":[{"count":0,"href":"https:\/\/dmcsrb.com\/en\/wp-json\/wp\/v2\/posts\/956841\/revisions"}],"wp:featuredmedia":[{"embeddable":true,"href":"https:\/\/dmcsrb.com\/en\/wp-json\/wp\/v2\/media\/956842"}],"wp:attachment":[{"href":"https:\/\/dmcsrb.com\/en\/wp-json\/wp\/v2\/media?parent=956841"}],"wp:term":[{"taxonomy":"category","embeddable":true,"href":"https:\/\/dmcsrb.com\/en\/wp-json\/wp\/v2\/categories?post=956841"},{"taxonomy":"post_tag","embeddable":true,"href":"https:\/\/dmcsrb.com\/en\/wp-json\/wp\/v2\/tags?post=956841"},{"taxonomy":"naslovna","embeddable":true,"href":"https:\/\/dmcsrb.com\/en\/wp-json\/wp\/v2\/naslovna?post=956841"}],"curies":[{"name":"wp","href":"https:\/\/api.w.org\/{rel}","templated":true}]}}