{"id":956816,"date":"2025-10-09T13:40:00","date_gmt":"2025-10-09T11:40:00","guid":{"rendered":"https:\/\/dmcsrb.com\/uncategorized\/sinoc-uz-muziku-i-poeziju-u-kolasinu-odrzano-uspjesno-vece-dragana-koprivice-i-prijatelja\/"},"modified":"2025-10-09T13:40:00","modified_gmt":"2025-10-09T11:40:00","slug":"sinoc-uz-muziku-i-poeziju-u-kolasinu-odrzano-uspjesno-vece-dragana-koprivice-i-prijatelja","status":"publish","type":"post","link":"https:\/\/dmcsrb.com\/en\/kultura\/sinoc-uz-muziku-i-poeziju-u-kolasinu-odrzano-uspjesno-vece-dragana-koprivice-i-prijatelja\/","title":{"rendered":"Sino\u0107 uz muziku i poeziju u Kola\u0161inu &#8211; Odr\u017eano uspje\u0161no ve\u010de Dragana Koprivice i prijatelja"},"content":{"rendered":"<p><\/p>\n\n\n\n<p>Prisutnima su se svojim nadahnutim stihovima prvo predstavile pjesnikinje <strong>Ana \u0110urovi\u0107<\/strong>, <strong>An\u0111elina Joki\u0107<\/strong> i <strong>Andrea Raoni\u0107<\/strong> i pokazale da je Crna Gora zaista neiscrpno vrelo talenata.<\/p>\n\n\n\n<p>Ana \u0110urovi\u0107 iz Podgorice govorila je stihove iz svoje predstoje\u0107e zbirke \u201cOna nije tu\u201d, a poseban akcenat stavila na stihove iz svoje edukativne bojanke o istorijskim li\u010dnostima Crne Gore \u201cPogodi ko sam\u201d, koja na jedinstven na\u010din kombinuje u\u010denje, pjesme poga\u0111alice (zagonetke) i ilustracije, a privukla je pa\u017enju i na upravo zavr\u0161enom sajmu knjiga u Podgorici.<\/p>\n\n\n\n<p>An\u0111elina Joki\u0107 iz Mojkovca, in\u017eenjer elektrotehni\u010dkog fakulteta UCG, bavi se uspje\u0161no i pisanjem stihova, \u0161to je na najbolji na\u010din i dokazala svojim pjesmama i aplauzom publike. Andrea Raoni\u0107 iz Podgorice bavi se knji\u017eevno\u0161\u0107u, turizmom i humanitarnim radom, a svojim stihovima tako\u0111e je pobrala aplauze, uz pjesni\u010dke poruke u znaku intimisti\u010dke ispovijesti i poetskog nadahnu\u0107a.<\/p>\n\n\n\n<p><strong>Darko Buli\u0107<\/strong>, talentovani pjesnik i glumac Studentskog teatra, sino\u0107 je nadahnuto govorio stihove iz svoje nedavno objavljene nove knjige poezije, koja \u0107e biti promovisana 11. oktobra u Narodnoj biblioteci \u201cRadosav Ljumovi\u0107\u201d u Podgorici.<\/p>\n\n\n\n<p><strong>Rodoljub \u0106ori\u0107<\/strong>, afirmisani pjesnik iz Mojkovca i kulturni poslenik, organizator me\u0111unarodne manifestacije \u201cSlovo slovensko\u201d, govorio je svoje upe\u010datljive stihove, tako\u0111e lijepo prihva\u0107ene od kola\u0161inske publike.<\/p>\n\n\n\n<p>U muzi\u010dkom dijelu programa Koprivica je svirao na harmonici i pjevao poznate hitove, a prije izvo\u0111enja jedne od pjesama Halida Be\u0161li\u0107a kola\u0161inska publika je ustala i dugotrajnim aplauzom iskazala po\u0161tovanje prema muzi\u010dkom liku i djelu Be\u0161li\u0107a.<\/p>\n\n\n\n<p>\u010cestitaju\u0107i kola\u0161inskom KUD-u \u201cMijat Ma\u0161kovi\u0107\u201d na nedavno osvojenom prvom mjestu na Svjetskom festivalu folklora u Poljskoj, i ukazuju\u0107i na zna\u010daj tog kulturnog podviga u me\u0111unarodnim okvirima, Koprivica je potom predstavio mlade kola\u0161inske nade, \u201c\u0110udice\u201d, koje su nadahnuto otpjevale neke etno refrene svog kraja, a Davor Sedlarevi\u0107 na harmonici izveo potpuri makedonskih narodnih pjesama.<\/p>\n\n\n\n<p>Nastup Koprivice i prijatelja u Kola\u0161inu bio je od po\u010detka godine ve\u0107 sedamnaesti, a do kraja decembra od posebnog zna\u010daja su ve\u010deri u Nik\u0161i\u0107u, u Nik\u0161i\u0107kom pozori\u0161tu (22. oktobra), i u Podgorici, u velikoj sali KIC-a \u201cBudo Tomovi\u0107\u201d (13. decembra) na finalnoj ve\u010deri ovog muzi\u010dko-pjesni\u010dkog karavana.<\/p>\n\n\n\n<p>Uz u\u010de\u0161\u0107e brojnih gostiju programa, nastupi su dosad izvedeni u centrima za kulturu i ustanovama od posebnog dru\u0161tvenog zna\u010daja u Podgorici, Mu\u0161kom i \u017denskom zatvoru UIKS-a, Zatvoru Bijelo Polje, JU \u201cKakaricka gora\u201d, Nik\u0161i\u0107u, Mojkovcu, Danilovgradu, Budvi&#8230;<\/p>","protected":false},"excerpt":{"rendered":"<p>U velikoj sali Centra za kulturu u Kola\u0161inu sino\u0107 je izveden bogat kola\u017eni program muzike i poezije, koji je kola\u0161inska publika izvrsno prihvatila, u dobroj atmosferi. Uz podr\u0161ku Branislava Jekni\u0107a, direktora CZK, i Davora Sedlarevi\u0107a, umjetni\u010dkog rukovodioca kola\u0161inskog KUD-a \u201cMijat Ma\u0161kovi\u0107\u201d, ve\u010de je uz interakciju s publikom vodio Dragan Koprivica.<\/p>","protected":false},"author":1,"featured_media":956817,"comment_status":"open","ping_status":"open","sticky":false,"template":"","format":"standard","meta":{"_acf_changed":false,"footnotes":""},"categories":[50],"tags":[2699,289,6299,10626],"naslovna":[],"class_list":["post-956816","post","type-post","status-publish","format-standard","has-post-thumbnail","hentry","category-kultura","tag-dragan-koprivica-i-prijatelji","tag-kolasin-2","tag-muzika","tag-poezija"],"acf":[],"yoast_head":"<!-- This site is optimized with the Yoast SEO plugin v27.0 - https:\/\/yoast.com\/product\/yoast-seo-wordpress\/ -->\n<title>Sino\u0107 uz muziku i poeziju u Kola\u0161inu - Odr\u017eano uspje\u0161no ve\u010de Dragana Koprivice i prijatelja - dmcsrb.com<\/title>\n<meta name=\"robots\" content=\"index, follow, max-snippet:-1, max-image-preview:large, max-video-preview:-1\" \/>\n<link rel=\"canonical\" href=\"https:\/\/dmcsrb.com\/en\/kultura\/sinoc-uz-muziku-i-poeziju-u-kolasinu-odrzano-uspjesno-vece-dragana-koprivice-i-prijatelja\/\" \/>\n<meta property=\"og:locale\" content=\"en_GB\" \/>\n<meta property=\"og:type\" content=\"article\" \/>\n<meta property=\"og:title\" content=\"Sino\u0107 uz muziku i poeziju u Kola\u0161inu - Odr\u017eano uspje\u0161no ve\u010de Dragana Koprivice i prijatelja - dmcsrb.com\" \/>\n<meta property=\"og:description\" content=\"U velikoj sali Centra za kulturu u Kola\u0161inu sino\u0107 je izveden bogat kola\u017eni program muzike i poezije, koji je kola\u0161inska publika izvrsno prihvatila, u dobroj atmosferi. Uz podr\u0161ku Branislava Jekni\u0107a, direktora CZK, i Davora Sedlarevi\u0107a, umjetni\u010dkog rukovodioca kola\u0161inskog KUD-a \u201cMijat Ma\u0161kovi\u0107\u201d, ve\u010de je uz interakciju s publikom vodio Dragan Koprivica.\" \/>\n<meta property=\"og:url\" content=\"https:\/\/dmcsrb.com\/en\/kultura\/sinoc-uz-muziku-i-poeziju-u-kolasinu-odrzano-uspjesno-vece-dragana-koprivice-i-prijatelja\/\" \/>\n<meta property=\"og:site_name\" content=\"dmcsrb.com\" \/>\n<meta property=\"article:published_time\" content=\"2025-10-09T11:40:00+00:00\" \/>\n<meta property=\"og:image\" content=\"https:\/\/dmcsrb.com\/wp-content\/uploads\/2026\/01\/FOTOS-CZK-KOLASIN-9.10.2025-scaled-1.webp\" \/>\n\t<meta property=\"og:image:width\" content=\"2560\" \/>\n\t<meta property=\"og:image:height\" content=\"1114\" \/>\n\t<meta property=\"og:image:type\" content=\"image\/jpeg\" \/>\n<meta name=\"author\" content=\"dmcsrbija.com@gmail.com\" \/>\n<meta name=\"twitter:card\" content=\"summary_large_image\" \/>\n<meta name=\"twitter:label1\" content=\"Written by\" \/>\n\t<meta name=\"twitter:data1\" content=\"dmcsrbija.com@gmail.com\" \/>\n\t<meta name=\"twitter:label2\" content=\"Estimated reading time\" \/>\n\t<meta name=\"twitter:data2\" content=\"2 minutes\" \/>\n<script type=\"application\/ld+json\" class=\"yoast-schema-graph\">{\"@context\":\"https:\/\/schema.org\",\"@graph\":[{\"@type\":\"Article\",\"@id\":\"https:\/\/dmcsrb.com\/kultura\/sinoc-uz-muziku-i-poeziju-u-kolasinu-odrzano-uspjesno-vece-dragana-koprivice-i-prijatelja\/#article\",\"isPartOf\":{\"@id\":\"https:\/\/dmcsrb.com\/kultura\/sinoc-uz-muziku-i-poeziju-u-kolasinu-odrzano-uspjesno-vece-dragana-koprivice-i-prijatelja\/\"},\"author\":{\"name\":\"dmcsrbija.com@gmail.com\",\"@id\":\"https:\/\/dmcsrb.com\/#\/schema\/person\/5c39170f12db1b8b457732d0b5c854e2\"},\"headline\":\"Sino\u0107 uz muziku i poeziju u Kola\u0161inu &#8211; Odr\u017eano uspje\u0161no ve\u010de Dragana Koprivice i prijatelja\",\"datePublished\":\"2025-10-09T11:40:00+00:00\",\"mainEntityOfPage\":{\"@id\":\"https:\/\/dmcsrb.com\/kultura\/sinoc-uz-muziku-i-poeziju-u-kolasinu-odrzano-uspjesno-vece-dragana-koprivice-i-prijatelja\/\"},\"wordCount\":439,\"commentCount\":0,\"image\":{\"@id\":\"https:\/\/dmcsrb.com\/kultura\/sinoc-uz-muziku-i-poeziju-u-kolasinu-odrzano-uspjesno-vece-dragana-koprivice-i-prijatelja\/#primaryimage\"},\"thumbnailUrl\":\"https:\/\/dmcsrb.com\/wp-content\/uploads\/2026\/01\/FOTOS-CZK-KOLASIN-9.10.2025-scaled-1.webp\",\"keywords\":[\"''Dragan Koprivica i prijatelji''\",\"kOLA\u0160IN\",\"Muzika\",\"poezija\"],\"articleSection\":[\"Kultura\"],\"inLanguage\":\"en-GB\",\"potentialAction\":[{\"@type\":\"CommentAction\",\"name\":\"Comment\",\"target\":[\"https:\/\/dmcsrb.com\/kultura\/sinoc-uz-muziku-i-poeziju-u-kolasinu-odrzano-uspjesno-vece-dragana-koprivice-i-prijatelja\/#respond\"]}]},{\"@type\":\"WebPage\",\"@id\":\"https:\/\/dmcsrb.com\/kultura\/sinoc-uz-muziku-i-poeziju-u-kolasinu-odrzano-uspjesno-vece-dragana-koprivice-i-prijatelja\/\",\"url\":\"https:\/\/dmcsrb.com\/kultura\/sinoc-uz-muziku-i-poeziju-u-kolasinu-odrzano-uspjesno-vece-dragana-koprivice-i-prijatelja\/\",\"name\":\"Sino\u0107 uz muziku i poeziju u Kola\u0161inu - Odr\u017eano uspje\u0161no ve\u010de Dragana Koprivice i prijatelja - dmcsrb.com\",\"isPartOf\":{\"@id\":\"https:\/\/dmcsrb.com\/#website\"},\"primaryImageOfPage\":{\"@id\":\"https:\/\/dmcsrb.com\/kultura\/sinoc-uz-muziku-i-poeziju-u-kolasinu-odrzano-uspjesno-vece-dragana-koprivice-i-prijatelja\/#primaryimage\"},\"image\":{\"@id\":\"https:\/\/dmcsrb.com\/kultura\/sinoc-uz-muziku-i-poeziju-u-kolasinu-odrzano-uspjesno-vece-dragana-koprivice-i-prijatelja\/#primaryimage\"},\"thumbnailUrl\":\"https:\/\/dmcsrb.com\/wp-content\/uploads\/2026\/01\/FOTOS-CZK-KOLASIN-9.10.2025-scaled-1.webp\",\"datePublished\":\"2025-10-09T11:40:00+00:00\",\"author\":{\"@id\":\"https:\/\/dmcsrb.com\/#\/schema\/person\/5c39170f12db1b8b457732d0b5c854e2\"},\"breadcrumb\":{\"@id\":\"https:\/\/dmcsrb.com\/kultura\/sinoc-uz-muziku-i-poeziju-u-kolasinu-odrzano-uspjesno-vece-dragana-koprivice-i-prijatelja\/#breadcrumb\"},\"inLanguage\":\"en-GB\",\"potentialAction\":[{\"@type\":\"ReadAction\",\"target\":[\"https:\/\/dmcsrb.com\/kultura\/sinoc-uz-muziku-i-poeziju-u-kolasinu-odrzano-uspjesno-vece-dragana-koprivice-i-prijatelja\/\"]}]},{\"@type\":\"ImageObject\",\"inLanguage\":\"en-GB\",\"@id\":\"https:\/\/dmcsrb.com\/kultura\/sinoc-uz-muziku-i-poeziju-u-kolasinu-odrzano-uspjesno-vece-dragana-koprivice-i-prijatelja\/#primaryimage\",\"url\":\"https:\/\/dmcsrb.com\/wp-content\/uploads\/2026\/01\/FOTOS-CZK-KOLASIN-9.10.2025-scaled-1.webp\",\"contentUrl\":\"https:\/\/dmcsrb.com\/wp-content\/uploads\/2026\/01\/FOTOS-CZK-KOLASIN-9.10.2025-scaled-1.webp\",\"width\":2560,\"height\":1114},{\"@type\":\"BreadcrumbList\",\"@id\":\"https:\/\/dmcsrb.com\/kultura\/sinoc-uz-muziku-i-poeziju-u-kolasinu-odrzano-uspjesno-vece-dragana-koprivice-i-prijatelja\/#breadcrumb\",\"itemListElement\":[{\"@type\":\"ListItem\",\"position\":1,\"name\":\"Home\",\"item\":\"https:\/\/dmcsrb.com\/\"},{\"@type\":\"ListItem\",\"position\":2,\"name\":\"Sino\u0107 uz muziku i poeziju u Kola\u0161inu &#8211; Odr\u017eano uspje\u0161no ve\u010de Dragana Koprivice i prijatelja\"}]},{\"@type\":\"WebSite\",\"@id\":\"https:\/\/dmcsrb.com\/#website\",\"url\":\"https:\/\/dmcsrb.com\/\",\"name\":\"dmcsrb.com\",\"description\":\"\",\"potentialAction\":[{\"@type\":\"SearchAction\",\"target\":{\"@type\":\"EntryPoint\",\"urlTemplate\":\"https:\/\/dmcsrb.com\/?s={search_term_string}\"},\"query-input\":{\"@type\":\"PropertyValueSpecification\",\"valueRequired\":true,\"valueName\":\"search_term_string\"}}],\"inLanguage\":\"en-GB\"},{\"@type\":\"Person\",\"@id\":\"https:\/\/dmcsrb.com\/#\/schema\/person\/5c39170f12db1b8b457732d0b5c854e2\",\"name\":\"dmcsrbija.com@gmail.com\",\"image\":{\"@type\":\"ImageObject\",\"inLanguage\":\"en-GB\",\"@id\":\"https:\/\/dmcsrb.com\/#\/schema\/person\/image\/\",\"url\":\"https:\/\/secure.gravatar.com\/avatar\/68592660ad6347fad0fb587f8d5d8f1a7b44961362f56e4f2cd524feb87e9069?s=96&d=mm&r=g\",\"contentUrl\":\"https:\/\/secure.gravatar.com\/avatar\/68592660ad6347fad0fb587f8d5d8f1a7b44961362f56e4f2cd524feb87e9069?s=96&d=mm&r=g\",\"caption\":\"dmcsrbija.com@gmail.com\"},\"sameAs\":[\"https:\/\/dmcsrb.com\"],\"url\":\"https:\/\/dmcsrb.com\/en\/author\/dmcsrbija-comgmail-com\/\"}]}<\/script>\n<!-- \/ Yoast SEO plugin. -->","yoast_head_json":{"title":"Sino\u0107 uz muziku i poeziju u Kola\u0161inu - Odr\u017eano uspje\u0161no ve\u010de Dragana Koprivice i prijatelja - dmcsrb.com","robots":{"index":"index","follow":"follow","max-snippet":"max-snippet:-1","max-image-preview":"max-image-preview:large","max-video-preview":"max-video-preview:-1"},"canonical":"https:\/\/dmcsrb.com\/en\/kultura\/sinoc-uz-muziku-i-poeziju-u-kolasinu-odrzano-uspjesno-vece-dragana-koprivice-i-prijatelja\/","og_locale":"en_GB","og_type":"article","og_title":"Sino\u0107 uz muziku i poeziju u Kola\u0161inu - Odr\u017eano uspje\u0161no ve\u010de Dragana Koprivice i prijatelja - dmcsrb.com","og_description":"U velikoj sali Centra za kulturu u Kola\u0161inu sino\u0107 je izveden bogat kola\u017eni program muzike i poezije, koji je kola\u0161inska publika izvrsno prihvatila, u dobroj atmosferi. Uz podr\u0161ku Branislava Jekni\u0107a, direktora CZK, i Davora Sedlarevi\u0107a, umjetni\u010dkog rukovodioca kola\u0161inskog KUD-a \u201cMijat Ma\u0161kovi\u0107\u201d, ve\u010de je uz interakciju s publikom vodio Dragan Koprivica.","og_url":"https:\/\/dmcsrb.com\/en\/kultura\/sinoc-uz-muziku-i-poeziju-u-kolasinu-odrzano-uspjesno-vece-dragana-koprivice-i-prijatelja\/","og_site_name":"dmcsrb.com","article_published_time":"2025-10-09T11:40:00+00:00","og_image":[{"width":2560,"height":1114,"url":"https:\/\/dmcsrb.com\/wp-content\/uploads\/2026\/01\/FOTOS-CZK-KOLASIN-9.10.2025-scaled-1.webp","type":"image\/jpeg"}],"author":"dmcsrbija.com@gmail.com","twitter_card":"summary_large_image","twitter_misc":{"Written by":"dmcsrbija.com@gmail.com","Estimated reading time":"2 minutes"},"schema":{"@context":"https:\/\/schema.org","@graph":[{"@type":"Article","@id":"https:\/\/dmcsrb.com\/kultura\/sinoc-uz-muziku-i-poeziju-u-kolasinu-odrzano-uspjesno-vece-dragana-koprivice-i-prijatelja\/#article","isPartOf":{"@id":"https:\/\/dmcsrb.com\/kultura\/sinoc-uz-muziku-i-poeziju-u-kolasinu-odrzano-uspjesno-vece-dragana-koprivice-i-prijatelja\/"},"author":{"name":"dmcsrbija.com@gmail.com","@id":"https:\/\/dmcsrb.com\/#\/schema\/person\/5c39170f12db1b8b457732d0b5c854e2"},"headline":"Sino\u0107 uz muziku i poeziju u Kola\u0161inu &#8211; Odr\u017eano uspje\u0161no ve\u010de Dragana Koprivice i prijatelja","datePublished":"2025-10-09T11:40:00+00:00","mainEntityOfPage":{"@id":"https:\/\/dmcsrb.com\/kultura\/sinoc-uz-muziku-i-poeziju-u-kolasinu-odrzano-uspjesno-vece-dragana-koprivice-i-prijatelja\/"},"wordCount":439,"commentCount":0,"image":{"@id":"https:\/\/dmcsrb.com\/kultura\/sinoc-uz-muziku-i-poeziju-u-kolasinu-odrzano-uspjesno-vece-dragana-koprivice-i-prijatelja\/#primaryimage"},"thumbnailUrl":"https:\/\/dmcsrb.com\/wp-content\/uploads\/2026\/01\/FOTOS-CZK-KOLASIN-9.10.2025-scaled-1.webp","keywords":["''Dragan Koprivica i prijatelji''","kOLA\u0160IN","Muzika","poezija"],"articleSection":["Kultura"],"inLanguage":"en-GB","potentialAction":[{"@type":"CommentAction","name":"Comment","target":["https:\/\/dmcsrb.com\/kultura\/sinoc-uz-muziku-i-poeziju-u-kolasinu-odrzano-uspjesno-vece-dragana-koprivice-i-prijatelja\/#respond"]}]},{"@type":"WebPage","@id":"https:\/\/dmcsrb.com\/kultura\/sinoc-uz-muziku-i-poeziju-u-kolasinu-odrzano-uspjesno-vece-dragana-koprivice-i-prijatelja\/","url":"https:\/\/dmcsrb.com\/kultura\/sinoc-uz-muziku-i-poeziju-u-kolasinu-odrzano-uspjesno-vece-dragana-koprivice-i-prijatelja\/","name":"Sino\u0107 uz muziku i poeziju u Kola\u0161inu - Odr\u017eano uspje\u0161no ve\u010de Dragana Koprivice i prijatelja - dmcsrb.com","isPartOf":{"@id":"https:\/\/dmcsrb.com\/#website"},"primaryImageOfPage":{"@id":"https:\/\/dmcsrb.com\/kultura\/sinoc-uz-muziku-i-poeziju-u-kolasinu-odrzano-uspjesno-vece-dragana-koprivice-i-prijatelja\/#primaryimage"},"image":{"@id":"https:\/\/dmcsrb.com\/kultura\/sinoc-uz-muziku-i-poeziju-u-kolasinu-odrzano-uspjesno-vece-dragana-koprivice-i-prijatelja\/#primaryimage"},"thumbnailUrl":"https:\/\/dmcsrb.com\/wp-content\/uploads\/2026\/01\/FOTOS-CZK-KOLASIN-9.10.2025-scaled-1.webp","datePublished":"2025-10-09T11:40:00+00:00","author":{"@id":"https:\/\/dmcsrb.com\/#\/schema\/person\/5c39170f12db1b8b457732d0b5c854e2"},"breadcrumb":{"@id":"https:\/\/dmcsrb.com\/kultura\/sinoc-uz-muziku-i-poeziju-u-kolasinu-odrzano-uspjesno-vece-dragana-koprivice-i-prijatelja\/#breadcrumb"},"inLanguage":"en-GB","potentialAction":[{"@type":"ReadAction","target":["https:\/\/dmcsrb.com\/kultura\/sinoc-uz-muziku-i-poeziju-u-kolasinu-odrzano-uspjesno-vece-dragana-koprivice-i-prijatelja\/"]}]},{"@type":"ImageObject","inLanguage":"en-GB","@id":"https:\/\/dmcsrb.com\/kultura\/sinoc-uz-muziku-i-poeziju-u-kolasinu-odrzano-uspjesno-vece-dragana-koprivice-i-prijatelja\/#primaryimage","url":"https:\/\/dmcsrb.com\/wp-content\/uploads\/2026\/01\/FOTOS-CZK-KOLASIN-9.10.2025-scaled-1.webp","contentUrl":"https:\/\/dmcsrb.com\/wp-content\/uploads\/2026\/01\/FOTOS-CZK-KOLASIN-9.10.2025-scaled-1.webp","width":2560,"height":1114},{"@type":"BreadcrumbList","@id":"https:\/\/dmcsrb.com\/kultura\/sinoc-uz-muziku-i-poeziju-u-kolasinu-odrzano-uspjesno-vece-dragana-koprivice-i-prijatelja\/#breadcrumb","itemListElement":[{"@type":"ListItem","position":1,"name":"Home","item":"https:\/\/dmcsrb.com\/"},{"@type":"ListItem","position":2,"name":"Sino\u0107 uz muziku i poeziju u Kola\u0161inu &#8211; Odr\u017eano uspje\u0161no ve\u010de Dragana Koprivice i prijatelja"}]},{"@type":"WebSite","@id":"https:\/\/dmcsrb.com\/#website","url":"https:\/\/dmcsrb.com\/","name":"dmcsrb.com","description":"","potentialAction":[{"@type":"SearchAction","target":{"@type":"EntryPoint","urlTemplate":"https:\/\/dmcsrb.com\/?s={search_term_string}"},"query-input":{"@type":"PropertyValueSpecification","valueRequired":true,"valueName":"search_term_string"}}],"inLanguage":"en-GB"},{"@type":"Person","@id":"https:\/\/dmcsrb.com\/#\/schema\/person\/5c39170f12db1b8b457732d0b5c854e2","name":"dmcsrbija.com@gmail.com","image":{"@type":"ImageObject","inLanguage":"en-GB","@id":"https:\/\/dmcsrb.com\/#\/schema\/person\/image\/","url":"https:\/\/secure.gravatar.com\/avatar\/68592660ad6347fad0fb587f8d5d8f1a7b44961362f56e4f2cd524feb87e9069?s=96&d=mm&r=g","contentUrl":"https:\/\/secure.gravatar.com\/avatar\/68592660ad6347fad0fb587f8d5d8f1a7b44961362f56e4f2cd524feb87e9069?s=96&d=mm&r=g","caption":"dmcsrbija.com@gmail.com"},"sameAs":["https:\/\/dmcsrb.com"],"url":"https:\/\/dmcsrb.com\/en\/author\/dmcsrbija-comgmail-com\/"}]}},"_links":{"self":[{"href":"https:\/\/dmcsrb.com\/en\/wp-json\/wp\/v2\/posts\/956816","targetHints":{"allow":["GET"]}}],"collection":[{"href":"https:\/\/dmcsrb.com\/en\/wp-json\/wp\/v2\/posts"}],"about":[{"href":"https:\/\/dmcsrb.com\/en\/wp-json\/wp\/v2\/types\/post"}],"author":[{"embeddable":true,"href":"https:\/\/dmcsrb.com\/en\/wp-json\/wp\/v2\/users\/1"}],"replies":[{"embeddable":true,"href":"https:\/\/dmcsrb.com\/en\/wp-json\/wp\/v2\/comments?post=956816"}],"version-history":[{"count":0,"href":"https:\/\/dmcsrb.com\/en\/wp-json\/wp\/v2\/posts\/956816\/revisions"}],"wp:featuredmedia":[{"embeddable":true,"href":"https:\/\/dmcsrb.com\/en\/wp-json\/wp\/v2\/media\/956817"}],"wp:attachment":[{"href":"https:\/\/dmcsrb.com\/en\/wp-json\/wp\/v2\/media?parent=956816"}],"wp:term":[{"taxonomy":"category","embeddable":true,"href":"https:\/\/dmcsrb.com\/en\/wp-json\/wp\/v2\/categories?post=956816"},{"taxonomy":"post_tag","embeddable":true,"href":"https:\/\/dmcsrb.com\/en\/wp-json\/wp\/v2\/tags?post=956816"},{"taxonomy":"naslovna","embeddable":true,"href":"https:\/\/dmcsrb.com\/en\/wp-json\/wp\/v2\/naslovna?post=956816"}],"curies":[{"name":"wp","href":"https:\/\/api.w.org\/{rel}","templated":true}]}}