{"id":956731,"date":"2025-10-09T10:24:00","date_gmt":"2025-10-09T08:24:00","guid":{"rendered":"https:\/\/dmcsrb.com\/uncategorized\/nikolic-ne-mogu-da-se-ne-prisjetim-razgovora-sa-novovicem-koji-mi-je-govorio-ko-glasa-za-dps\/"},"modified":"2025-10-09T10:24:00","modified_gmt":"2025-10-09T08:24:00","slug":"nikolic-ne-mogu-da-se-ne-prisjetim-razgovora-sa-novovicem-koji-mi-je-govorio-ko-glasa-za-dps","status":"publish","type":"post","link":"https:\/\/dmcsrb.com\/en\/politika\/nikolic-ne-mogu-da-se-ne-prisjetim-razgovora-sa-novovicem-koji-mi-je-govorio-ko-glasa-za-dps\/","title":{"rendered":"Nikoli\u0107: Ne mogu da se ne prisjetim razgovora sa Novovi\u0107em, koji mi je govorio ko glasa za DPS"},"content":{"rendered":"<p><\/p>\n\n\n\n<p>&#8220;Mu\u010dni su bili njegovi snishodljivi hvalospjevi tada na ra\u010dun vlasti i uvrede na ra\u010dun pojedinih funkcionera DF-a. Nego mi sada nije jasno koga, zbog denunciranja kolega, treba uhapsiti \u2013 mene ili njega? Mo\u017eda da pitamo zajedno Pe\u0111u Kne\u017eevi\u0107a ili \u010detvrtu osobu koja je tada bila zajedno sa nama za stolom. P. S. Vlado \u2013 kad \u0107e vi\u0161e ta optu\u017enica da sam dobio stan i auto? Malo mi je dosadilo da \u010dekam, a i nestrpljiv sam da prozborimo i o onom stanu preko puta Atlas Capital-a \u2013 zna\u0161 ti na koji mislim.<\/p>","protected":false},"excerpt":{"rendered":"<p>\u010citaju\u0107i \u0161ta se Pe\u0111i Bo\u0161kovi\u0107u stavlja na teret ne mogu a da se ne prisjetim razgovora sa Vladom Novovi\u0107em, u kojem mi je tada, kao sudija Vi\u0161eg suda, govorio ko iz sistema sudstva glasa za DPS, a ko je protiv. saop\u0161tio je poslanik DPS Milo\u0161 Nikoli\u0107.<\/p>","protected":false},"author":1,"featured_media":956732,"comment_status":"open","ping_status":"open","sticky":false,"template":"","format":"standard","meta":{"_acf_changed":false,"footnotes":""},"categories":[12],"tags":[8107,10853],"naslovna":[],"class_list":["post-956731","post","type-post","status-publish","format-standard","has-post-thumbnail","hentry","category-politika","tag-nikolic","tag-novoic"],"acf":[],"yoast_head":"<!-- This site is optimized with the Yoast SEO plugin v27.4 - https:\/\/yoast.com\/product\/yoast-seo-wordpress\/ -->\n<title>Nikoli\u0107: Ne mogu da se ne prisjetim razgovora sa Novovi\u0107em, koji mi je govorio ko glasa za DPS - dmcsrb.com<\/title>\n<meta name=\"robots\" content=\"index, follow, max-snippet:-1, max-image-preview:large, max-video-preview:-1\" \/>\n<link rel=\"canonical\" href=\"https:\/\/dmcsrb.com\/en\/politika\/nikolic-ne-mogu-da-se-ne-prisjetim-razgovora-sa-novovicem-koji-mi-je-govorio-ko-glasa-za-dps\/\" \/>\n<meta property=\"og:locale\" content=\"en_GB\" \/>\n<meta property=\"og:type\" content=\"article\" \/>\n<meta property=\"og:title\" content=\"Nikoli\u0107: Ne mogu da se ne prisjetim razgovora sa Novovi\u0107em, koji mi je govorio ko glasa za DPS - dmcsrb.com\" \/>\n<meta property=\"og:description\" content=\"\u010citaju\u0107i \u0161ta se Pe\u0111i Bo\u0161kovi\u0107u stavlja na teret ne mogu a da se ne prisjetim razgovora sa Vladom Novovi\u0107em, u kojem mi je tada, kao sudija Vi\u0161eg suda, govorio ko iz sistema sudstva glasa za DPS, a ko je protiv. saop\u0161tio je poslanik DPS Milo\u0161 Nikoli\u0107.\" \/>\n<meta property=\"og:url\" content=\"https:\/\/dmcsrb.com\/en\/politika\/nikolic-ne-mogu-da-se-ne-prisjetim-razgovora-sa-novovicem-koji-mi-je-govorio-ko-glasa-za-dps\/\" \/>\n<meta property=\"og:site_name\" content=\"dmcsrb.com\" \/>\n<meta property=\"article:published_time\" content=\"2025-10-09T08:24:00+00:00\" \/>\n<meta property=\"og:image\" content=\"https:\/\/dmcsrb.com\/wp-content\/uploads\/2026\/01\/Milos-Nikolic-1-scaled-1.webp\" \/>\n\t<meta property=\"og:image:width\" content=\"2560\" \/>\n\t<meta property=\"og:image:height\" content=\"1707\" \/>\n\t<meta property=\"og:image:type\" content=\"image\/jpeg\" \/>\n<meta name=\"author\" content=\"dmcsrbija.com@gmail.com\" \/>\n<meta name=\"twitter:card\" content=\"summary_large_image\" \/>\n<meta name=\"twitter:label1\" content=\"Written by\" \/>\n\t<meta name=\"twitter:data1\" content=\"dmcsrbija.com@gmail.com\" \/>\n<script type=\"application\/ld+json\" class=\"yoast-schema-graph\">{\"@context\":\"https:\\\/\\\/schema.org\",\"@graph\":[{\"@type\":\"Article\",\"@id\":\"https:\\\/\\\/dmcsrb.com\\\/politika\\\/nikolic-ne-mogu-da-se-ne-prisjetim-razgovora-sa-novovicem-koji-mi-je-govorio-ko-glasa-za-dps\\\/#article\",\"isPartOf\":{\"@id\":\"https:\\\/\\\/dmcsrb.com\\\/politika\\\/nikolic-ne-mogu-da-se-ne-prisjetim-razgovora-sa-novovicem-koji-mi-je-govorio-ko-glasa-za-dps\\\/\"},\"author\":{\"name\":\"dmcsrbija.com@gmail.com\",\"@id\":\"https:\\\/\\\/dmcsrb.com\\\/#\\\/schema\\\/person\\\/5c39170f12db1b8b457732d0b5c854e2\"},\"headline\":\"Nikoli\u0107: Ne mogu da se ne prisjetim razgovora sa Novovi\u0107em, koji mi je govorio ko glasa za DPS\",\"datePublished\":\"2025-10-09T08:24:00+00:00\",\"mainEntityOfPage\":{\"@id\":\"https:\\\/\\\/dmcsrb.com\\\/politika\\\/nikolic-ne-mogu-da-se-ne-prisjetim-razgovora-sa-novovicem-koji-mi-je-govorio-ko-glasa-za-dps\\\/\"},\"wordCount\":116,\"commentCount\":0,\"image\":{\"@id\":\"https:\\\/\\\/dmcsrb.com\\\/politika\\\/nikolic-ne-mogu-da-se-ne-prisjetim-razgovora-sa-novovicem-koji-mi-je-govorio-ko-glasa-za-dps\\\/#primaryimage\"},\"thumbnailUrl\":\"https:\\\/\\\/dmcsrb.com\\\/wp-content\\\/uploads\\\/2026\\\/01\\\/Milos-Nikolic-1-scaled-1.webp\",\"keywords\":[\"nikoli\u0107\",\"novoi\u0107\"],\"articleSection\":[\"Politika\"],\"inLanguage\":\"en-GB\",\"potentialAction\":[{\"@type\":\"CommentAction\",\"name\":\"Comment\",\"target\":[\"https:\\\/\\\/dmcsrb.com\\\/politika\\\/nikolic-ne-mogu-da-se-ne-prisjetim-razgovora-sa-novovicem-koji-mi-je-govorio-ko-glasa-za-dps\\\/#respond\"]}]},{\"@type\":\"WebPage\",\"@id\":\"https:\\\/\\\/dmcsrb.com\\\/politika\\\/nikolic-ne-mogu-da-se-ne-prisjetim-razgovora-sa-novovicem-koji-mi-je-govorio-ko-glasa-za-dps\\\/\",\"url\":\"https:\\\/\\\/dmcsrb.com\\\/politika\\\/nikolic-ne-mogu-da-se-ne-prisjetim-razgovora-sa-novovicem-koji-mi-je-govorio-ko-glasa-za-dps\\\/\",\"name\":\"Nikoli\u0107: Ne mogu da se ne prisjetim razgovora sa Novovi\u0107em, koji mi je govorio ko glasa za DPS - dmcsrb.com\",\"isPartOf\":{\"@id\":\"https:\\\/\\\/dmcsrb.com\\\/#website\"},\"primaryImageOfPage\":{\"@id\":\"https:\\\/\\\/dmcsrb.com\\\/politika\\\/nikolic-ne-mogu-da-se-ne-prisjetim-razgovora-sa-novovicem-koji-mi-je-govorio-ko-glasa-za-dps\\\/#primaryimage\"},\"image\":{\"@id\":\"https:\\\/\\\/dmcsrb.com\\\/politika\\\/nikolic-ne-mogu-da-se-ne-prisjetim-razgovora-sa-novovicem-koji-mi-je-govorio-ko-glasa-za-dps\\\/#primaryimage\"},\"thumbnailUrl\":\"https:\\\/\\\/dmcsrb.com\\\/wp-content\\\/uploads\\\/2026\\\/01\\\/Milos-Nikolic-1-scaled-1.webp\",\"datePublished\":\"2025-10-09T08:24:00+00:00\",\"author\":{\"@id\":\"https:\\\/\\\/dmcsrb.com\\\/#\\\/schema\\\/person\\\/5c39170f12db1b8b457732d0b5c854e2\"},\"breadcrumb\":{\"@id\":\"https:\\\/\\\/dmcsrb.com\\\/politika\\\/nikolic-ne-mogu-da-se-ne-prisjetim-razgovora-sa-novovicem-koji-mi-je-govorio-ko-glasa-za-dps\\\/#breadcrumb\"},\"inLanguage\":\"en-GB\",\"potentialAction\":[{\"@type\":\"ReadAction\",\"target\":[\"https:\\\/\\\/dmcsrb.com\\\/politika\\\/nikolic-ne-mogu-da-se-ne-prisjetim-razgovora-sa-novovicem-koji-mi-je-govorio-ko-glasa-za-dps\\\/\"]}]},{\"@type\":\"ImageObject\",\"inLanguage\":\"en-GB\",\"@id\":\"https:\\\/\\\/dmcsrb.com\\\/politika\\\/nikolic-ne-mogu-da-se-ne-prisjetim-razgovora-sa-novovicem-koji-mi-je-govorio-ko-glasa-za-dps\\\/#primaryimage\",\"url\":\"https:\\\/\\\/dmcsrb.com\\\/wp-content\\\/uploads\\\/2026\\\/01\\\/Milos-Nikolic-1-scaled-1.webp\",\"contentUrl\":\"https:\\\/\\\/dmcsrb.com\\\/wp-content\\\/uploads\\\/2026\\\/01\\\/Milos-Nikolic-1-scaled-1.webp\",\"width\":2560,\"height\":1707},{\"@type\":\"BreadcrumbList\",\"@id\":\"https:\\\/\\\/dmcsrb.com\\\/politika\\\/nikolic-ne-mogu-da-se-ne-prisjetim-razgovora-sa-novovicem-koji-mi-je-govorio-ko-glasa-za-dps\\\/#breadcrumb\",\"itemListElement\":[{\"@type\":\"ListItem\",\"position\":1,\"name\":\"Home\",\"item\":\"https:\\\/\\\/dmcsrb.com\\\/\"},{\"@type\":\"ListItem\",\"position\":2,\"name\":\"Nikoli\u0107: Ne mogu da se ne prisjetim razgovora sa Novovi\u0107em, koji mi je govorio ko glasa za DPS\"}]},{\"@type\":\"WebSite\",\"@id\":\"https:\\\/\\\/dmcsrb.com\\\/#website\",\"url\":\"https:\\\/\\\/dmcsrb.com\\\/\",\"name\":\"dmcsrb.com\",\"description\":\"\",\"potentialAction\":[{\"@type\":\"SearchAction\",\"target\":{\"@type\":\"EntryPoint\",\"urlTemplate\":\"https:\\\/\\\/dmcsrb.com\\\/?s={search_term_string}\"},\"query-input\":{\"@type\":\"PropertyValueSpecification\",\"valueRequired\":true,\"valueName\":\"search_term_string\"}}],\"inLanguage\":\"en-GB\"},{\"@type\":\"Person\",\"@id\":\"https:\\\/\\\/dmcsrb.com\\\/#\\\/schema\\\/person\\\/5c39170f12db1b8b457732d0b5c854e2\",\"name\":\"dmcsrbija.com@gmail.com\",\"image\":{\"@type\":\"ImageObject\",\"inLanguage\":\"en-GB\",\"@id\":\"https:\\\/\\\/secure.gravatar.com\\\/avatar\\\/68592660ad6347fad0fb587f8d5d8f1a7b44961362f56e4f2cd524feb87e9069?s=96&d=mm&r=g\",\"url\":\"https:\\\/\\\/secure.gravatar.com\\\/avatar\\\/68592660ad6347fad0fb587f8d5d8f1a7b44961362f56e4f2cd524feb87e9069?s=96&d=mm&r=g\",\"contentUrl\":\"https:\\\/\\\/secure.gravatar.com\\\/avatar\\\/68592660ad6347fad0fb587f8d5d8f1a7b44961362f56e4f2cd524feb87e9069?s=96&d=mm&r=g\",\"caption\":\"dmcsrbija.com@gmail.com\"},\"sameAs\":[\"https:\\\/\\\/dmcsrb.com\"],\"url\":\"https:\\\/\\\/dmcsrb.com\\\/en\\\/author\\\/dmcsrbija-comgmail-com\\\/\"}]}<\/script>\n<!-- \/ Yoast SEO plugin. -->","yoast_head_json":{"title":"Nikoli\u0107: Ne mogu da se ne prisjetim razgovora sa Novovi\u0107em, koji mi je govorio ko glasa za DPS - dmcsrb.com","robots":{"index":"index","follow":"follow","max-snippet":"max-snippet:-1","max-image-preview":"max-image-preview:large","max-video-preview":"max-video-preview:-1"},"canonical":"https:\/\/dmcsrb.com\/en\/politika\/nikolic-ne-mogu-da-se-ne-prisjetim-razgovora-sa-novovicem-koji-mi-je-govorio-ko-glasa-za-dps\/","og_locale":"en_GB","og_type":"article","og_title":"Nikoli\u0107: Ne mogu da se ne prisjetim razgovora sa Novovi\u0107em, koji mi je govorio ko glasa za DPS - dmcsrb.com","og_description":"\u010citaju\u0107i \u0161ta se Pe\u0111i Bo\u0161kovi\u0107u stavlja na teret ne mogu a da se ne prisjetim razgovora sa Vladom Novovi\u0107em, u kojem mi je tada, kao sudija Vi\u0161eg suda, govorio ko iz sistema sudstva glasa za DPS, a ko je protiv. saop\u0161tio je poslanik DPS Milo\u0161 Nikoli\u0107.","og_url":"https:\/\/dmcsrb.com\/en\/politika\/nikolic-ne-mogu-da-se-ne-prisjetim-razgovora-sa-novovicem-koji-mi-je-govorio-ko-glasa-za-dps\/","og_site_name":"dmcsrb.com","article_published_time":"2025-10-09T08:24:00+00:00","og_image":[{"width":2560,"height":1707,"url":"https:\/\/dmcsrb.com\/wp-content\/uploads\/2026\/01\/Milos-Nikolic-1-scaled-1.webp","type":"image\/jpeg"}],"author":"dmcsrbija.com@gmail.com","twitter_card":"summary_large_image","twitter_misc":{"Written by":"dmcsrbija.com@gmail.com"},"schema":{"@context":"https:\/\/schema.org","@graph":[{"@type":"Article","@id":"https:\/\/dmcsrb.com\/politika\/nikolic-ne-mogu-da-se-ne-prisjetim-razgovora-sa-novovicem-koji-mi-je-govorio-ko-glasa-za-dps\/#article","isPartOf":{"@id":"https:\/\/dmcsrb.com\/politika\/nikolic-ne-mogu-da-se-ne-prisjetim-razgovora-sa-novovicem-koji-mi-je-govorio-ko-glasa-za-dps\/"},"author":{"name":"dmcsrbija.com@gmail.com","@id":"https:\/\/dmcsrb.com\/#\/schema\/person\/5c39170f12db1b8b457732d0b5c854e2"},"headline":"Nikoli\u0107: Ne mogu da se ne prisjetim razgovora sa Novovi\u0107em, koji mi je govorio ko glasa za DPS","datePublished":"2025-10-09T08:24:00+00:00","mainEntityOfPage":{"@id":"https:\/\/dmcsrb.com\/politika\/nikolic-ne-mogu-da-se-ne-prisjetim-razgovora-sa-novovicem-koji-mi-je-govorio-ko-glasa-za-dps\/"},"wordCount":116,"commentCount":0,"image":{"@id":"https:\/\/dmcsrb.com\/politika\/nikolic-ne-mogu-da-se-ne-prisjetim-razgovora-sa-novovicem-koji-mi-je-govorio-ko-glasa-za-dps\/#primaryimage"},"thumbnailUrl":"https:\/\/dmcsrb.com\/wp-content\/uploads\/2026\/01\/Milos-Nikolic-1-scaled-1.webp","keywords":["nikoli\u0107","novoi\u0107"],"articleSection":["Politika"],"inLanguage":"en-GB","potentialAction":[{"@type":"CommentAction","name":"Comment","target":["https:\/\/dmcsrb.com\/politika\/nikolic-ne-mogu-da-se-ne-prisjetim-razgovora-sa-novovicem-koji-mi-je-govorio-ko-glasa-za-dps\/#respond"]}]},{"@type":"WebPage","@id":"https:\/\/dmcsrb.com\/politika\/nikolic-ne-mogu-da-se-ne-prisjetim-razgovora-sa-novovicem-koji-mi-je-govorio-ko-glasa-za-dps\/","url":"https:\/\/dmcsrb.com\/politika\/nikolic-ne-mogu-da-se-ne-prisjetim-razgovora-sa-novovicem-koji-mi-je-govorio-ko-glasa-za-dps\/","name":"Nikoli\u0107: Ne mogu da se ne prisjetim razgovora sa Novovi\u0107em, koji mi je govorio ko glasa za DPS - dmcsrb.com","isPartOf":{"@id":"https:\/\/dmcsrb.com\/#website"},"primaryImageOfPage":{"@id":"https:\/\/dmcsrb.com\/politika\/nikolic-ne-mogu-da-se-ne-prisjetim-razgovora-sa-novovicem-koji-mi-je-govorio-ko-glasa-za-dps\/#primaryimage"},"image":{"@id":"https:\/\/dmcsrb.com\/politika\/nikolic-ne-mogu-da-se-ne-prisjetim-razgovora-sa-novovicem-koji-mi-je-govorio-ko-glasa-za-dps\/#primaryimage"},"thumbnailUrl":"https:\/\/dmcsrb.com\/wp-content\/uploads\/2026\/01\/Milos-Nikolic-1-scaled-1.webp","datePublished":"2025-10-09T08:24:00+00:00","author":{"@id":"https:\/\/dmcsrb.com\/#\/schema\/person\/5c39170f12db1b8b457732d0b5c854e2"},"breadcrumb":{"@id":"https:\/\/dmcsrb.com\/politika\/nikolic-ne-mogu-da-se-ne-prisjetim-razgovora-sa-novovicem-koji-mi-je-govorio-ko-glasa-za-dps\/#breadcrumb"},"inLanguage":"en-GB","potentialAction":[{"@type":"ReadAction","target":["https:\/\/dmcsrb.com\/politika\/nikolic-ne-mogu-da-se-ne-prisjetim-razgovora-sa-novovicem-koji-mi-je-govorio-ko-glasa-za-dps\/"]}]},{"@type":"ImageObject","inLanguage":"en-GB","@id":"https:\/\/dmcsrb.com\/politika\/nikolic-ne-mogu-da-se-ne-prisjetim-razgovora-sa-novovicem-koji-mi-je-govorio-ko-glasa-za-dps\/#primaryimage","url":"https:\/\/dmcsrb.com\/wp-content\/uploads\/2026\/01\/Milos-Nikolic-1-scaled-1.webp","contentUrl":"https:\/\/dmcsrb.com\/wp-content\/uploads\/2026\/01\/Milos-Nikolic-1-scaled-1.webp","width":2560,"height":1707},{"@type":"BreadcrumbList","@id":"https:\/\/dmcsrb.com\/politika\/nikolic-ne-mogu-da-se-ne-prisjetim-razgovora-sa-novovicem-koji-mi-je-govorio-ko-glasa-za-dps\/#breadcrumb","itemListElement":[{"@type":"ListItem","position":1,"name":"Home","item":"https:\/\/dmcsrb.com\/"},{"@type":"ListItem","position":2,"name":"Nikoli\u0107: Ne mogu da se ne prisjetim razgovora sa Novovi\u0107em, koji mi je govorio ko glasa za DPS"}]},{"@type":"WebSite","@id":"https:\/\/dmcsrb.com\/#website","url":"https:\/\/dmcsrb.com\/","name":"dmcsrb.com","description":"","potentialAction":[{"@type":"SearchAction","target":{"@type":"EntryPoint","urlTemplate":"https:\/\/dmcsrb.com\/?s={search_term_string}"},"query-input":{"@type":"PropertyValueSpecification","valueRequired":true,"valueName":"search_term_string"}}],"inLanguage":"en-GB"},{"@type":"Person","@id":"https:\/\/dmcsrb.com\/#\/schema\/person\/5c39170f12db1b8b457732d0b5c854e2","name":"dmcsrbija.com@gmail.com","image":{"@type":"ImageObject","inLanguage":"en-GB","@id":"https:\/\/secure.gravatar.com\/avatar\/68592660ad6347fad0fb587f8d5d8f1a7b44961362f56e4f2cd524feb87e9069?s=96&d=mm&r=g","url":"https:\/\/secure.gravatar.com\/avatar\/68592660ad6347fad0fb587f8d5d8f1a7b44961362f56e4f2cd524feb87e9069?s=96&d=mm&r=g","contentUrl":"https:\/\/secure.gravatar.com\/avatar\/68592660ad6347fad0fb587f8d5d8f1a7b44961362f56e4f2cd524feb87e9069?s=96&d=mm&r=g","caption":"dmcsrbija.com@gmail.com"},"sameAs":["https:\/\/dmcsrb.com"],"url":"https:\/\/dmcsrb.com\/en\/author\/dmcsrbija-comgmail-com\/"}]}},"_links":{"self":[{"href":"https:\/\/dmcsrb.com\/en\/wp-json\/wp\/v2\/posts\/956731","targetHints":{"allow":["GET"]}}],"collection":[{"href":"https:\/\/dmcsrb.com\/en\/wp-json\/wp\/v2\/posts"}],"about":[{"href":"https:\/\/dmcsrb.com\/en\/wp-json\/wp\/v2\/types\/post"}],"author":[{"embeddable":true,"href":"https:\/\/dmcsrb.com\/en\/wp-json\/wp\/v2\/users\/1"}],"replies":[{"embeddable":true,"href":"https:\/\/dmcsrb.com\/en\/wp-json\/wp\/v2\/comments?post=956731"}],"version-history":[{"count":0,"href":"https:\/\/dmcsrb.com\/en\/wp-json\/wp\/v2\/posts\/956731\/revisions"}],"wp:featuredmedia":[{"embeddable":true,"href":"https:\/\/dmcsrb.com\/en\/wp-json\/wp\/v2\/media\/956732"}],"wp:attachment":[{"href":"https:\/\/dmcsrb.com\/en\/wp-json\/wp\/v2\/media?parent=956731"}],"wp:term":[{"taxonomy":"category","embeddable":true,"href":"https:\/\/dmcsrb.com\/en\/wp-json\/wp\/v2\/categories?post=956731"},{"taxonomy":"post_tag","embeddable":true,"href":"https:\/\/dmcsrb.com\/en\/wp-json\/wp\/v2\/tags?post=956731"},{"taxonomy":"naslovna","embeddable":true,"href":"https:\/\/dmcsrb.com\/en\/wp-json\/wp\/v2\/naslovna?post=956731"}],"curies":[{"name":"wp","href":"https:\/\/api.w.org\/{rel}","templated":true}]}}