{"id":956730,"date":"2025-10-09T10:35:00","date_gmt":"2025-10-09T08:35:00","guid":{"rendered":"https:\/\/dmcsrb.com\/uncategorized\/crna-gora-ulazi-u-zajednicki-tranzit-ncts-od-1-novembra-2025-godine\/"},"modified":"2025-10-09T10:35:00","modified_gmt":"2025-10-09T08:35:00","slug":"crna-gora-ulazi-u-zajednicki-tranzit-ncts-od-1-novembra-2025-godine","status":"publish","type":"post","link":"https:\/\/dmcsrb.com\/en\/ekonomija\/crna-gora-ulazi-u-zajednicki-tranzit-ncts-od-1-novembra-2025-godine\/","title":{"rendered":"Crna Gora ulazi u zajedni\u010dki tranzit (NCTS) od 1. novembra 2025. godine"},"content":{"rendered":"<p><\/p>\n\n\n\n<p><\/p>\n\n\n\n<p><\/p>\n\n\n\n<p>&#8220;Podsje\u0107amo da uvo\u0111enje zajedni\u010dkog tranzita donosi niz pogodnosti za privredne subjekte, uklju\u010duju\u0107i: br\u017ei i efikasniji carinski postupak, smanjenje papirologije \u2013 svi podaci se razmjenjuju elektronski, manji tro\u0161kovi i kra\u0107e vrijeme zadr\u017eavanja na granicama. Pozivamo sve privredne subjekte koji obavljaju me\u0111unarodni promet robe da se blagovremeno upoznaju sa novim pravilima i tehni\u010dkim uslovima za kori\u0161\u0107enje NCTS sistema. Tako\u0111e, podsje\u0107amo na obavezu registracije u sistem i pribavljanje potrebnih odobrenja za obavljanje zajedni\u010dkog tranzita&#8221;, isti\u010du.<\/p>\n\n\n\n<p>Iz Uprave carina podsje\u0107aju privredne subjekte koji ve\u0107 koriste zajedni\u010dko obezbje\u0111enje u tranzitnom postupkuda moraju dostaviti nove garancije koje va\u017ee u dr\u017eavama \u010dlanicama zajedni\u010dkog tranzita preko \u010dijih teritorija \u0107e po\u0161iljke tranzitirati. <\/p>\n\n\n\n<p>&#8220;Tako\u0111e, neophodno je da informi\u0161ete poslovne partnere da svoje garancije prilagode po\u010detku primjene zajedni\u010dkog tranzita u Crnoj Gori, odnosno da u svojim garancijama dodaju kontakte u Crnoj Gori, kako bi bile validne u Crnoj Gori i time tranzitni postupci zapo\u010deti u drugim dr\u017eavama \u010dlanicama CTC mogli imati odredi\u0161nu carinsku ispostavu u Crnoj Gori&#8221;, dodaju.<\/p>\n\n\n\n<p>Oni tako\u0111e podsje\u0107aju da je popunjavanje tranzitnih deklaracija propisano Pravilnikom o sadr\u017eaju i na\u010dinu podno\u0161enja carinske deklaracije, vrsti, obliku, strukturi i \u0161iframa podataka u vezi deklaracija, zahtjeva ili odluka koje se upotrebljavaju za sprovo\u0111enje carinskih formalnosti (&#8220;Slu\u017ebeni list Crne Gore&#8221;, br. 050\/25). <\/p>\n\n\n\n<p>&#8220;U skladu sa \u010dlanom 12 Carinskog zakona (&#8220;Slu\u017ebeni list Crne Gore&#8221;, br. 086\/22), osim podataka propisanih Pravilnikom, pri podno\u0161enju tranzitne deklaracije podnosilac je obavezan, na zahtjev carinskog organa, dostaviti i sve dodatne informacije, u roku koji odredi carinski organ. Ukoliko podnosilac deklaracije u roku, odre\u0111enom od strane polazne carinske ispostave, ne dostavi tra\u017eene informacije, carinski organ ne\u0107e prihvatiti tranzitnu deklaraciju. Isti\u010demo da \u0107e se arhiviranje prate\u0107e dokumentacije, osim u polaznoj, incidentnoj i odredi\u0161noj carinskoj ispostavi, od 01. novembra 2025.godine vr\u0161iti i u tranzitnoj carinskoj ispostavi&#8221;, navode iz Uprave carina.<\/p>\n\n\n\n<p>Kako su pojasnili, Web klijent, koji je obezbije\u0111en za privredne subjekte koji imaju manje deklaracija, se mo\u017ee koristiti besplatno, link je objavljen na https:\/\/ecarina.me\/ncts . Privredni subjekti koji koriste svoj softver moraju isti prilagoditi zajedni\u010dkom tranzitu po DDNTA 6.4.1 opt-out.<\/p>\n\n\n\n<p>&#8220;U cilju bolje pripreme za primjenu zajedni\u010dkog tranzita Uprava carina, u saradnji sa Privrednom komorom Crne Gore, organizuje 24. oktobra 2025.godine, sa po\u010detkom u 12h sastanak sa predstavnicima \u0161peditera i banaka, na kojem korisnici tranzita mogu dobiti odgovore za eventualne nedoumice\/nejasno\u0107e u primjeni istog&#8221;, zaklju\u010duju.<\/p>","protected":false},"excerpt":{"rendered":"<p>Obavje\u0161tavamo vas da Crna Gora od 1. novembra 2025. godine postaje punopravna \u010dlanica Konvencije o zajedni\u010dkom tranzitnom postupku (NCTS). Ovo zna\u010di da \u0107e se me\u0111unarodni tranzit robe izme\u0111u Crne Gore i ostalih zemalja \u010dlanica Konvencije o zajedni\u010dkom tranzitnom postupku (uklju\u010duju\u0107i zemlje Evropske unije, EFTA-e, Ujedinjeno Kraljevstvo, Srbiju, Sjevernu Makedoniju, Tursku, Ukrajinu i Gruziju) od sada obavljati preko elektronskog sistema NCTS, navodi se u saop\u0161tenju Uprave carina.<\/p>","protected":false},"author":1,"featured_media":910701,"comment_status":"open","ping_status":"open","sticky":false,"template":"","format":"standard","meta":{"_acf_changed":false,"footnotes":""},"categories":[27],"tags":[10852,977],"naslovna":[],"class_list":["post-956730","post","type-post","status-publish","format-standard","has-post-thumbnail","hentry","category-ekonomija","tag-ncts","tag-uprava-carina"],"acf":[],"yoast_head":"<!-- This site is optimized with the Yoast SEO plugin v27.0 - https:\/\/yoast.com\/product\/yoast-seo-wordpress\/ -->\n<title>Crna Gora ulazi u zajedni\u010dki tranzit (NCTS) od 1. novembra 2025. godine - dmcsrb.com<\/title>\n<meta name=\"robots\" content=\"index, follow, max-snippet:-1, max-image-preview:large, max-video-preview:-1\" \/>\n<link rel=\"canonical\" href=\"https:\/\/dmcsrb.com\/en\/ekonomija\/crna-gora-ulazi-u-zajednicki-tranzit-ncts-od-1-novembra-2025-godine\/\" \/>\n<meta property=\"og:locale\" content=\"en_GB\" \/>\n<meta property=\"og:type\" content=\"article\" \/>\n<meta property=\"og:title\" content=\"Crna Gora ulazi u zajedni\u010dki tranzit (NCTS) od 1. novembra 2025. godine - dmcsrb.com\" \/>\n<meta property=\"og:description\" content=\"Obavje\u0161tavamo vas da Crna Gora od 1. novembra 2025. godine postaje punopravna \u010dlanica Konvencije o zajedni\u010dkom tranzitnom postupku (NCTS). Ovo zna\u010di da \u0107e se me\u0111unarodni tranzit robe izme\u0111u Crne Gore i ostalih zemalja \u010dlanica Konvencije o zajedni\u010dkom tranzitnom postupku (uklju\u010duju\u0107i zemlje Evropske unije, EFTA-e, Ujedinjeno Kraljevstvo, Srbiju, Sjevernu Makedoniju, Tursku, Ukrajinu i Gruziju) od sada obavljati preko elektronskog sistema NCTS, navodi se u saop\u0161tenju Uprave carina.\" \/>\n<meta property=\"og:url\" content=\"https:\/\/dmcsrb.com\/en\/ekonomija\/crna-gora-ulazi-u-zajednicki-tranzit-ncts-od-1-novembra-2025-godine\/\" \/>\n<meta property=\"og:site_name\" content=\"dmcsrb.com\" \/>\n<meta property=\"article:published_time\" content=\"2025-10-09T08:35:00+00:00\" \/>\n<meta property=\"og:image\" content=\"https:\/\/dmcsrb.com\/wp-content\/uploads\/2026\/01\/uprava-carina1.jpg\" \/>\n\t<meta property=\"og:image:width\" content=\"900\" \/>\n\t<meta property=\"og:image:height\" content=\"502\" \/>\n\t<meta property=\"og:image:type\" content=\"image\/jpeg\" \/>\n<meta name=\"author\" content=\"dmcsrbija.com@gmail.com\" \/>\n<meta name=\"twitter:card\" content=\"summary_large_image\" \/>\n<meta name=\"twitter:label1\" content=\"Written by\" \/>\n\t<meta name=\"twitter:data1\" content=\"dmcsrbija.com@gmail.com\" \/>\n\t<meta name=\"twitter:label2\" content=\"Estimated reading time\" \/>\n\t<meta name=\"twitter:data2\" content=\"2 minutes\" \/>\n<script type=\"application\/ld+json\" class=\"yoast-schema-graph\">{\"@context\":\"https:\/\/schema.org\",\"@graph\":[{\"@type\":\"Article\",\"@id\":\"https:\/\/dmcsrb.com\/ekonomija\/crna-gora-ulazi-u-zajednicki-tranzit-ncts-od-1-novembra-2025-godine\/#article\",\"isPartOf\":{\"@id\":\"https:\/\/dmcsrb.com\/ekonomija\/crna-gora-ulazi-u-zajednicki-tranzit-ncts-od-1-novembra-2025-godine\/\"},\"author\":{\"name\":\"dmcsrbija.com@gmail.com\",\"@id\":\"https:\/\/dmcsrb.com\/#\/schema\/person\/5c39170f12db1b8b457732d0b5c854e2\"},\"headline\":\"Crna Gora ulazi u zajedni\u010dki tranzit (NCTS) od 1. novembra 2025. godine\",\"datePublished\":\"2025-10-09T08:35:00+00:00\",\"mainEntityOfPage\":{\"@id\":\"https:\/\/dmcsrb.com\/ekonomija\/crna-gora-ulazi-u-zajednicki-tranzit-ncts-od-1-novembra-2025-godine\/\"},\"wordCount\":433,\"commentCount\":0,\"image\":{\"@id\":\"https:\/\/dmcsrb.com\/ekonomija\/crna-gora-ulazi-u-zajednicki-tranzit-ncts-od-1-novembra-2025-godine\/#primaryimage\"},\"thumbnailUrl\":\"https:\/\/dmcsrb.com\/wp-content\/uploads\/2026\/01\/uprava-carina1.jpg\",\"keywords\":[\"NCTS\",\"Uprava Carina\"],\"articleSection\":[\"Ekonomija\"],\"inLanguage\":\"en-GB\",\"potentialAction\":[{\"@type\":\"CommentAction\",\"name\":\"Comment\",\"target\":[\"https:\/\/dmcsrb.com\/ekonomija\/crna-gora-ulazi-u-zajednicki-tranzit-ncts-od-1-novembra-2025-godine\/#respond\"]}]},{\"@type\":\"WebPage\",\"@id\":\"https:\/\/dmcsrb.com\/ekonomija\/crna-gora-ulazi-u-zajednicki-tranzit-ncts-od-1-novembra-2025-godine\/\",\"url\":\"https:\/\/dmcsrb.com\/ekonomija\/crna-gora-ulazi-u-zajednicki-tranzit-ncts-od-1-novembra-2025-godine\/\",\"name\":\"Crna Gora ulazi u zajedni\u010dki tranzit (NCTS) od 1. novembra 2025. godine - dmcsrb.com\",\"isPartOf\":{\"@id\":\"https:\/\/dmcsrb.com\/#website\"},\"primaryImageOfPage\":{\"@id\":\"https:\/\/dmcsrb.com\/ekonomija\/crna-gora-ulazi-u-zajednicki-tranzit-ncts-od-1-novembra-2025-godine\/#primaryimage\"},\"image\":{\"@id\":\"https:\/\/dmcsrb.com\/ekonomija\/crna-gora-ulazi-u-zajednicki-tranzit-ncts-od-1-novembra-2025-godine\/#primaryimage\"},\"thumbnailUrl\":\"https:\/\/dmcsrb.com\/wp-content\/uploads\/2026\/01\/uprava-carina1.jpg\",\"datePublished\":\"2025-10-09T08:35:00+00:00\",\"author\":{\"@id\":\"https:\/\/dmcsrb.com\/#\/schema\/person\/5c39170f12db1b8b457732d0b5c854e2\"},\"breadcrumb\":{\"@id\":\"https:\/\/dmcsrb.com\/ekonomija\/crna-gora-ulazi-u-zajednicki-tranzit-ncts-od-1-novembra-2025-godine\/#breadcrumb\"},\"inLanguage\":\"en-GB\",\"potentialAction\":[{\"@type\":\"ReadAction\",\"target\":[\"https:\/\/dmcsrb.com\/ekonomija\/crna-gora-ulazi-u-zajednicki-tranzit-ncts-od-1-novembra-2025-godine\/\"]}]},{\"@type\":\"ImageObject\",\"inLanguage\":\"en-GB\",\"@id\":\"https:\/\/dmcsrb.com\/ekonomija\/crna-gora-ulazi-u-zajednicki-tranzit-ncts-od-1-novembra-2025-godine\/#primaryimage\",\"url\":\"https:\/\/dmcsrb.com\/wp-content\/uploads\/2026\/01\/uprava-carina1.jpg\",\"contentUrl\":\"https:\/\/dmcsrb.com\/wp-content\/uploads\/2026\/01\/uprava-carina1.jpg\",\"width\":900,\"height\":502},{\"@type\":\"BreadcrumbList\",\"@id\":\"https:\/\/dmcsrb.com\/ekonomija\/crna-gora-ulazi-u-zajednicki-tranzit-ncts-od-1-novembra-2025-godine\/#breadcrumb\",\"itemListElement\":[{\"@type\":\"ListItem\",\"position\":1,\"name\":\"Home\",\"item\":\"https:\/\/dmcsrb.com\/\"},{\"@type\":\"ListItem\",\"position\":2,\"name\":\"Crna Gora ulazi u zajedni\u010dki tranzit (NCTS) od 1. novembra 2025. godine\"}]},{\"@type\":\"WebSite\",\"@id\":\"https:\/\/dmcsrb.com\/#website\",\"url\":\"https:\/\/dmcsrb.com\/\",\"name\":\"dmcsrb.com\",\"description\":\"\",\"potentialAction\":[{\"@type\":\"SearchAction\",\"target\":{\"@type\":\"EntryPoint\",\"urlTemplate\":\"https:\/\/dmcsrb.com\/?s={search_term_string}\"},\"query-input\":{\"@type\":\"PropertyValueSpecification\",\"valueRequired\":true,\"valueName\":\"search_term_string\"}}],\"inLanguage\":\"en-GB\"},{\"@type\":\"Person\",\"@id\":\"https:\/\/dmcsrb.com\/#\/schema\/person\/5c39170f12db1b8b457732d0b5c854e2\",\"name\":\"dmcsrbija.com@gmail.com\",\"image\":{\"@type\":\"ImageObject\",\"inLanguage\":\"en-GB\",\"@id\":\"https:\/\/dmcsrb.com\/#\/schema\/person\/image\/\",\"url\":\"https:\/\/secure.gravatar.com\/avatar\/68592660ad6347fad0fb587f8d5d8f1a7b44961362f56e4f2cd524feb87e9069?s=96&d=mm&r=g\",\"contentUrl\":\"https:\/\/secure.gravatar.com\/avatar\/68592660ad6347fad0fb587f8d5d8f1a7b44961362f56e4f2cd524feb87e9069?s=96&d=mm&r=g\",\"caption\":\"dmcsrbija.com@gmail.com\"},\"sameAs\":[\"https:\/\/dmcsrb.com\"],\"url\":\"https:\/\/dmcsrb.com\/en\/author\/dmcsrbija-comgmail-com\/\"}]}<\/script>\n<!-- \/ Yoast SEO plugin. -->","yoast_head_json":{"title":"Crna Gora ulazi u zajedni\u010dki tranzit (NCTS) od 1. novembra 2025. godine - dmcsrb.com","robots":{"index":"index","follow":"follow","max-snippet":"max-snippet:-1","max-image-preview":"max-image-preview:large","max-video-preview":"max-video-preview:-1"},"canonical":"https:\/\/dmcsrb.com\/en\/ekonomija\/crna-gora-ulazi-u-zajednicki-tranzit-ncts-od-1-novembra-2025-godine\/","og_locale":"en_GB","og_type":"article","og_title":"Crna Gora ulazi u zajedni\u010dki tranzit (NCTS) od 1. novembra 2025. godine - dmcsrb.com","og_description":"Obavje\u0161tavamo vas da Crna Gora od 1. novembra 2025. godine postaje punopravna \u010dlanica Konvencije o zajedni\u010dkom tranzitnom postupku (NCTS). Ovo zna\u010di da \u0107e se me\u0111unarodni tranzit robe izme\u0111u Crne Gore i ostalih zemalja \u010dlanica Konvencije o zajedni\u010dkom tranzitnom postupku (uklju\u010duju\u0107i zemlje Evropske unije, EFTA-e, Ujedinjeno Kraljevstvo, Srbiju, Sjevernu Makedoniju, Tursku, Ukrajinu i Gruziju) od sada obavljati preko elektronskog sistema NCTS, navodi se u saop\u0161tenju Uprave carina.","og_url":"https:\/\/dmcsrb.com\/en\/ekonomija\/crna-gora-ulazi-u-zajednicki-tranzit-ncts-od-1-novembra-2025-godine\/","og_site_name":"dmcsrb.com","article_published_time":"2025-10-09T08:35:00+00:00","og_image":[{"width":900,"height":502,"url":"https:\/\/dmcsrb.com\/wp-content\/uploads\/2026\/01\/uprava-carina1.jpg","type":"image\/jpeg"}],"author":"dmcsrbija.com@gmail.com","twitter_card":"summary_large_image","twitter_misc":{"Written by":"dmcsrbija.com@gmail.com","Estimated reading time":"2 minutes"},"schema":{"@context":"https:\/\/schema.org","@graph":[{"@type":"Article","@id":"https:\/\/dmcsrb.com\/ekonomija\/crna-gora-ulazi-u-zajednicki-tranzit-ncts-od-1-novembra-2025-godine\/#article","isPartOf":{"@id":"https:\/\/dmcsrb.com\/ekonomija\/crna-gora-ulazi-u-zajednicki-tranzit-ncts-od-1-novembra-2025-godine\/"},"author":{"name":"dmcsrbija.com@gmail.com","@id":"https:\/\/dmcsrb.com\/#\/schema\/person\/5c39170f12db1b8b457732d0b5c854e2"},"headline":"Crna Gora ulazi u zajedni\u010dki tranzit (NCTS) od 1. novembra 2025. godine","datePublished":"2025-10-09T08:35:00+00:00","mainEntityOfPage":{"@id":"https:\/\/dmcsrb.com\/ekonomija\/crna-gora-ulazi-u-zajednicki-tranzit-ncts-od-1-novembra-2025-godine\/"},"wordCount":433,"commentCount":0,"image":{"@id":"https:\/\/dmcsrb.com\/ekonomija\/crna-gora-ulazi-u-zajednicki-tranzit-ncts-od-1-novembra-2025-godine\/#primaryimage"},"thumbnailUrl":"https:\/\/dmcsrb.com\/wp-content\/uploads\/2026\/01\/uprava-carina1.jpg","keywords":["NCTS","Uprava Carina"],"articleSection":["Ekonomija"],"inLanguage":"en-GB","potentialAction":[{"@type":"CommentAction","name":"Comment","target":["https:\/\/dmcsrb.com\/ekonomija\/crna-gora-ulazi-u-zajednicki-tranzit-ncts-od-1-novembra-2025-godine\/#respond"]}]},{"@type":"WebPage","@id":"https:\/\/dmcsrb.com\/ekonomija\/crna-gora-ulazi-u-zajednicki-tranzit-ncts-od-1-novembra-2025-godine\/","url":"https:\/\/dmcsrb.com\/ekonomija\/crna-gora-ulazi-u-zajednicki-tranzit-ncts-od-1-novembra-2025-godine\/","name":"Crna Gora ulazi u zajedni\u010dki tranzit (NCTS) od 1. novembra 2025. godine - dmcsrb.com","isPartOf":{"@id":"https:\/\/dmcsrb.com\/#website"},"primaryImageOfPage":{"@id":"https:\/\/dmcsrb.com\/ekonomija\/crna-gora-ulazi-u-zajednicki-tranzit-ncts-od-1-novembra-2025-godine\/#primaryimage"},"image":{"@id":"https:\/\/dmcsrb.com\/ekonomija\/crna-gora-ulazi-u-zajednicki-tranzit-ncts-od-1-novembra-2025-godine\/#primaryimage"},"thumbnailUrl":"https:\/\/dmcsrb.com\/wp-content\/uploads\/2026\/01\/uprava-carina1.jpg","datePublished":"2025-10-09T08:35:00+00:00","author":{"@id":"https:\/\/dmcsrb.com\/#\/schema\/person\/5c39170f12db1b8b457732d0b5c854e2"},"breadcrumb":{"@id":"https:\/\/dmcsrb.com\/ekonomija\/crna-gora-ulazi-u-zajednicki-tranzit-ncts-od-1-novembra-2025-godine\/#breadcrumb"},"inLanguage":"en-GB","potentialAction":[{"@type":"ReadAction","target":["https:\/\/dmcsrb.com\/ekonomija\/crna-gora-ulazi-u-zajednicki-tranzit-ncts-od-1-novembra-2025-godine\/"]}]},{"@type":"ImageObject","inLanguage":"en-GB","@id":"https:\/\/dmcsrb.com\/ekonomija\/crna-gora-ulazi-u-zajednicki-tranzit-ncts-od-1-novembra-2025-godine\/#primaryimage","url":"https:\/\/dmcsrb.com\/wp-content\/uploads\/2026\/01\/uprava-carina1.jpg","contentUrl":"https:\/\/dmcsrb.com\/wp-content\/uploads\/2026\/01\/uprava-carina1.jpg","width":900,"height":502},{"@type":"BreadcrumbList","@id":"https:\/\/dmcsrb.com\/ekonomija\/crna-gora-ulazi-u-zajednicki-tranzit-ncts-od-1-novembra-2025-godine\/#breadcrumb","itemListElement":[{"@type":"ListItem","position":1,"name":"Home","item":"https:\/\/dmcsrb.com\/"},{"@type":"ListItem","position":2,"name":"Crna Gora ulazi u zajedni\u010dki tranzit (NCTS) od 1. novembra 2025. godine"}]},{"@type":"WebSite","@id":"https:\/\/dmcsrb.com\/#website","url":"https:\/\/dmcsrb.com\/","name":"dmcsrb.com","description":"","potentialAction":[{"@type":"SearchAction","target":{"@type":"EntryPoint","urlTemplate":"https:\/\/dmcsrb.com\/?s={search_term_string}"},"query-input":{"@type":"PropertyValueSpecification","valueRequired":true,"valueName":"search_term_string"}}],"inLanguage":"en-GB"},{"@type":"Person","@id":"https:\/\/dmcsrb.com\/#\/schema\/person\/5c39170f12db1b8b457732d0b5c854e2","name":"dmcsrbija.com@gmail.com","image":{"@type":"ImageObject","inLanguage":"en-GB","@id":"https:\/\/dmcsrb.com\/#\/schema\/person\/image\/","url":"https:\/\/secure.gravatar.com\/avatar\/68592660ad6347fad0fb587f8d5d8f1a7b44961362f56e4f2cd524feb87e9069?s=96&d=mm&r=g","contentUrl":"https:\/\/secure.gravatar.com\/avatar\/68592660ad6347fad0fb587f8d5d8f1a7b44961362f56e4f2cd524feb87e9069?s=96&d=mm&r=g","caption":"dmcsrbija.com@gmail.com"},"sameAs":["https:\/\/dmcsrb.com"],"url":"https:\/\/dmcsrb.com\/en\/author\/dmcsrbija-comgmail-com\/"}]}},"_links":{"self":[{"href":"https:\/\/dmcsrb.com\/en\/wp-json\/wp\/v2\/posts\/956730","targetHints":{"allow":["GET"]}}],"collection":[{"href":"https:\/\/dmcsrb.com\/en\/wp-json\/wp\/v2\/posts"}],"about":[{"href":"https:\/\/dmcsrb.com\/en\/wp-json\/wp\/v2\/types\/post"}],"author":[{"embeddable":true,"href":"https:\/\/dmcsrb.com\/en\/wp-json\/wp\/v2\/users\/1"}],"replies":[{"embeddable":true,"href":"https:\/\/dmcsrb.com\/en\/wp-json\/wp\/v2\/comments?post=956730"}],"version-history":[{"count":0,"href":"https:\/\/dmcsrb.com\/en\/wp-json\/wp\/v2\/posts\/956730\/revisions"}],"wp:featuredmedia":[{"embeddable":true,"href":"https:\/\/dmcsrb.com\/en\/wp-json\/wp\/v2\/media\/910701"}],"wp:attachment":[{"href":"https:\/\/dmcsrb.com\/en\/wp-json\/wp\/v2\/media?parent=956730"}],"wp:term":[{"taxonomy":"category","embeddable":true,"href":"https:\/\/dmcsrb.com\/en\/wp-json\/wp\/v2\/categories?post=956730"},{"taxonomy":"post_tag","embeddable":true,"href":"https:\/\/dmcsrb.com\/en\/wp-json\/wp\/v2\/tags?post=956730"},{"taxonomy":"naslovna","embeddable":true,"href":"https:\/\/dmcsrb.com\/en\/wp-json\/wp\/v2\/naslovna?post=956730"}],"curies":[{"name":"wp","href":"https:\/\/api.w.org\/{rel}","templated":true}]}}