{"id":956722,"date":"2025-10-09T09:33:00","date_gmt":"2025-10-09T07:33:00","guid":{"rendered":"https:\/\/dmcsrb.com\/uncategorized\/akademija-osvojila-iii-turnir-veterana-u-malom-fudbalu\/"},"modified":"2025-10-09T09:33:00","modified_gmt":"2025-10-09T07:33:00","slug":"akademija-osvojila-iii-turnir-veterana-u-malom-fudbalu","status":"publish","type":"post","link":"https:\/\/dmcsrb.com\/en\/podgorica\/akademija-osvojila-iii-turnir-veterana-u-malom-fudbalu\/","title":{"rendered":"Akademija osvojila III Turnir veterana u malom fudbalu"},"content":{"rendered":"<p>Titulu najbolje ekipe u konkurenciji osam timova (igra\u010di sa navr\u0161enih 45 godina i stariji) ove godine zaslu\u017eeno nosi Akademija, koja je u finalu bila bolja od pro\u0161logodi\u0161njeg pobjednika ekipe Daka, rezultatom 2:1.<\/p>\n\n\n\n<p>U utakmici za tre\u0107e mjesto, ekipa Pljevlja 04 Dc light systems je nakon boljeg izvo\u0111enja penala savladala Mister No Sb bet 0:0 (3:2).<\/p>\n\n\n\n<p>Pehar za fer plej ekipu drugu godinu zaredom ponijeli su najstariji \u2013 veterani Mora\u010de.<\/p>\n\n\n\n<blockquote class=\"wp-block-quote is-layout-flow wp-block-quote-is-layout-flow\">\n<p>\u201cMislim da smo i ove godine, kao i u prethodnim edicijama turnira veterana, ispunili cilj. Podsjetili smo se nekada\u0161njih dana, ugostili ovdje biv\u0161e asove fudbala, lijepo se dru\u017eili mjesec dana, vi\u0111en je i kvalitetan fudbal. Sigurni smo da nas i naredne godine \u010deka jo\u0161 ljep\u0161e i masovnije izdanje oveg lijepog projekta. Do tada se nadamo da \u0107e i podloga na ovom kultnom terenu biti renovirana i da \u0107e svi imati bolje uslove za igru\u201d, poru\u010dili su iz redova organizatora.<\/p>\n<\/blockquote>\n\n\n\n<p>Priznanja najboljim ekipama uru\u010dili su Zoran Mijovi\u0107, ispred FK Karioke, Darko Nik\u010devi\u0107, sekretar za sport Glavnog grada i ovogodi\u0161nji promoter turnira, legendarni fudbaler Budu\u0107nosti Slavko Vlahovi\u0107.<\/p>","protected":false},"excerpt":{"rendered":"<p>Na kultnom Stadionu malih sportova sino\u0107 je stavljena ta\u010dka na III turnir veterana Podgorica 2025 u organizaciji Fudbalskog kluba Karioke, uz pokroviteljstvo Sekretarijata za sport Glavnog grada.<\/p>","protected":false},"author":1,"featured_media":956723,"comment_status":"open","ping_status":"open","sticky":false,"template":"","format":"standard","meta":{"_acf_changed":false,"footnotes":""},"categories":[56],"tags":[1310,10847,10848,10849],"naslovna":[],"class_list":["post-956722","post","type-post","status-publish","format-standard","has-post-thumbnail","hentry","category-podgorica","tag-akademija","tag-pehar","tag-stadion-malih-sportova","tag-turnir-veterana"],"acf":[],"yoast_head":"<!-- This site is optimized with the Yoast SEO plugin v27.4 - https:\/\/yoast.com\/product\/yoast-seo-wordpress\/ -->\n<title>Akademija osvojila III Turnir veterana u malom fudbalu - dmcsrb.com<\/title>\n<meta name=\"robots\" content=\"index, follow, max-snippet:-1, max-image-preview:large, max-video-preview:-1\" \/>\n<link rel=\"canonical\" href=\"https:\/\/dmcsrb.com\/en\/podgorica\/akademija-osvojila-iii-turnir-veterana-u-malom-fudbalu\/\" \/>\n<meta property=\"og:locale\" content=\"en_GB\" \/>\n<meta property=\"og:type\" content=\"article\" \/>\n<meta property=\"og:title\" content=\"Akademija osvojila III Turnir veterana u malom fudbalu - dmcsrb.com\" \/>\n<meta property=\"og:description\" content=\"Na kultnom Stadionu malih sportova sino\u0107 je stavljena ta\u010dka na III turnir veterana Podgorica 2025 u organizaciji Fudbalskog kluba Karioke, uz pokroviteljstvo Sekretarijata za sport Glavnog grada.\" \/>\n<meta property=\"og:url\" content=\"https:\/\/dmcsrb.com\/en\/podgorica\/akademija-osvojila-iii-turnir-veterana-u-malom-fudbalu\/\" \/>\n<meta property=\"og:site_name\" content=\"dmcsrb.com\" \/>\n<meta property=\"article:published_time\" content=\"2025-10-09T07:33:00+00:00\" \/>\n<meta property=\"og:image\" content=\"https:\/\/dmcsrb.com\/wp-content\/uploads\/2026\/01\/Turnir-veterana.webp\" \/>\n\t<meta property=\"og:image:width\" content=\"1024\" \/>\n\t<meta property=\"og:image:height\" content=\"678\" \/>\n\t<meta property=\"og:image:type\" content=\"image\/jpeg\" \/>\n<meta name=\"author\" content=\"dmcsrbija.com@gmail.com\" \/>\n<meta name=\"twitter:card\" content=\"summary_large_image\" \/>\n<meta name=\"twitter:label1\" content=\"Written by\" \/>\n\t<meta name=\"twitter:data1\" content=\"dmcsrbija.com@gmail.com\" \/>\n\t<meta name=\"twitter:label2\" content=\"Estimated reading time\" \/>\n\t<meta name=\"twitter:data2\" content=\"1 minute\" \/>\n<script type=\"application\/ld+json\" class=\"yoast-schema-graph\">{\"@context\":\"https:\\\/\\\/schema.org\",\"@graph\":[{\"@type\":\"Article\",\"@id\":\"https:\\\/\\\/dmcsrb.com\\\/podgorica\\\/akademija-osvojila-iii-turnir-veterana-u-malom-fudbalu\\\/#article\",\"isPartOf\":{\"@id\":\"https:\\\/\\\/dmcsrb.com\\\/podgorica\\\/akademija-osvojila-iii-turnir-veterana-u-malom-fudbalu\\\/\"},\"author\":{\"name\":\"dmcsrbija.com@gmail.com\",\"@id\":\"https:\\\/\\\/dmcsrb.com\\\/#\\\/schema\\\/person\\\/5c39170f12db1b8b457732d0b5c854e2\"},\"headline\":\"Akademija osvojila III Turnir veterana u malom fudbalu\",\"datePublished\":\"2025-10-09T07:33:00+00:00\",\"mainEntityOfPage\":{\"@id\":\"https:\\\/\\\/dmcsrb.com\\\/podgorica\\\/akademija-osvojila-iii-turnir-veterana-u-malom-fudbalu\\\/\"},\"wordCount\":194,\"commentCount\":0,\"image\":{\"@id\":\"https:\\\/\\\/dmcsrb.com\\\/podgorica\\\/akademija-osvojila-iii-turnir-veterana-u-malom-fudbalu\\\/#primaryimage\"},\"thumbnailUrl\":\"https:\\\/\\\/dmcsrb.com\\\/wp-content\\\/uploads\\\/2026\\\/01\\\/Turnir-veterana.webp\",\"keywords\":[\"Akademija\",\"Pehar\",\"stadion malih sportova\",\"Turnir veterana\"],\"articleSection\":[\"Podgorica\"],\"inLanguage\":\"en-GB\",\"potentialAction\":[{\"@type\":\"CommentAction\",\"name\":\"Comment\",\"target\":[\"https:\\\/\\\/dmcsrb.com\\\/podgorica\\\/akademija-osvojila-iii-turnir-veterana-u-malom-fudbalu\\\/#respond\"]}]},{\"@type\":\"WebPage\",\"@id\":\"https:\\\/\\\/dmcsrb.com\\\/podgorica\\\/akademija-osvojila-iii-turnir-veterana-u-malom-fudbalu\\\/\",\"url\":\"https:\\\/\\\/dmcsrb.com\\\/podgorica\\\/akademija-osvojila-iii-turnir-veterana-u-malom-fudbalu\\\/\",\"name\":\"Akademija osvojila III Turnir veterana u malom fudbalu - dmcsrb.com\",\"isPartOf\":{\"@id\":\"https:\\\/\\\/dmcsrb.com\\\/#website\"},\"primaryImageOfPage\":{\"@id\":\"https:\\\/\\\/dmcsrb.com\\\/podgorica\\\/akademija-osvojila-iii-turnir-veterana-u-malom-fudbalu\\\/#primaryimage\"},\"image\":{\"@id\":\"https:\\\/\\\/dmcsrb.com\\\/podgorica\\\/akademija-osvojila-iii-turnir-veterana-u-malom-fudbalu\\\/#primaryimage\"},\"thumbnailUrl\":\"https:\\\/\\\/dmcsrb.com\\\/wp-content\\\/uploads\\\/2026\\\/01\\\/Turnir-veterana.webp\",\"datePublished\":\"2025-10-09T07:33:00+00:00\",\"author\":{\"@id\":\"https:\\\/\\\/dmcsrb.com\\\/#\\\/schema\\\/person\\\/5c39170f12db1b8b457732d0b5c854e2\"},\"breadcrumb\":{\"@id\":\"https:\\\/\\\/dmcsrb.com\\\/podgorica\\\/akademija-osvojila-iii-turnir-veterana-u-malom-fudbalu\\\/#breadcrumb\"},\"inLanguage\":\"en-GB\",\"potentialAction\":[{\"@type\":\"ReadAction\",\"target\":[\"https:\\\/\\\/dmcsrb.com\\\/podgorica\\\/akademija-osvojila-iii-turnir-veterana-u-malom-fudbalu\\\/\"]}]},{\"@type\":\"ImageObject\",\"inLanguage\":\"en-GB\",\"@id\":\"https:\\\/\\\/dmcsrb.com\\\/podgorica\\\/akademija-osvojila-iii-turnir-veterana-u-malom-fudbalu\\\/#primaryimage\",\"url\":\"https:\\\/\\\/dmcsrb.com\\\/wp-content\\\/uploads\\\/2026\\\/01\\\/Turnir-veterana.webp\",\"contentUrl\":\"https:\\\/\\\/dmcsrb.com\\\/wp-content\\\/uploads\\\/2026\\\/01\\\/Turnir-veterana.webp\",\"width\":1024,\"height\":678},{\"@type\":\"BreadcrumbList\",\"@id\":\"https:\\\/\\\/dmcsrb.com\\\/podgorica\\\/akademija-osvojila-iii-turnir-veterana-u-malom-fudbalu\\\/#breadcrumb\",\"itemListElement\":[{\"@type\":\"ListItem\",\"position\":1,\"name\":\"Home\",\"item\":\"https:\\\/\\\/dmcsrb.com\\\/\"},{\"@type\":\"ListItem\",\"position\":2,\"name\":\"Akademija osvojila III Turnir veterana u malom fudbalu\"}]},{\"@type\":\"WebSite\",\"@id\":\"https:\\\/\\\/dmcsrb.com\\\/#website\",\"url\":\"https:\\\/\\\/dmcsrb.com\\\/\",\"name\":\"dmcsrb.com\",\"description\":\"\",\"potentialAction\":[{\"@type\":\"SearchAction\",\"target\":{\"@type\":\"EntryPoint\",\"urlTemplate\":\"https:\\\/\\\/dmcsrb.com\\\/?s={search_term_string}\"},\"query-input\":{\"@type\":\"PropertyValueSpecification\",\"valueRequired\":true,\"valueName\":\"search_term_string\"}}],\"inLanguage\":\"en-GB\"},{\"@type\":\"Person\",\"@id\":\"https:\\\/\\\/dmcsrb.com\\\/#\\\/schema\\\/person\\\/5c39170f12db1b8b457732d0b5c854e2\",\"name\":\"dmcsrbija.com@gmail.com\",\"image\":{\"@type\":\"ImageObject\",\"inLanguage\":\"en-GB\",\"@id\":\"https:\\\/\\\/secure.gravatar.com\\\/avatar\\\/68592660ad6347fad0fb587f8d5d8f1a7b44961362f56e4f2cd524feb87e9069?s=96&d=mm&r=g\",\"url\":\"https:\\\/\\\/secure.gravatar.com\\\/avatar\\\/68592660ad6347fad0fb587f8d5d8f1a7b44961362f56e4f2cd524feb87e9069?s=96&d=mm&r=g\",\"contentUrl\":\"https:\\\/\\\/secure.gravatar.com\\\/avatar\\\/68592660ad6347fad0fb587f8d5d8f1a7b44961362f56e4f2cd524feb87e9069?s=96&d=mm&r=g\",\"caption\":\"dmcsrbija.com@gmail.com\"},\"sameAs\":[\"https:\\\/\\\/dmcsrb.com\"],\"url\":\"https:\\\/\\\/dmcsrb.com\\\/en\\\/author\\\/dmcsrbija-comgmail-com\\\/\"}]}<\/script>\n<!-- \/ Yoast SEO plugin. -->","yoast_head_json":{"title":"Akademija osvojila III Turnir veterana u malom fudbalu - dmcsrb.com","robots":{"index":"index","follow":"follow","max-snippet":"max-snippet:-1","max-image-preview":"max-image-preview:large","max-video-preview":"max-video-preview:-1"},"canonical":"https:\/\/dmcsrb.com\/en\/podgorica\/akademija-osvojila-iii-turnir-veterana-u-malom-fudbalu\/","og_locale":"en_GB","og_type":"article","og_title":"Akademija osvojila III Turnir veterana u malom fudbalu - dmcsrb.com","og_description":"Na kultnom Stadionu malih sportova sino\u0107 je stavljena ta\u010dka na III turnir veterana Podgorica 2025 u organizaciji Fudbalskog kluba Karioke, uz pokroviteljstvo Sekretarijata za sport Glavnog grada.","og_url":"https:\/\/dmcsrb.com\/en\/podgorica\/akademija-osvojila-iii-turnir-veterana-u-malom-fudbalu\/","og_site_name":"dmcsrb.com","article_published_time":"2025-10-09T07:33:00+00:00","og_image":[{"width":1024,"height":678,"url":"https:\/\/dmcsrb.com\/wp-content\/uploads\/2026\/01\/Turnir-veterana.webp","type":"image\/jpeg"}],"author":"dmcsrbija.com@gmail.com","twitter_card":"summary_large_image","twitter_misc":{"Written by":"dmcsrbija.com@gmail.com","Estimated reading time":"1 minute"},"schema":{"@context":"https:\/\/schema.org","@graph":[{"@type":"Article","@id":"https:\/\/dmcsrb.com\/podgorica\/akademija-osvojila-iii-turnir-veterana-u-malom-fudbalu\/#article","isPartOf":{"@id":"https:\/\/dmcsrb.com\/podgorica\/akademija-osvojila-iii-turnir-veterana-u-malom-fudbalu\/"},"author":{"name":"dmcsrbija.com@gmail.com","@id":"https:\/\/dmcsrb.com\/#\/schema\/person\/5c39170f12db1b8b457732d0b5c854e2"},"headline":"Akademija osvojila III Turnir veterana u malom fudbalu","datePublished":"2025-10-09T07:33:00+00:00","mainEntityOfPage":{"@id":"https:\/\/dmcsrb.com\/podgorica\/akademija-osvojila-iii-turnir-veterana-u-malom-fudbalu\/"},"wordCount":194,"commentCount":0,"image":{"@id":"https:\/\/dmcsrb.com\/podgorica\/akademija-osvojila-iii-turnir-veterana-u-malom-fudbalu\/#primaryimage"},"thumbnailUrl":"https:\/\/dmcsrb.com\/wp-content\/uploads\/2026\/01\/Turnir-veterana.webp","keywords":["Akademija","Pehar","stadion malih sportova","Turnir veterana"],"articleSection":["Podgorica"],"inLanguage":"en-GB","potentialAction":[{"@type":"CommentAction","name":"Comment","target":["https:\/\/dmcsrb.com\/podgorica\/akademija-osvojila-iii-turnir-veterana-u-malom-fudbalu\/#respond"]}]},{"@type":"WebPage","@id":"https:\/\/dmcsrb.com\/podgorica\/akademija-osvojila-iii-turnir-veterana-u-malom-fudbalu\/","url":"https:\/\/dmcsrb.com\/podgorica\/akademija-osvojila-iii-turnir-veterana-u-malom-fudbalu\/","name":"Akademija osvojila III Turnir veterana u malom fudbalu - dmcsrb.com","isPartOf":{"@id":"https:\/\/dmcsrb.com\/#website"},"primaryImageOfPage":{"@id":"https:\/\/dmcsrb.com\/podgorica\/akademija-osvojila-iii-turnir-veterana-u-malom-fudbalu\/#primaryimage"},"image":{"@id":"https:\/\/dmcsrb.com\/podgorica\/akademija-osvojila-iii-turnir-veterana-u-malom-fudbalu\/#primaryimage"},"thumbnailUrl":"https:\/\/dmcsrb.com\/wp-content\/uploads\/2026\/01\/Turnir-veterana.webp","datePublished":"2025-10-09T07:33:00+00:00","author":{"@id":"https:\/\/dmcsrb.com\/#\/schema\/person\/5c39170f12db1b8b457732d0b5c854e2"},"breadcrumb":{"@id":"https:\/\/dmcsrb.com\/podgorica\/akademija-osvojila-iii-turnir-veterana-u-malom-fudbalu\/#breadcrumb"},"inLanguage":"en-GB","potentialAction":[{"@type":"ReadAction","target":["https:\/\/dmcsrb.com\/podgorica\/akademija-osvojila-iii-turnir-veterana-u-malom-fudbalu\/"]}]},{"@type":"ImageObject","inLanguage":"en-GB","@id":"https:\/\/dmcsrb.com\/podgorica\/akademija-osvojila-iii-turnir-veterana-u-malom-fudbalu\/#primaryimage","url":"https:\/\/dmcsrb.com\/wp-content\/uploads\/2026\/01\/Turnir-veterana.webp","contentUrl":"https:\/\/dmcsrb.com\/wp-content\/uploads\/2026\/01\/Turnir-veterana.webp","width":1024,"height":678},{"@type":"BreadcrumbList","@id":"https:\/\/dmcsrb.com\/podgorica\/akademija-osvojila-iii-turnir-veterana-u-malom-fudbalu\/#breadcrumb","itemListElement":[{"@type":"ListItem","position":1,"name":"Home","item":"https:\/\/dmcsrb.com\/"},{"@type":"ListItem","position":2,"name":"Akademija osvojila III Turnir veterana u malom fudbalu"}]},{"@type":"WebSite","@id":"https:\/\/dmcsrb.com\/#website","url":"https:\/\/dmcsrb.com\/","name":"dmcsrb.com","description":"","potentialAction":[{"@type":"SearchAction","target":{"@type":"EntryPoint","urlTemplate":"https:\/\/dmcsrb.com\/?s={search_term_string}"},"query-input":{"@type":"PropertyValueSpecification","valueRequired":true,"valueName":"search_term_string"}}],"inLanguage":"en-GB"},{"@type":"Person","@id":"https:\/\/dmcsrb.com\/#\/schema\/person\/5c39170f12db1b8b457732d0b5c854e2","name":"dmcsrbija.com@gmail.com","image":{"@type":"ImageObject","inLanguage":"en-GB","@id":"https:\/\/secure.gravatar.com\/avatar\/68592660ad6347fad0fb587f8d5d8f1a7b44961362f56e4f2cd524feb87e9069?s=96&d=mm&r=g","url":"https:\/\/secure.gravatar.com\/avatar\/68592660ad6347fad0fb587f8d5d8f1a7b44961362f56e4f2cd524feb87e9069?s=96&d=mm&r=g","contentUrl":"https:\/\/secure.gravatar.com\/avatar\/68592660ad6347fad0fb587f8d5d8f1a7b44961362f56e4f2cd524feb87e9069?s=96&d=mm&r=g","caption":"dmcsrbija.com@gmail.com"},"sameAs":["https:\/\/dmcsrb.com"],"url":"https:\/\/dmcsrb.com\/en\/author\/dmcsrbija-comgmail-com\/"}]}},"_links":{"self":[{"href":"https:\/\/dmcsrb.com\/en\/wp-json\/wp\/v2\/posts\/956722","targetHints":{"allow":["GET"]}}],"collection":[{"href":"https:\/\/dmcsrb.com\/en\/wp-json\/wp\/v2\/posts"}],"about":[{"href":"https:\/\/dmcsrb.com\/en\/wp-json\/wp\/v2\/types\/post"}],"author":[{"embeddable":true,"href":"https:\/\/dmcsrb.com\/en\/wp-json\/wp\/v2\/users\/1"}],"replies":[{"embeddable":true,"href":"https:\/\/dmcsrb.com\/en\/wp-json\/wp\/v2\/comments?post=956722"}],"version-history":[{"count":0,"href":"https:\/\/dmcsrb.com\/en\/wp-json\/wp\/v2\/posts\/956722\/revisions"}],"wp:featuredmedia":[{"embeddable":true,"href":"https:\/\/dmcsrb.com\/en\/wp-json\/wp\/v2\/media\/956723"}],"wp:attachment":[{"href":"https:\/\/dmcsrb.com\/en\/wp-json\/wp\/v2\/media?parent=956722"}],"wp:term":[{"taxonomy":"category","embeddable":true,"href":"https:\/\/dmcsrb.com\/en\/wp-json\/wp\/v2\/categories?post=956722"},{"taxonomy":"post_tag","embeddable":true,"href":"https:\/\/dmcsrb.com\/en\/wp-json\/wp\/v2\/tags?post=956722"},{"taxonomy":"naslovna","embeddable":true,"href":"https:\/\/dmcsrb.com\/en\/wp-json\/wp\/v2\/naslovna?post=956722"}],"curies":[{"name":"wp","href":"https:\/\/api.w.org\/{rel}","templated":true}]}}