{"id":956676,"date":"2025-10-09T05:37:00","date_gmt":"2025-10-09T03:37:00","guid":{"rendered":"https:\/\/dmcsrb.com\/uncategorized\/prvi-ispit-za-vucinica-kao-selektora-crna-gora-veceras-gostuje-farskim-ostrvima\/"},"modified":"2025-10-09T05:37:00","modified_gmt":"2025-10-09T03:37:00","slug":"prvi-ispit-za-vucinica-kao-selektora-crna-gora-veceras-gostuje-farskim-ostrvima","status":"publish","type":"post","link":"https:\/\/dmcsrb.com\/en\/sport\/prvi-ispit-za-vucinica-kao-selektora-crna-gora-veceras-gostuje-farskim-ostrvima\/","title":{"rendered":"Prvi ispit za Vu\u010dini\u0107a kao selektora  \u2013 Crna Gora ve\u010deras gostuje Farskim Ostrvima"},"content":{"rendered":"<p>Legendarni Nik\u0161i\u0107anin ve\u010deras \u0107e debitovati u ulozi selektora, u me\u010du kvalifikacija za Svjetsko prvenstvo protiv Farskih Ostrva u Tor\u0161avnu.<\/p>\n\n\n\n<p>Ni ovoga puta povrede nisu zaobi\u0161le na\u0161u selekciju, pa zbog istih Vu\u010dini\u0107 ne mo\u017ee da ra\u010duna na Stevana Joveti\u0107a, Stefana Lon\u010dara, Marka Jankovi\u0107a, Igora Vuja\u010di\u0107a, Adama Maru\u0161i\u0107a i Milana Vukoti\u0107a koji se povrijedio dva dana pred me\u010d, dok zbog suspenzije u timu ne\u0107e biti Andrija Bulatovi\u0107. <\/p>\n\n\n\n<p>&#8220;S obzirom da imamo mali fond igra\u010da, sigurno da \u0107e nam igra\u010d kalibra kao \u0161to je Vukoti\u0107 i ono \u0161to pokazuje u Partizanu sigurno nedostajati. Ipak, moramo da znamo i da se naviknemo na to da reprezentacija ne zavisi od jednog igra\u010da. Treba da budemo grupa, da funkcioni\u0161emo kao porodica \u2013 svi kao jedan. Igra\u0107e oni koji se najbolje poka\u017eu na treninzima. Jesu nam va\u017eni oni koji sada nedostaju, ali ne \u017ealim se na igra\u010de koji su mi na raspolaganju&#8221;, kazao je Vucinic na konferenciji za medije.<\/p>\n\n\n\n<figure class=\"wp-block-image size-large\"><img decoding=\"async\" src=\"https:\/\/gradski.me\/wp-content\/uploads\/2025\/10\/Sokoli-trening-pred-Farska-Ostrva-Vucinic-FSCG-1024x703.jpg\" alt=\"\" class=\"wp-image-847853\"\/><figcaption class=\"wp-element-caption\">Foto: FSCG<\/figcaption><\/figure>\n\n\n\n<p>Biv\u0161i as Juventusa i Rome isti\u010de da ne postoji savr\u0161ena formacija.&nbsp;<\/p>\n\n\n\n<p>&#8220;Ne te\u017eim samo jednom sistemu jer nema perfektnog sistema ili formacije. Da postoji idealna, svi bi igrali u istoj formaciji. Va\u017eno je \u0161to akteri te postavke poka\u017eu u toj formaciji u kojoj budu igrali. Uz to uporno ponavljam koliko su bitni \u017eelja i volja&#8221;.&nbsp;<\/p>\n\n\n\n<p>Vu\u010dini\u0107 je biranim rije\u010dima govorio o sugra\u0111aninu Vasiliju Ad\u017ei\u0107u.&nbsp;<\/p>\n\n\n\n<p>&#8220;Ad\u017ei\u0107 je talentovan igra\u010d, zna mnogo s loptom, ali u dana\u0161njem fudbalu mora\u0161 da igra\u0161 u oba smjera. Vidio sam na posljednjoj utakmici Juventusa da se mnogo trudio i tr\u010dao, za trud koji ula\u017ee nagra\u0111en je evrogolom protiv Intera. Va\u017ean je za na\u0161u reprezentaciju, ali ne samo on, nego svi igra\u010di. Jasno je svakako da je on igra\u010d koji mo\u017ee da ,,isko\u010di\u201c iz sistema, napravi \u010daroliju i donese asistenciju ili gol&#8221;, kazao je Vu\u010dini\u0107. <\/p>\n\n\n\n<p>Crna Gora je u prvom me\u010du savladala Farane u Nik\u0161i\u0107uu golom u sudijskoj nadoknadi. Od toga duela na\u0161a reprezentacija je upisala remi i tri poraza.&nbsp;&nbsp;<\/p>\n\n\n\n<p>&#8220;Za mene je katastrofalno ako ne pobijedimo. Moramo da idemo na pobjedu u svakoj utakmici. Ve\u0107 tri me\u010da nijesmo slavili, a kad nema pobjeda onda pada samopiuzdanje, ru\u0161i se atmosfera, htjeli mi to da priznamo ili ne. U tim situacijama unosi se nemir i nervoza, i sve vrijeme tokom priprema insistirao sam da igra\u010di moraju da razmi\u0161ljaju samo o pobjedi. Mnogo je bitan rezultat. Zanimaju me samo Farska Ostrva, ne mislim o tome \u0161to nemamo \u0161ansi za Mundijal. Samo \u017eelim da igra\u010di daju maksimu, a ako Farani budu bolji, \u010destita\u0107emo im. Ali moramo da uradimo sve da pobijedimo&#8221;, zaklju\u010dio je Vu\u010dini\u0107.&nbsp;<\/p>\n\n\n\n<p>U odsustvu Stevana Jovetica, &#8220;sokole&#8221; \u0107e sa kapitenskom trakom oko ruke predvoditi Stefan Savi\u0107. <\/p>\n\n\n\n<p>Savi\u0107 i Vu\u010dini\u0107 dijelili su svla\u010dionicu u nacionalnom timu, dok su bili rivali u Seriji A, a sada su zajedno u malo drugacijim ulogama.&nbsp;<\/p>\n\n\n\n<figure class=\"wp-block-image size-large\"><img decoding=\"async\" src=\"https:\/\/gradski.me\/wp-content\/uploads\/2025\/10\/Sokoli-trening-pred-Farska-Ostrva-FSCG-1024x603.jpg\" alt=\"\" class=\"wp-image-847855\"\/><figcaption class=\"wp-element-caption\">Foto: FSCG<\/figcaption><\/figure>\n\n\n\n<p>&#8220;Svi smo mi, moja generacija a i ostali, rasli uz Mirka, bio nam je svima idol, neko na koga smo se ugledali od prvog dana. Dosta dobro se poznajemo, dijelili smo teren, dok sam igrao u Italiji bili smo i protivnici. Zadovoljan sam \u0161to imam priliku da radimo zajedno i u njegovoj novoj ulozi. Dobro poznaje ekipu, nema nikakvih problema \u0161to se ti\u010de prilago\u0111avanja. Nadam se da \u0107emo uspjeti da ispunimo njegova o\u010dekivanja i sjutra pokazati ono \u0161to smo radili proteklih dana&#8221;, kazao je Savi\u0107.<\/p>\n\n\n\n<p>Uprkos tome \u0161to me\u010d nema pretjeran rezultatski zna\u010daj, motiva ne nedostaje.<\/p>\n\n\n\n<p>&#8220;Imamo veliki motiv, jedva \u010dekamo da po\u010dne me\u010d. Nekoliko dana radimo s novim selektorom, osje\u0107a se pozitivna energija \u0161to je o\u010digledno u radu na treninzima. Neprijatni rezultati su iza nas i poku\u0161a\u0107emo to da ispravimo. Uradi\u0107emo sve da osvojimo tri boda. Mnogo bi nam zna\u010dilo da prekinemo crnu seriju, ali ne\u0107e biti lako, niko se ovdje na Farskim Ostrvima nije naigrao. Te\u0161ka je podloga, vje\u0161ta\u010dki teren, na to nijesmo navikli. Ali dosta dobro smo se spremili i vjerujem da \u0107emo prekinuti negativan niz&#8221;, naglasio je defanzivac Trabzona.&nbsp;<\/p>\n\n\n\n<p>Utakmica je na programu ve\u010deras na &#8220;Torsvalur&#8221; stadionu u Tor\u0161avnu, sa po\u010detkom od 20 i 45h po na\u0161em vremenu, odnosno 19 i 45 po lokalnom.&nbsp;<\/p>\n\n\n\n<p>U istom terminu u na\u0161oj grupi u Pragu se igra derbi izme\u0111u \u010ce\u0161ke i Hrvatske.&nbsp;<\/p>\n\n\n\n<p><br><\/p>","protected":false},"excerpt":{"rendered":"<p>Mirko Vu\u010dini\u0107 je kao igra\u010d dao ogroman doprinos crnogorskoj reprezentaciji, a sada \u0107e poku\u0161ati da svoje bogato iskustvo prenese na novu generaciju.<\/p>","protected":false},"author":1,"featured_media":956677,"comment_status":"open","ping_status":"open","sticky":false,"template":"","format":"standard","meta":{"_acf_changed":false,"footnotes":""},"categories":[148],"tags":[5443,4051,10369],"naslovna":[],"class_list":["post-956676","post","type-post","status-publish","format-standard","has-post-thumbnail","hentry","category-sport","tag-kvalifikacije-za-svjetsko-prvenstvo","tag-muska-fudbalska-reprezentacija-crne-gore","tag-muska-fudbalska-reprezentacija-farskih-ostrva"],"acf":[],"yoast_head":"<!-- This site is optimized with the Yoast SEO plugin v27.4 - https:\/\/yoast.com\/product\/yoast-seo-wordpress\/ -->\n<title>Prvi ispit za Vu\u010dini\u0107a kao selektora \u2013 Crna Gora ve\u010deras gostuje Farskim Ostrvima - dmcsrb.com<\/title>\n<meta name=\"robots\" content=\"index, follow, max-snippet:-1, max-image-preview:large, max-video-preview:-1\" \/>\n<link rel=\"canonical\" href=\"https:\/\/dmcsrb.com\/en\/sport\/prvi-ispit-za-vucinica-kao-selektora-crna-gora-veceras-gostuje-farskim-ostrvima\/\" \/>\n<meta property=\"og:locale\" content=\"en_GB\" \/>\n<meta property=\"og:type\" content=\"article\" \/>\n<meta property=\"og:title\" content=\"Prvi ispit za Vu\u010dini\u0107a kao selektora \u2013 Crna Gora ve\u010deras gostuje Farskim Ostrvima - dmcsrb.com\" \/>\n<meta property=\"og:description\" content=\"Mirko Vu\u010dini\u0107 je kao igra\u010d dao ogroman doprinos crnogorskoj reprezentaciji, a sada \u0107e poku\u0161ati da svoje bogato iskustvo prenese na novu generaciju.\" \/>\n<meta property=\"og:url\" content=\"https:\/\/dmcsrb.com\/en\/sport\/prvi-ispit-za-vucinica-kao-selektora-crna-gora-veceras-gostuje-farskim-ostrvima\/\" \/>\n<meta property=\"og:site_name\" content=\"dmcsrb.com\" \/>\n<meta property=\"article:published_time\" content=\"2025-10-09T03:37:00+00:00\" \/>\n<meta property=\"og:image\" content=\"https:\/\/dmcsrb.com\/wp-content\/uploads\/2026\/01\/Sokoli-trening-pred-Farska-Ostrva-2-FSCG.webp\" \/>\n\t<meta property=\"og:image:width\" content=\"1191\" \/>\n\t<meta property=\"og:image:height\" content=\"800\" \/>\n\t<meta property=\"og:image:type\" content=\"image\/jpeg\" \/>\n<meta name=\"author\" content=\"dmcsrbija.com@gmail.com\" \/>\n<meta name=\"twitter:card\" content=\"summary_large_image\" \/>\n<meta name=\"twitter:label1\" content=\"Written by\" \/>\n\t<meta name=\"twitter:data1\" content=\"dmcsrbija.com@gmail.com\" \/>\n\t<meta name=\"twitter:label2\" content=\"Estimated reading time\" \/>\n\t<meta name=\"twitter:data2\" content=\"4 minutes\" \/>\n<script type=\"application\/ld+json\" class=\"yoast-schema-graph\">{\"@context\":\"https:\\\/\\\/schema.org\",\"@graph\":[{\"@type\":\"Article\",\"@id\":\"https:\\\/\\\/dmcsrb.com\\\/sport\\\/prvi-ispit-za-vucinica-kao-selektora-crna-gora-veceras-gostuje-farskim-ostrvima\\\/#article\",\"isPartOf\":{\"@id\":\"https:\\\/\\\/dmcsrb.com\\\/sport\\\/prvi-ispit-za-vucinica-kao-selektora-crna-gora-veceras-gostuje-farskim-ostrvima\\\/\"},\"author\":{\"name\":\"dmcsrbija.com@gmail.com\",\"@id\":\"https:\\\/\\\/dmcsrb.com\\\/#\\\/schema\\\/person\\\/5c39170f12db1b8b457732d0b5c854e2\"},\"headline\":\"Prvi ispit za Vu\u010dini\u0107a kao selektora \u2013 Crna Gora ve\u010deras gostuje Farskim Ostrvima\",\"datePublished\":\"2025-10-09T03:37:00+00:00\",\"mainEntityOfPage\":{\"@id\":\"https:\\\/\\\/dmcsrb.com\\\/sport\\\/prvi-ispit-za-vucinica-kao-selektora-crna-gora-veceras-gostuje-farskim-ostrvima\\\/\"},\"wordCount\":786,\"commentCount\":0,\"image\":{\"@id\":\"https:\\\/\\\/dmcsrb.com\\\/sport\\\/prvi-ispit-za-vucinica-kao-selektora-crna-gora-veceras-gostuje-farskim-ostrvima\\\/#primaryimage\"},\"thumbnailUrl\":\"https:\\\/\\\/dmcsrb.com\\\/wp-content\\\/uploads\\\/2026\\\/01\\\/Sokoli-trening-pred-Farska-Ostrva-2-FSCG.webp\",\"keywords\":[\"kvalifikacije za Svjetsko prvenstvo\",\"Mu\u0161ka fudbalska reprezentacija Crne Gore\",\"Mu\u0161ka fudbalska reprezentacija Farskih Ostrva\"],\"articleSection\":[\"Sport\"],\"inLanguage\":\"en-GB\",\"potentialAction\":[{\"@type\":\"CommentAction\",\"name\":\"Comment\",\"target\":[\"https:\\\/\\\/dmcsrb.com\\\/sport\\\/prvi-ispit-za-vucinica-kao-selektora-crna-gora-veceras-gostuje-farskim-ostrvima\\\/#respond\"]}]},{\"@type\":\"WebPage\",\"@id\":\"https:\\\/\\\/dmcsrb.com\\\/sport\\\/prvi-ispit-za-vucinica-kao-selektora-crna-gora-veceras-gostuje-farskim-ostrvima\\\/\",\"url\":\"https:\\\/\\\/dmcsrb.com\\\/sport\\\/prvi-ispit-za-vucinica-kao-selektora-crna-gora-veceras-gostuje-farskim-ostrvima\\\/\",\"name\":\"Prvi ispit za Vu\u010dini\u0107a kao selektora \u2013 Crna Gora ve\u010deras gostuje Farskim Ostrvima - dmcsrb.com\",\"isPartOf\":{\"@id\":\"https:\\\/\\\/dmcsrb.com\\\/#website\"},\"primaryImageOfPage\":{\"@id\":\"https:\\\/\\\/dmcsrb.com\\\/sport\\\/prvi-ispit-za-vucinica-kao-selektora-crna-gora-veceras-gostuje-farskim-ostrvima\\\/#primaryimage\"},\"image\":{\"@id\":\"https:\\\/\\\/dmcsrb.com\\\/sport\\\/prvi-ispit-za-vucinica-kao-selektora-crna-gora-veceras-gostuje-farskim-ostrvima\\\/#primaryimage\"},\"thumbnailUrl\":\"https:\\\/\\\/dmcsrb.com\\\/wp-content\\\/uploads\\\/2026\\\/01\\\/Sokoli-trening-pred-Farska-Ostrva-2-FSCG.webp\",\"datePublished\":\"2025-10-09T03:37:00+00:00\",\"author\":{\"@id\":\"https:\\\/\\\/dmcsrb.com\\\/#\\\/schema\\\/person\\\/5c39170f12db1b8b457732d0b5c854e2\"},\"breadcrumb\":{\"@id\":\"https:\\\/\\\/dmcsrb.com\\\/sport\\\/prvi-ispit-za-vucinica-kao-selektora-crna-gora-veceras-gostuje-farskim-ostrvima\\\/#breadcrumb\"},\"inLanguage\":\"en-GB\",\"potentialAction\":[{\"@type\":\"ReadAction\",\"target\":[\"https:\\\/\\\/dmcsrb.com\\\/sport\\\/prvi-ispit-za-vucinica-kao-selektora-crna-gora-veceras-gostuje-farskim-ostrvima\\\/\"]}]},{\"@type\":\"ImageObject\",\"inLanguage\":\"en-GB\",\"@id\":\"https:\\\/\\\/dmcsrb.com\\\/sport\\\/prvi-ispit-za-vucinica-kao-selektora-crna-gora-veceras-gostuje-farskim-ostrvima\\\/#primaryimage\",\"url\":\"https:\\\/\\\/dmcsrb.com\\\/wp-content\\\/uploads\\\/2026\\\/01\\\/Sokoli-trening-pred-Farska-Ostrva-2-FSCG.webp\",\"contentUrl\":\"https:\\\/\\\/dmcsrb.com\\\/wp-content\\\/uploads\\\/2026\\\/01\\\/Sokoli-trening-pred-Farska-Ostrva-2-FSCG.webp\",\"width\":1191,\"height\":800},{\"@type\":\"BreadcrumbList\",\"@id\":\"https:\\\/\\\/dmcsrb.com\\\/sport\\\/prvi-ispit-za-vucinica-kao-selektora-crna-gora-veceras-gostuje-farskim-ostrvima\\\/#breadcrumb\",\"itemListElement\":[{\"@type\":\"ListItem\",\"position\":1,\"name\":\"Home\",\"item\":\"https:\\\/\\\/dmcsrb.com\\\/\"},{\"@type\":\"ListItem\",\"position\":2,\"name\":\"Prvi ispit za Vu\u010dini\u0107a kao selektora \u2013 Crna Gora ve\u010deras gostuje Farskim Ostrvima\"}]},{\"@type\":\"WebSite\",\"@id\":\"https:\\\/\\\/dmcsrb.com\\\/#website\",\"url\":\"https:\\\/\\\/dmcsrb.com\\\/\",\"name\":\"dmcsrb.com\",\"description\":\"\",\"potentialAction\":[{\"@type\":\"SearchAction\",\"target\":{\"@type\":\"EntryPoint\",\"urlTemplate\":\"https:\\\/\\\/dmcsrb.com\\\/?s={search_term_string}\"},\"query-input\":{\"@type\":\"PropertyValueSpecification\",\"valueRequired\":true,\"valueName\":\"search_term_string\"}}],\"inLanguage\":\"en-GB\"},{\"@type\":\"Person\",\"@id\":\"https:\\\/\\\/dmcsrb.com\\\/#\\\/schema\\\/person\\\/5c39170f12db1b8b457732d0b5c854e2\",\"name\":\"dmcsrbija.com@gmail.com\",\"image\":{\"@type\":\"ImageObject\",\"inLanguage\":\"en-GB\",\"@id\":\"https:\\\/\\\/secure.gravatar.com\\\/avatar\\\/68592660ad6347fad0fb587f8d5d8f1a7b44961362f56e4f2cd524feb87e9069?s=96&d=mm&r=g\",\"url\":\"https:\\\/\\\/secure.gravatar.com\\\/avatar\\\/68592660ad6347fad0fb587f8d5d8f1a7b44961362f56e4f2cd524feb87e9069?s=96&d=mm&r=g\",\"contentUrl\":\"https:\\\/\\\/secure.gravatar.com\\\/avatar\\\/68592660ad6347fad0fb587f8d5d8f1a7b44961362f56e4f2cd524feb87e9069?s=96&d=mm&r=g\",\"caption\":\"dmcsrbija.com@gmail.com\"},\"sameAs\":[\"https:\\\/\\\/dmcsrb.com\"],\"url\":\"https:\\\/\\\/dmcsrb.com\\\/en\\\/author\\\/dmcsrbija-comgmail-com\\\/\"}]}<\/script>\n<!-- \/ Yoast SEO plugin. -->","yoast_head_json":{"title":"Prvi ispit za Vu\u010dini\u0107a kao selektora \u2013 Crna Gora ve\u010deras gostuje Farskim Ostrvima - dmcsrb.com","robots":{"index":"index","follow":"follow","max-snippet":"max-snippet:-1","max-image-preview":"max-image-preview:large","max-video-preview":"max-video-preview:-1"},"canonical":"https:\/\/dmcsrb.com\/en\/sport\/prvi-ispit-za-vucinica-kao-selektora-crna-gora-veceras-gostuje-farskim-ostrvima\/","og_locale":"en_GB","og_type":"article","og_title":"Prvi ispit za Vu\u010dini\u0107a kao selektora \u2013 Crna Gora ve\u010deras gostuje Farskim Ostrvima - dmcsrb.com","og_description":"Mirko Vu\u010dini\u0107 je kao igra\u010d dao ogroman doprinos crnogorskoj reprezentaciji, a sada \u0107e poku\u0161ati da svoje bogato iskustvo prenese na novu generaciju.","og_url":"https:\/\/dmcsrb.com\/en\/sport\/prvi-ispit-za-vucinica-kao-selektora-crna-gora-veceras-gostuje-farskim-ostrvima\/","og_site_name":"dmcsrb.com","article_published_time":"2025-10-09T03:37:00+00:00","og_image":[{"width":1191,"height":800,"url":"https:\/\/dmcsrb.com\/wp-content\/uploads\/2026\/01\/Sokoli-trening-pred-Farska-Ostrva-2-FSCG.webp","type":"image\/jpeg"}],"author":"dmcsrbija.com@gmail.com","twitter_card":"summary_large_image","twitter_misc":{"Written by":"dmcsrbija.com@gmail.com","Estimated reading time":"4 minutes"},"schema":{"@context":"https:\/\/schema.org","@graph":[{"@type":"Article","@id":"https:\/\/dmcsrb.com\/sport\/prvi-ispit-za-vucinica-kao-selektora-crna-gora-veceras-gostuje-farskim-ostrvima\/#article","isPartOf":{"@id":"https:\/\/dmcsrb.com\/sport\/prvi-ispit-za-vucinica-kao-selektora-crna-gora-veceras-gostuje-farskim-ostrvima\/"},"author":{"name":"dmcsrbija.com@gmail.com","@id":"https:\/\/dmcsrb.com\/#\/schema\/person\/5c39170f12db1b8b457732d0b5c854e2"},"headline":"Prvi ispit za Vu\u010dini\u0107a kao selektora \u2013 Crna Gora ve\u010deras gostuje Farskim Ostrvima","datePublished":"2025-10-09T03:37:00+00:00","mainEntityOfPage":{"@id":"https:\/\/dmcsrb.com\/sport\/prvi-ispit-za-vucinica-kao-selektora-crna-gora-veceras-gostuje-farskim-ostrvima\/"},"wordCount":786,"commentCount":0,"image":{"@id":"https:\/\/dmcsrb.com\/sport\/prvi-ispit-za-vucinica-kao-selektora-crna-gora-veceras-gostuje-farskim-ostrvima\/#primaryimage"},"thumbnailUrl":"https:\/\/dmcsrb.com\/wp-content\/uploads\/2026\/01\/Sokoli-trening-pred-Farska-Ostrva-2-FSCG.webp","keywords":["kvalifikacije za Svjetsko prvenstvo","Mu\u0161ka fudbalska reprezentacija Crne Gore","Mu\u0161ka fudbalska reprezentacija Farskih Ostrva"],"articleSection":["Sport"],"inLanguage":"en-GB","potentialAction":[{"@type":"CommentAction","name":"Comment","target":["https:\/\/dmcsrb.com\/sport\/prvi-ispit-za-vucinica-kao-selektora-crna-gora-veceras-gostuje-farskim-ostrvima\/#respond"]}]},{"@type":"WebPage","@id":"https:\/\/dmcsrb.com\/sport\/prvi-ispit-za-vucinica-kao-selektora-crna-gora-veceras-gostuje-farskim-ostrvima\/","url":"https:\/\/dmcsrb.com\/sport\/prvi-ispit-za-vucinica-kao-selektora-crna-gora-veceras-gostuje-farskim-ostrvima\/","name":"Prvi ispit za Vu\u010dini\u0107a kao selektora \u2013 Crna Gora ve\u010deras gostuje Farskim Ostrvima - dmcsrb.com","isPartOf":{"@id":"https:\/\/dmcsrb.com\/#website"},"primaryImageOfPage":{"@id":"https:\/\/dmcsrb.com\/sport\/prvi-ispit-za-vucinica-kao-selektora-crna-gora-veceras-gostuje-farskim-ostrvima\/#primaryimage"},"image":{"@id":"https:\/\/dmcsrb.com\/sport\/prvi-ispit-za-vucinica-kao-selektora-crna-gora-veceras-gostuje-farskim-ostrvima\/#primaryimage"},"thumbnailUrl":"https:\/\/dmcsrb.com\/wp-content\/uploads\/2026\/01\/Sokoli-trening-pred-Farska-Ostrva-2-FSCG.webp","datePublished":"2025-10-09T03:37:00+00:00","author":{"@id":"https:\/\/dmcsrb.com\/#\/schema\/person\/5c39170f12db1b8b457732d0b5c854e2"},"breadcrumb":{"@id":"https:\/\/dmcsrb.com\/sport\/prvi-ispit-za-vucinica-kao-selektora-crna-gora-veceras-gostuje-farskim-ostrvima\/#breadcrumb"},"inLanguage":"en-GB","potentialAction":[{"@type":"ReadAction","target":["https:\/\/dmcsrb.com\/sport\/prvi-ispit-za-vucinica-kao-selektora-crna-gora-veceras-gostuje-farskim-ostrvima\/"]}]},{"@type":"ImageObject","inLanguage":"en-GB","@id":"https:\/\/dmcsrb.com\/sport\/prvi-ispit-za-vucinica-kao-selektora-crna-gora-veceras-gostuje-farskim-ostrvima\/#primaryimage","url":"https:\/\/dmcsrb.com\/wp-content\/uploads\/2026\/01\/Sokoli-trening-pred-Farska-Ostrva-2-FSCG.webp","contentUrl":"https:\/\/dmcsrb.com\/wp-content\/uploads\/2026\/01\/Sokoli-trening-pred-Farska-Ostrva-2-FSCG.webp","width":1191,"height":800},{"@type":"BreadcrumbList","@id":"https:\/\/dmcsrb.com\/sport\/prvi-ispit-za-vucinica-kao-selektora-crna-gora-veceras-gostuje-farskim-ostrvima\/#breadcrumb","itemListElement":[{"@type":"ListItem","position":1,"name":"Home","item":"https:\/\/dmcsrb.com\/"},{"@type":"ListItem","position":2,"name":"Prvi ispit za Vu\u010dini\u0107a kao selektora \u2013 Crna Gora ve\u010deras gostuje Farskim Ostrvima"}]},{"@type":"WebSite","@id":"https:\/\/dmcsrb.com\/#website","url":"https:\/\/dmcsrb.com\/","name":"dmcsrb.com","description":"","potentialAction":[{"@type":"SearchAction","target":{"@type":"EntryPoint","urlTemplate":"https:\/\/dmcsrb.com\/?s={search_term_string}"},"query-input":{"@type":"PropertyValueSpecification","valueRequired":true,"valueName":"search_term_string"}}],"inLanguage":"en-GB"},{"@type":"Person","@id":"https:\/\/dmcsrb.com\/#\/schema\/person\/5c39170f12db1b8b457732d0b5c854e2","name":"dmcsrbija.com@gmail.com","image":{"@type":"ImageObject","inLanguage":"en-GB","@id":"https:\/\/secure.gravatar.com\/avatar\/68592660ad6347fad0fb587f8d5d8f1a7b44961362f56e4f2cd524feb87e9069?s=96&d=mm&r=g","url":"https:\/\/secure.gravatar.com\/avatar\/68592660ad6347fad0fb587f8d5d8f1a7b44961362f56e4f2cd524feb87e9069?s=96&d=mm&r=g","contentUrl":"https:\/\/secure.gravatar.com\/avatar\/68592660ad6347fad0fb587f8d5d8f1a7b44961362f56e4f2cd524feb87e9069?s=96&d=mm&r=g","caption":"dmcsrbija.com@gmail.com"},"sameAs":["https:\/\/dmcsrb.com"],"url":"https:\/\/dmcsrb.com\/en\/author\/dmcsrbija-comgmail-com\/"}]}},"_links":{"self":[{"href":"https:\/\/dmcsrb.com\/en\/wp-json\/wp\/v2\/posts\/956676","targetHints":{"allow":["GET"]}}],"collection":[{"href":"https:\/\/dmcsrb.com\/en\/wp-json\/wp\/v2\/posts"}],"about":[{"href":"https:\/\/dmcsrb.com\/en\/wp-json\/wp\/v2\/types\/post"}],"author":[{"embeddable":true,"href":"https:\/\/dmcsrb.com\/en\/wp-json\/wp\/v2\/users\/1"}],"replies":[{"embeddable":true,"href":"https:\/\/dmcsrb.com\/en\/wp-json\/wp\/v2\/comments?post=956676"}],"version-history":[{"count":0,"href":"https:\/\/dmcsrb.com\/en\/wp-json\/wp\/v2\/posts\/956676\/revisions"}],"wp:featuredmedia":[{"embeddable":true,"href":"https:\/\/dmcsrb.com\/en\/wp-json\/wp\/v2\/media\/956677"}],"wp:attachment":[{"href":"https:\/\/dmcsrb.com\/en\/wp-json\/wp\/v2\/media?parent=956676"}],"wp:term":[{"taxonomy":"category","embeddable":true,"href":"https:\/\/dmcsrb.com\/en\/wp-json\/wp\/v2\/categories?post=956676"},{"taxonomy":"post_tag","embeddable":true,"href":"https:\/\/dmcsrb.com\/en\/wp-json\/wp\/v2\/tags?post=956676"},{"taxonomy":"naslovna","embeddable":true,"href":"https:\/\/dmcsrb.com\/en\/wp-json\/wp\/v2\/naslovna?post=956676"}],"curies":[{"name":"wp","href":"https:\/\/api.w.org\/{rel}","templated":true}]}}