{"id":956654,"date":"2025-10-08T18:45:00","date_gmt":"2025-10-08T16:45:00","guid":{"rendered":"https:\/\/dmcsrb.com\/uncategorized\/savic-mirko-nam-je-svima-bio-idol-jako-sam-srecan-sto-ima-novu-ulogu\/"},"modified":"2025-10-08T18:45:00","modified_gmt":"2025-10-08T16:45:00","slug":"savic-mirko-nam-je-svima-bio-idol-jako-sam-srecan-sto-ima-novu-ulogu","status":"publish","type":"post","link":"https:\/\/dmcsrb.com\/en\/sport\/savic-mirko-nam-je-svima-bio-idol-jako-sam-srecan-sto-ima-novu-ulogu\/","title":{"rendered":"Savi\u0107: Mirko nam je svima bio idol, jako sam sre\u0107an \u0161to ima novu ulogu"},"content":{"rendered":"<p>&#8220;Hrabri sokoli&#8221; sjutra (20.45) gostuju Faranima u Tor\u0161avnu u \u0161estoj utakmici kvalifikacija za Mundijal. <\/p>\n\n\n\n<p>Savi\u0107 i Vu\u010dini\u0107 su godinama bili saigra\u010di u reprezentaciji, vodili su &#8220;bitke&#8221; u Italiji, a sada \u0107e biti u druga\u010dijim ulogama, po\u0161to \u0107e legendarni Nik\u0161i\u0107anin sjutra debitovati kao selektor nacionalnog tima. <\/p>\n\n\n\n<p>&#8220;Svi mi, mislim na ovu moju generaciju, gledali smo Mirka i svima je bio idol. \u0160to se mene ti\u010de, dijelili smo teren u rerezentaciji, bili protivnici u Italiji, u stru\u010dnom \u0161tabu je ve\u0107 par sezona. Dosta dobro se poznajemo, u ulozi trenera je par godina i jako sam sre\u0107an \u0161to \u0107emo sara\u0111ivati i sada, kada ima novu funkciju. Ne\u0107e biti problem da se on privikne na nas, kao ni mi na njegov sistem&#8221;, kazao je Savi\u0107 na konferenciji za medije. <\/p>\n\n\n\n<p>Crna Gora je na posljednja \u010detiri me\u010da pretrpjela tri poraza, uz remi sa Jermenijom u prijateljskoj utakmici. <\/p>\n\n\n\n<p>&#8220;Imamo neprijatne rezultate u posljednje vrijeme, proba\u0107emo sjutra da to ispravimo. Mnogo bi nam zan\u010dilo da prekinemo crnu seriju, iako znamo da ne\u0107e biti nimalo lako&#8221;, isti\u010de 34-godi\u0161nji Mojkov\u010danin. <\/p>\n\n\n\n<p>Na\u0161a selekcija je dobila prvi me\u010d protiv Farana u Nik\u0161i\u0107u golom debelo u sudijskoj nadoknadi. Defanzivac Trabzona o\u010dekuje tvrd me\u010d na terenu sa vje\u0161ta\u010dkom podlogom.<\/p>\n\n\n\n<p>&#8220;Vidjeli smo da se ovdje niko nije ba\u0161 naigrao, pogotovo jer se radi o jednom te\u0161kom terenu odnosno podlozi na koju nismo navikli. Me\u0111utim, dosta smo spremni, mislim da \u0107emo uspjeti da prekinemo seriju&#8221;, kazao je Savi\u0107. <\/p>\n\n\n\n<p>Savi\u0107 odskora sa kapitenskom trakom predvodi i Trabzon koji je na visokom drugom mjestu u doma\u0107em \u0161ampionatu, sa pet bodova manje od vode\u0107eg Galatasaraja.<\/p>\n\n\n\n<p>&#8220;Krenuli smo dobro u turskom \u0161ampionatu i jako sam zadovoljan onime \u0161to smo prikazali do sada. Ali, sada to ostavljam sa strane, jer je u mislima samo reprezentacija&#8221;. <\/p>\n\n\n\n<p>Atmosfera u reprezentaciji je pozitivna, uprkos \u010dinjenici da je Crna Gora izgubila sve \u0161anse da se domogne jednog od prva dva mjesta.<\/p>\n\n\n\n<p>\u201eIskreno, jedva \u010dekamo da sjutra iza\u0111emo na teren. Osje\u0107a se pozitivna energija, radna atmosfera i vjerujem da \u0107emo to prenijeti na teren.\u201c<\/p>","protected":false},"excerpt":{"rendered":"<p>U odsustvu Stevana Joveti\u0107a, odgovornost kapitena preuze\u0107e Stefan Savi\u0107, koji \u0107e predvoditi Crnu Goru u predstoje\u0107em duelu protiv Farskih Ostrva.<\/p>","protected":false},"author":1,"featured_media":950947,"comment_status":"open","ping_status":"open","sticky":false,"template":"","format":"standard","meta":{"_acf_changed":false,"footnotes":""},"categories":[148],"tags":[10816,4051,10369,2718],"naslovna":[],"class_list":["post-956654","post","type-post","status-publish","format-standard","has-post-thumbnail","hentry","category-sport","tag-kvalfikacije-za-svjetsko-prvenstvo","tag-muska-fudbalska-reprezentacija-crne-gore","tag-muska-fudbalska-reprezentacija-farskih-ostrva","tag-stefan-savic"],"acf":[],"yoast_head":"<!-- This site is optimized with the Yoast SEO plugin v27.4 - https:\/\/yoast.com\/product\/yoast-seo-wordpress\/ -->\n<title>Savi\u0107: Mirko nam je svima bio idol, jako sam sre\u0107an \u0161to ima novu ulogu - dmcsrb.com<\/title>\n<meta name=\"robots\" content=\"index, follow, max-snippet:-1, max-image-preview:large, max-video-preview:-1\" \/>\n<link rel=\"canonical\" href=\"https:\/\/dmcsrb.com\/en\/sport\/savic-mirko-nam-je-svima-bio-idol-jako-sam-srecan-sto-ima-novu-ulogu\/\" \/>\n<meta property=\"og:locale\" content=\"en_GB\" \/>\n<meta property=\"og:type\" content=\"article\" \/>\n<meta property=\"og:title\" content=\"Savi\u0107: Mirko nam je svima bio idol, jako sam sre\u0107an \u0161to ima novu ulogu - dmcsrb.com\" \/>\n<meta property=\"og:description\" content=\"U odsustvu Stevana Joveti\u0107a, odgovornost kapitena preuze\u0107e Stefan Savi\u0107, koji \u0107e predvoditi Crnu Goru u predstoje\u0107em duelu protiv Farskih Ostrva.\" \/>\n<meta property=\"og:url\" content=\"https:\/\/dmcsrb.com\/en\/sport\/savic-mirko-nam-je-svima-bio-idol-jako-sam-srecan-sto-ima-novu-ulogu\/\" \/>\n<meta property=\"og:site_name\" content=\"dmcsrb.com\" \/>\n<meta property=\"article:published_time\" content=\"2025-10-08T16:45:00+00:00\" \/>\n<meta property=\"og:image\" content=\"https:\/\/dmcsrb.com\/wp-content\/uploads\/2026\/01\/Savic-na-mecu-sa-Hrvatskom-FSCG.webp\" \/>\n\t<meta property=\"og:image:width\" content=\"899\" \/>\n\t<meta property=\"og:image:height\" content=\"596\" \/>\n\t<meta property=\"og:image:type\" content=\"image\/jpeg\" \/>\n<meta name=\"author\" content=\"dmcsrbija.com@gmail.com\" \/>\n<meta name=\"twitter:card\" content=\"summary_large_image\" \/>\n<meta name=\"twitter:label1\" content=\"Written by\" \/>\n\t<meta name=\"twitter:data1\" content=\"dmcsrbija.com@gmail.com\" \/>\n\t<meta name=\"twitter:label2\" content=\"Estimated reading time\" \/>\n\t<meta name=\"twitter:data2\" content=\"2 minutes\" \/>\n<script type=\"application\/ld+json\" class=\"yoast-schema-graph\">{\"@context\":\"https:\\\/\\\/schema.org\",\"@graph\":[{\"@type\":\"Article\",\"@id\":\"https:\\\/\\\/dmcsrb.com\\\/sport\\\/savic-mirko-nam-je-svima-bio-idol-jako-sam-srecan-sto-ima-novu-ulogu\\\/#article\",\"isPartOf\":{\"@id\":\"https:\\\/\\\/dmcsrb.com\\\/sport\\\/savic-mirko-nam-je-svima-bio-idol-jako-sam-srecan-sto-ima-novu-ulogu\\\/\"},\"author\":{\"name\":\"dmcsrbija.com@gmail.com\",\"@id\":\"https:\\\/\\\/dmcsrb.com\\\/#\\\/schema\\\/person\\\/5c39170f12db1b8b457732d0b5c854e2\"},\"headline\":\"Savi\u0107: Mirko nam je svima bio idol, jako sam sre\u0107an \u0161to ima novu ulogu\",\"datePublished\":\"2025-10-08T16:45:00+00:00\",\"mainEntityOfPage\":{\"@id\":\"https:\\\/\\\/dmcsrb.com\\\/sport\\\/savic-mirko-nam-je-svima-bio-idol-jako-sam-srecan-sto-ima-novu-ulogu\\\/\"},\"wordCount\":374,\"commentCount\":0,\"image\":{\"@id\":\"https:\\\/\\\/dmcsrb.com\\\/sport\\\/savic-mirko-nam-je-svima-bio-idol-jako-sam-srecan-sto-ima-novu-ulogu\\\/#primaryimage\"},\"thumbnailUrl\":\"https:\\\/\\\/dmcsrb.com\\\/wp-content\\\/uploads\\\/2026\\\/01\\\/Savic-na-mecu-sa-Hrvatskom-FSCG.webp\",\"keywords\":[\"kvalfikacije za Svjetsko prvenstvo\",\"Mu\u0161ka fudbalska reprezentacija Crne Gore\",\"Mu\u0161ka fudbalska reprezentacija Farskih Ostrva\",\"Stefan Savi\u0107\"],\"articleSection\":[\"Sport\"],\"inLanguage\":\"en-GB\",\"potentialAction\":[{\"@type\":\"CommentAction\",\"name\":\"Comment\",\"target\":[\"https:\\\/\\\/dmcsrb.com\\\/sport\\\/savic-mirko-nam-je-svima-bio-idol-jako-sam-srecan-sto-ima-novu-ulogu\\\/#respond\"]}]},{\"@type\":\"WebPage\",\"@id\":\"https:\\\/\\\/dmcsrb.com\\\/sport\\\/savic-mirko-nam-je-svima-bio-idol-jako-sam-srecan-sto-ima-novu-ulogu\\\/\",\"url\":\"https:\\\/\\\/dmcsrb.com\\\/sport\\\/savic-mirko-nam-je-svima-bio-idol-jako-sam-srecan-sto-ima-novu-ulogu\\\/\",\"name\":\"Savi\u0107: Mirko nam je svima bio idol, jako sam sre\u0107an \u0161to ima novu ulogu - dmcsrb.com\",\"isPartOf\":{\"@id\":\"https:\\\/\\\/dmcsrb.com\\\/#website\"},\"primaryImageOfPage\":{\"@id\":\"https:\\\/\\\/dmcsrb.com\\\/sport\\\/savic-mirko-nam-je-svima-bio-idol-jako-sam-srecan-sto-ima-novu-ulogu\\\/#primaryimage\"},\"image\":{\"@id\":\"https:\\\/\\\/dmcsrb.com\\\/sport\\\/savic-mirko-nam-je-svima-bio-idol-jako-sam-srecan-sto-ima-novu-ulogu\\\/#primaryimage\"},\"thumbnailUrl\":\"https:\\\/\\\/dmcsrb.com\\\/wp-content\\\/uploads\\\/2026\\\/01\\\/Savic-na-mecu-sa-Hrvatskom-FSCG.webp\",\"datePublished\":\"2025-10-08T16:45:00+00:00\",\"author\":{\"@id\":\"https:\\\/\\\/dmcsrb.com\\\/#\\\/schema\\\/person\\\/5c39170f12db1b8b457732d0b5c854e2\"},\"breadcrumb\":{\"@id\":\"https:\\\/\\\/dmcsrb.com\\\/sport\\\/savic-mirko-nam-je-svima-bio-idol-jako-sam-srecan-sto-ima-novu-ulogu\\\/#breadcrumb\"},\"inLanguage\":\"en-GB\",\"potentialAction\":[{\"@type\":\"ReadAction\",\"target\":[\"https:\\\/\\\/dmcsrb.com\\\/sport\\\/savic-mirko-nam-je-svima-bio-idol-jako-sam-srecan-sto-ima-novu-ulogu\\\/\"]}]},{\"@type\":\"ImageObject\",\"inLanguage\":\"en-GB\",\"@id\":\"https:\\\/\\\/dmcsrb.com\\\/sport\\\/savic-mirko-nam-je-svima-bio-idol-jako-sam-srecan-sto-ima-novu-ulogu\\\/#primaryimage\",\"url\":\"https:\\\/\\\/dmcsrb.com\\\/wp-content\\\/uploads\\\/2026\\\/01\\\/Savic-na-mecu-sa-Hrvatskom-FSCG.webp\",\"contentUrl\":\"https:\\\/\\\/dmcsrb.com\\\/wp-content\\\/uploads\\\/2026\\\/01\\\/Savic-na-mecu-sa-Hrvatskom-FSCG.webp\",\"width\":899,\"height\":596},{\"@type\":\"BreadcrumbList\",\"@id\":\"https:\\\/\\\/dmcsrb.com\\\/sport\\\/savic-mirko-nam-je-svima-bio-idol-jako-sam-srecan-sto-ima-novu-ulogu\\\/#breadcrumb\",\"itemListElement\":[{\"@type\":\"ListItem\",\"position\":1,\"name\":\"Home\",\"item\":\"https:\\\/\\\/dmcsrb.com\\\/\"},{\"@type\":\"ListItem\",\"position\":2,\"name\":\"Savi\u0107: Mirko nam je svima bio idol, jako sam sre\u0107an \u0161to ima novu ulogu\"}]},{\"@type\":\"WebSite\",\"@id\":\"https:\\\/\\\/dmcsrb.com\\\/#website\",\"url\":\"https:\\\/\\\/dmcsrb.com\\\/\",\"name\":\"dmcsrb.com\",\"description\":\"\",\"potentialAction\":[{\"@type\":\"SearchAction\",\"target\":{\"@type\":\"EntryPoint\",\"urlTemplate\":\"https:\\\/\\\/dmcsrb.com\\\/?s={search_term_string}\"},\"query-input\":{\"@type\":\"PropertyValueSpecification\",\"valueRequired\":true,\"valueName\":\"search_term_string\"}}],\"inLanguage\":\"en-GB\"},{\"@type\":\"Person\",\"@id\":\"https:\\\/\\\/dmcsrb.com\\\/#\\\/schema\\\/person\\\/5c39170f12db1b8b457732d0b5c854e2\",\"name\":\"dmcsrbija.com@gmail.com\",\"image\":{\"@type\":\"ImageObject\",\"inLanguage\":\"en-GB\",\"@id\":\"https:\\\/\\\/secure.gravatar.com\\\/avatar\\\/68592660ad6347fad0fb587f8d5d8f1a7b44961362f56e4f2cd524feb87e9069?s=96&d=mm&r=g\",\"url\":\"https:\\\/\\\/secure.gravatar.com\\\/avatar\\\/68592660ad6347fad0fb587f8d5d8f1a7b44961362f56e4f2cd524feb87e9069?s=96&d=mm&r=g\",\"contentUrl\":\"https:\\\/\\\/secure.gravatar.com\\\/avatar\\\/68592660ad6347fad0fb587f8d5d8f1a7b44961362f56e4f2cd524feb87e9069?s=96&d=mm&r=g\",\"caption\":\"dmcsrbija.com@gmail.com\"},\"sameAs\":[\"https:\\\/\\\/dmcsrb.com\"],\"url\":\"https:\\\/\\\/dmcsrb.com\\\/en\\\/author\\\/dmcsrbija-comgmail-com\\\/\"}]}<\/script>\n<!-- \/ Yoast SEO plugin. -->","yoast_head_json":{"title":"Savi\u0107: Mirko nam je svima bio idol, jako sam sre\u0107an \u0161to ima novu ulogu - dmcsrb.com","robots":{"index":"index","follow":"follow","max-snippet":"max-snippet:-1","max-image-preview":"max-image-preview:large","max-video-preview":"max-video-preview:-1"},"canonical":"https:\/\/dmcsrb.com\/en\/sport\/savic-mirko-nam-je-svima-bio-idol-jako-sam-srecan-sto-ima-novu-ulogu\/","og_locale":"en_GB","og_type":"article","og_title":"Savi\u0107: Mirko nam je svima bio idol, jako sam sre\u0107an \u0161to ima novu ulogu - dmcsrb.com","og_description":"U odsustvu Stevana Joveti\u0107a, odgovornost kapitena preuze\u0107e Stefan Savi\u0107, koji \u0107e predvoditi Crnu Goru u predstoje\u0107em duelu protiv Farskih Ostrva.","og_url":"https:\/\/dmcsrb.com\/en\/sport\/savic-mirko-nam-je-svima-bio-idol-jako-sam-srecan-sto-ima-novu-ulogu\/","og_site_name":"dmcsrb.com","article_published_time":"2025-10-08T16:45:00+00:00","og_image":[{"width":899,"height":596,"url":"https:\/\/dmcsrb.com\/wp-content\/uploads\/2026\/01\/Savic-na-mecu-sa-Hrvatskom-FSCG.webp","type":"image\/jpeg"}],"author":"dmcsrbija.com@gmail.com","twitter_card":"summary_large_image","twitter_misc":{"Written by":"dmcsrbija.com@gmail.com","Estimated reading time":"2 minutes"},"schema":{"@context":"https:\/\/schema.org","@graph":[{"@type":"Article","@id":"https:\/\/dmcsrb.com\/sport\/savic-mirko-nam-je-svima-bio-idol-jako-sam-srecan-sto-ima-novu-ulogu\/#article","isPartOf":{"@id":"https:\/\/dmcsrb.com\/sport\/savic-mirko-nam-je-svima-bio-idol-jako-sam-srecan-sto-ima-novu-ulogu\/"},"author":{"name":"dmcsrbija.com@gmail.com","@id":"https:\/\/dmcsrb.com\/#\/schema\/person\/5c39170f12db1b8b457732d0b5c854e2"},"headline":"Savi\u0107: Mirko nam je svima bio idol, jako sam sre\u0107an \u0161to ima novu ulogu","datePublished":"2025-10-08T16:45:00+00:00","mainEntityOfPage":{"@id":"https:\/\/dmcsrb.com\/sport\/savic-mirko-nam-je-svima-bio-idol-jako-sam-srecan-sto-ima-novu-ulogu\/"},"wordCount":374,"commentCount":0,"image":{"@id":"https:\/\/dmcsrb.com\/sport\/savic-mirko-nam-je-svima-bio-idol-jako-sam-srecan-sto-ima-novu-ulogu\/#primaryimage"},"thumbnailUrl":"https:\/\/dmcsrb.com\/wp-content\/uploads\/2026\/01\/Savic-na-mecu-sa-Hrvatskom-FSCG.webp","keywords":["kvalfikacije za Svjetsko prvenstvo","Mu\u0161ka fudbalska reprezentacija Crne Gore","Mu\u0161ka fudbalska reprezentacija Farskih Ostrva","Stefan Savi\u0107"],"articleSection":["Sport"],"inLanguage":"en-GB","potentialAction":[{"@type":"CommentAction","name":"Comment","target":["https:\/\/dmcsrb.com\/sport\/savic-mirko-nam-je-svima-bio-idol-jako-sam-srecan-sto-ima-novu-ulogu\/#respond"]}]},{"@type":"WebPage","@id":"https:\/\/dmcsrb.com\/sport\/savic-mirko-nam-je-svima-bio-idol-jako-sam-srecan-sto-ima-novu-ulogu\/","url":"https:\/\/dmcsrb.com\/sport\/savic-mirko-nam-je-svima-bio-idol-jako-sam-srecan-sto-ima-novu-ulogu\/","name":"Savi\u0107: Mirko nam je svima bio idol, jako sam sre\u0107an \u0161to ima novu ulogu - dmcsrb.com","isPartOf":{"@id":"https:\/\/dmcsrb.com\/#website"},"primaryImageOfPage":{"@id":"https:\/\/dmcsrb.com\/sport\/savic-mirko-nam-je-svima-bio-idol-jako-sam-srecan-sto-ima-novu-ulogu\/#primaryimage"},"image":{"@id":"https:\/\/dmcsrb.com\/sport\/savic-mirko-nam-je-svima-bio-idol-jako-sam-srecan-sto-ima-novu-ulogu\/#primaryimage"},"thumbnailUrl":"https:\/\/dmcsrb.com\/wp-content\/uploads\/2026\/01\/Savic-na-mecu-sa-Hrvatskom-FSCG.webp","datePublished":"2025-10-08T16:45:00+00:00","author":{"@id":"https:\/\/dmcsrb.com\/#\/schema\/person\/5c39170f12db1b8b457732d0b5c854e2"},"breadcrumb":{"@id":"https:\/\/dmcsrb.com\/sport\/savic-mirko-nam-je-svima-bio-idol-jako-sam-srecan-sto-ima-novu-ulogu\/#breadcrumb"},"inLanguage":"en-GB","potentialAction":[{"@type":"ReadAction","target":["https:\/\/dmcsrb.com\/sport\/savic-mirko-nam-je-svima-bio-idol-jako-sam-srecan-sto-ima-novu-ulogu\/"]}]},{"@type":"ImageObject","inLanguage":"en-GB","@id":"https:\/\/dmcsrb.com\/sport\/savic-mirko-nam-je-svima-bio-idol-jako-sam-srecan-sto-ima-novu-ulogu\/#primaryimage","url":"https:\/\/dmcsrb.com\/wp-content\/uploads\/2026\/01\/Savic-na-mecu-sa-Hrvatskom-FSCG.webp","contentUrl":"https:\/\/dmcsrb.com\/wp-content\/uploads\/2026\/01\/Savic-na-mecu-sa-Hrvatskom-FSCG.webp","width":899,"height":596},{"@type":"BreadcrumbList","@id":"https:\/\/dmcsrb.com\/sport\/savic-mirko-nam-je-svima-bio-idol-jako-sam-srecan-sto-ima-novu-ulogu\/#breadcrumb","itemListElement":[{"@type":"ListItem","position":1,"name":"Home","item":"https:\/\/dmcsrb.com\/"},{"@type":"ListItem","position":2,"name":"Savi\u0107: Mirko nam je svima bio idol, jako sam sre\u0107an \u0161to ima novu ulogu"}]},{"@type":"WebSite","@id":"https:\/\/dmcsrb.com\/#website","url":"https:\/\/dmcsrb.com\/","name":"dmcsrb.com","description":"","potentialAction":[{"@type":"SearchAction","target":{"@type":"EntryPoint","urlTemplate":"https:\/\/dmcsrb.com\/?s={search_term_string}"},"query-input":{"@type":"PropertyValueSpecification","valueRequired":true,"valueName":"search_term_string"}}],"inLanguage":"en-GB"},{"@type":"Person","@id":"https:\/\/dmcsrb.com\/#\/schema\/person\/5c39170f12db1b8b457732d0b5c854e2","name":"dmcsrbija.com@gmail.com","image":{"@type":"ImageObject","inLanguage":"en-GB","@id":"https:\/\/secure.gravatar.com\/avatar\/68592660ad6347fad0fb587f8d5d8f1a7b44961362f56e4f2cd524feb87e9069?s=96&d=mm&r=g","url":"https:\/\/secure.gravatar.com\/avatar\/68592660ad6347fad0fb587f8d5d8f1a7b44961362f56e4f2cd524feb87e9069?s=96&d=mm&r=g","contentUrl":"https:\/\/secure.gravatar.com\/avatar\/68592660ad6347fad0fb587f8d5d8f1a7b44961362f56e4f2cd524feb87e9069?s=96&d=mm&r=g","caption":"dmcsrbija.com@gmail.com"},"sameAs":["https:\/\/dmcsrb.com"],"url":"https:\/\/dmcsrb.com\/en\/author\/dmcsrbija-comgmail-com\/"}]}},"_links":{"self":[{"href":"https:\/\/dmcsrb.com\/en\/wp-json\/wp\/v2\/posts\/956654","targetHints":{"allow":["GET"]}}],"collection":[{"href":"https:\/\/dmcsrb.com\/en\/wp-json\/wp\/v2\/posts"}],"about":[{"href":"https:\/\/dmcsrb.com\/en\/wp-json\/wp\/v2\/types\/post"}],"author":[{"embeddable":true,"href":"https:\/\/dmcsrb.com\/en\/wp-json\/wp\/v2\/users\/1"}],"replies":[{"embeddable":true,"href":"https:\/\/dmcsrb.com\/en\/wp-json\/wp\/v2\/comments?post=956654"}],"version-history":[{"count":0,"href":"https:\/\/dmcsrb.com\/en\/wp-json\/wp\/v2\/posts\/956654\/revisions"}],"wp:featuredmedia":[{"embeddable":true,"href":"https:\/\/dmcsrb.com\/en\/wp-json\/wp\/v2\/media\/950947"}],"wp:attachment":[{"href":"https:\/\/dmcsrb.com\/en\/wp-json\/wp\/v2\/media?parent=956654"}],"wp:term":[{"taxonomy":"category","embeddable":true,"href":"https:\/\/dmcsrb.com\/en\/wp-json\/wp\/v2\/categories?post=956654"},{"taxonomy":"post_tag","embeddable":true,"href":"https:\/\/dmcsrb.com\/en\/wp-json\/wp\/v2\/tags?post=956654"},{"taxonomy":"naslovna","embeddable":true,"href":"https:\/\/dmcsrb.com\/en\/wp-json\/wp\/v2\/naslovna?post=956654"}],"curies":[{"name":"wp","href":"https:\/\/api.w.org\/{rel}","templated":true}]}}