{"id":956648,"date":"2025-10-08T18:29:00","date_gmt":"2025-10-08T16:29:00","guid":{"rendered":"https:\/\/dmcsrb.com\/uncategorized\/jadran-nakon-peteraca-bolji-od-radnickog-u-kragujevcu\/"},"modified":"2025-10-08T18:29:00","modified_gmt":"2025-10-08T16:29:00","slug":"jadran-nakon-peteraca-bolji-od-radnickog-u-kragujevcu","status":"publish","type":"post","link":"https:\/\/dmcsrb.com\/en\/sport\/jadran-nakon-peteraca-bolji-od-radnickog-u-kragujevcu\/","title":{"rendered":"Jadran nakon peteraca bolji od Radni\u010dkog u Kragujevcu"},"content":{"rendered":"<p>Nakon \u010detiri dionice velike borbe nakon boljeg izvo\u0111enja peteraca kao pobjednik je iza\u0161la ekipa Jadrana \u2013 14:12 (10:10 u regularnom dijelu).<\/p>\n\n\n\n<p>Kako se i o\u010dekivalo od dva kvalitetna rivala, me\u010d je startovao tvrdo, prvi gol vi\u0111en je tek na polovini prve dionice, a on je bio djelo&nbsp;<strong>Strahinje Gojkovi\u0107a<\/strong>.<\/p>\n\n\n\n<p>Uzvratio je ubrzo doma\u0107in i preokrenuo golovima&nbsp;<strong>Valika Dadvanija&nbsp;<\/strong>i&nbsp;<strong>Angelosa Vlahopulosa<\/strong>, i uprkos tome \u0161to je crnogorski predstavnik u vi\u0161e navrata mogao da povrati egal, koncentrisani Kragujev\u010dani uspijevali su da odr\u017ee prednost i na veliki odmor odu sa dva gola vi\u0161ka (6:4).<\/p>\n\n\n\n<p>Drugo poluvrijeme donijelo je energiju me\u0111u Novljanima koji su uspjeli da izjedna\u010de preko&nbsp;<strong>Dmitrija Holoda&nbsp;<\/strong>i&nbsp;<strong>Fransiska Valere<\/strong>.<\/p>\n\n\n\n<p>U vi\u0161e navrata Jadran je imao priliku da do\u0111e do prednosti, me\u0111utim, proma\u0161ene \u0161anse kaznio je raspolo\u017eeni Vlahopulos, pa je pred odlu\u010duju\u0107u dionicu doma\u0107i sastav imao gol prednosti (8:7).<\/p>\n\n\n\n<p>Uprkos tome \u0161to je posljednji kvartal bolje otvorio Radni\u010dki,&nbsp;<strong>Danilo Stupar&nbsp;<\/strong>je donio izjedna\u010denje timu&nbsp;<strong>Vladimira Gojkovi\u0107a&nbsp;<\/strong>pa smo u posljednja tri i po minuta gledali pravu dramu.<\/p>\n\n\n\n<p>Igra nerava zavr\u0161ena je tako \u0161to je posljednji napad na me\u010du imao Jadran koji nije iskoristio pa se pristupilo petercima.<\/p>\n\n\n\n<p>U penal lutriji hladnije glave bio je tim sa krajnjeg juga Crne Gore i tako se osamio na vrhu tabele nakon dva odigrana kola.<\/p>","protected":false},"excerpt":{"rendered":"<p>Kvalitetnu vaterpolo predstavu u 2. kolu Premijer regionalne lige pru\u017eili su vaterpolisti Radni\u010dkog iz Kragujevca i Jadrana m:tel.<\/p>","protected":false},"author":1,"featured_media":956649,"comment_status":"open","ping_status":"open","sticky":false,"template":"","format":"standard","meta":{"_acf_changed":false,"footnotes":""},"categories":[148],"tags":[866,7784,10813],"naslovna":[],"class_list":["post-956648","post","type-post","status-publish","format-standard","has-post-thumbnail","hentry","category-sport","tag-pvk-jadran-mtel","tag-regionalna-premijer-liga","tag-vk-radnicki-kragujevac"],"acf":[],"yoast_head":"<!-- This site is optimized with the Yoast SEO plugin v27.4 - https:\/\/yoast.com\/product\/yoast-seo-wordpress\/ -->\n<title>Jadran nakon peteraca bolji od Radni\u010dkog u Kragujevcu - dmcsrb.com<\/title>\n<meta name=\"robots\" content=\"index, follow, max-snippet:-1, max-image-preview:large, max-video-preview:-1\" \/>\n<link rel=\"canonical\" href=\"https:\/\/dmcsrb.com\/en\/sport\/jadran-nakon-peteraca-bolji-od-radnickog-u-kragujevcu\/\" \/>\n<meta property=\"og:locale\" content=\"en_GB\" \/>\n<meta property=\"og:type\" content=\"article\" \/>\n<meta property=\"og:title\" content=\"Jadran nakon peteraca bolji od Radni\u010dkog u Kragujevcu - dmcsrb.com\" \/>\n<meta property=\"og:description\" content=\"Kvalitetnu vaterpolo predstavu u 2. kolu Premijer regionalne lige pru\u017eili su vaterpolisti Radni\u010dkog iz Kragujevca i Jadrana m:tel.\" \/>\n<meta property=\"og:url\" content=\"https:\/\/dmcsrb.com\/en\/sport\/jadran-nakon-peteraca-bolji-od-radnickog-u-kragujevcu\/\" \/>\n<meta property=\"og:site_name\" content=\"dmcsrb.com\" \/>\n<meta property=\"article:published_time\" content=\"2025-10-08T16:29:00+00:00\" \/>\n<meta property=\"og:image\" content=\"https:\/\/dmcsrb.com\/wp-content\/uploads\/2026\/01\/Jadran-mtel-Vuk-Ilic.webp\" \/>\n\t<meta property=\"og:image:width\" content=\"1280\" \/>\n\t<meta property=\"og:image:height\" content=\"854\" \/>\n\t<meta property=\"og:image:type\" content=\"image\/webp\" \/>\n<meta name=\"author\" content=\"dmcsrbija.com@gmail.com\" \/>\n<meta name=\"twitter:card\" content=\"summary_large_image\" \/>\n<meta name=\"twitter:label1\" content=\"Written by\" \/>\n\t<meta name=\"twitter:data1\" content=\"dmcsrbija.com@gmail.com\" \/>\n\t<meta name=\"twitter:label2\" content=\"Estimated reading time\" \/>\n\t<meta name=\"twitter:data2\" content=\"1 minute\" \/>\n<script type=\"application\/ld+json\" class=\"yoast-schema-graph\">{\"@context\":\"https:\\\/\\\/schema.org\",\"@graph\":[{\"@type\":\"Article\",\"@id\":\"https:\\\/\\\/dmcsrb.com\\\/sport\\\/jadran-nakon-peteraca-bolji-od-radnickog-u-kragujevcu\\\/#article\",\"isPartOf\":{\"@id\":\"https:\\\/\\\/dmcsrb.com\\\/sport\\\/jadran-nakon-peteraca-bolji-od-radnickog-u-kragujevcu\\\/\"},\"author\":{\"name\":\"dmcsrbija.com@gmail.com\",\"@id\":\"https:\\\/\\\/dmcsrb.com\\\/#\\\/schema\\\/person\\\/5c39170f12db1b8b457732d0b5c854e2\"},\"headline\":\"Jadran nakon peteraca bolji od Radni\u010dkog u Kragujevcu\",\"datePublished\":\"2025-10-08T16:29:00+00:00\",\"mainEntityOfPage\":{\"@id\":\"https:\\\/\\\/dmcsrb.com\\\/sport\\\/jadran-nakon-peteraca-bolji-od-radnickog-u-kragujevcu\\\/\"},\"wordCount\":251,\"commentCount\":0,\"image\":{\"@id\":\"https:\\\/\\\/dmcsrb.com\\\/sport\\\/jadran-nakon-peteraca-bolji-od-radnickog-u-kragujevcu\\\/#primaryimage\"},\"thumbnailUrl\":\"https:\\\/\\\/dmcsrb.com\\\/wp-content\\\/uploads\\\/2026\\\/01\\\/Jadran-mtel-Vuk-Ilic.webp\",\"keywords\":[\"PVK Jadran M:tel\",\"Regionalna Premijer liga\",\"VK Radni\u010dki Kragujevac\"],\"articleSection\":[\"Sport\"],\"inLanguage\":\"en-GB\",\"potentialAction\":[{\"@type\":\"CommentAction\",\"name\":\"Comment\",\"target\":[\"https:\\\/\\\/dmcsrb.com\\\/sport\\\/jadran-nakon-peteraca-bolji-od-radnickog-u-kragujevcu\\\/#respond\"]}]},{\"@type\":\"WebPage\",\"@id\":\"https:\\\/\\\/dmcsrb.com\\\/sport\\\/jadran-nakon-peteraca-bolji-od-radnickog-u-kragujevcu\\\/\",\"url\":\"https:\\\/\\\/dmcsrb.com\\\/sport\\\/jadran-nakon-peteraca-bolji-od-radnickog-u-kragujevcu\\\/\",\"name\":\"Jadran nakon peteraca bolji od Radni\u010dkog u Kragujevcu - dmcsrb.com\",\"isPartOf\":{\"@id\":\"https:\\\/\\\/dmcsrb.com\\\/#website\"},\"primaryImageOfPage\":{\"@id\":\"https:\\\/\\\/dmcsrb.com\\\/sport\\\/jadran-nakon-peteraca-bolji-od-radnickog-u-kragujevcu\\\/#primaryimage\"},\"image\":{\"@id\":\"https:\\\/\\\/dmcsrb.com\\\/sport\\\/jadran-nakon-peteraca-bolji-od-radnickog-u-kragujevcu\\\/#primaryimage\"},\"thumbnailUrl\":\"https:\\\/\\\/dmcsrb.com\\\/wp-content\\\/uploads\\\/2026\\\/01\\\/Jadran-mtel-Vuk-Ilic.webp\",\"datePublished\":\"2025-10-08T16:29:00+00:00\",\"author\":{\"@id\":\"https:\\\/\\\/dmcsrb.com\\\/#\\\/schema\\\/person\\\/5c39170f12db1b8b457732d0b5c854e2\"},\"breadcrumb\":{\"@id\":\"https:\\\/\\\/dmcsrb.com\\\/sport\\\/jadran-nakon-peteraca-bolji-od-radnickog-u-kragujevcu\\\/#breadcrumb\"},\"inLanguage\":\"en-GB\",\"potentialAction\":[{\"@type\":\"ReadAction\",\"target\":[\"https:\\\/\\\/dmcsrb.com\\\/sport\\\/jadran-nakon-peteraca-bolji-od-radnickog-u-kragujevcu\\\/\"]}]},{\"@type\":\"ImageObject\",\"inLanguage\":\"en-GB\",\"@id\":\"https:\\\/\\\/dmcsrb.com\\\/sport\\\/jadran-nakon-peteraca-bolji-od-radnickog-u-kragujevcu\\\/#primaryimage\",\"url\":\"https:\\\/\\\/dmcsrb.com\\\/wp-content\\\/uploads\\\/2026\\\/01\\\/Jadran-mtel-Vuk-Ilic.webp\",\"contentUrl\":\"https:\\\/\\\/dmcsrb.com\\\/wp-content\\\/uploads\\\/2026\\\/01\\\/Jadran-mtel-Vuk-Ilic.webp\",\"width\":1280,\"height\":854},{\"@type\":\"BreadcrumbList\",\"@id\":\"https:\\\/\\\/dmcsrb.com\\\/sport\\\/jadran-nakon-peteraca-bolji-od-radnickog-u-kragujevcu\\\/#breadcrumb\",\"itemListElement\":[{\"@type\":\"ListItem\",\"position\":1,\"name\":\"Home\",\"item\":\"https:\\\/\\\/dmcsrb.com\\\/\"},{\"@type\":\"ListItem\",\"position\":2,\"name\":\"Jadran nakon peteraca bolji od Radni\u010dkog u Kragujevcu\"}]},{\"@type\":\"WebSite\",\"@id\":\"https:\\\/\\\/dmcsrb.com\\\/#website\",\"url\":\"https:\\\/\\\/dmcsrb.com\\\/\",\"name\":\"dmcsrb.com\",\"description\":\"\",\"potentialAction\":[{\"@type\":\"SearchAction\",\"target\":{\"@type\":\"EntryPoint\",\"urlTemplate\":\"https:\\\/\\\/dmcsrb.com\\\/?s={search_term_string}\"},\"query-input\":{\"@type\":\"PropertyValueSpecification\",\"valueRequired\":true,\"valueName\":\"search_term_string\"}}],\"inLanguage\":\"en-GB\"},{\"@type\":\"Person\",\"@id\":\"https:\\\/\\\/dmcsrb.com\\\/#\\\/schema\\\/person\\\/5c39170f12db1b8b457732d0b5c854e2\",\"name\":\"dmcsrbija.com@gmail.com\",\"image\":{\"@type\":\"ImageObject\",\"inLanguage\":\"en-GB\",\"@id\":\"https:\\\/\\\/secure.gravatar.com\\\/avatar\\\/68592660ad6347fad0fb587f8d5d8f1a7b44961362f56e4f2cd524feb87e9069?s=96&d=mm&r=g\",\"url\":\"https:\\\/\\\/secure.gravatar.com\\\/avatar\\\/68592660ad6347fad0fb587f8d5d8f1a7b44961362f56e4f2cd524feb87e9069?s=96&d=mm&r=g\",\"contentUrl\":\"https:\\\/\\\/secure.gravatar.com\\\/avatar\\\/68592660ad6347fad0fb587f8d5d8f1a7b44961362f56e4f2cd524feb87e9069?s=96&d=mm&r=g\",\"caption\":\"dmcsrbija.com@gmail.com\"},\"sameAs\":[\"https:\\\/\\\/dmcsrb.com\"],\"url\":\"https:\\\/\\\/dmcsrb.com\\\/en\\\/author\\\/dmcsrbija-comgmail-com\\\/\"}]}<\/script>\n<!-- \/ Yoast SEO plugin. -->","yoast_head_json":{"title":"Jadran nakon peteraca bolji od Radni\u010dkog u Kragujevcu - dmcsrb.com","robots":{"index":"index","follow":"follow","max-snippet":"max-snippet:-1","max-image-preview":"max-image-preview:large","max-video-preview":"max-video-preview:-1"},"canonical":"https:\/\/dmcsrb.com\/en\/sport\/jadran-nakon-peteraca-bolji-od-radnickog-u-kragujevcu\/","og_locale":"en_GB","og_type":"article","og_title":"Jadran nakon peteraca bolji od Radni\u010dkog u Kragujevcu - dmcsrb.com","og_description":"Kvalitetnu vaterpolo predstavu u 2. kolu Premijer regionalne lige pru\u017eili su vaterpolisti Radni\u010dkog iz Kragujevca i Jadrana m:tel.","og_url":"https:\/\/dmcsrb.com\/en\/sport\/jadran-nakon-peteraca-bolji-od-radnickog-u-kragujevcu\/","og_site_name":"dmcsrb.com","article_published_time":"2025-10-08T16:29:00+00:00","og_image":[{"width":1280,"height":854,"url":"https:\/\/dmcsrb.com\/wp-content\/uploads\/2026\/01\/Jadran-mtel-Vuk-Ilic.webp","type":"image\/webp"}],"author":"dmcsrbija.com@gmail.com","twitter_card":"summary_large_image","twitter_misc":{"Written by":"dmcsrbija.com@gmail.com","Estimated reading time":"1 minute"},"schema":{"@context":"https:\/\/schema.org","@graph":[{"@type":"Article","@id":"https:\/\/dmcsrb.com\/sport\/jadran-nakon-peteraca-bolji-od-radnickog-u-kragujevcu\/#article","isPartOf":{"@id":"https:\/\/dmcsrb.com\/sport\/jadran-nakon-peteraca-bolji-od-radnickog-u-kragujevcu\/"},"author":{"name":"dmcsrbija.com@gmail.com","@id":"https:\/\/dmcsrb.com\/#\/schema\/person\/5c39170f12db1b8b457732d0b5c854e2"},"headline":"Jadran nakon peteraca bolji od Radni\u010dkog u Kragujevcu","datePublished":"2025-10-08T16:29:00+00:00","mainEntityOfPage":{"@id":"https:\/\/dmcsrb.com\/sport\/jadran-nakon-peteraca-bolji-od-radnickog-u-kragujevcu\/"},"wordCount":251,"commentCount":0,"image":{"@id":"https:\/\/dmcsrb.com\/sport\/jadran-nakon-peteraca-bolji-od-radnickog-u-kragujevcu\/#primaryimage"},"thumbnailUrl":"https:\/\/dmcsrb.com\/wp-content\/uploads\/2026\/01\/Jadran-mtel-Vuk-Ilic.webp","keywords":["PVK Jadran M:tel","Regionalna Premijer liga","VK Radni\u010dki Kragujevac"],"articleSection":["Sport"],"inLanguage":"en-GB","potentialAction":[{"@type":"CommentAction","name":"Comment","target":["https:\/\/dmcsrb.com\/sport\/jadran-nakon-peteraca-bolji-od-radnickog-u-kragujevcu\/#respond"]}]},{"@type":"WebPage","@id":"https:\/\/dmcsrb.com\/sport\/jadran-nakon-peteraca-bolji-od-radnickog-u-kragujevcu\/","url":"https:\/\/dmcsrb.com\/sport\/jadran-nakon-peteraca-bolji-od-radnickog-u-kragujevcu\/","name":"Jadran nakon peteraca bolji od Radni\u010dkog u Kragujevcu - dmcsrb.com","isPartOf":{"@id":"https:\/\/dmcsrb.com\/#website"},"primaryImageOfPage":{"@id":"https:\/\/dmcsrb.com\/sport\/jadran-nakon-peteraca-bolji-od-radnickog-u-kragujevcu\/#primaryimage"},"image":{"@id":"https:\/\/dmcsrb.com\/sport\/jadran-nakon-peteraca-bolji-od-radnickog-u-kragujevcu\/#primaryimage"},"thumbnailUrl":"https:\/\/dmcsrb.com\/wp-content\/uploads\/2026\/01\/Jadran-mtel-Vuk-Ilic.webp","datePublished":"2025-10-08T16:29:00+00:00","author":{"@id":"https:\/\/dmcsrb.com\/#\/schema\/person\/5c39170f12db1b8b457732d0b5c854e2"},"breadcrumb":{"@id":"https:\/\/dmcsrb.com\/sport\/jadran-nakon-peteraca-bolji-od-radnickog-u-kragujevcu\/#breadcrumb"},"inLanguage":"en-GB","potentialAction":[{"@type":"ReadAction","target":["https:\/\/dmcsrb.com\/sport\/jadran-nakon-peteraca-bolji-od-radnickog-u-kragujevcu\/"]}]},{"@type":"ImageObject","inLanguage":"en-GB","@id":"https:\/\/dmcsrb.com\/sport\/jadran-nakon-peteraca-bolji-od-radnickog-u-kragujevcu\/#primaryimage","url":"https:\/\/dmcsrb.com\/wp-content\/uploads\/2026\/01\/Jadran-mtel-Vuk-Ilic.webp","contentUrl":"https:\/\/dmcsrb.com\/wp-content\/uploads\/2026\/01\/Jadran-mtel-Vuk-Ilic.webp","width":1280,"height":854},{"@type":"BreadcrumbList","@id":"https:\/\/dmcsrb.com\/sport\/jadran-nakon-peteraca-bolji-od-radnickog-u-kragujevcu\/#breadcrumb","itemListElement":[{"@type":"ListItem","position":1,"name":"Home","item":"https:\/\/dmcsrb.com\/"},{"@type":"ListItem","position":2,"name":"Jadran nakon peteraca bolji od Radni\u010dkog u Kragujevcu"}]},{"@type":"WebSite","@id":"https:\/\/dmcsrb.com\/#website","url":"https:\/\/dmcsrb.com\/","name":"dmcsrb.com","description":"","potentialAction":[{"@type":"SearchAction","target":{"@type":"EntryPoint","urlTemplate":"https:\/\/dmcsrb.com\/?s={search_term_string}"},"query-input":{"@type":"PropertyValueSpecification","valueRequired":true,"valueName":"search_term_string"}}],"inLanguage":"en-GB"},{"@type":"Person","@id":"https:\/\/dmcsrb.com\/#\/schema\/person\/5c39170f12db1b8b457732d0b5c854e2","name":"dmcsrbija.com@gmail.com","image":{"@type":"ImageObject","inLanguage":"en-GB","@id":"https:\/\/secure.gravatar.com\/avatar\/68592660ad6347fad0fb587f8d5d8f1a7b44961362f56e4f2cd524feb87e9069?s=96&d=mm&r=g","url":"https:\/\/secure.gravatar.com\/avatar\/68592660ad6347fad0fb587f8d5d8f1a7b44961362f56e4f2cd524feb87e9069?s=96&d=mm&r=g","contentUrl":"https:\/\/secure.gravatar.com\/avatar\/68592660ad6347fad0fb587f8d5d8f1a7b44961362f56e4f2cd524feb87e9069?s=96&d=mm&r=g","caption":"dmcsrbija.com@gmail.com"},"sameAs":["https:\/\/dmcsrb.com"],"url":"https:\/\/dmcsrb.com\/en\/author\/dmcsrbija-comgmail-com\/"}]}},"_links":{"self":[{"href":"https:\/\/dmcsrb.com\/en\/wp-json\/wp\/v2\/posts\/956648","targetHints":{"allow":["GET"]}}],"collection":[{"href":"https:\/\/dmcsrb.com\/en\/wp-json\/wp\/v2\/posts"}],"about":[{"href":"https:\/\/dmcsrb.com\/en\/wp-json\/wp\/v2\/types\/post"}],"author":[{"embeddable":true,"href":"https:\/\/dmcsrb.com\/en\/wp-json\/wp\/v2\/users\/1"}],"replies":[{"embeddable":true,"href":"https:\/\/dmcsrb.com\/en\/wp-json\/wp\/v2\/comments?post=956648"}],"version-history":[{"count":0,"href":"https:\/\/dmcsrb.com\/en\/wp-json\/wp\/v2\/posts\/956648\/revisions"}],"wp:featuredmedia":[{"embeddable":true,"href":"https:\/\/dmcsrb.com\/en\/wp-json\/wp\/v2\/media\/956649"}],"wp:attachment":[{"href":"https:\/\/dmcsrb.com\/en\/wp-json\/wp\/v2\/media?parent=956648"}],"wp:term":[{"taxonomy":"category","embeddable":true,"href":"https:\/\/dmcsrb.com\/en\/wp-json\/wp\/v2\/categories?post=956648"},{"taxonomy":"post_tag","embeddable":true,"href":"https:\/\/dmcsrb.com\/en\/wp-json\/wp\/v2\/tags?post=956648"},{"taxonomy":"naslovna","embeddable":true,"href":"https:\/\/dmcsrb.com\/en\/wp-json\/wp\/v2\/naslovna?post=956648"}],"curies":[{"name":"wp","href":"https:\/\/api.w.org\/{rel}","templated":true}]}}