{"id":956637,"date":"2025-10-08T18:41:00","date_gmt":"2025-10-08T16:41:00","guid":{"rendered":"https:\/\/dmcsrb.com\/uncategorized\/vukovic-tesko-da-ce-opozicija-blanko-podrzati-kandidate-za-ustavni-sud-koje-je-dogovorila-vlast\/"},"modified":"2025-10-08T18:41:00","modified_gmt":"2025-10-08T16:41:00","slug":"vukovic-tesko-da-ce-opozicija-blanko-podrzati-kandidate-za-ustavni-sud-koje-je-dogovorila-vlast","status":"publish","type":"post","link":"https:\/\/dmcsrb.com\/en\/politika\/vukovic-tesko-da-ce-opozicija-blanko-podrzati-kandidate-za-ustavni-sud-koje-je-dogovorila-vlast\/","title":{"rendered":"Vukovi\u0107: Te\u0161ko da \u0107e opozicija \u201cblanko\u201d podr\u017eati kandidate za Ustavni sud koje je dogovorila vlast"},"content":{"rendered":"<p><br><\/p>\n\n\n\n<p><\/p>\n\n\n\n<p>\u201cUz uva\u017eavanje dobre namjere ministarke Gor\u010devi\u0107 i njene posve\u0107enosti evropskoj perspektivi Crne Gore, te\u0161ko da se na\u0161a (opoziciona) dokazuje time \u0161to bismo blanko podr\u017eali kandidate za Ustavni sud koje je, bez ikakve konsultacije s opozicijom, dogovorila vladaju\u0107a ve\u0107ina\u201d, naveo je Vukovi\u0107 na mre\u017ei X.<\/p>\n\n\n\n<p>Zakonodavac, dodaje on, nije slu\u010dajno propisao kvalifikovanu ve\u0107inu u ovakvim slu\u010dajevima.<\/p>\n\n\n\n<p>\u201cNamjera je bila da se, za tako va\u017ena kadrovska rje\u0161enja, obezbijedi \u0161to \u0161iri dogovor vlasti i opozicije. Uz to, za stanje u Ustavnom sudu, nakon decembarskog ustavnog pu\u010da, odgovornost je na partijama vlasti. \u017dao mi je \u0161to predstavnici vlasti koji iskreno \u017eele da vide Crnu Goru u EU do kraja decenije (u njih ubrajam i min. Gor\u010devi\u0107), nijesu na vrijeme apelovali na politi\u010dke saborce da proces popunjavanja US u\u010dine inkluzivnim. Opozicija bi mu, kao i uvijek do sada, dala vrijedan doprinos\u201d, zaklju\u010duje Vukovi\u0107.<\/p>\n\n\n\n<p><\/p>","protected":false},"excerpt":{"rendered":"<p>Funkcioner Demokratske partije socijalista (DPS) Ivan Vukovi\u0107 poru\u010dio je da opozicija ne mo\u017ee dokazivati svoju evropsku posve\u0107enost time \u0161to bi bez konsultacija podr\u017eala kandidate za Ustavni sud koje je predlo\u017eila vladaju\u0107a ve\u0107ina, reaguju\u0107i na izjavu ministarke evropskih poslova Maide Gor\u010devi\u0107.<\/p>","protected":false},"author":1,"featured_media":956638,"comment_status":"open","ping_status":"open","sticky":false,"template":"","format":"standard","meta":{"_acf_changed":false,"footnotes":""},"categories":[12],"tags":[1347,8216,1164,1940,129],"naslovna":[],"class_list":["post-956637","post","type-post","status-publish","format-standard","has-post-thumbnail","hentry","category-politika","tag-ivan-vukovic","tag-kandidati","tag-opozicija","tag-podrska","tag-ustavni-sud"],"acf":[],"yoast_head":"<!-- This site is optimized with the Yoast SEO plugin v27.0 - https:\/\/yoast.com\/product\/yoast-seo-wordpress\/ -->\n<title>Vukovi\u0107: Te\u0161ko da \u0107e opozicija \u201cblanko\u201d podr\u017eati kandidate za Ustavni sud koje je dogovorila vlast - dmcsrb.com<\/title>\n<meta name=\"robots\" content=\"index, follow, max-snippet:-1, max-image-preview:large, max-video-preview:-1\" \/>\n<link rel=\"canonical\" href=\"https:\/\/dmcsrb.com\/en\/politika\/vukovic-tesko-da-ce-opozicija-blanko-podrzati-kandidate-za-ustavni-sud-koje-je-dogovorila-vlast\/\" \/>\n<meta property=\"og:locale\" content=\"en_GB\" \/>\n<meta property=\"og:type\" content=\"article\" \/>\n<meta property=\"og:title\" content=\"Vukovi\u0107: Te\u0161ko da \u0107e opozicija \u201cblanko\u201d podr\u017eati kandidate za Ustavni sud koje je dogovorila vlast - dmcsrb.com\" \/>\n<meta property=\"og:description\" content=\"Funkcioner Demokratske partije socijalista (DPS) Ivan Vukovi\u0107 poru\u010dio je da opozicija ne mo\u017ee dokazivati svoju evropsku posve\u0107enost time \u0161to bi bez konsultacija podr\u017eala kandidate za Ustavni sud koje je predlo\u017eila vladaju\u0107a ve\u0107ina, reaguju\u0107i na izjavu ministarke evropskih poslova Maide Gor\u010devi\u0107.\" \/>\n<meta property=\"og:url\" content=\"https:\/\/dmcsrb.com\/en\/politika\/vukovic-tesko-da-ce-opozicija-blanko-podrzati-kandidate-za-ustavni-sud-koje-je-dogovorila-vlast\/\" \/>\n<meta property=\"og:site_name\" content=\"dmcsrb.com\" \/>\n<meta property=\"article:published_time\" content=\"2025-10-08T16:41:00+00:00\" \/>\n<meta property=\"og:image\" content=\"https:\/\/dmcsrb.com\/wp-content\/uploads\/2026\/01\/ivan-vukovic1.webp\" \/>\n\t<meta property=\"og:image:width\" content=\"1737\" \/>\n\t<meta property=\"og:image:height\" content=\"886\" \/>\n\t<meta property=\"og:image:type\" content=\"image\/jpeg\" \/>\n<meta name=\"author\" content=\"dmcsrbija.com@gmail.com\" \/>\n<meta name=\"twitter:card\" content=\"summary_large_image\" \/>\n<meta name=\"twitter:label1\" content=\"Written by\" \/>\n\t<meta name=\"twitter:data1\" content=\"dmcsrbija.com@gmail.com\" \/>\n\t<meta name=\"twitter:label2\" content=\"Estimated reading time\" \/>\n\t<meta name=\"twitter:data2\" content=\"1 minute\" \/>\n<script type=\"application\/ld+json\" class=\"yoast-schema-graph\">{\"@context\":\"https:\/\/schema.org\",\"@graph\":[{\"@type\":\"Article\",\"@id\":\"https:\/\/dmcsrb.com\/politika\/vukovic-tesko-da-ce-opozicija-blanko-podrzati-kandidate-za-ustavni-sud-koje-je-dogovorila-vlast\/#article\",\"isPartOf\":{\"@id\":\"https:\/\/dmcsrb.com\/politika\/vukovic-tesko-da-ce-opozicija-blanko-podrzati-kandidate-za-ustavni-sud-koje-je-dogovorila-vlast\/\"},\"author\":{\"name\":\"dmcsrbija.com@gmail.com\",\"@id\":\"https:\/\/dmcsrb.com\/#\/schema\/person\/5c39170f12db1b8b457732d0b5c854e2\"},\"headline\":\"Vukovi\u0107: Te\u0161ko da \u0107e opozicija \u201cblanko\u201d podr\u017eati kandidate za Ustavni sud koje je dogovorila vlast\",\"datePublished\":\"2025-10-08T16:41:00+00:00\",\"mainEntityOfPage\":{\"@id\":\"https:\/\/dmcsrb.com\/politika\/vukovic-tesko-da-ce-opozicija-blanko-podrzati-kandidate-za-ustavni-sud-koje-je-dogovorila-vlast\/\"},\"wordCount\":174,\"commentCount\":0,\"image\":{\"@id\":\"https:\/\/dmcsrb.com\/politika\/vukovic-tesko-da-ce-opozicija-blanko-podrzati-kandidate-za-ustavni-sud-koje-je-dogovorila-vlast\/#primaryimage\"},\"thumbnailUrl\":\"https:\/\/dmcsrb.com\/wp-content\/uploads\/2026\/01\/ivan-vukovic1.webp\",\"keywords\":[\"Ivan Vukovi\u0107\",\"kandidati\",\"opozicija\",\"podr\u0161ka\",\"Ustavni sud\"],\"articleSection\":[\"Politika\"],\"inLanguage\":\"en-GB\",\"potentialAction\":[{\"@type\":\"CommentAction\",\"name\":\"Comment\",\"target\":[\"https:\/\/dmcsrb.com\/politika\/vukovic-tesko-da-ce-opozicija-blanko-podrzati-kandidate-za-ustavni-sud-koje-je-dogovorila-vlast\/#respond\"]}]},{\"@type\":\"WebPage\",\"@id\":\"https:\/\/dmcsrb.com\/politika\/vukovic-tesko-da-ce-opozicija-blanko-podrzati-kandidate-za-ustavni-sud-koje-je-dogovorila-vlast\/\",\"url\":\"https:\/\/dmcsrb.com\/politika\/vukovic-tesko-da-ce-opozicija-blanko-podrzati-kandidate-za-ustavni-sud-koje-je-dogovorila-vlast\/\",\"name\":\"Vukovi\u0107: Te\u0161ko da \u0107e opozicija \u201cblanko\u201d podr\u017eati kandidate za Ustavni sud koje je dogovorila vlast - dmcsrb.com\",\"isPartOf\":{\"@id\":\"https:\/\/dmcsrb.com\/#website\"},\"primaryImageOfPage\":{\"@id\":\"https:\/\/dmcsrb.com\/politika\/vukovic-tesko-da-ce-opozicija-blanko-podrzati-kandidate-za-ustavni-sud-koje-je-dogovorila-vlast\/#primaryimage\"},\"image\":{\"@id\":\"https:\/\/dmcsrb.com\/politika\/vukovic-tesko-da-ce-opozicija-blanko-podrzati-kandidate-za-ustavni-sud-koje-je-dogovorila-vlast\/#primaryimage\"},\"thumbnailUrl\":\"https:\/\/dmcsrb.com\/wp-content\/uploads\/2026\/01\/ivan-vukovic1.webp\",\"datePublished\":\"2025-10-08T16:41:00+00:00\",\"author\":{\"@id\":\"https:\/\/dmcsrb.com\/#\/schema\/person\/5c39170f12db1b8b457732d0b5c854e2\"},\"breadcrumb\":{\"@id\":\"https:\/\/dmcsrb.com\/politika\/vukovic-tesko-da-ce-opozicija-blanko-podrzati-kandidate-za-ustavni-sud-koje-je-dogovorila-vlast\/#breadcrumb\"},\"inLanguage\":\"en-GB\",\"potentialAction\":[{\"@type\":\"ReadAction\",\"target\":[\"https:\/\/dmcsrb.com\/politika\/vukovic-tesko-da-ce-opozicija-blanko-podrzati-kandidate-za-ustavni-sud-koje-je-dogovorila-vlast\/\"]}]},{\"@type\":\"ImageObject\",\"inLanguage\":\"en-GB\",\"@id\":\"https:\/\/dmcsrb.com\/politika\/vukovic-tesko-da-ce-opozicija-blanko-podrzati-kandidate-za-ustavni-sud-koje-je-dogovorila-vlast\/#primaryimage\",\"url\":\"https:\/\/dmcsrb.com\/wp-content\/uploads\/2026\/01\/ivan-vukovic1.webp\",\"contentUrl\":\"https:\/\/dmcsrb.com\/wp-content\/uploads\/2026\/01\/ivan-vukovic1.webp\",\"width\":1737,\"height\":886},{\"@type\":\"BreadcrumbList\",\"@id\":\"https:\/\/dmcsrb.com\/politika\/vukovic-tesko-da-ce-opozicija-blanko-podrzati-kandidate-za-ustavni-sud-koje-je-dogovorila-vlast\/#breadcrumb\",\"itemListElement\":[{\"@type\":\"ListItem\",\"position\":1,\"name\":\"Home\",\"item\":\"https:\/\/dmcsrb.com\/\"},{\"@type\":\"ListItem\",\"position\":2,\"name\":\"Vukovi\u0107: Te\u0161ko da \u0107e opozicija \u201cblanko\u201d podr\u017eati kandidate za Ustavni sud koje je dogovorila vlast\"}]},{\"@type\":\"WebSite\",\"@id\":\"https:\/\/dmcsrb.com\/#website\",\"url\":\"https:\/\/dmcsrb.com\/\",\"name\":\"dmcsrb.com\",\"description\":\"\",\"potentialAction\":[{\"@type\":\"SearchAction\",\"target\":{\"@type\":\"EntryPoint\",\"urlTemplate\":\"https:\/\/dmcsrb.com\/?s={search_term_string}\"},\"query-input\":{\"@type\":\"PropertyValueSpecification\",\"valueRequired\":true,\"valueName\":\"search_term_string\"}}],\"inLanguage\":\"en-GB\"},{\"@type\":\"Person\",\"@id\":\"https:\/\/dmcsrb.com\/#\/schema\/person\/5c39170f12db1b8b457732d0b5c854e2\",\"name\":\"dmcsrbija.com@gmail.com\",\"image\":{\"@type\":\"ImageObject\",\"inLanguage\":\"en-GB\",\"@id\":\"https:\/\/dmcsrb.com\/#\/schema\/person\/image\/\",\"url\":\"https:\/\/secure.gravatar.com\/avatar\/68592660ad6347fad0fb587f8d5d8f1a7b44961362f56e4f2cd524feb87e9069?s=96&d=mm&r=g\",\"contentUrl\":\"https:\/\/secure.gravatar.com\/avatar\/68592660ad6347fad0fb587f8d5d8f1a7b44961362f56e4f2cd524feb87e9069?s=96&d=mm&r=g\",\"caption\":\"dmcsrbija.com@gmail.com\"},\"sameAs\":[\"https:\/\/dmcsrb.com\"],\"url\":\"https:\/\/dmcsrb.com\/en\/author\/dmcsrbija-comgmail-com\/\"}]}<\/script>\n<!-- \/ Yoast SEO plugin. -->","yoast_head_json":{"title":"Vukovi\u0107: Te\u0161ko da \u0107e opozicija \u201cblanko\u201d podr\u017eati kandidate za Ustavni sud koje je dogovorila vlast - dmcsrb.com","robots":{"index":"index","follow":"follow","max-snippet":"max-snippet:-1","max-image-preview":"max-image-preview:large","max-video-preview":"max-video-preview:-1"},"canonical":"https:\/\/dmcsrb.com\/en\/politika\/vukovic-tesko-da-ce-opozicija-blanko-podrzati-kandidate-za-ustavni-sud-koje-je-dogovorila-vlast\/","og_locale":"en_GB","og_type":"article","og_title":"Vukovi\u0107: Te\u0161ko da \u0107e opozicija \u201cblanko\u201d podr\u017eati kandidate za Ustavni sud koje je dogovorila vlast - dmcsrb.com","og_description":"Funkcioner Demokratske partije socijalista (DPS) Ivan Vukovi\u0107 poru\u010dio je da opozicija ne mo\u017ee dokazivati svoju evropsku posve\u0107enost time \u0161to bi bez konsultacija podr\u017eala kandidate za Ustavni sud koje je predlo\u017eila vladaju\u0107a ve\u0107ina, reaguju\u0107i na izjavu ministarke evropskih poslova Maide Gor\u010devi\u0107.","og_url":"https:\/\/dmcsrb.com\/en\/politika\/vukovic-tesko-da-ce-opozicija-blanko-podrzati-kandidate-za-ustavni-sud-koje-je-dogovorila-vlast\/","og_site_name":"dmcsrb.com","article_published_time":"2025-10-08T16:41:00+00:00","og_image":[{"width":1737,"height":886,"url":"https:\/\/dmcsrb.com\/wp-content\/uploads\/2026\/01\/ivan-vukovic1.webp","type":"image\/jpeg"}],"author":"dmcsrbija.com@gmail.com","twitter_card":"summary_large_image","twitter_misc":{"Written by":"dmcsrbija.com@gmail.com","Estimated reading time":"1 minute"},"schema":{"@context":"https:\/\/schema.org","@graph":[{"@type":"Article","@id":"https:\/\/dmcsrb.com\/politika\/vukovic-tesko-da-ce-opozicija-blanko-podrzati-kandidate-za-ustavni-sud-koje-je-dogovorila-vlast\/#article","isPartOf":{"@id":"https:\/\/dmcsrb.com\/politika\/vukovic-tesko-da-ce-opozicija-blanko-podrzati-kandidate-za-ustavni-sud-koje-je-dogovorila-vlast\/"},"author":{"name":"dmcsrbija.com@gmail.com","@id":"https:\/\/dmcsrb.com\/#\/schema\/person\/5c39170f12db1b8b457732d0b5c854e2"},"headline":"Vukovi\u0107: Te\u0161ko da \u0107e opozicija \u201cblanko\u201d podr\u017eati kandidate za Ustavni sud koje je dogovorila vlast","datePublished":"2025-10-08T16:41:00+00:00","mainEntityOfPage":{"@id":"https:\/\/dmcsrb.com\/politika\/vukovic-tesko-da-ce-opozicija-blanko-podrzati-kandidate-za-ustavni-sud-koje-je-dogovorila-vlast\/"},"wordCount":174,"commentCount":0,"image":{"@id":"https:\/\/dmcsrb.com\/politika\/vukovic-tesko-da-ce-opozicija-blanko-podrzati-kandidate-za-ustavni-sud-koje-je-dogovorila-vlast\/#primaryimage"},"thumbnailUrl":"https:\/\/dmcsrb.com\/wp-content\/uploads\/2026\/01\/ivan-vukovic1.webp","keywords":["Ivan Vukovi\u0107","kandidati","opozicija","podr\u0161ka","Ustavni sud"],"articleSection":["Politika"],"inLanguage":"en-GB","potentialAction":[{"@type":"CommentAction","name":"Comment","target":["https:\/\/dmcsrb.com\/politika\/vukovic-tesko-da-ce-opozicija-blanko-podrzati-kandidate-za-ustavni-sud-koje-je-dogovorila-vlast\/#respond"]}]},{"@type":"WebPage","@id":"https:\/\/dmcsrb.com\/politika\/vukovic-tesko-da-ce-opozicija-blanko-podrzati-kandidate-za-ustavni-sud-koje-je-dogovorila-vlast\/","url":"https:\/\/dmcsrb.com\/politika\/vukovic-tesko-da-ce-opozicija-blanko-podrzati-kandidate-za-ustavni-sud-koje-je-dogovorila-vlast\/","name":"Vukovi\u0107: Te\u0161ko da \u0107e opozicija \u201cblanko\u201d podr\u017eati kandidate za Ustavni sud koje je dogovorila vlast - dmcsrb.com","isPartOf":{"@id":"https:\/\/dmcsrb.com\/#website"},"primaryImageOfPage":{"@id":"https:\/\/dmcsrb.com\/politika\/vukovic-tesko-da-ce-opozicija-blanko-podrzati-kandidate-za-ustavni-sud-koje-je-dogovorila-vlast\/#primaryimage"},"image":{"@id":"https:\/\/dmcsrb.com\/politika\/vukovic-tesko-da-ce-opozicija-blanko-podrzati-kandidate-za-ustavni-sud-koje-je-dogovorila-vlast\/#primaryimage"},"thumbnailUrl":"https:\/\/dmcsrb.com\/wp-content\/uploads\/2026\/01\/ivan-vukovic1.webp","datePublished":"2025-10-08T16:41:00+00:00","author":{"@id":"https:\/\/dmcsrb.com\/#\/schema\/person\/5c39170f12db1b8b457732d0b5c854e2"},"breadcrumb":{"@id":"https:\/\/dmcsrb.com\/politika\/vukovic-tesko-da-ce-opozicija-blanko-podrzati-kandidate-za-ustavni-sud-koje-je-dogovorila-vlast\/#breadcrumb"},"inLanguage":"en-GB","potentialAction":[{"@type":"ReadAction","target":["https:\/\/dmcsrb.com\/politika\/vukovic-tesko-da-ce-opozicija-blanko-podrzati-kandidate-za-ustavni-sud-koje-je-dogovorila-vlast\/"]}]},{"@type":"ImageObject","inLanguage":"en-GB","@id":"https:\/\/dmcsrb.com\/politika\/vukovic-tesko-da-ce-opozicija-blanko-podrzati-kandidate-za-ustavni-sud-koje-je-dogovorila-vlast\/#primaryimage","url":"https:\/\/dmcsrb.com\/wp-content\/uploads\/2026\/01\/ivan-vukovic1.webp","contentUrl":"https:\/\/dmcsrb.com\/wp-content\/uploads\/2026\/01\/ivan-vukovic1.webp","width":1737,"height":886},{"@type":"BreadcrumbList","@id":"https:\/\/dmcsrb.com\/politika\/vukovic-tesko-da-ce-opozicija-blanko-podrzati-kandidate-za-ustavni-sud-koje-je-dogovorila-vlast\/#breadcrumb","itemListElement":[{"@type":"ListItem","position":1,"name":"Home","item":"https:\/\/dmcsrb.com\/"},{"@type":"ListItem","position":2,"name":"Vukovi\u0107: Te\u0161ko da \u0107e opozicija \u201cblanko\u201d podr\u017eati kandidate za Ustavni sud koje je dogovorila vlast"}]},{"@type":"WebSite","@id":"https:\/\/dmcsrb.com\/#website","url":"https:\/\/dmcsrb.com\/","name":"dmcsrb.com","description":"","potentialAction":[{"@type":"SearchAction","target":{"@type":"EntryPoint","urlTemplate":"https:\/\/dmcsrb.com\/?s={search_term_string}"},"query-input":{"@type":"PropertyValueSpecification","valueRequired":true,"valueName":"search_term_string"}}],"inLanguage":"en-GB"},{"@type":"Person","@id":"https:\/\/dmcsrb.com\/#\/schema\/person\/5c39170f12db1b8b457732d0b5c854e2","name":"dmcsrbija.com@gmail.com","image":{"@type":"ImageObject","inLanguage":"en-GB","@id":"https:\/\/dmcsrb.com\/#\/schema\/person\/image\/","url":"https:\/\/secure.gravatar.com\/avatar\/68592660ad6347fad0fb587f8d5d8f1a7b44961362f56e4f2cd524feb87e9069?s=96&d=mm&r=g","contentUrl":"https:\/\/secure.gravatar.com\/avatar\/68592660ad6347fad0fb587f8d5d8f1a7b44961362f56e4f2cd524feb87e9069?s=96&d=mm&r=g","caption":"dmcsrbija.com@gmail.com"},"sameAs":["https:\/\/dmcsrb.com"],"url":"https:\/\/dmcsrb.com\/en\/author\/dmcsrbija-comgmail-com\/"}]}},"_links":{"self":[{"href":"https:\/\/dmcsrb.com\/en\/wp-json\/wp\/v2\/posts\/956637","targetHints":{"allow":["GET"]}}],"collection":[{"href":"https:\/\/dmcsrb.com\/en\/wp-json\/wp\/v2\/posts"}],"about":[{"href":"https:\/\/dmcsrb.com\/en\/wp-json\/wp\/v2\/types\/post"}],"author":[{"embeddable":true,"href":"https:\/\/dmcsrb.com\/en\/wp-json\/wp\/v2\/users\/1"}],"replies":[{"embeddable":true,"href":"https:\/\/dmcsrb.com\/en\/wp-json\/wp\/v2\/comments?post=956637"}],"version-history":[{"count":0,"href":"https:\/\/dmcsrb.com\/en\/wp-json\/wp\/v2\/posts\/956637\/revisions"}],"wp:featuredmedia":[{"embeddable":true,"href":"https:\/\/dmcsrb.com\/en\/wp-json\/wp\/v2\/media\/956638"}],"wp:attachment":[{"href":"https:\/\/dmcsrb.com\/en\/wp-json\/wp\/v2\/media?parent=956637"}],"wp:term":[{"taxonomy":"category","embeddable":true,"href":"https:\/\/dmcsrb.com\/en\/wp-json\/wp\/v2\/categories?post=956637"},{"taxonomy":"post_tag","embeddable":true,"href":"https:\/\/dmcsrb.com\/en\/wp-json\/wp\/v2\/tags?post=956637"},{"taxonomy":"naslovna","embeddable":true,"href":"https:\/\/dmcsrb.com\/en\/wp-json\/wp\/v2\/naslovna?post=956637"}],"curies":[{"name":"wp","href":"https:\/\/api.w.org\/{rel}","templated":true}]}}