{"id":956615,"date":"2025-10-08T20:41:00","date_gmt":"2025-10-08T18:41:00","guid":{"rendered":"https:\/\/dmcsrb.com\/uncategorized\/u-pozaru-u-indijskoj-fabrici-petardi-poginulo-sest-osoba\/"},"modified":"2025-10-08T20:41:00","modified_gmt":"2025-10-08T18:41:00","slug":"u-pozaru-u-indijskoj-fabrici-petardi-poginulo-sest-osoba","status":"publish","type":"post","link":"https:\/\/dmcsrb.com\/en\/svijet\/u-pozaru-u-indijskoj-fabrici-petardi-poginulo-sest-osoba\/","title":{"rendered":"U po\u017earu u indijskoj fabrici petardi poginulo \u0161est osoba"},"content":{"rendered":"<p>U po\u017earu u pogonu za proizvodnju petardi u ju\u017enoj indijskoj dr\u017eavi Andhra Prade\u0161 poginulo je \u0161est osoba, a nekoliko ih je povrije\u0111eno, saop\u0161tili su zvani\u010dnici.<\/p>\n\n\n\n<p><br>Pokrajinski ministar Loke\u0161 Nara na dru\u0161tvenim mre\u017eama je napisao da se incident dogodio u okrugu Konasema i da je nare\u0111ena istraga.<br><\/p>\n\n\n\n<p>On je potvrdio broj poginulih, navode\u0107i da su zvani\u010dnicima data uputstva da preduzmu sve potrebne mjere kako bi se povrije\u0111enima pru\u017eila bolja medicinska njega, prenosi Anadolija.<br><\/p>\n\n\n\n<p>Indijski premijer Narendra Modi poru\u010dio je da se njegove misli sa pogo\u0111enim ljudima i njihovim porodicama.<\/p>\n\n\n\n<p><\/p>","protected":false},"excerpt":{"rendered":"<p>U po\u017earu u pogonu za proizvodnju petardi u ju\u017enoj indijskoj dr\u017eavi Andhra Prade\u0161 poginulo je \u0161est osoba, a nekoliko ih je povrije\u0111eno, saop\u0161tili su zvani\u010dnici.<\/p>","protected":false},"author":1,"featured_media":910334,"comment_status":"open","ping_status":"open","sticky":false,"template":"","format":"standard","meta":{"_acf_changed":false,"footnotes":""},"categories":[144],"tags":[1135,1257,3808,1579],"naslovna":[],"class_list":["post-956615","post","type-post","status-publish","format-standard","has-post-thumbnail","hentry","category-svijet","tag-fabrika","tag-indija","tag-petarde","tag-pozar"],"acf":[],"yoast_head":"<!-- This site is optimized with the Yoast SEO plugin v27.0 - https:\/\/yoast.com\/product\/yoast-seo-wordpress\/ -->\n<title>U po\u017earu u indijskoj fabrici petardi poginulo \u0161est osoba - dmcsrb.com<\/title>\n<meta name=\"robots\" content=\"index, follow, max-snippet:-1, max-image-preview:large, max-video-preview:-1\" \/>\n<link rel=\"canonical\" href=\"https:\/\/dmcsrb.com\/en\/svijet\/u-pozaru-u-indijskoj-fabrici-petardi-poginulo-sest-osoba\/\" \/>\n<meta property=\"og:locale\" content=\"en_GB\" \/>\n<meta property=\"og:type\" content=\"article\" \/>\n<meta property=\"og:title\" content=\"U po\u017earu u indijskoj fabrici petardi poginulo \u0161est osoba - dmcsrb.com\" \/>\n<meta property=\"og:description\" content=\"U po\u017earu u pogonu za proizvodnju petardi u ju\u017enoj indijskoj dr\u017eavi Andhra Prade\u0161 poginulo je \u0161est osoba, a nekoliko ih je povrije\u0111eno, saop\u0161tili su zvani\u010dnici.\" \/>\n<meta property=\"og:url\" content=\"https:\/\/dmcsrb.com\/en\/svijet\/u-pozaru-u-indijskoj-fabrici-petardi-poginulo-sest-osoba\/\" \/>\n<meta property=\"og:site_name\" content=\"dmcsrb.com\" \/>\n<meta property=\"article:published_time\" content=\"2025-10-08T18:41:00+00:00\" \/>\n<meta property=\"og:image\" content=\"https:\/\/dmcsrb.com\/wp-content\/uploads\/2026\/01\/indija.webp\" \/>\n\t<meta property=\"og:image:width\" content=\"612\" \/>\n\t<meta property=\"og:image:height\" content=\"386\" \/>\n\t<meta property=\"og:image:type\" content=\"image\/webp\" \/>\n<meta name=\"author\" content=\"dmcsrbija.com@gmail.com\" \/>\n<meta name=\"twitter:card\" content=\"summary_large_image\" \/>\n<meta name=\"twitter:label1\" content=\"Written by\" \/>\n\t<meta name=\"twitter:data1\" content=\"dmcsrbija.com@gmail.com\" \/>\n\t<meta name=\"twitter:label2\" content=\"Estimated reading time\" \/>\n\t<meta name=\"twitter:data2\" content=\"1 minute\" \/>\n<script type=\"application\/ld+json\" class=\"yoast-schema-graph\">{\"@context\":\"https:\/\/schema.org\",\"@graph\":[{\"@type\":\"Article\",\"@id\":\"https:\/\/dmcsrb.com\/svijet\/u-pozaru-u-indijskoj-fabrici-petardi-poginulo-sest-osoba\/#article\",\"isPartOf\":{\"@id\":\"https:\/\/dmcsrb.com\/svijet\/u-pozaru-u-indijskoj-fabrici-petardi-poginulo-sest-osoba\/\"},\"author\":{\"name\":\"dmcsrbija.com@gmail.com\",\"@id\":\"https:\/\/dmcsrb.com\/#\/schema\/person\/5c39170f12db1b8b457732d0b5c854e2\"},\"headline\":\"U po\u017earu u indijskoj fabrici petardi poginulo \u0161est osoba\",\"datePublished\":\"2025-10-08T18:41:00+00:00\",\"mainEntityOfPage\":{\"@id\":\"https:\/\/dmcsrb.com\/svijet\/u-pozaru-u-indijskoj-fabrici-petardi-poginulo-sest-osoba\/\"},\"wordCount\":113,\"commentCount\":0,\"image\":{\"@id\":\"https:\/\/dmcsrb.com\/svijet\/u-pozaru-u-indijskoj-fabrici-petardi-poginulo-sest-osoba\/#primaryimage\"},\"thumbnailUrl\":\"https:\/\/dmcsrb.com\/wp-content\/uploads\/2026\/01\/indija.webp\",\"keywords\":[\"fabrika\",\"indija\",\"petarde\",\"po\u017ear\"],\"articleSection\":[\"Svijet\"],\"inLanguage\":\"en-GB\",\"potentialAction\":[{\"@type\":\"CommentAction\",\"name\":\"Comment\",\"target\":[\"https:\/\/dmcsrb.com\/svijet\/u-pozaru-u-indijskoj-fabrici-petardi-poginulo-sest-osoba\/#respond\"]}]},{\"@type\":\"WebPage\",\"@id\":\"https:\/\/dmcsrb.com\/svijet\/u-pozaru-u-indijskoj-fabrici-petardi-poginulo-sest-osoba\/\",\"url\":\"https:\/\/dmcsrb.com\/svijet\/u-pozaru-u-indijskoj-fabrici-petardi-poginulo-sest-osoba\/\",\"name\":\"U po\u017earu u indijskoj fabrici petardi poginulo \u0161est osoba - dmcsrb.com\",\"isPartOf\":{\"@id\":\"https:\/\/dmcsrb.com\/#website\"},\"primaryImageOfPage\":{\"@id\":\"https:\/\/dmcsrb.com\/svijet\/u-pozaru-u-indijskoj-fabrici-petardi-poginulo-sest-osoba\/#primaryimage\"},\"image\":{\"@id\":\"https:\/\/dmcsrb.com\/svijet\/u-pozaru-u-indijskoj-fabrici-petardi-poginulo-sest-osoba\/#primaryimage\"},\"thumbnailUrl\":\"https:\/\/dmcsrb.com\/wp-content\/uploads\/2026\/01\/indija.webp\",\"datePublished\":\"2025-10-08T18:41:00+00:00\",\"author\":{\"@id\":\"https:\/\/dmcsrb.com\/#\/schema\/person\/5c39170f12db1b8b457732d0b5c854e2\"},\"breadcrumb\":{\"@id\":\"https:\/\/dmcsrb.com\/svijet\/u-pozaru-u-indijskoj-fabrici-petardi-poginulo-sest-osoba\/#breadcrumb\"},\"inLanguage\":\"en-GB\",\"potentialAction\":[{\"@type\":\"ReadAction\",\"target\":[\"https:\/\/dmcsrb.com\/svijet\/u-pozaru-u-indijskoj-fabrici-petardi-poginulo-sest-osoba\/\"]}]},{\"@type\":\"ImageObject\",\"inLanguage\":\"en-GB\",\"@id\":\"https:\/\/dmcsrb.com\/svijet\/u-pozaru-u-indijskoj-fabrici-petardi-poginulo-sest-osoba\/#primaryimage\",\"url\":\"https:\/\/dmcsrb.com\/wp-content\/uploads\/2026\/01\/indija.webp\",\"contentUrl\":\"https:\/\/dmcsrb.com\/wp-content\/uploads\/2026\/01\/indija.webp\",\"width\":612,\"height\":386},{\"@type\":\"BreadcrumbList\",\"@id\":\"https:\/\/dmcsrb.com\/svijet\/u-pozaru-u-indijskoj-fabrici-petardi-poginulo-sest-osoba\/#breadcrumb\",\"itemListElement\":[{\"@type\":\"ListItem\",\"position\":1,\"name\":\"Home\",\"item\":\"https:\/\/dmcsrb.com\/\"},{\"@type\":\"ListItem\",\"position\":2,\"name\":\"U po\u017earu u indijskoj fabrici petardi poginulo \u0161est osoba\"}]},{\"@type\":\"WebSite\",\"@id\":\"https:\/\/dmcsrb.com\/#website\",\"url\":\"https:\/\/dmcsrb.com\/\",\"name\":\"dmcsrb.com\",\"description\":\"\",\"potentialAction\":[{\"@type\":\"SearchAction\",\"target\":{\"@type\":\"EntryPoint\",\"urlTemplate\":\"https:\/\/dmcsrb.com\/?s={search_term_string}\"},\"query-input\":{\"@type\":\"PropertyValueSpecification\",\"valueRequired\":true,\"valueName\":\"search_term_string\"}}],\"inLanguage\":\"en-GB\"},{\"@type\":\"Person\",\"@id\":\"https:\/\/dmcsrb.com\/#\/schema\/person\/5c39170f12db1b8b457732d0b5c854e2\",\"name\":\"dmcsrbija.com@gmail.com\",\"image\":{\"@type\":\"ImageObject\",\"inLanguage\":\"en-GB\",\"@id\":\"https:\/\/dmcsrb.com\/#\/schema\/person\/image\/\",\"url\":\"https:\/\/secure.gravatar.com\/avatar\/68592660ad6347fad0fb587f8d5d8f1a7b44961362f56e4f2cd524feb87e9069?s=96&d=mm&r=g\",\"contentUrl\":\"https:\/\/secure.gravatar.com\/avatar\/68592660ad6347fad0fb587f8d5d8f1a7b44961362f56e4f2cd524feb87e9069?s=96&d=mm&r=g\",\"caption\":\"dmcsrbija.com@gmail.com\"},\"sameAs\":[\"https:\/\/dmcsrb.com\"],\"url\":\"https:\/\/dmcsrb.com\/en\/author\/dmcsrbija-comgmail-com\/\"}]}<\/script>\n<!-- \/ Yoast SEO plugin. -->","yoast_head_json":{"title":"U po\u017earu u indijskoj fabrici petardi poginulo \u0161est osoba - dmcsrb.com","robots":{"index":"index","follow":"follow","max-snippet":"max-snippet:-1","max-image-preview":"max-image-preview:large","max-video-preview":"max-video-preview:-1"},"canonical":"https:\/\/dmcsrb.com\/en\/svijet\/u-pozaru-u-indijskoj-fabrici-petardi-poginulo-sest-osoba\/","og_locale":"en_GB","og_type":"article","og_title":"U po\u017earu u indijskoj fabrici petardi poginulo \u0161est osoba - dmcsrb.com","og_description":"U po\u017earu u pogonu za proizvodnju petardi u ju\u017enoj indijskoj dr\u017eavi Andhra Prade\u0161 poginulo je \u0161est osoba, a nekoliko ih je povrije\u0111eno, saop\u0161tili su zvani\u010dnici.","og_url":"https:\/\/dmcsrb.com\/en\/svijet\/u-pozaru-u-indijskoj-fabrici-petardi-poginulo-sest-osoba\/","og_site_name":"dmcsrb.com","article_published_time":"2025-10-08T18:41:00+00:00","og_image":[{"width":612,"height":386,"url":"https:\/\/dmcsrb.com\/wp-content\/uploads\/2026\/01\/indija.webp","type":"image\/webp"}],"author":"dmcsrbija.com@gmail.com","twitter_card":"summary_large_image","twitter_misc":{"Written by":"dmcsrbija.com@gmail.com","Estimated reading time":"1 minute"},"schema":{"@context":"https:\/\/schema.org","@graph":[{"@type":"Article","@id":"https:\/\/dmcsrb.com\/svijet\/u-pozaru-u-indijskoj-fabrici-petardi-poginulo-sest-osoba\/#article","isPartOf":{"@id":"https:\/\/dmcsrb.com\/svijet\/u-pozaru-u-indijskoj-fabrici-petardi-poginulo-sest-osoba\/"},"author":{"name":"dmcsrbija.com@gmail.com","@id":"https:\/\/dmcsrb.com\/#\/schema\/person\/5c39170f12db1b8b457732d0b5c854e2"},"headline":"U po\u017earu u indijskoj fabrici petardi poginulo \u0161est osoba","datePublished":"2025-10-08T18:41:00+00:00","mainEntityOfPage":{"@id":"https:\/\/dmcsrb.com\/svijet\/u-pozaru-u-indijskoj-fabrici-petardi-poginulo-sest-osoba\/"},"wordCount":113,"commentCount":0,"image":{"@id":"https:\/\/dmcsrb.com\/svijet\/u-pozaru-u-indijskoj-fabrici-petardi-poginulo-sest-osoba\/#primaryimage"},"thumbnailUrl":"https:\/\/dmcsrb.com\/wp-content\/uploads\/2026\/01\/indija.webp","keywords":["fabrika","indija","petarde","po\u017ear"],"articleSection":["Svijet"],"inLanguage":"en-GB","potentialAction":[{"@type":"CommentAction","name":"Comment","target":["https:\/\/dmcsrb.com\/svijet\/u-pozaru-u-indijskoj-fabrici-petardi-poginulo-sest-osoba\/#respond"]}]},{"@type":"WebPage","@id":"https:\/\/dmcsrb.com\/svijet\/u-pozaru-u-indijskoj-fabrici-petardi-poginulo-sest-osoba\/","url":"https:\/\/dmcsrb.com\/svijet\/u-pozaru-u-indijskoj-fabrici-petardi-poginulo-sest-osoba\/","name":"U po\u017earu u indijskoj fabrici petardi poginulo \u0161est osoba - dmcsrb.com","isPartOf":{"@id":"https:\/\/dmcsrb.com\/#website"},"primaryImageOfPage":{"@id":"https:\/\/dmcsrb.com\/svijet\/u-pozaru-u-indijskoj-fabrici-petardi-poginulo-sest-osoba\/#primaryimage"},"image":{"@id":"https:\/\/dmcsrb.com\/svijet\/u-pozaru-u-indijskoj-fabrici-petardi-poginulo-sest-osoba\/#primaryimage"},"thumbnailUrl":"https:\/\/dmcsrb.com\/wp-content\/uploads\/2026\/01\/indija.webp","datePublished":"2025-10-08T18:41:00+00:00","author":{"@id":"https:\/\/dmcsrb.com\/#\/schema\/person\/5c39170f12db1b8b457732d0b5c854e2"},"breadcrumb":{"@id":"https:\/\/dmcsrb.com\/svijet\/u-pozaru-u-indijskoj-fabrici-petardi-poginulo-sest-osoba\/#breadcrumb"},"inLanguage":"en-GB","potentialAction":[{"@type":"ReadAction","target":["https:\/\/dmcsrb.com\/svijet\/u-pozaru-u-indijskoj-fabrici-petardi-poginulo-sest-osoba\/"]}]},{"@type":"ImageObject","inLanguage":"en-GB","@id":"https:\/\/dmcsrb.com\/svijet\/u-pozaru-u-indijskoj-fabrici-petardi-poginulo-sest-osoba\/#primaryimage","url":"https:\/\/dmcsrb.com\/wp-content\/uploads\/2026\/01\/indija.webp","contentUrl":"https:\/\/dmcsrb.com\/wp-content\/uploads\/2026\/01\/indija.webp","width":612,"height":386},{"@type":"BreadcrumbList","@id":"https:\/\/dmcsrb.com\/svijet\/u-pozaru-u-indijskoj-fabrici-petardi-poginulo-sest-osoba\/#breadcrumb","itemListElement":[{"@type":"ListItem","position":1,"name":"Home","item":"https:\/\/dmcsrb.com\/"},{"@type":"ListItem","position":2,"name":"U po\u017earu u indijskoj fabrici petardi poginulo \u0161est osoba"}]},{"@type":"WebSite","@id":"https:\/\/dmcsrb.com\/#website","url":"https:\/\/dmcsrb.com\/","name":"dmcsrb.com","description":"","potentialAction":[{"@type":"SearchAction","target":{"@type":"EntryPoint","urlTemplate":"https:\/\/dmcsrb.com\/?s={search_term_string}"},"query-input":{"@type":"PropertyValueSpecification","valueRequired":true,"valueName":"search_term_string"}}],"inLanguage":"en-GB"},{"@type":"Person","@id":"https:\/\/dmcsrb.com\/#\/schema\/person\/5c39170f12db1b8b457732d0b5c854e2","name":"dmcsrbija.com@gmail.com","image":{"@type":"ImageObject","inLanguage":"en-GB","@id":"https:\/\/dmcsrb.com\/#\/schema\/person\/image\/","url":"https:\/\/secure.gravatar.com\/avatar\/68592660ad6347fad0fb587f8d5d8f1a7b44961362f56e4f2cd524feb87e9069?s=96&d=mm&r=g","contentUrl":"https:\/\/secure.gravatar.com\/avatar\/68592660ad6347fad0fb587f8d5d8f1a7b44961362f56e4f2cd524feb87e9069?s=96&d=mm&r=g","caption":"dmcsrbija.com@gmail.com"},"sameAs":["https:\/\/dmcsrb.com"],"url":"https:\/\/dmcsrb.com\/en\/author\/dmcsrbija-comgmail-com\/"}]}},"_links":{"self":[{"href":"https:\/\/dmcsrb.com\/en\/wp-json\/wp\/v2\/posts\/956615","targetHints":{"allow":["GET"]}}],"collection":[{"href":"https:\/\/dmcsrb.com\/en\/wp-json\/wp\/v2\/posts"}],"about":[{"href":"https:\/\/dmcsrb.com\/en\/wp-json\/wp\/v2\/types\/post"}],"author":[{"embeddable":true,"href":"https:\/\/dmcsrb.com\/en\/wp-json\/wp\/v2\/users\/1"}],"replies":[{"embeddable":true,"href":"https:\/\/dmcsrb.com\/en\/wp-json\/wp\/v2\/comments?post=956615"}],"version-history":[{"count":0,"href":"https:\/\/dmcsrb.com\/en\/wp-json\/wp\/v2\/posts\/956615\/revisions"}],"wp:featuredmedia":[{"embeddable":true,"href":"https:\/\/dmcsrb.com\/en\/wp-json\/wp\/v2\/media\/910334"}],"wp:attachment":[{"href":"https:\/\/dmcsrb.com\/en\/wp-json\/wp\/v2\/media?parent=956615"}],"wp:term":[{"taxonomy":"category","embeddable":true,"href":"https:\/\/dmcsrb.com\/en\/wp-json\/wp\/v2\/categories?post=956615"},{"taxonomy":"post_tag","embeddable":true,"href":"https:\/\/dmcsrb.com\/en\/wp-json\/wp\/v2\/tags?post=956615"},{"taxonomy":"naslovna","embeddable":true,"href":"https:\/\/dmcsrb.com\/en\/wp-json\/wp\/v2\/naslovna?post=956615"}],"curies":[{"name":"wp","href":"https:\/\/api.w.org\/{rel}","templated":true}]}}