{"id":956608,"date":"2025-10-08T21:00:00","date_gmt":"2025-10-08T19:00:00","guid":{"rendered":"https:\/\/dmcsrb.com\/uncategorized\/stranka-koju-predvodi-meloni-predlozila-zakon-za-zabranu-nikaba-i-burke-na-javnim-mjestima-u-italiji\/"},"modified":"2025-10-08T21:00:00","modified_gmt":"2025-10-08T19:00:00","slug":"stranka-koju-predvodi-meloni-predlozila-zakon-za-zabranu-nikaba-i-burke-na-javnim-mjestima-u-italiji","status":"publish","type":"post","link":"https:\/\/dmcsrb.com\/en\/svijet\/stranka-koju-predvodi-meloni-predlozila-zakon-za-zabranu-nikaba-i-burke-na-javnim-mjestima-u-italiji\/","title":{"rendered":"Stranka koju predvodi Meloni predlo\u017eila zakon za zabranu nikaba i burke na javnim mjestima u Italiji"},"content":{"rendered":"<p>Prijedlog zakona, koji su u parlamentu predstavili zastupnici iz stranke premijerke Giorgie Meloni, zabranio bi no\u0161enje odje\u0107e koja pokriva lice na svim javnim mjestima, uklju\u010duju\u0107i \u0161kole, univerzitete, prodavnice i kancelarije \u0161irom zemlje.<\/p>\n\n\n\n<p>Prekr\u0161ioci bi se suo\u010dili s kaznama od 300 do 3.000 eura. U uvodnom tekstu zakona navodi se da je cilj mjere &#8220;borba protiv vjerske radikalizacije i mr\u017enje motivisane religijom.&#8221;<\/p>\n\n\n\n<p>Francuska je 2011. godine postala prva evropska dr\u017eava koja je uvela potpunu zabranu no\u0161enja burki na javnim mjestima. Od tada se lista dr\u017eava znatno pro\u0161irila, pa je vi\u0161e od 20 zemalja u svijetu uvelo neku vrstu zabrane burke i drugih pokrivala za lice, uklju\u010duju\u0107i Austriju, Tunis, Tursku, \u0160ri Lanku i \u0160vicarsku.<\/p>\n\n\n\n<p>Evropski sud za ljudska prava dosljedno je podr\u017eavao takve zabrane, uklju\u010duju\u0107i i 2017. godinu, kada je potvrdio belgijsku zabranu burki i vela preko cijelog lica, presudiv\u0161i da dr\u017eave mogu ograni\u010diti no\u0161enje takve odje\u0107e kako bi za\u0161titile zajedni\u010dki \u017eivot u dru\u0161tvu.<\/p>\n\n\n\n<p>Pojedine regije u Italiji ve\u0107 imaju sli\u010dna ograni\u010denja, poput sjeverne Lombardije, koja je krajem 2015. zabranila ulazak u javne zgrade i bolnice osobama s pokrivenim licem.<\/p>\n\n\n\n<p>Predlo\u017eeni zakon ide i dalje od zabrane pokrivala za lice, uvode\u0107i nove zahtjeve za finansijsku transparentnost vjerskih organizacija koje nemaju formalne sporazume s italijanskom dr\u017eavom. Nijedna muslimanska organizacija trenutno nema takav sporazum, \u0161to zna\u010di da islam u Italiji nema formalno priznanje koje u\u017eiva 13 drugih vjerskih zajednica.<\/p>\n\n\n\n<p>Prema prijedlogu zakona, neprepoznate organizacije morat \u0107e prijaviti sve izvore finansiranja, a sredstva \u0107e biti ograni\u010dena na subjekte koji ne predstavljaju prijetnju dr\u017eavnoj sigurnosti.<\/p>\n\n\n\n<p>Zakon tako\u0111e uvodi nove krivi\u010dne odredbe, uklju\u010duju\u0107i kazne za testove djevi\u010danstva, te poo\u0161trava kazne za prisilne brakove dodavanjem vjerske prisile kao osnova za krivi\u010dno gonjenje.<\/p>\n\n\n\n<p>Koalicioni partner Melonijeve, stranka Liga, ranije ove godine predlo\u017eila je bla\u017ei zakon koji se fokusira samo na pokrivanje lica. Taj prijedlog je trenutno u razmatranju u parlamentarnoj komisiji, a nije jasno ho\u0107e li biti spojen s novim prijedlogom zakona.<\/p>\n\n\n\n<p>Koalicija ima sna\u017enu ve\u0107inu u parlamentu, \u0161to zna\u010di da bi zakon mogao dobiti podr\u0161ku, iako jo\u0161 nije objavljen ta\u010dan datum po\u010detka rasprave.<\/p>","protected":false},"excerpt":{"rendered":"<p>Vladaju\u0107a italijanska stranka Bra\u0107a Italije predstavila je u srijedu prijedlog zakona kojim bi se zabranilo no\u0161enje burke i nikaba na javnim mjestima, kao dio \u0161ireg zakonskog paketa usmjerenog na borbu protiv onoga \u0161to naziva kulturnim separatizmom povezanim s islamom.<\/p>","protected":false},"author":1,"featured_media":953687,"comment_status":"open","ping_status":"open","sticky":false,"template":"","format":"standard","meta":{"_acf_changed":false,"footnotes":""},"categories":[144],"tags":[1238,10791],"naslovna":[],"class_list":["post-956608","post","type-post","status-publish","format-standard","has-post-thumbnail","hentry","category-svijet","tag-italija","tag-zabran"],"acf":[],"yoast_head":"<!-- This site is optimized with the Yoast SEO plugin v27.4 - https:\/\/yoast.com\/product\/yoast-seo-wordpress\/ -->\n<title>Stranka koju predvodi Meloni predlo\u017eila zakon za zabranu nikaba i burke na javnim mjestima u Italiji - dmcsrb.com<\/title>\n<meta name=\"robots\" content=\"index, follow, max-snippet:-1, max-image-preview:large, max-video-preview:-1\" \/>\n<link rel=\"canonical\" href=\"https:\/\/dmcsrb.com\/en\/svijet\/stranka-koju-predvodi-meloni-predlozila-zakon-za-zabranu-nikaba-i-burke-na-javnim-mjestima-u-italiji\/\" \/>\n<meta property=\"og:locale\" content=\"en_GB\" \/>\n<meta property=\"og:type\" content=\"article\" \/>\n<meta property=\"og:title\" content=\"Stranka koju predvodi Meloni predlo\u017eila zakon za zabranu nikaba i burke na javnim mjestima u Italiji - dmcsrb.com\" \/>\n<meta property=\"og:description\" content=\"Vladaju\u0107a italijanska stranka Bra\u0107a Italije predstavila je u srijedu prijedlog zakona kojim bi se zabranilo no\u0161enje burke i nikaba na javnim mjestima, kao dio \u0161ireg zakonskog paketa usmjerenog na borbu protiv onoga \u0161to naziva kulturnim separatizmom povezanim s islamom.\" \/>\n<meta property=\"og:url\" content=\"https:\/\/dmcsrb.com\/en\/svijet\/stranka-koju-predvodi-meloni-predlozila-zakon-za-zabranu-nikaba-i-burke-na-javnim-mjestima-u-italiji\/\" \/>\n<meta property=\"og:site_name\" content=\"dmcsrb.com\" \/>\n<meta property=\"article:published_time\" content=\"2025-10-08T19:00:00+00:00\" \/>\n<meta property=\"og:image\" content=\"https:\/\/dmcsrb.com\/wp-content\/uploads\/2026\/01\/DJordja-meloni.webp\" \/>\n\t<meta property=\"og:image:width\" content=\"800\" \/>\n\t<meta property=\"og:image:height\" content=\"1011\" \/>\n\t<meta property=\"og:image:type\" content=\"image\/jpeg\" \/>\n<meta name=\"author\" content=\"dmcsrbija.com@gmail.com\" \/>\n<meta name=\"twitter:card\" content=\"summary_large_image\" \/>\n<meta name=\"twitter:label1\" content=\"Written by\" \/>\n\t<meta name=\"twitter:data1\" content=\"dmcsrbija.com@gmail.com\" \/>\n\t<meta name=\"twitter:label2\" content=\"Estimated reading time\" \/>\n\t<meta name=\"twitter:data2\" content=\"2 minutes\" \/>\n<script type=\"application\/ld+json\" class=\"yoast-schema-graph\">{\"@context\":\"https:\\\/\\\/schema.org\",\"@graph\":[{\"@type\":\"Article\",\"@id\":\"https:\\\/\\\/dmcsrb.com\\\/svijet\\\/stranka-koju-predvodi-meloni-predlozila-zakon-za-zabranu-nikaba-i-burke-na-javnim-mjestima-u-italiji\\\/#article\",\"isPartOf\":{\"@id\":\"https:\\\/\\\/dmcsrb.com\\\/svijet\\\/stranka-koju-predvodi-meloni-predlozila-zakon-za-zabranu-nikaba-i-burke-na-javnim-mjestima-u-italiji\\\/\"},\"author\":{\"name\":\"dmcsrbija.com@gmail.com\",\"@id\":\"https:\\\/\\\/dmcsrb.com\\\/#\\\/schema\\\/person\\\/5c39170f12db1b8b457732d0b5c854e2\"},\"headline\":\"Stranka koju predvodi Meloni predlo\u017eila zakon za zabranu nikaba i burke na javnim mjestima u Italiji\",\"datePublished\":\"2025-10-08T19:00:00+00:00\",\"mainEntityOfPage\":{\"@id\":\"https:\\\/\\\/dmcsrb.com\\\/svijet\\\/stranka-koju-predvodi-meloni-predlozila-zakon-za-zabranu-nikaba-i-burke-na-javnim-mjestima-u-italiji\\\/\"},\"wordCount\":395,\"commentCount\":0,\"image\":{\"@id\":\"https:\\\/\\\/dmcsrb.com\\\/svijet\\\/stranka-koju-predvodi-meloni-predlozila-zakon-za-zabranu-nikaba-i-burke-na-javnim-mjestima-u-italiji\\\/#primaryimage\"},\"thumbnailUrl\":\"https:\\\/\\\/dmcsrb.com\\\/wp-content\\\/uploads\\\/2026\\\/01\\\/DJordja-meloni.webp\",\"keywords\":[\"Italija\",\"zabran\"],\"articleSection\":[\"Svijet\"],\"inLanguage\":\"en-GB\",\"potentialAction\":[{\"@type\":\"CommentAction\",\"name\":\"Comment\",\"target\":[\"https:\\\/\\\/dmcsrb.com\\\/svijet\\\/stranka-koju-predvodi-meloni-predlozila-zakon-za-zabranu-nikaba-i-burke-na-javnim-mjestima-u-italiji\\\/#respond\"]}]},{\"@type\":\"WebPage\",\"@id\":\"https:\\\/\\\/dmcsrb.com\\\/svijet\\\/stranka-koju-predvodi-meloni-predlozila-zakon-za-zabranu-nikaba-i-burke-na-javnim-mjestima-u-italiji\\\/\",\"url\":\"https:\\\/\\\/dmcsrb.com\\\/svijet\\\/stranka-koju-predvodi-meloni-predlozila-zakon-za-zabranu-nikaba-i-burke-na-javnim-mjestima-u-italiji\\\/\",\"name\":\"Stranka koju predvodi Meloni predlo\u017eila zakon za zabranu nikaba i burke na javnim mjestima u Italiji - dmcsrb.com\",\"isPartOf\":{\"@id\":\"https:\\\/\\\/dmcsrb.com\\\/#website\"},\"primaryImageOfPage\":{\"@id\":\"https:\\\/\\\/dmcsrb.com\\\/svijet\\\/stranka-koju-predvodi-meloni-predlozila-zakon-za-zabranu-nikaba-i-burke-na-javnim-mjestima-u-italiji\\\/#primaryimage\"},\"image\":{\"@id\":\"https:\\\/\\\/dmcsrb.com\\\/svijet\\\/stranka-koju-predvodi-meloni-predlozila-zakon-za-zabranu-nikaba-i-burke-na-javnim-mjestima-u-italiji\\\/#primaryimage\"},\"thumbnailUrl\":\"https:\\\/\\\/dmcsrb.com\\\/wp-content\\\/uploads\\\/2026\\\/01\\\/DJordja-meloni.webp\",\"datePublished\":\"2025-10-08T19:00:00+00:00\",\"author\":{\"@id\":\"https:\\\/\\\/dmcsrb.com\\\/#\\\/schema\\\/person\\\/5c39170f12db1b8b457732d0b5c854e2\"},\"breadcrumb\":{\"@id\":\"https:\\\/\\\/dmcsrb.com\\\/svijet\\\/stranka-koju-predvodi-meloni-predlozila-zakon-za-zabranu-nikaba-i-burke-na-javnim-mjestima-u-italiji\\\/#breadcrumb\"},\"inLanguage\":\"en-GB\",\"potentialAction\":[{\"@type\":\"ReadAction\",\"target\":[\"https:\\\/\\\/dmcsrb.com\\\/svijet\\\/stranka-koju-predvodi-meloni-predlozila-zakon-za-zabranu-nikaba-i-burke-na-javnim-mjestima-u-italiji\\\/\"]}]},{\"@type\":\"ImageObject\",\"inLanguage\":\"en-GB\",\"@id\":\"https:\\\/\\\/dmcsrb.com\\\/svijet\\\/stranka-koju-predvodi-meloni-predlozila-zakon-za-zabranu-nikaba-i-burke-na-javnim-mjestima-u-italiji\\\/#primaryimage\",\"url\":\"https:\\\/\\\/dmcsrb.com\\\/wp-content\\\/uploads\\\/2026\\\/01\\\/DJordja-meloni.webp\",\"contentUrl\":\"https:\\\/\\\/dmcsrb.com\\\/wp-content\\\/uploads\\\/2026\\\/01\\\/DJordja-meloni.webp\",\"width\":800,\"height\":1011},{\"@type\":\"BreadcrumbList\",\"@id\":\"https:\\\/\\\/dmcsrb.com\\\/svijet\\\/stranka-koju-predvodi-meloni-predlozila-zakon-za-zabranu-nikaba-i-burke-na-javnim-mjestima-u-italiji\\\/#breadcrumb\",\"itemListElement\":[{\"@type\":\"ListItem\",\"position\":1,\"name\":\"Home\",\"item\":\"https:\\\/\\\/dmcsrb.com\\\/\"},{\"@type\":\"ListItem\",\"position\":2,\"name\":\"Stranka koju predvodi Meloni predlo\u017eila zakon za zabranu nikaba i burke na javnim mjestima u Italiji\"}]},{\"@type\":\"WebSite\",\"@id\":\"https:\\\/\\\/dmcsrb.com\\\/#website\",\"url\":\"https:\\\/\\\/dmcsrb.com\\\/\",\"name\":\"dmcsrb.com\",\"description\":\"\",\"potentialAction\":[{\"@type\":\"SearchAction\",\"target\":{\"@type\":\"EntryPoint\",\"urlTemplate\":\"https:\\\/\\\/dmcsrb.com\\\/?s={search_term_string}\"},\"query-input\":{\"@type\":\"PropertyValueSpecification\",\"valueRequired\":true,\"valueName\":\"search_term_string\"}}],\"inLanguage\":\"en-GB\"},{\"@type\":\"Person\",\"@id\":\"https:\\\/\\\/dmcsrb.com\\\/#\\\/schema\\\/person\\\/5c39170f12db1b8b457732d0b5c854e2\",\"name\":\"dmcsrbija.com@gmail.com\",\"image\":{\"@type\":\"ImageObject\",\"inLanguage\":\"en-GB\",\"@id\":\"https:\\\/\\\/secure.gravatar.com\\\/avatar\\\/68592660ad6347fad0fb587f8d5d8f1a7b44961362f56e4f2cd524feb87e9069?s=96&d=mm&r=g\",\"url\":\"https:\\\/\\\/secure.gravatar.com\\\/avatar\\\/68592660ad6347fad0fb587f8d5d8f1a7b44961362f56e4f2cd524feb87e9069?s=96&d=mm&r=g\",\"contentUrl\":\"https:\\\/\\\/secure.gravatar.com\\\/avatar\\\/68592660ad6347fad0fb587f8d5d8f1a7b44961362f56e4f2cd524feb87e9069?s=96&d=mm&r=g\",\"caption\":\"dmcsrbija.com@gmail.com\"},\"sameAs\":[\"https:\\\/\\\/dmcsrb.com\"],\"url\":\"https:\\\/\\\/dmcsrb.com\\\/en\\\/author\\\/dmcsrbija-comgmail-com\\\/\"}]}<\/script>\n<!-- \/ Yoast SEO plugin. -->","yoast_head_json":{"title":"Stranka koju predvodi Meloni predlo\u017eila zakon za zabranu nikaba i burke na javnim mjestima u Italiji - dmcsrb.com","robots":{"index":"index","follow":"follow","max-snippet":"max-snippet:-1","max-image-preview":"max-image-preview:large","max-video-preview":"max-video-preview:-1"},"canonical":"https:\/\/dmcsrb.com\/en\/svijet\/stranka-koju-predvodi-meloni-predlozila-zakon-za-zabranu-nikaba-i-burke-na-javnim-mjestima-u-italiji\/","og_locale":"en_GB","og_type":"article","og_title":"Stranka koju predvodi Meloni predlo\u017eila zakon za zabranu nikaba i burke na javnim mjestima u Italiji - dmcsrb.com","og_description":"Vladaju\u0107a italijanska stranka Bra\u0107a Italije predstavila je u srijedu prijedlog zakona kojim bi se zabranilo no\u0161enje burke i nikaba na javnim mjestima, kao dio \u0161ireg zakonskog paketa usmjerenog na borbu protiv onoga \u0161to naziva kulturnim separatizmom povezanim s islamom.","og_url":"https:\/\/dmcsrb.com\/en\/svijet\/stranka-koju-predvodi-meloni-predlozila-zakon-za-zabranu-nikaba-i-burke-na-javnim-mjestima-u-italiji\/","og_site_name":"dmcsrb.com","article_published_time":"2025-10-08T19:00:00+00:00","og_image":[{"width":800,"height":1011,"url":"https:\/\/dmcsrb.com\/wp-content\/uploads\/2026\/01\/DJordja-meloni.webp","type":"image\/jpeg"}],"author":"dmcsrbija.com@gmail.com","twitter_card":"summary_large_image","twitter_misc":{"Written by":"dmcsrbija.com@gmail.com","Estimated reading time":"2 minutes"},"schema":{"@context":"https:\/\/schema.org","@graph":[{"@type":"Article","@id":"https:\/\/dmcsrb.com\/svijet\/stranka-koju-predvodi-meloni-predlozila-zakon-za-zabranu-nikaba-i-burke-na-javnim-mjestima-u-italiji\/#article","isPartOf":{"@id":"https:\/\/dmcsrb.com\/svijet\/stranka-koju-predvodi-meloni-predlozila-zakon-za-zabranu-nikaba-i-burke-na-javnim-mjestima-u-italiji\/"},"author":{"name":"dmcsrbija.com@gmail.com","@id":"https:\/\/dmcsrb.com\/#\/schema\/person\/5c39170f12db1b8b457732d0b5c854e2"},"headline":"Stranka koju predvodi Meloni predlo\u017eila zakon za zabranu nikaba i burke na javnim mjestima u Italiji","datePublished":"2025-10-08T19:00:00+00:00","mainEntityOfPage":{"@id":"https:\/\/dmcsrb.com\/svijet\/stranka-koju-predvodi-meloni-predlozila-zakon-za-zabranu-nikaba-i-burke-na-javnim-mjestima-u-italiji\/"},"wordCount":395,"commentCount":0,"image":{"@id":"https:\/\/dmcsrb.com\/svijet\/stranka-koju-predvodi-meloni-predlozila-zakon-za-zabranu-nikaba-i-burke-na-javnim-mjestima-u-italiji\/#primaryimage"},"thumbnailUrl":"https:\/\/dmcsrb.com\/wp-content\/uploads\/2026\/01\/DJordja-meloni.webp","keywords":["Italija","zabran"],"articleSection":["Svijet"],"inLanguage":"en-GB","potentialAction":[{"@type":"CommentAction","name":"Comment","target":["https:\/\/dmcsrb.com\/svijet\/stranka-koju-predvodi-meloni-predlozila-zakon-za-zabranu-nikaba-i-burke-na-javnim-mjestima-u-italiji\/#respond"]}]},{"@type":"WebPage","@id":"https:\/\/dmcsrb.com\/svijet\/stranka-koju-predvodi-meloni-predlozila-zakon-za-zabranu-nikaba-i-burke-na-javnim-mjestima-u-italiji\/","url":"https:\/\/dmcsrb.com\/svijet\/stranka-koju-predvodi-meloni-predlozila-zakon-za-zabranu-nikaba-i-burke-na-javnim-mjestima-u-italiji\/","name":"Stranka koju predvodi Meloni predlo\u017eila zakon za zabranu nikaba i burke na javnim mjestima u Italiji - dmcsrb.com","isPartOf":{"@id":"https:\/\/dmcsrb.com\/#website"},"primaryImageOfPage":{"@id":"https:\/\/dmcsrb.com\/svijet\/stranka-koju-predvodi-meloni-predlozila-zakon-za-zabranu-nikaba-i-burke-na-javnim-mjestima-u-italiji\/#primaryimage"},"image":{"@id":"https:\/\/dmcsrb.com\/svijet\/stranka-koju-predvodi-meloni-predlozila-zakon-za-zabranu-nikaba-i-burke-na-javnim-mjestima-u-italiji\/#primaryimage"},"thumbnailUrl":"https:\/\/dmcsrb.com\/wp-content\/uploads\/2026\/01\/DJordja-meloni.webp","datePublished":"2025-10-08T19:00:00+00:00","author":{"@id":"https:\/\/dmcsrb.com\/#\/schema\/person\/5c39170f12db1b8b457732d0b5c854e2"},"breadcrumb":{"@id":"https:\/\/dmcsrb.com\/svijet\/stranka-koju-predvodi-meloni-predlozila-zakon-za-zabranu-nikaba-i-burke-na-javnim-mjestima-u-italiji\/#breadcrumb"},"inLanguage":"en-GB","potentialAction":[{"@type":"ReadAction","target":["https:\/\/dmcsrb.com\/svijet\/stranka-koju-predvodi-meloni-predlozila-zakon-za-zabranu-nikaba-i-burke-na-javnim-mjestima-u-italiji\/"]}]},{"@type":"ImageObject","inLanguage":"en-GB","@id":"https:\/\/dmcsrb.com\/svijet\/stranka-koju-predvodi-meloni-predlozila-zakon-za-zabranu-nikaba-i-burke-na-javnim-mjestima-u-italiji\/#primaryimage","url":"https:\/\/dmcsrb.com\/wp-content\/uploads\/2026\/01\/DJordja-meloni.webp","contentUrl":"https:\/\/dmcsrb.com\/wp-content\/uploads\/2026\/01\/DJordja-meloni.webp","width":800,"height":1011},{"@type":"BreadcrumbList","@id":"https:\/\/dmcsrb.com\/svijet\/stranka-koju-predvodi-meloni-predlozila-zakon-za-zabranu-nikaba-i-burke-na-javnim-mjestima-u-italiji\/#breadcrumb","itemListElement":[{"@type":"ListItem","position":1,"name":"Home","item":"https:\/\/dmcsrb.com\/"},{"@type":"ListItem","position":2,"name":"Stranka koju predvodi Meloni predlo\u017eila zakon za zabranu nikaba i burke na javnim mjestima u Italiji"}]},{"@type":"WebSite","@id":"https:\/\/dmcsrb.com\/#website","url":"https:\/\/dmcsrb.com\/","name":"dmcsrb.com","description":"","potentialAction":[{"@type":"SearchAction","target":{"@type":"EntryPoint","urlTemplate":"https:\/\/dmcsrb.com\/?s={search_term_string}"},"query-input":{"@type":"PropertyValueSpecification","valueRequired":true,"valueName":"search_term_string"}}],"inLanguage":"en-GB"},{"@type":"Person","@id":"https:\/\/dmcsrb.com\/#\/schema\/person\/5c39170f12db1b8b457732d0b5c854e2","name":"dmcsrbija.com@gmail.com","image":{"@type":"ImageObject","inLanguage":"en-GB","@id":"https:\/\/secure.gravatar.com\/avatar\/68592660ad6347fad0fb587f8d5d8f1a7b44961362f56e4f2cd524feb87e9069?s=96&d=mm&r=g","url":"https:\/\/secure.gravatar.com\/avatar\/68592660ad6347fad0fb587f8d5d8f1a7b44961362f56e4f2cd524feb87e9069?s=96&d=mm&r=g","contentUrl":"https:\/\/secure.gravatar.com\/avatar\/68592660ad6347fad0fb587f8d5d8f1a7b44961362f56e4f2cd524feb87e9069?s=96&d=mm&r=g","caption":"dmcsrbija.com@gmail.com"},"sameAs":["https:\/\/dmcsrb.com"],"url":"https:\/\/dmcsrb.com\/en\/author\/dmcsrbija-comgmail-com\/"}]}},"_links":{"self":[{"href":"https:\/\/dmcsrb.com\/en\/wp-json\/wp\/v2\/posts\/956608","targetHints":{"allow":["GET"]}}],"collection":[{"href":"https:\/\/dmcsrb.com\/en\/wp-json\/wp\/v2\/posts"}],"about":[{"href":"https:\/\/dmcsrb.com\/en\/wp-json\/wp\/v2\/types\/post"}],"author":[{"embeddable":true,"href":"https:\/\/dmcsrb.com\/en\/wp-json\/wp\/v2\/users\/1"}],"replies":[{"embeddable":true,"href":"https:\/\/dmcsrb.com\/en\/wp-json\/wp\/v2\/comments?post=956608"}],"version-history":[{"count":0,"href":"https:\/\/dmcsrb.com\/en\/wp-json\/wp\/v2\/posts\/956608\/revisions"}],"wp:featuredmedia":[{"embeddable":true,"href":"https:\/\/dmcsrb.com\/en\/wp-json\/wp\/v2\/media\/953687"}],"wp:attachment":[{"href":"https:\/\/dmcsrb.com\/en\/wp-json\/wp\/v2\/media?parent=956608"}],"wp:term":[{"taxonomy":"category","embeddable":true,"href":"https:\/\/dmcsrb.com\/en\/wp-json\/wp\/v2\/categories?post=956608"},{"taxonomy":"post_tag","embeddable":true,"href":"https:\/\/dmcsrb.com\/en\/wp-json\/wp\/v2\/tags?post=956608"},{"taxonomy":"naslovna","embeddable":true,"href":"https:\/\/dmcsrb.com\/en\/wp-json\/wp\/v2\/naslovna?post=956608"}],"curies":[{"name":"wp","href":"https:\/\/api.w.org\/{rel}","templated":true}]}}