{"id":956526,"date":"2025-10-08T10:59:00","date_gmt":"2025-10-08T08:59:00","guid":{"rendered":"https:\/\/dmcsrb.com\/uncategorized\/ura-sa-bivsim-radnicima-kosute-i-polimke-obestetiti-sve-zaposlene-u-drzavnim-preduzecima-koja-su-posla-u-stecaj\/"},"modified":"2025-10-08T10:59:00","modified_gmt":"2025-10-08T08:59:00","slug":"ura-sa-bivsim-radnicima-kosute-i-polimke-obestetiti-sve-zaposlene-u-drzavnim-preduzecima-koja-su-posla-u-stecaj","status":"publish","type":"post","link":"https:\/\/dmcsrb.com\/en\/drustvo\/ura-sa-bivsim-radnicima-kosute-i-polimke-obestetiti-sve-zaposlene-u-drzavnim-preduzecima-koja-su-posla-u-stecaj\/","title":{"rendered":"URA sa biv\u0161im radnicima &#8220;Ko\u0161ute&#8221; i &#8220;Polimke&#8221;: Obe\u0161tetiti sve zaposlene u dr\u017eavnim preduze\u0107ima koja su po\u0161la u ste\u010daj"},"content":{"rendered":"<p><\/p>\n\n\n\n<p>Poslanici URE su ranije najavili da \u0107e na jesenjem zasijedanju Skup\u0161tine Crne Gore predlo\u017eiti Zakon o ostvarivanju prava na finansijsku podr\u0161ku licima koja su bila zaposlena u privrednim dru\u0161tvima u \u010dijoj vlasni\u010dkoj strukturi je bila dr\u017eava i taj zakon \u0107e se odnositi na sve biv\u0161e zaposlene bez izuzetaka, navode iz GP URA.<\/p>\n\n\n\n<p>Kao dio vlasti 2021. godine URA je bila jedan od donosilaca Zakona o obe\u0161te\u0107enju biv\u0161ih zaposlenih u metalskoj i rudarskoj industriji, dok smo kao opozicija ove 2025. godine podr\u017eali zakon kojim su se obe\u0161tetili biv\u0161i zaposleni u drvoprera\u0111iva\u010dkoj i \u0161umarskoj industriji, a sada je red da se donese zakon kojim \u0107e se obe\u0161tetiti i svi drugi biv\u0161i zaposleni dr\u017eavnih preduze\u0107a koja su po\u0161la u ste\u010daj&#8221;, poru\u010dio je ne sastanku poslanik URE Milo\u0161 Konatar.<\/p>\n\n\n\n<p>URA je sa ovim zapo\u010dela razgovore sa predstavnicima svih biv\u0161ih zaposlenih u dr\u017eavnim preduze\u0107ima koja su po\u0161la u ste\u010daj kako bi zajedno do\u0161li do zakona kojim se ispravlja vi\u0161edecenijska nepravda prema njima. ,,Dakle, nakon radnika metalske, rudarske, drvoprera\u0111iva\u010dke i \u0161umarske industrije, sada je red da se obe\u0161tete i biv\u0161i zaposleni iz svih ostalih sektora nekada\u0161njih dr\u017eavnih preduze\u0107a&#8221;, zaklju\u010dili su iz URE i pozvali sve biv\u0161e zaposlene da im se obrate kako bi u krajnjem imali \u0161to adekvatnije zakonsko rje\u0161enje.<br><\/p>","protected":false},"excerpt":{"rendered":"<p>Poslanici Gra\u0111anskog pokreta URA Zoran Miki\u0107 i Milo\u0161 Konatar sastali su se u Skup\u0161tini Crne Gore sa radnicima &#8220;Ko\u0161ute&#8221; sa Cetinja i &#8220;Polimke&#8221; iz Berana u vezi sa Zakonom o obe\u0161te\u0107enju biv\u0161ih zaposlenih u dr\u017eavnim preduze\u0107ima koja su po\u0161la u ste\u010daj, saop\u0161tili su iz Gra\u0111anskog pokreta URA.<\/p>","protected":false},"author":1,"featured_media":956527,"comment_status":"open","ping_status":"open","sticky":false,"template":"","format":"standard","meta":{"_acf_changed":false,"footnotes":""},"categories":[2],"tags":[10745,678,10746,10747,10748,6303,10749],"naslovna":[],"class_list":["post-956526","post","type-post","status-publish","format-standard","has-post-thumbnail","hentry","category-drustvo","tag-bivsi-radnici","tag-gp-ura","tag-kosuta","tag-obestecenje","tag-polimka","tag-stecaj","tag-zaposleni-u-drzavnim-preduzecima"],"acf":[],"yoast_head":"<!-- This site is optimized with the Yoast SEO plugin v27.0 - https:\/\/yoast.com\/product\/yoast-seo-wordpress\/ -->\n<title>URA sa biv\u0161im radnicima &quot;Ko\u0161ute&quot; i &quot;Polimke&quot;: Obe\u0161tetiti sve zaposlene u dr\u017eavnim preduze\u0107ima koja su po\u0161la u ste\u010daj - dmcsrb.com<\/title>\n<meta name=\"robots\" content=\"index, follow, max-snippet:-1, max-image-preview:large, max-video-preview:-1\" \/>\n<link rel=\"canonical\" href=\"https:\/\/dmcsrb.com\/en\/drustvo\/ura-sa-bivsim-radnicima-kosute-i-polimke-obestetiti-sve-zaposlene-u-drzavnim-preduzecima-koja-su-posla-u-stecaj\/\" \/>\n<meta property=\"og:locale\" content=\"en_GB\" \/>\n<meta property=\"og:type\" content=\"article\" \/>\n<meta property=\"og:title\" content=\"URA sa biv\u0161im radnicima &quot;Ko\u0161ute&quot; i &quot;Polimke&quot;: Obe\u0161tetiti sve zaposlene u dr\u017eavnim preduze\u0107ima koja su po\u0161la u ste\u010daj - dmcsrb.com\" \/>\n<meta property=\"og:description\" content=\"Poslanici Gra\u0111anskog pokreta URA Zoran Miki\u0107 i Milo\u0161 Konatar sastali su se u Skup\u0161tini Crne Gore sa radnicima &quot;Ko\u0161ute&quot; sa Cetinja i &quot;Polimke&quot; iz Berana u vezi sa Zakonom o obe\u0161te\u0107enju biv\u0161ih zaposlenih u dr\u017eavnim preduze\u0107ima koja su po\u0161la u ste\u010daj, saop\u0161tili su iz Gra\u0111anskog pokreta URA.\" \/>\n<meta property=\"og:url\" content=\"https:\/\/dmcsrb.com\/en\/drustvo\/ura-sa-bivsim-radnicima-kosute-i-polimke-obestetiti-sve-zaposlene-u-drzavnim-preduzecima-koja-su-posla-u-stecaj\/\" \/>\n<meta property=\"og:site_name\" content=\"dmcsrb.com\" \/>\n<meta property=\"article:published_time\" content=\"2025-10-08T08:59:00+00:00\" \/>\n<meta property=\"og:image\" content=\"https:\/\/dmcsrb.com\/wp-content\/uploads\/2026\/01\/001-3-1.webp\" \/>\n\t<meta property=\"og:image:width\" content=\"1600\" \/>\n\t<meta property=\"og:image:height\" content=\"1067\" \/>\n\t<meta property=\"og:image:type\" content=\"image\/jpeg\" \/>\n<meta name=\"author\" content=\"dmcsrbija.com@gmail.com\" \/>\n<meta name=\"twitter:card\" content=\"summary_large_image\" \/>\n<meta name=\"twitter:label1\" content=\"Written by\" \/>\n\t<meta name=\"twitter:data1\" content=\"dmcsrbija.com@gmail.com\" \/>\n\t<meta name=\"twitter:label2\" content=\"Estimated reading time\" \/>\n\t<meta name=\"twitter:data2\" content=\"1 minute\" \/>\n<script type=\"application\/ld+json\" class=\"yoast-schema-graph\">{\"@context\":\"https:\/\/schema.org\",\"@graph\":[{\"@type\":\"Article\",\"@id\":\"https:\/\/dmcsrb.com\/drustvo\/ura-sa-bivsim-radnicima-kosute-i-polimke-obestetiti-sve-zaposlene-u-drzavnim-preduzecima-koja-su-posla-u-stecaj\/#article\",\"isPartOf\":{\"@id\":\"https:\/\/dmcsrb.com\/drustvo\/ura-sa-bivsim-radnicima-kosute-i-polimke-obestetiti-sve-zaposlene-u-drzavnim-preduzecima-koja-su-posla-u-stecaj\/\"},\"author\":{\"name\":\"dmcsrbija.com@gmail.com\",\"@id\":\"https:\/\/dmcsrb.com\/#\/schema\/person\/5c39170f12db1b8b457732d0b5c854e2\"},\"headline\":\"URA sa biv\u0161im radnicima &#8220;Ko\u0161ute&#8221; i &#8220;Polimke&#8221;: Obe\u0161tetiti sve zaposlene u dr\u017eavnim preduze\u0107ima koja su po\u0161la u ste\u010daj\",\"datePublished\":\"2025-10-08T08:59:00+00:00\",\"mainEntityOfPage\":{\"@id\":\"https:\/\/dmcsrb.com\/drustvo\/ura-sa-bivsim-radnicima-kosute-i-polimke-obestetiti-sve-zaposlene-u-drzavnim-preduzecima-koja-su-posla-u-stecaj\/\"},\"wordCount\":267,\"commentCount\":0,\"image\":{\"@id\":\"https:\/\/dmcsrb.com\/drustvo\/ura-sa-bivsim-radnicima-kosute-i-polimke-obestetiti-sve-zaposlene-u-drzavnim-preduzecima-koja-su-posla-u-stecaj\/#primaryimage\"},\"thumbnailUrl\":\"https:\/\/dmcsrb.com\/wp-content\/uploads\/2026\/01\/001-3-1.webp\",\"keywords\":[\"biv\u0161i radnici\",\"GP URA\",\"ko\u0161uta\",\"obe\u0161te\u0107enje\",\"polimka\",\"Ste\u010daj\",\"Zaposleni u dr\u017eavnim preduze\u0107ima\"],\"articleSection\":[\"Dru\u0161tvo\"],\"inLanguage\":\"en-GB\",\"potentialAction\":[{\"@type\":\"CommentAction\",\"name\":\"Comment\",\"target\":[\"https:\/\/dmcsrb.com\/drustvo\/ura-sa-bivsim-radnicima-kosute-i-polimke-obestetiti-sve-zaposlene-u-drzavnim-preduzecima-koja-su-posla-u-stecaj\/#respond\"]}]},{\"@type\":\"WebPage\",\"@id\":\"https:\/\/dmcsrb.com\/drustvo\/ura-sa-bivsim-radnicima-kosute-i-polimke-obestetiti-sve-zaposlene-u-drzavnim-preduzecima-koja-su-posla-u-stecaj\/\",\"url\":\"https:\/\/dmcsrb.com\/drustvo\/ura-sa-bivsim-radnicima-kosute-i-polimke-obestetiti-sve-zaposlene-u-drzavnim-preduzecima-koja-su-posla-u-stecaj\/\",\"name\":\"URA sa biv\u0161im radnicima \\\"Ko\u0161ute\\\" i \\\"Polimke\\\": Obe\u0161tetiti sve zaposlene u dr\u017eavnim preduze\u0107ima koja su po\u0161la u ste\u010daj - dmcsrb.com\",\"isPartOf\":{\"@id\":\"https:\/\/dmcsrb.com\/#website\"},\"primaryImageOfPage\":{\"@id\":\"https:\/\/dmcsrb.com\/drustvo\/ura-sa-bivsim-radnicima-kosute-i-polimke-obestetiti-sve-zaposlene-u-drzavnim-preduzecima-koja-su-posla-u-stecaj\/#primaryimage\"},\"image\":{\"@id\":\"https:\/\/dmcsrb.com\/drustvo\/ura-sa-bivsim-radnicima-kosute-i-polimke-obestetiti-sve-zaposlene-u-drzavnim-preduzecima-koja-su-posla-u-stecaj\/#primaryimage\"},\"thumbnailUrl\":\"https:\/\/dmcsrb.com\/wp-content\/uploads\/2026\/01\/001-3-1.webp\",\"datePublished\":\"2025-10-08T08:59:00+00:00\",\"author\":{\"@id\":\"https:\/\/dmcsrb.com\/#\/schema\/person\/5c39170f12db1b8b457732d0b5c854e2\"},\"breadcrumb\":{\"@id\":\"https:\/\/dmcsrb.com\/drustvo\/ura-sa-bivsim-radnicima-kosute-i-polimke-obestetiti-sve-zaposlene-u-drzavnim-preduzecima-koja-su-posla-u-stecaj\/#breadcrumb\"},\"inLanguage\":\"en-GB\",\"potentialAction\":[{\"@type\":\"ReadAction\",\"target\":[\"https:\/\/dmcsrb.com\/drustvo\/ura-sa-bivsim-radnicima-kosute-i-polimke-obestetiti-sve-zaposlene-u-drzavnim-preduzecima-koja-su-posla-u-stecaj\/\"]}]},{\"@type\":\"ImageObject\",\"inLanguage\":\"en-GB\",\"@id\":\"https:\/\/dmcsrb.com\/drustvo\/ura-sa-bivsim-radnicima-kosute-i-polimke-obestetiti-sve-zaposlene-u-drzavnim-preduzecima-koja-su-posla-u-stecaj\/#primaryimage\",\"url\":\"https:\/\/dmcsrb.com\/wp-content\/uploads\/2026\/01\/001-3-1.webp\",\"contentUrl\":\"https:\/\/dmcsrb.com\/wp-content\/uploads\/2026\/01\/001-3-1.webp\",\"width\":1600,\"height\":1067},{\"@type\":\"BreadcrumbList\",\"@id\":\"https:\/\/dmcsrb.com\/drustvo\/ura-sa-bivsim-radnicima-kosute-i-polimke-obestetiti-sve-zaposlene-u-drzavnim-preduzecima-koja-su-posla-u-stecaj\/#breadcrumb\",\"itemListElement\":[{\"@type\":\"ListItem\",\"position\":1,\"name\":\"Home\",\"item\":\"https:\/\/dmcsrb.com\/\"},{\"@type\":\"ListItem\",\"position\":2,\"name\":\"URA sa biv\u0161im radnicima &#8220;Ko\u0161ute&#8221; i &#8220;Polimke&#8221;: Obe\u0161tetiti sve zaposlene u dr\u017eavnim preduze\u0107ima koja su po\u0161la u ste\u010daj\"}]},{\"@type\":\"WebSite\",\"@id\":\"https:\/\/dmcsrb.com\/#website\",\"url\":\"https:\/\/dmcsrb.com\/\",\"name\":\"dmcsrb.com\",\"description\":\"\",\"potentialAction\":[{\"@type\":\"SearchAction\",\"target\":{\"@type\":\"EntryPoint\",\"urlTemplate\":\"https:\/\/dmcsrb.com\/?s={search_term_string}\"},\"query-input\":{\"@type\":\"PropertyValueSpecification\",\"valueRequired\":true,\"valueName\":\"search_term_string\"}}],\"inLanguage\":\"en-GB\"},{\"@type\":\"Person\",\"@id\":\"https:\/\/dmcsrb.com\/#\/schema\/person\/5c39170f12db1b8b457732d0b5c854e2\",\"name\":\"dmcsrbija.com@gmail.com\",\"image\":{\"@type\":\"ImageObject\",\"inLanguage\":\"en-GB\",\"@id\":\"https:\/\/dmcsrb.com\/#\/schema\/person\/image\/\",\"url\":\"https:\/\/secure.gravatar.com\/avatar\/68592660ad6347fad0fb587f8d5d8f1a7b44961362f56e4f2cd524feb87e9069?s=96&d=mm&r=g\",\"contentUrl\":\"https:\/\/secure.gravatar.com\/avatar\/68592660ad6347fad0fb587f8d5d8f1a7b44961362f56e4f2cd524feb87e9069?s=96&d=mm&r=g\",\"caption\":\"dmcsrbija.com@gmail.com\"},\"sameAs\":[\"https:\/\/dmcsrb.com\"],\"url\":\"https:\/\/dmcsrb.com\/en\/author\/dmcsrbija-comgmail-com\/\"}]}<\/script>\n<!-- \/ Yoast SEO plugin. -->","yoast_head_json":{"title":"URA sa biv\u0161im radnicima \"Ko\u0161ute\" i \"Polimke\": Obe\u0161tetiti sve zaposlene u dr\u017eavnim preduze\u0107ima koja su po\u0161la u ste\u010daj - dmcsrb.com","robots":{"index":"index","follow":"follow","max-snippet":"max-snippet:-1","max-image-preview":"max-image-preview:large","max-video-preview":"max-video-preview:-1"},"canonical":"https:\/\/dmcsrb.com\/en\/drustvo\/ura-sa-bivsim-radnicima-kosute-i-polimke-obestetiti-sve-zaposlene-u-drzavnim-preduzecima-koja-su-posla-u-stecaj\/","og_locale":"en_GB","og_type":"article","og_title":"URA sa biv\u0161im radnicima \"Ko\u0161ute\" i \"Polimke\": Obe\u0161tetiti sve zaposlene u dr\u017eavnim preduze\u0107ima koja su po\u0161la u ste\u010daj - dmcsrb.com","og_description":"Poslanici Gra\u0111anskog pokreta URA Zoran Miki\u0107 i Milo\u0161 Konatar sastali su se u Skup\u0161tini Crne Gore sa radnicima \"Ko\u0161ute\" sa Cetinja i \"Polimke\" iz Berana u vezi sa Zakonom o obe\u0161te\u0107enju biv\u0161ih zaposlenih u dr\u017eavnim preduze\u0107ima koja su po\u0161la u ste\u010daj, saop\u0161tili su iz Gra\u0111anskog pokreta URA.","og_url":"https:\/\/dmcsrb.com\/en\/drustvo\/ura-sa-bivsim-radnicima-kosute-i-polimke-obestetiti-sve-zaposlene-u-drzavnim-preduzecima-koja-su-posla-u-stecaj\/","og_site_name":"dmcsrb.com","article_published_time":"2025-10-08T08:59:00+00:00","og_image":[{"width":1600,"height":1067,"url":"https:\/\/dmcsrb.com\/wp-content\/uploads\/2026\/01\/001-3-1.webp","type":"image\/jpeg"}],"author":"dmcsrbija.com@gmail.com","twitter_card":"summary_large_image","twitter_misc":{"Written by":"dmcsrbija.com@gmail.com","Estimated reading time":"1 minute"},"schema":{"@context":"https:\/\/schema.org","@graph":[{"@type":"Article","@id":"https:\/\/dmcsrb.com\/drustvo\/ura-sa-bivsim-radnicima-kosute-i-polimke-obestetiti-sve-zaposlene-u-drzavnim-preduzecima-koja-su-posla-u-stecaj\/#article","isPartOf":{"@id":"https:\/\/dmcsrb.com\/drustvo\/ura-sa-bivsim-radnicima-kosute-i-polimke-obestetiti-sve-zaposlene-u-drzavnim-preduzecima-koja-su-posla-u-stecaj\/"},"author":{"name":"dmcsrbija.com@gmail.com","@id":"https:\/\/dmcsrb.com\/#\/schema\/person\/5c39170f12db1b8b457732d0b5c854e2"},"headline":"URA sa biv\u0161im radnicima &#8220;Ko\u0161ute&#8221; i &#8220;Polimke&#8221;: Obe\u0161tetiti sve zaposlene u dr\u017eavnim preduze\u0107ima koja su po\u0161la u ste\u010daj","datePublished":"2025-10-08T08:59:00+00:00","mainEntityOfPage":{"@id":"https:\/\/dmcsrb.com\/drustvo\/ura-sa-bivsim-radnicima-kosute-i-polimke-obestetiti-sve-zaposlene-u-drzavnim-preduzecima-koja-su-posla-u-stecaj\/"},"wordCount":267,"commentCount":0,"image":{"@id":"https:\/\/dmcsrb.com\/drustvo\/ura-sa-bivsim-radnicima-kosute-i-polimke-obestetiti-sve-zaposlene-u-drzavnim-preduzecima-koja-su-posla-u-stecaj\/#primaryimage"},"thumbnailUrl":"https:\/\/dmcsrb.com\/wp-content\/uploads\/2026\/01\/001-3-1.webp","keywords":["biv\u0161i radnici","GP URA","ko\u0161uta","obe\u0161te\u0107enje","polimka","Ste\u010daj","Zaposleni u dr\u017eavnim preduze\u0107ima"],"articleSection":["Dru\u0161tvo"],"inLanguage":"en-GB","potentialAction":[{"@type":"CommentAction","name":"Comment","target":["https:\/\/dmcsrb.com\/drustvo\/ura-sa-bivsim-radnicima-kosute-i-polimke-obestetiti-sve-zaposlene-u-drzavnim-preduzecima-koja-su-posla-u-stecaj\/#respond"]}]},{"@type":"WebPage","@id":"https:\/\/dmcsrb.com\/drustvo\/ura-sa-bivsim-radnicima-kosute-i-polimke-obestetiti-sve-zaposlene-u-drzavnim-preduzecima-koja-su-posla-u-stecaj\/","url":"https:\/\/dmcsrb.com\/drustvo\/ura-sa-bivsim-radnicima-kosute-i-polimke-obestetiti-sve-zaposlene-u-drzavnim-preduzecima-koja-su-posla-u-stecaj\/","name":"URA sa biv\u0161im radnicima \"Ko\u0161ute\" i \"Polimke\": Obe\u0161tetiti sve zaposlene u dr\u017eavnim preduze\u0107ima koja su po\u0161la u ste\u010daj - dmcsrb.com","isPartOf":{"@id":"https:\/\/dmcsrb.com\/#website"},"primaryImageOfPage":{"@id":"https:\/\/dmcsrb.com\/drustvo\/ura-sa-bivsim-radnicima-kosute-i-polimke-obestetiti-sve-zaposlene-u-drzavnim-preduzecima-koja-su-posla-u-stecaj\/#primaryimage"},"image":{"@id":"https:\/\/dmcsrb.com\/drustvo\/ura-sa-bivsim-radnicima-kosute-i-polimke-obestetiti-sve-zaposlene-u-drzavnim-preduzecima-koja-su-posla-u-stecaj\/#primaryimage"},"thumbnailUrl":"https:\/\/dmcsrb.com\/wp-content\/uploads\/2026\/01\/001-3-1.webp","datePublished":"2025-10-08T08:59:00+00:00","author":{"@id":"https:\/\/dmcsrb.com\/#\/schema\/person\/5c39170f12db1b8b457732d0b5c854e2"},"breadcrumb":{"@id":"https:\/\/dmcsrb.com\/drustvo\/ura-sa-bivsim-radnicima-kosute-i-polimke-obestetiti-sve-zaposlene-u-drzavnim-preduzecima-koja-su-posla-u-stecaj\/#breadcrumb"},"inLanguage":"en-GB","potentialAction":[{"@type":"ReadAction","target":["https:\/\/dmcsrb.com\/drustvo\/ura-sa-bivsim-radnicima-kosute-i-polimke-obestetiti-sve-zaposlene-u-drzavnim-preduzecima-koja-su-posla-u-stecaj\/"]}]},{"@type":"ImageObject","inLanguage":"en-GB","@id":"https:\/\/dmcsrb.com\/drustvo\/ura-sa-bivsim-radnicima-kosute-i-polimke-obestetiti-sve-zaposlene-u-drzavnim-preduzecima-koja-su-posla-u-stecaj\/#primaryimage","url":"https:\/\/dmcsrb.com\/wp-content\/uploads\/2026\/01\/001-3-1.webp","contentUrl":"https:\/\/dmcsrb.com\/wp-content\/uploads\/2026\/01\/001-3-1.webp","width":1600,"height":1067},{"@type":"BreadcrumbList","@id":"https:\/\/dmcsrb.com\/drustvo\/ura-sa-bivsim-radnicima-kosute-i-polimke-obestetiti-sve-zaposlene-u-drzavnim-preduzecima-koja-su-posla-u-stecaj\/#breadcrumb","itemListElement":[{"@type":"ListItem","position":1,"name":"Home","item":"https:\/\/dmcsrb.com\/"},{"@type":"ListItem","position":2,"name":"URA sa biv\u0161im radnicima &#8220;Ko\u0161ute&#8221; i &#8220;Polimke&#8221;: Obe\u0161tetiti sve zaposlene u dr\u017eavnim preduze\u0107ima koja su po\u0161la u ste\u010daj"}]},{"@type":"WebSite","@id":"https:\/\/dmcsrb.com\/#website","url":"https:\/\/dmcsrb.com\/","name":"dmcsrb.com","description":"","potentialAction":[{"@type":"SearchAction","target":{"@type":"EntryPoint","urlTemplate":"https:\/\/dmcsrb.com\/?s={search_term_string}"},"query-input":{"@type":"PropertyValueSpecification","valueRequired":true,"valueName":"search_term_string"}}],"inLanguage":"en-GB"},{"@type":"Person","@id":"https:\/\/dmcsrb.com\/#\/schema\/person\/5c39170f12db1b8b457732d0b5c854e2","name":"dmcsrbija.com@gmail.com","image":{"@type":"ImageObject","inLanguage":"en-GB","@id":"https:\/\/dmcsrb.com\/#\/schema\/person\/image\/","url":"https:\/\/secure.gravatar.com\/avatar\/68592660ad6347fad0fb587f8d5d8f1a7b44961362f56e4f2cd524feb87e9069?s=96&d=mm&r=g","contentUrl":"https:\/\/secure.gravatar.com\/avatar\/68592660ad6347fad0fb587f8d5d8f1a7b44961362f56e4f2cd524feb87e9069?s=96&d=mm&r=g","caption":"dmcsrbija.com@gmail.com"},"sameAs":["https:\/\/dmcsrb.com"],"url":"https:\/\/dmcsrb.com\/en\/author\/dmcsrbija-comgmail-com\/"}]}},"_links":{"self":[{"href":"https:\/\/dmcsrb.com\/en\/wp-json\/wp\/v2\/posts\/956526","targetHints":{"allow":["GET"]}}],"collection":[{"href":"https:\/\/dmcsrb.com\/en\/wp-json\/wp\/v2\/posts"}],"about":[{"href":"https:\/\/dmcsrb.com\/en\/wp-json\/wp\/v2\/types\/post"}],"author":[{"embeddable":true,"href":"https:\/\/dmcsrb.com\/en\/wp-json\/wp\/v2\/users\/1"}],"replies":[{"embeddable":true,"href":"https:\/\/dmcsrb.com\/en\/wp-json\/wp\/v2\/comments?post=956526"}],"version-history":[{"count":0,"href":"https:\/\/dmcsrb.com\/en\/wp-json\/wp\/v2\/posts\/956526\/revisions"}],"wp:featuredmedia":[{"embeddable":true,"href":"https:\/\/dmcsrb.com\/en\/wp-json\/wp\/v2\/media\/956527"}],"wp:attachment":[{"href":"https:\/\/dmcsrb.com\/en\/wp-json\/wp\/v2\/media?parent=956526"}],"wp:term":[{"taxonomy":"category","embeddable":true,"href":"https:\/\/dmcsrb.com\/en\/wp-json\/wp\/v2\/categories?post=956526"},{"taxonomy":"post_tag","embeddable":true,"href":"https:\/\/dmcsrb.com\/en\/wp-json\/wp\/v2\/tags?post=956526"},{"taxonomy":"naslovna","embeddable":true,"href":"https:\/\/dmcsrb.com\/en\/wp-json\/wp\/v2\/naslovna?post=956526"}],"curies":[{"name":"wp","href":"https:\/\/api.w.org\/{rel}","templated":true}]}}