{"id":956523,"date":"2025-10-08T10:39:00","date_gmt":"2025-10-08T08:39:00","guid":{"rendered":"https:\/\/dmcsrb.com\/uncategorized\/dps-politicka-optuznica-vladimira-novovica-se-raspala-u-paramparcad-na-progon-cemo-odgovoriti-svim-sredstvima\/"},"modified":"2025-10-08T10:39:00","modified_gmt":"2025-10-08T08:39:00","slug":"dps-politicka-optuznica-vladimira-novovica-se-raspala-u-paramparcad-na-progon-cemo-odgovoriti-svim-sredstvima","status":"publish","type":"post","link":"https:\/\/dmcsrb.com\/en\/politika\/dps-politicka-optuznica-vladimira-novovica-se-raspala-u-paramparcad-na-progon-cemo-odgovoriti-svim-sredstvima\/","title":{"rendered":"DPS: Politi\u010dka optu\u017enica Vladimira Novovi\u0107a se raspala u parampar\u010dad, na progon \u0107emo odgovoriti svim sredstvima"},"content":{"rendered":"<p><br>&#8220;Pompezno najavljena akcija koja je pokrenuta u petak u sinhronizaciji sa podobnim medijima koji u kontinuitetu objavljuju tajne podatke \u2013 \u0161to je upravo meritum konstruisane optu\u017enice, do\u017eivjela je krah i kroz \u010dinjenicu da su \u010detvoro od \u0161est \u010dlanova navodne OKG ve\u0107 na slobodi&#8221;, navode iz DPS-a.<\/p>\n\n\n\n<p>I dok je, kako ka\u017eu, bezbjednosni sistem potu\u010den do nogu od strane organizovanih kriminalnih grupa koje se na &#8220;nezabilje\u017een na\u010din sprdaju i sa tu\u017eila\u0161tvom i sa policijom, tu\u017eila\u0161tvo i policija se bave registarskim tablicama i ispravno\u0161\u0107u prskalica za pranje \u0161ofer\u0161ajbne&#8221;.<\/p>\n\n\n\n<p>&#8220;Sve navedeno sugeri\u0161e da je na snazi brutalan politi\u010dki progon i poku\u0161aj uvo\u0111enja zemlje u stanje otvorene diktature. Na takvo kriminalno pona\u0161anje parlamentarne ve\u0107ine i tu\u017eila\u0161tva, koje ima za cilj da ugu\u0161i svaku kritiku, da gazi slobodu i nezavisnost medija, da beskrupulozno kr\u0161i ljudska prava, Demokratska partija socijalista \u0107e odgovoriti svim sredstvima&#8221;, saop\u0161tili su iz DPS-a.<\/p>\n\n\n\n<figure class=\"wp-block-embed is-type-wp-embed is-provider-gradski-portal wp-block-embed-gradski-portal\"><div class=\"wp-block-embed__wrapper\">\nhttps:\/\/gradski.me\/pokrenut-krivicni-postupak-protiv-mijajlovica-i-ekipe\/\n<\/div><\/figure>","protected":false},"excerpt":{"rendered":"<p>Politi\u010dka optu\u017enica Specijalnog dr\u017eavnog tu\u017eila\u0161tva, iza koje stoji Skaj tu\u017eilac Vladimir Novovi\u0107, a koja je najavljena kao najve\u0107a akcija do sada, u samo nekoliko dana raspala se u parampar\u010dad, smatraju iz Demokratske partije socijalista.<\/p>","protected":false},"author":1,"featured_media":908961,"comment_status":"open","ping_status":"open","sticky":false,"template":"","format":"standard","meta":{"_acf_changed":false,"footnotes":""},"categories":[12],"tags":[63,779,6879],"naslovna":[],"class_list":["post-956523","post","type-post","status-publish","format-standard","has-post-thumbnail","hentry","category-politika","tag-dps","tag-sdt","tag-vladimir-novovic"],"acf":[],"yoast_head":"<!-- This site is optimized with the Yoast SEO plugin v27.4 - https:\/\/yoast.com\/product\/yoast-seo-wordpress\/ -->\n<title>DPS: Politi\u010dka optu\u017enica Vladimira Novovi\u0107a se raspala u parampar\u010dad, na progon \u0107emo odgovoriti svim sredstvima - dmcsrb.com<\/title>\n<meta name=\"robots\" content=\"index, follow, max-snippet:-1, max-image-preview:large, max-video-preview:-1\" \/>\n<link rel=\"canonical\" href=\"https:\/\/dmcsrb.com\/en\/politika\/dps-politicka-optuznica-vladimira-novovica-se-raspala-u-paramparcad-na-progon-cemo-odgovoriti-svim-sredstvima\/\" \/>\n<meta property=\"og:locale\" content=\"en_GB\" \/>\n<meta property=\"og:type\" content=\"article\" \/>\n<meta property=\"og:title\" content=\"DPS: Politi\u010dka optu\u017enica Vladimira Novovi\u0107a se raspala u parampar\u010dad, na progon \u0107emo odgovoriti svim sredstvima - dmcsrb.com\" \/>\n<meta property=\"og:description\" content=\"Politi\u010dka optu\u017enica Specijalnog dr\u017eavnog tu\u017eila\u0161tva, iza koje stoji Skaj tu\u017eilac Vladimir Novovi\u0107, a koja je najavljena kao najve\u0107a akcija do sada, u samo nekoliko dana raspala se u parampar\u010dad, smatraju iz Demokratske partije socijalista.\" \/>\n<meta property=\"og:url\" content=\"https:\/\/dmcsrb.com\/en\/politika\/dps-politicka-optuznica-vladimira-novovica-se-raspala-u-paramparcad-na-progon-cemo-odgovoriti-svim-sredstvima\/\" \/>\n<meta property=\"og:site_name\" content=\"dmcsrb.com\" \/>\n<meta property=\"article:published_time\" content=\"2025-10-08T08:39:00+00:00\" \/>\n<meta property=\"og:image\" content=\"https:\/\/dmcsrb.com\/wp-content\/uploads\/2026\/01\/DPS-logo.jpg\" \/>\n\t<meta property=\"og:image:width\" content=\"1010\" \/>\n\t<meta property=\"og:image:height\" content=\"586\" \/>\n\t<meta property=\"og:image:type\" content=\"image\/jpeg\" \/>\n<meta name=\"author\" content=\"dmcsrbija.com@gmail.com\" \/>\n<meta name=\"twitter:card\" content=\"summary_large_image\" \/>\n<meta name=\"twitter:label1\" content=\"Written by\" \/>\n\t<meta name=\"twitter:data1\" content=\"dmcsrbija.com@gmail.com\" \/>\n\t<meta name=\"twitter:label2\" content=\"Estimated reading time\" \/>\n\t<meta name=\"twitter:data2\" content=\"1 minute\" \/>\n<script type=\"application\/ld+json\" class=\"yoast-schema-graph\">{\"@context\":\"https:\\\/\\\/schema.org\",\"@graph\":[{\"@type\":\"Article\",\"@id\":\"https:\\\/\\\/dmcsrb.com\\\/politika\\\/dps-politicka-optuznica-vladimira-novovica-se-raspala-u-paramparcad-na-progon-cemo-odgovoriti-svim-sredstvima\\\/#article\",\"isPartOf\":{\"@id\":\"https:\\\/\\\/dmcsrb.com\\\/politika\\\/dps-politicka-optuznica-vladimira-novovica-se-raspala-u-paramparcad-na-progon-cemo-odgovoriti-svim-sredstvima\\\/\"},\"author\":{\"name\":\"dmcsrbija.com@gmail.com\",\"@id\":\"https:\\\/\\\/dmcsrb.com\\\/#\\\/schema\\\/person\\\/5c39170f12db1b8b457732d0b5c854e2\"},\"headline\":\"DPS: Politi\u010dka optu\u017enica Vladimira Novovi\u0107a se raspala u parampar\u010dad, na progon \u0107emo odgovoriti svim sredstvima\",\"datePublished\":\"2025-10-08T08:39:00+00:00\",\"mainEntityOfPage\":{\"@id\":\"https:\\\/\\\/dmcsrb.com\\\/politika\\\/dps-politicka-optuznica-vladimira-novovica-se-raspala-u-paramparcad-na-progon-cemo-odgovoriti-svim-sredstvima\\\/\"},\"wordCount\":187,\"commentCount\":0,\"image\":{\"@id\":\"https:\\\/\\\/dmcsrb.com\\\/politika\\\/dps-politicka-optuznica-vladimira-novovica-se-raspala-u-paramparcad-na-progon-cemo-odgovoriti-svim-sredstvima\\\/#primaryimage\"},\"thumbnailUrl\":\"https:\\\/\\\/dmcsrb.com\\\/wp-content\\\/uploads\\\/2026\\\/01\\\/DPS-logo.jpg\",\"keywords\":[\"DPS\",\"SDT\",\"Vladimir Novovi\u0107\"],\"articleSection\":[\"Politika\"],\"inLanguage\":\"en-GB\",\"potentialAction\":[{\"@type\":\"CommentAction\",\"name\":\"Comment\",\"target\":[\"https:\\\/\\\/dmcsrb.com\\\/politika\\\/dps-politicka-optuznica-vladimira-novovica-se-raspala-u-paramparcad-na-progon-cemo-odgovoriti-svim-sredstvima\\\/#respond\"]}]},{\"@type\":\"WebPage\",\"@id\":\"https:\\\/\\\/dmcsrb.com\\\/politika\\\/dps-politicka-optuznica-vladimira-novovica-se-raspala-u-paramparcad-na-progon-cemo-odgovoriti-svim-sredstvima\\\/\",\"url\":\"https:\\\/\\\/dmcsrb.com\\\/politika\\\/dps-politicka-optuznica-vladimira-novovica-se-raspala-u-paramparcad-na-progon-cemo-odgovoriti-svim-sredstvima\\\/\",\"name\":\"DPS: Politi\u010dka optu\u017enica Vladimira Novovi\u0107a se raspala u parampar\u010dad, na progon \u0107emo odgovoriti svim sredstvima - dmcsrb.com\",\"isPartOf\":{\"@id\":\"https:\\\/\\\/dmcsrb.com\\\/#website\"},\"primaryImageOfPage\":{\"@id\":\"https:\\\/\\\/dmcsrb.com\\\/politika\\\/dps-politicka-optuznica-vladimira-novovica-se-raspala-u-paramparcad-na-progon-cemo-odgovoriti-svim-sredstvima\\\/#primaryimage\"},\"image\":{\"@id\":\"https:\\\/\\\/dmcsrb.com\\\/politika\\\/dps-politicka-optuznica-vladimira-novovica-se-raspala-u-paramparcad-na-progon-cemo-odgovoriti-svim-sredstvima\\\/#primaryimage\"},\"thumbnailUrl\":\"https:\\\/\\\/dmcsrb.com\\\/wp-content\\\/uploads\\\/2026\\\/01\\\/DPS-logo.jpg\",\"datePublished\":\"2025-10-08T08:39:00+00:00\",\"author\":{\"@id\":\"https:\\\/\\\/dmcsrb.com\\\/#\\\/schema\\\/person\\\/5c39170f12db1b8b457732d0b5c854e2\"},\"breadcrumb\":{\"@id\":\"https:\\\/\\\/dmcsrb.com\\\/politika\\\/dps-politicka-optuznica-vladimira-novovica-se-raspala-u-paramparcad-na-progon-cemo-odgovoriti-svim-sredstvima\\\/#breadcrumb\"},\"inLanguage\":\"en-GB\",\"potentialAction\":[{\"@type\":\"ReadAction\",\"target\":[\"https:\\\/\\\/dmcsrb.com\\\/politika\\\/dps-politicka-optuznica-vladimira-novovica-se-raspala-u-paramparcad-na-progon-cemo-odgovoriti-svim-sredstvima\\\/\"]}]},{\"@type\":\"ImageObject\",\"inLanguage\":\"en-GB\",\"@id\":\"https:\\\/\\\/dmcsrb.com\\\/politika\\\/dps-politicka-optuznica-vladimira-novovica-se-raspala-u-paramparcad-na-progon-cemo-odgovoriti-svim-sredstvima\\\/#primaryimage\",\"url\":\"https:\\\/\\\/dmcsrb.com\\\/wp-content\\\/uploads\\\/2026\\\/01\\\/DPS-logo.jpg\",\"contentUrl\":\"https:\\\/\\\/dmcsrb.com\\\/wp-content\\\/uploads\\\/2026\\\/01\\\/DPS-logo.jpg\",\"width\":1010,\"height\":586},{\"@type\":\"BreadcrumbList\",\"@id\":\"https:\\\/\\\/dmcsrb.com\\\/politika\\\/dps-politicka-optuznica-vladimira-novovica-se-raspala-u-paramparcad-na-progon-cemo-odgovoriti-svim-sredstvima\\\/#breadcrumb\",\"itemListElement\":[{\"@type\":\"ListItem\",\"position\":1,\"name\":\"Home\",\"item\":\"https:\\\/\\\/dmcsrb.com\\\/\"},{\"@type\":\"ListItem\",\"position\":2,\"name\":\"DPS: Politi\u010dka optu\u017enica Vladimira Novovi\u0107a se raspala u parampar\u010dad, na progon \u0107emo odgovoriti svim sredstvima\"}]},{\"@type\":\"WebSite\",\"@id\":\"https:\\\/\\\/dmcsrb.com\\\/#website\",\"url\":\"https:\\\/\\\/dmcsrb.com\\\/\",\"name\":\"dmcsrb.com\",\"description\":\"\",\"potentialAction\":[{\"@type\":\"SearchAction\",\"target\":{\"@type\":\"EntryPoint\",\"urlTemplate\":\"https:\\\/\\\/dmcsrb.com\\\/?s={search_term_string}\"},\"query-input\":{\"@type\":\"PropertyValueSpecification\",\"valueRequired\":true,\"valueName\":\"search_term_string\"}}],\"inLanguage\":\"en-GB\"},{\"@type\":\"Person\",\"@id\":\"https:\\\/\\\/dmcsrb.com\\\/#\\\/schema\\\/person\\\/5c39170f12db1b8b457732d0b5c854e2\",\"name\":\"dmcsrbija.com@gmail.com\",\"image\":{\"@type\":\"ImageObject\",\"inLanguage\":\"en-GB\",\"@id\":\"https:\\\/\\\/secure.gravatar.com\\\/avatar\\\/68592660ad6347fad0fb587f8d5d8f1a7b44961362f56e4f2cd524feb87e9069?s=96&d=mm&r=g\",\"url\":\"https:\\\/\\\/secure.gravatar.com\\\/avatar\\\/68592660ad6347fad0fb587f8d5d8f1a7b44961362f56e4f2cd524feb87e9069?s=96&d=mm&r=g\",\"contentUrl\":\"https:\\\/\\\/secure.gravatar.com\\\/avatar\\\/68592660ad6347fad0fb587f8d5d8f1a7b44961362f56e4f2cd524feb87e9069?s=96&d=mm&r=g\",\"caption\":\"dmcsrbija.com@gmail.com\"},\"sameAs\":[\"https:\\\/\\\/dmcsrb.com\"],\"url\":\"https:\\\/\\\/dmcsrb.com\\\/en\\\/author\\\/dmcsrbija-comgmail-com\\\/\"}]}<\/script>\n<!-- \/ Yoast SEO plugin. -->","yoast_head_json":{"title":"DPS: Politi\u010dka optu\u017enica Vladimira Novovi\u0107a se raspala u parampar\u010dad, na progon \u0107emo odgovoriti svim sredstvima - dmcsrb.com","robots":{"index":"index","follow":"follow","max-snippet":"max-snippet:-1","max-image-preview":"max-image-preview:large","max-video-preview":"max-video-preview:-1"},"canonical":"https:\/\/dmcsrb.com\/en\/politika\/dps-politicka-optuznica-vladimira-novovica-se-raspala-u-paramparcad-na-progon-cemo-odgovoriti-svim-sredstvima\/","og_locale":"en_GB","og_type":"article","og_title":"DPS: Politi\u010dka optu\u017enica Vladimira Novovi\u0107a se raspala u parampar\u010dad, na progon \u0107emo odgovoriti svim sredstvima - dmcsrb.com","og_description":"Politi\u010dka optu\u017enica Specijalnog dr\u017eavnog tu\u017eila\u0161tva, iza koje stoji Skaj tu\u017eilac Vladimir Novovi\u0107, a koja je najavljena kao najve\u0107a akcija do sada, u samo nekoliko dana raspala se u parampar\u010dad, smatraju iz Demokratske partije socijalista.","og_url":"https:\/\/dmcsrb.com\/en\/politika\/dps-politicka-optuznica-vladimira-novovica-se-raspala-u-paramparcad-na-progon-cemo-odgovoriti-svim-sredstvima\/","og_site_name":"dmcsrb.com","article_published_time":"2025-10-08T08:39:00+00:00","og_image":[{"width":1010,"height":586,"url":"https:\/\/dmcsrb.com\/wp-content\/uploads\/2026\/01\/DPS-logo.jpg","type":"image\/jpeg"}],"author":"dmcsrbija.com@gmail.com","twitter_card":"summary_large_image","twitter_misc":{"Written by":"dmcsrbija.com@gmail.com","Estimated reading time":"1 minute"},"schema":{"@context":"https:\/\/schema.org","@graph":[{"@type":"Article","@id":"https:\/\/dmcsrb.com\/politika\/dps-politicka-optuznica-vladimira-novovica-se-raspala-u-paramparcad-na-progon-cemo-odgovoriti-svim-sredstvima\/#article","isPartOf":{"@id":"https:\/\/dmcsrb.com\/politika\/dps-politicka-optuznica-vladimira-novovica-se-raspala-u-paramparcad-na-progon-cemo-odgovoriti-svim-sredstvima\/"},"author":{"name":"dmcsrbija.com@gmail.com","@id":"https:\/\/dmcsrb.com\/#\/schema\/person\/5c39170f12db1b8b457732d0b5c854e2"},"headline":"DPS: Politi\u010dka optu\u017enica Vladimira Novovi\u0107a se raspala u parampar\u010dad, na progon \u0107emo odgovoriti svim sredstvima","datePublished":"2025-10-08T08:39:00+00:00","mainEntityOfPage":{"@id":"https:\/\/dmcsrb.com\/politika\/dps-politicka-optuznica-vladimira-novovica-se-raspala-u-paramparcad-na-progon-cemo-odgovoriti-svim-sredstvima\/"},"wordCount":187,"commentCount":0,"image":{"@id":"https:\/\/dmcsrb.com\/politika\/dps-politicka-optuznica-vladimira-novovica-se-raspala-u-paramparcad-na-progon-cemo-odgovoriti-svim-sredstvima\/#primaryimage"},"thumbnailUrl":"https:\/\/dmcsrb.com\/wp-content\/uploads\/2026\/01\/DPS-logo.jpg","keywords":["DPS","SDT","Vladimir Novovi\u0107"],"articleSection":["Politika"],"inLanguage":"en-GB","potentialAction":[{"@type":"CommentAction","name":"Comment","target":["https:\/\/dmcsrb.com\/politika\/dps-politicka-optuznica-vladimira-novovica-se-raspala-u-paramparcad-na-progon-cemo-odgovoriti-svim-sredstvima\/#respond"]}]},{"@type":"WebPage","@id":"https:\/\/dmcsrb.com\/politika\/dps-politicka-optuznica-vladimira-novovica-se-raspala-u-paramparcad-na-progon-cemo-odgovoriti-svim-sredstvima\/","url":"https:\/\/dmcsrb.com\/politika\/dps-politicka-optuznica-vladimira-novovica-se-raspala-u-paramparcad-na-progon-cemo-odgovoriti-svim-sredstvima\/","name":"DPS: Politi\u010dka optu\u017enica Vladimira Novovi\u0107a se raspala u parampar\u010dad, na progon \u0107emo odgovoriti svim sredstvima - dmcsrb.com","isPartOf":{"@id":"https:\/\/dmcsrb.com\/#website"},"primaryImageOfPage":{"@id":"https:\/\/dmcsrb.com\/politika\/dps-politicka-optuznica-vladimira-novovica-se-raspala-u-paramparcad-na-progon-cemo-odgovoriti-svim-sredstvima\/#primaryimage"},"image":{"@id":"https:\/\/dmcsrb.com\/politika\/dps-politicka-optuznica-vladimira-novovica-se-raspala-u-paramparcad-na-progon-cemo-odgovoriti-svim-sredstvima\/#primaryimage"},"thumbnailUrl":"https:\/\/dmcsrb.com\/wp-content\/uploads\/2026\/01\/DPS-logo.jpg","datePublished":"2025-10-08T08:39:00+00:00","author":{"@id":"https:\/\/dmcsrb.com\/#\/schema\/person\/5c39170f12db1b8b457732d0b5c854e2"},"breadcrumb":{"@id":"https:\/\/dmcsrb.com\/politika\/dps-politicka-optuznica-vladimira-novovica-se-raspala-u-paramparcad-na-progon-cemo-odgovoriti-svim-sredstvima\/#breadcrumb"},"inLanguage":"en-GB","potentialAction":[{"@type":"ReadAction","target":["https:\/\/dmcsrb.com\/politika\/dps-politicka-optuznica-vladimira-novovica-se-raspala-u-paramparcad-na-progon-cemo-odgovoriti-svim-sredstvima\/"]}]},{"@type":"ImageObject","inLanguage":"en-GB","@id":"https:\/\/dmcsrb.com\/politika\/dps-politicka-optuznica-vladimira-novovica-se-raspala-u-paramparcad-na-progon-cemo-odgovoriti-svim-sredstvima\/#primaryimage","url":"https:\/\/dmcsrb.com\/wp-content\/uploads\/2026\/01\/DPS-logo.jpg","contentUrl":"https:\/\/dmcsrb.com\/wp-content\/uploads\/2026\/01\/DPS-logo.jpg","width":1010,"height":586},{"@type":"BreadcrumbList","@id":"https:\/\/dmcsrb.com\/politika\/dps-politicka-optuznica-vladimira-novovica-se-raspala-u-paramparcad-na-progon-cemo-odgovoriti-svim-sredstvima\/#breadcrumb","itemListElement":[{"@type":"ListItem","position":1,"name":"Home","item":"https:\/\/dmcsrb.com\/"},{"@type":"ListItem","position":2,"name":"DPS: Politi\u010dka optu\u017enica Vladimira Novovi\u0107a se raspala u parampar\u010dad, na progon \u0107emo odgovoriti svim sredstvima"}]},{"@type":"WebSite","@id":"https:\/\/dmcsrb.com\/#website","url":"https:\/\/dmcsrb.com\/","name":"dmcsrb.com","description":"","potentialAction":[{"@type":"SearchAction","target":{"@type":"EntryPoint","urlTemplate":"https:\/\/dmcsrb.com\/?s={search_term_string}"},"query-input":{"@type":"PropertyValueSpecification","valueRequired":true,"valueName":"search_term_string"}}],"inLanguage":"en-GB"},{"@type":"Person","@id":"https:\/\/dmcsrb.com\/#\/schema\/person\/5c39170f12db1b8b457732d0b5c854e2","name":"dmcsrbija.com@gmail.com","image":{"@type":"ImageObject","inLanguage":"en-GB","@id":"https:\/\/secure.gravatar.com\/avatar\/68592660ad6347fad0fb587f8d5d8f1a7b44961362f56e4f2cd524feb87e9069?s=96&d=mm&r=g","url":"https:\/\/secure.gravatar.com\/avatar\/68592660ad6347fad0fb587f8d5d8f1a7b44961362f56e4f2cd524feb87e9069?s=96&d=mm&r=g","contentUrl":"https:\/\/secure.gravatar.com\/avatar\/68592660ad6347fad0fb587f8d5d8f1a7b44961362f56e4f2cd524feb87e9069?s=96&d=mm&r=g","caption":"dmcsrbija.com@gmail.com"},"sameAs":["https:\/\/dmcsrb.com"],"url":"https:\/\/dmcsrb.com\/en\/author\/dmcsrbija-comgmail-com\/"}]}},"_links":{"self":[{"href":"https:\/\/dmcsrb.com\/en\/wp-json\/wp\/v2\/posts\/956523","targetHints":{"allow":["GET"]}}],"collection":[{"href":"https:\/\/dmcsrb.com\/en\/wp-json\/wp\/v2\/posts"}],"about":[{"href":"https:\/\/dmcsrb.com\/en\/wp-json\/wp\/v2\/types\/post"}],"author":[{"embeddable":true,"href":"https:\/\/dmcsrb.com\/en\/wp-json\/wp\/v2\/users\/1"}],"replies":[{"embeddable":true,"href":"https:\/\/dmcsrb.com\/en\/wp-json\/wp\/v2\/comments?post=956523"}],"version-history":[{"count":0,"href":"https:\/\/dmcsrb.com\/en\/wp-json\/wp\/v2\/posts\/956523\/revisions"}],"wp:featuredmedia":[{"embeddable":true,"href":"https:\/\/dmcsrb.com\/en\/wp-json\/wp\/v2\/media\/908961"}],"wp:attachment":[{"href":"https:\/\/dmcsrb.com\/en\/wp-json\/wp\/v2\/media?parent=956523"}],"wp:term":[{"taxonomy":"category","embeddable":true,"href":"https:\/\/dmcsrb.com\/en\/wp-json\/wp\/v2\/categories?post=956523"},{"taxonomy":"post_tag","embeddable":true,"href":"https:\/\/dmcsrb.com\/en\/wp-json\/wp\/v2\/tags?post=956523"},{"taxonomy":"naslovna","embeddable":true,"href":"https:\/\/dmcsrb.com\/en\/wp-json\/wp\/v2\/naslovna?post=956523"}],"curies":[{"name":"wp","href":"https:\/\/api.w.org\/{rel}","templated":true}]}}