{"id":956513,"date":"2025-10-08T10:07:00","date_gmt":"2025-10-08T08:07:00","guid":{"rendered":"https:\/\/dmcsrb.com\/uncategorized\/lazovic-parking-servis-ne-vrsi-bilo-kakav-oblik-progona-ili-diskriminacije-clanova-sindikata-nas-glas-djukanovic-istupao-bez-ovlascenja\/"},"modified":"2025-10-08T10:07:00","modified_gmt":"2025-10-08T08:07:00","slug":"lazovic-parking-servis-ne-vrsi-bilo-kakav-oblik-progona-ili-diskriminacije-clanova-sindikata-nas-glas-djukanovic-istupao-bez-ovlascenja","status":"publish","type":"post","link":"https:\/\/dmcsrb.com\/en\/podgorica\/lazovic-parking-servis-ne-vrsi-bilo-kakav-oblik-progona-ili-diskriminacije-clanova-sindikata-nas-glas-djukanovic-istupao-bez-ovlascenja\/","title":{"rendered":"Lazovi\u0107: Parking servis ne vr\u0161i bilo kakav oblik progona ili diskriminacije \u010dlanova Sindikata &#8220;Na\u0161 glas&#8221;, \u0110ukanovi\u0107 istupao bez ovla\u0161\u0107enja"},"content":{"rendered":"<p><\/p>\n\n\n\n<p>Lazovi\u0107 je demantovao navode potpredsjednika sindikata &#8220;Na\u0161 glas&#8221;, Perice \u0110ukanovi\u0107a, da je dobio otkaz u JP Parking servis Podgorica jer je, kako on tvrdi, institucijama ukazivao na nepravilnosti u radu preduze\u0107a i zastupao prava zaposlenih.<\/p>\n\n\n\n<p>On je istakao da do nedavno nije bio ni upoznat sa postojanjem Sindikata &#8220;Na\u0161 glas&#8221;, sve do 25. septembra ove godine, kada im je dostavljeno rje\u0161enje o registraciji, pa i da, kako ka\u017ee, disciplinski postupak pokrenut 29. avgusta ove godine, protiv zaposlenog Perice \u0110ukanovi\u0107a ne mo\u017ee da se dovodi u vezu sa ovim sindikatom.<\/p>\n\n\n\n<p>Lazovi\u0107 navodi da je \u0110ukanovi\u0107 u maju ove godine, u skladu sa svojom stru\u010dnom spremom i u skladu sa odredbama Zakona o radu, Pravilnika o unutra\u0161njoj organizaciji i sistematizaciji radnih mjesta, kao i drugim va\u017ee\u0107im propisima Dru\u0161tva, raspore\u0111en sa jednog radnog mjesta na drugo.<\/p>\n\n\n\n<p>&#8220;Ova odluka je donijeta nakon pa\u017eljivog razmatranja potreba Dru\u0161tva i uskla\u0111ivanja kadrovskih kapaciteta sa aktuelnim poslovnim zahtjevima. Me\u0111utim, odmah po dono\u0161enju navedene odluke, gospodin \u0110ukanovi\u0107 je iskazao nezadovoljstvo i otvorio bolovanje, nakon \u010dega nije aktivno u\u010destvovao u radnim procesima Dru\u0161tva. Umjesto da se kroz regularne procedure uputi \u017ealba ili prigovor nadle\u017enim organima Dru\u0161tva, imenovani je pribjegao javnim nastupima i dopisima, u kojima kontinuirano iznosi neistinite i neta\u010dne informacije o poslovanju Dru\u0161tva, njegovom menad\u017ementu i ukupnom radu. Na\u017ealost, ovakvo postupanje dovelo je do \u0161irenja la\u017enih vijesti i neosnovanih optu\u017ebi, \u0161to ne samo da \u0161teti ugledu Dru\u0161tva, ve\u0107 i stvara nepotrebnu zabunu kod zaposlenih i javnosti. Isti\u010demo da nijedna od navedenih tvrdnji nije potkrijepljena dokazima, te da Dru\u0161tvo sve svoje odluke donosi u skladu sa zakonom, internim aktima i principima profesionalnog postupanja&#8221;, kazao je Lazovi\u0107.<\/p>\n\n\n\n<p><strong><em>Saop\u0161tenje Lazovi\u0107a dostavljeno Portalu TV Podgorica prenosimo u cjelosti:<\/em><\/strong><\/p>\n\n\n\n<p>Protiv Perice \u0110ukanovi\u0107a je pokrenut disciplinski postupak jer je, vi\u0161e puta od maja 2025. godine samoinicijativno i bez ovla\u0161\u0107enja istupao prema razli\u010ditim institucijama i organima (gradona\u010delniku, predsjednici Skup\u0161tine Glavnog grada, Odboru direktora Dru\u0161tva, i drugima) komentari\u0161u\u0107i rad menad\u017ementa i Uprave \u201eParking servisa Podgorica\u201c d.o.o Podgorica.<\/p>\n\n\n\n<ol class=\"wp-block-list\">\n<li><\/li>\n<\/ol>\n\n\n\n<p>Ti istupi su, po na\u0161oj ocjeni sadr\u017eali tvrdnje bez valjanog dokaza, naru\u0161avali ugled Dru\u0161tva i autoritet rukovodstva, remetili organizaciju rada, predstavljali prekora\u010denje ovla\u0161\u0107enja, jer \u0110ukanovi\u0107 kao operater sistema nije bio ovla\u0161\u0107en da u ime poslodavca komunicira ili ocjenjuje poslovne odluke.<\/p>\n\n\n\n<p>Utvrdjeno je da je izvr\u0161io te\u017eu povredu radne obaveze \u2013 prekora\u010denje ovla\u0161\u0107enja (\u010dlan 5 stav 3 ta\u010dka 7 Pravilnika o odgovornosti zaposlenih), pa mu je, u skladu sa \u010dlanom 146 stav 2 ta\u010dka 3 Zakona o radu, izre\u010dena disciplinska mjera prestanka radnog odnosa<\/p>\n\n\n\n<p>\u201cParking servis Podgorica\u201d d.o.o. Podgorica isti\u010de da uop\u0161te nije znao za postojanje novoformirane sindikalne organizacije \u201eNa\u0161 glas \u2013 Sindikat Parking servisa Podgorica (NG-SPSP)\u201c sve do 25.09.2025. godine, kada nam je dostavljeno rje\u0161enje o registraciji. Disciplinski postupak protiv \u0110ukanovi\u0107a pokrenut je 29.08.2025. godine, dakle skoro mjesec dana prije nego \u0161to smo imali saznanja o formiranju Sindikata. Tako\u0111e, dopisi zbog kojih se vodi postupak datiraju iz maja, juna i jula 2025. godine, a Sindikat je formalno registrovan 16.07.2025. godine, pa se navodi da nema uzro\u010dno-posljedi\u010dne veze. Dodatno dovodimo u pitanje okolnosti formiranja Sindikata, isti\u010du\u0107i da je predsjednica sindikata \u0110ukanovi\u0107eva supruga, a on potpredsjednik, te da to djeluje kao poku\u0161aj da se kroz sindikalni status prika\u017ee kao \u201e\u017ertva progona\u201c. Tako\u0111e navodimo da su \u0110ukanovi\u0107i istovremeno \u010dlanovi dvije sindikalne organizacije, a da je shodno Zakonu o radu \u010dlanstvo mogu\u0107e samo u jednom Sindikatu kod istog poslodavca, pa i sa tog aspekta osporavamo osnovanost njegove odbrane.<\/p>\n\n\n\n<ol start=\"2\" class=\"wp-block-list\">\n<li><\/li>\n<\/ol>\n\n\n\n<p>Odbacujemo navode da je otkaz povezan sa sindikalnim djelovanjem i tvrdimo da je disciplinski postupak zapo\u010det ranije, isklju\u010divo zbog \u201eprekora\u010denja ovla\u0161\u0107enja\u201c i neovla\u0161\u0107enih dopisa institucijama, a ne zbog sindikalne aktivnosti.<\/p>\n\n\n\n<p>Prilikom vo\u0111enja disciplinskog postupka, prijave koje je g. Perica \u0110ukanovi\u0107 podnosio nadle\u017enim institucijama uzete su kao neosnovane iz razloga \u0161to su iste vi\u0161e puta provjerene od strane Inspekcije rada, koja je u svojim nalazima i zaklju\u010dcima potvrdila da poslodavac u potpunosti postupa zakonito i da u radu Dru\u0161tva nijesu utvr\u0111ene nepravilnosti.<\/p>\n\n\n\n<p>Smatramo da svaki zaposleni koji ima sumnju u zakonitost rada Dru\u0161tva ima pravo da se obrati nadle\u017enim institucijama, koje su ovla\u0161\u0107ene da utvrde osnovanost podnijetog zahtjeva. U konkretnom slu\u010daju, to je i u\u010dinjeno, a nadle\u017ene institucije su sprovedenim nadzorima potvrdile da Dru\u0161tvo postupa u skladu sa zakonom i internim aktima, te da su sve prijave od strane Perice \u0110ukanovi\u0107a neosnovane.<\/p>\n\n\n\n<p>Navodi g. \u0110ukanovi\u0107a da je Agencija za za\u0161titu li\u010dnih podataka utvrdila nepravilnosti u rukovanju li\u010dnim podacima zaposlenih nijesu istiniti. Isti\u010demo da Agencija nije utvrdila nepravilnosti u rukovanju li\u010dnim podacima zaposlenih.<\/p>\n\n\n\n<ol start=\"3\" class=\"wp-block-list\">\n<li><\/li>\n<\/ol>\n\n\n\n<p>Isti\u010demo da je po prijavi Perice \u0110ukanovi\u0107, inspektor Agencije izvr\u0161io nadzor i utvrdio da postavljene kamere nijesu u funkciji i iste su uklonjene.Tako\u0111e, Dru\u0161tvo je u skladu sa zakonom podnijelo zahtjev Agenciji za odobrenje uvo\u0111enja video-nadzora, \u0161to zna\u010di da je postupalo u okviru svojih obaveza i sa\u010dinjenog zapisnika od strane Agencije.<\/p>\n\n\n\n<p>Parking servis Podgorica\u201c d.o.o.Podgorica u potpunosti demantuje navode da se vr\u0161i bilo kakav oblik progona ili diskriminacije \u010dlanova Sindikata \u201eNa\u0161 glas\u201c. Dru\u0161tvo posluje u skladu sa va\u017ee\u0107im zakonskim propisima i internim aktima, a za\u0161tita prava zaposlenih predstavlja jedan od osnovnih prioriteta u na\u0161em radu.<\/p>\n\n\n\n<ol start=\"6\" class=\"wp-block-list\">\n<li><\/li>\n<\/ol>\n\n\n\n<p>Jo\u0161 jednom napominjemo da smo o postojanju pomenute Sindikalne organizacije saznali tek dana 25.09.2025. godine, kada je Dru\u0161tvu dostavljeno obavje\u0161tenje o njenom formiranju. U dostavljenom aktu se navodi da je za predsjednicu imenovana Jelena \u0110ukanovi\u0107, supruga zaposlenog Perice \u0110ukanovi\u0107a. Isti\u010demo da su pojedini zaposleni, koji su ve\u0107 \u010dlanovi Sindikalne organizacije \u201eParking servis Podgorica\u201c, uprkos odredbama Zakona o radu, evidentirani i kao \u010dlanovi novooformirane organizacije, \u0161to nije dozvoljeno. Shodno tome, njihovo formiranje i status \u0107e biti predmet preispitivanja u skladu sa zakonskim procedurama.<\/p>\n\n\n\n<p>Nagla\u0161avamo da su svi zaposleni koji obavljaju svoje poslove u skladu sa Zakonom o radu, i drugim internim procedurama, potpuno sigurni i nemaju razloga za strah u bilo kom segmentu svog radnog odnosa. Uprava dru\u0161tva posebno cijeni i podsti\u010de konstruktivan dijalog sa svim sindikalnim<\/p>\n\n\n\n<p>organizacijama, u uvjerenju da samo otvorena komunikacija i po\u0161tovanje me\u0111usobnih prava i obaveza mogu doprinositi boljem poslovnom ambijentu i zadovoljstvu zaposlenih.<\/p>\n\n\n\n<p>S tim u vezi, odlu\u010dno odbacujemo sve tvrdnje koje za cilj imaju naru\u0161avanje ugleda Dru\u0161tva i stvaranje neistinite slike o odnosu poslodavca prema zaposlenima. \u201eParking servis Podgorica\u201c d.o.o.Podgorica \u0107e i ubudu\u0107e nastaviti da \u0161titi prava zaposlenih, razvija partnerski odnos sa Sindikatima i obezbje\u0111uje stabilno i sigurno radno okru\u017eenje.<\/p>\n\n\n\n<p>Kao \u0161to smo ve\u0107 istakli, Dru\u0161tvo ne posjeduje nikakve dodatne informacije o pomenutoj Sindikalnoj organizaciji, osim dostavljenog dokumenta kojim se obavje\u0161tava o njenom novom formiranju. Taj dokument predstavlja jedini pisani trag koji posjedujemo, te se ne mo\u017ee govoriti o bilo kakvim drugim aktivnostima, podacima ili postupanjima od strane Dru\u0161tva prema pomenutoj organizaciji.<\/p>\n\n\n\n<ol start=\"7\" class=\"wp-block-list\">\n<li><\/li>\n<\/ol>\n\n\n\n<p>Jedini dokaz kojim raspola\u017eemo odnosi se na zaposlenu Jelenu \u0110ukanovi\u0107, koja se u dokumentu navodi kao \u010dlan i predsjednica pomenute sindikalne organizacije. Nagla\u0161avamo da ista nesmetano obavlja radne zadatke koje je obavljala i prije formiranja sindikalne organizacije, te da Dru\u0161tvo nije preduzelo nikakve mjere koje bi na bilo koji na\u010din ugrozile njeno radno mjesto ili njena prava iz radnog odnosa.<\/p>\n\n\n\n<p>Dru\u0161tvo u svom radu postupa isklju\u010divo u skladu sa Zakonom o radu i internim procedurama, uz puno po\u0161tovanje prava zaposlenih, te svako druga\u010dije tuma\u010denje ili insinuacija nema utemeljenje u \u010dinjenicama.<\/p>\n\n\n\n<p>Parking servis Podgorica d.o.o.Podgorica garantuje svim Sindikalnim predstavnicima i \u010dlanovima Sindikalnih organizacija slobodu djelovanja u skladu sa Zakonom o radu i Statutom Dru\u0161tva, bez ikakvog straha od sankcija, uskra\u0107ivanja prava ili stavljanja u nepovoljniji polo\u017eaj po osnovu sindikalnog djelovanja.<\/p>\n\n\n\n<ol start=\"8\" class=\"wp-block-list\">\n<li><\/li>\n<\/ol>\n\n\n\n<p>Sindikalna prava i slobode bi\u0107e u potpunosti po\u0161tovana, a Dru\u0161tvo ostaje otvoreno za dijalog i saradnju sa legitimno izabranim predstavnicima zaposlenih.<\/p>\n\n\n\n<p>Odluka o otkazu ugovora o radu, kao i obrazlo\u017eenje sprovedenog disciplinskog postupka, predstavljaju akte Dru\u0161tva koji se donose u skladu sa zakonom i relevantnim internim aktima. Imaju\u0107i u vidu prirodu i zna\u010daj podataka koji su sastavni dio ovih akata, Dru\u0161tvo koristi svoje diskreciono pravo da iste uru\u010duje isklju\u010divo li\u010dno zaposlenom na koga se odnose. Na ovaj na\u010din obezbje\u0111uje se puno po\u0161tovanje prava zaposlenog na informisanost i istovremeno za\u0161tita integriteta postupka. Dru\u0161tvo posebno nagla\u0161ava da se u svim fazama disciplinskog postupka i prilikom dono\u0161enja odluke dosljedno primjenjuju odredbe Pravilnika o poslovnoj tajni, kako bi se sprije\u010dilo neovla\u0161\u0107eno raspolaganje ili dostupnost osjetljivih informacija tre\u0107im licima. Time se \u0161tite interesi i dostojanstvo zaposlenih, kao i ugled Dru\u0161tva.<\/p>\n\n\n\n<p>Ukoliko se na bilo koji na\u010din ustanovi da je do\u0161lo do povrede zakonskih odredbi, Dru\u0161tvo \u0107e, u skladu sa svojom zakonskom obavezom i dosada\u0161njom praksom, postupiti u potpunosti po va\u017ee\u0107im zakonima i odlukama nadle\u017enih institucija. Posebno nagla\u0161avamo da Dru\u0161tvo dosljedno postupa po svim rje\u0161enjima, zaklju\u010dcima i preporukama nadle\u017enih organa, jer nam je cilj da se obezbijedi zakonitost, transparentnost i odgovornost u radu, te da se o\u010duva povjerenje zaposlenih, ugled Dru\u0161tva i svih relevantnih subjekata.<\/p>","protected":false},"excerpt":{"rendered":"<p>Parking servis Podgorica\u201c d.o.o.Podgorica u potpunosti demantuje navode da se vr\u0161i bilo kakav oblik progona ili diskriminacije \u010dlanova Sindikata \u201eNa\u0161 glas\u201c. Dru\u0161tvo posluje u skladu sa va\u017ee\u0107im zakonskim propisima i internim aktima, a za\u0161tita prava zaposlenih predstavlja jedan od osnovnih prioriteta u na\u0161em radu, kazao je Portalu TV Podgorica vr\u0161ilac du\u017enosti izvr\u0161nog direktora Parking servisa, Nikola Lazovi\u0107.<\/p>","protected":false},"author":1,"featured_media":956514,"comment_status":"open","ping_status":"open","sticky":false,"template":"","format":"standard","meta":{"_acf_changed":false,"footnotes":""},"categories":[56],"tags":[7391,5167,10733],"naslovna":[],"class_list":["post-956513","post","type-post","status-publish","format-standard","has-post-thumbnail","hentry","category-podgorica","tag-nikola-lazovic","tag-parking-servis","tag-perica-djukanovic"],"acf":[],"yoast_head":"<!-- This site is optimized with the Yoast SEO plugin v27.4 - https:\/\/yoast.com\/product\/yoast-seo-wordpress\/ -->\n<title>Lazovi\u0107: Parking servis ne vr\u0161i bilo kakav oblik progona ili diskriminacije \u010dlanova Sindikata &quot;Na\u0161 glas&quot;, \u0110ukanovi\u0107 istupao bez ovla\u0161\u0107enja - dmcsrb.com<\/title>\n<meta name=\"robots\" content=\"index, follow, max-snippet:-1, max-image-preview:large, max-video-preview:-1\" \/>\n<link rel=\"canonical\" href=\"https:\/\/dmcsrb.com\/en\/podgorica\/lazovic-parking-servis-ne-vrsi-bilo-kakav-oblik-progona-ili-diskriminacije-clanova-sindikata-nas-glas-djukanovic-istupao-bez-ovlascenja\/\" \/>\n<meta property=\"og:locale\" content=\"en_GB\" \/>\n<meta property=\"og:type\" content=\"article\" \/>\n<meta property=\"og:title\" content=\"Lazovi\u0107: Parking servis ne vr\u0161i bilo kakav oblik progona ili diskriminacije \u010dlanova Sindikata &quot;Na\u0161 glas&quot;, \u0110ukanovi\u0107 istupao bez ovla\u0161\u0107enja - dmcsrb.com\" \/>\n<meta property=\"og:description\" content=\"Parking servis Podgorica\u201c d.o.o.Podgorica u potpunosti demantuje navode da se vr\u0161i bilo kakav oblik progona ili diskriminacije \u010dlanova Sindikata \u201eNa\u0161 glas\u201c. Dru\u0161tvo posluje u skladu sa va\u017ee\u0107im zakonskim propisima i internim aktima, a za\u0161tita prava zaposlenih predstavlja jedan od osnovnih prioriteta u na\u0161em radu, kazao je Portalu TV Podgorica vr\u0161ilac du\u017enosti izvr\u0161nog direktora Parking servisa, Nikola Lazovi\u0107.\" \/>\n<meta property=\"og:url\" content=\"https:\/\/dmcsrb.com\/en\/podgorica\/lazovic-parking-servis-ne-vrsi-bilo-kakav-oblik-progona-ili-diskriminacije-clanova-sindikata-nas-glas-djukanovic-istupao-bez-ovlascenja\/\" \/>\n<meta property=\"og:site_name\" content=\"dmcsrb.com\" \/>\n<meta property=\"article:published_time\" content=\"2025-10-08T08:07:00+00:00\" \/>\n<meta property=\"og:image\" content=\"https:\/\/dmcsrb.com\/wp-content\/uploads\/2026\/01\/Nikola-Lazovic.webp\" \/>\n\t<meta property=\"og:image:width\" content=\"1842\" \/>\n\t<meta property=\"og:image:height\" content=\"883\" \/>\n\t<meta property=\"og:image:type\" content=\"image\/jpeg\" \/>\n<meta name=\"author\" content=\"dmcsrbija.com@gmail.com\" \/>\n<meta name=\"twitter:card\" content=\"summary_large_image\" \/>\n<meta name=\"twitter:label1\" content=\"Written by\" \/>\n\t<meta name=\"twitter:data1\" content=\"dmcsrbija.com@gmail.com\" \/>\n\t<meta name=\"twitter:label2\" content=\"Estimated reading time\" \/>\n\t<meta name=\"twitter:data2\" content=\"8 minutes\" \/>\n<script type=\"application\/ld+json\" class=\"yoast-schema-graph\">{\"@context\":\"https:\\\/\\\/schema.org\",\"@graph\":[{\"@type\":\"Article\",\"@id\":\"https:\\\/\\\/dmcsrb.com\\\/podgorica\\\/lazovic-parking-servis-ne-vrsi-bilo-kakav-oblik-progona-ili-diskriminacije-clanova-sindikata-nas-glas-djukanovic-istupao-bez-ovlascenja\\\/#article\",\"isPartOf\":{\"@id\":\"https:\\\/\\\/dmcsrb.com\\\/podgorica\\\/lazovic-parking-servis-ne-vrsi-bilo-kakav-oblik-progona-ili-diskriminacije-clanova-sindikata-nas-glas-djukanovic-istupao-bez-ovlascenja\\\/\"},\"author\":{\"name\":\"dmcsrbija.com@gmail.com\",\"@id\":\"https:\\\/\\\/dmcsrb.com\\\/#\\\/schema\\\/person\\\/5c39170f12db1b8b457732d0b5c854e2\"},\"headline\":\"Lazovi\u0107: Parking servis ne vr\u0161i bilo kakav oblik progona ili diskriminacije \u010dlanova Sindikata &#8220;Na\u0161 glas&#8221;, \u0110ukanovi\u0107 istupao bez ovla\u0161\u0107enja\",\"datePublished\":\"2025-10-08T08:07:00+00:00\",\"mainEntityOfPage\":{\"@id\":\"https:\\\/\\\/dmcsrb.com\\\/podgorica\\\/lazovic-parking-servis-ne-vrsi-bilo-kakav-oblik-progona-ili-diskriminacije-clanova-sindikata-nas-glas-djukanovic-istupao-bez-ovlascenja\\\/\"},\"wordCount\":1600,\"commentCount\":0,\"image\":{\"@id\":\"https:\\\/\\\/dmcsrb.com\\\/podgorica\\\/lazovic-parking-servis-ne-vrsi-bilo-kakav-oblik-progona-ili-diskriminacije-clanova-sindikata-nas-glas-djukanovic-istupao-bez-ovlascenja\\\/#primaryimage\"},\"thumbnailUrl\":\"https:\\\/\\\/dmcsrb.com\\\/wp-content\\\/uploads\\\/2026\\\/01\\\/Nikola-Lazovic.webp\",\"keywords\":[\"Nikola Lazovi\u0107\",\"Parking servis\",\"Perica \u0110ukanovi\u0107\"],\"articleSection\":[\"Podgorica\"],\"inLanguage\":\"en-GB\",\"potentialAction\":[{\"@type\":\"CommentAction\",\"name\":\"Comment\",\"target\":[\"https:\\\/\\\/dmcsrb.com\\\/podgorica\\\/lazovic-parking-servis-ne-vrsi-bilo-kakav-oblik-progona-ili-diskriminacije-clanova-sindikata-nas-glas-djukanovic-istupao-bez-ovlascenja\\\/#respond\"]}]},{\"@type\":\"WebPage\",\"@id\":\"https:\\\/\\\/dmcsrb.com\\\/podgorica\\\/lazovic-parking-servis-ne-vrsi-bilo-kakav-oblik-progona-ili-diskriminacije-clanova-sindikata-nas-glas-djukanovic-istupao-bez-ovlascenja\\\/\",\"url\":\"https:\\\/\\\/dmcsrb.com\\\/podgorica\\\/lazovic-parking-servis-ne-vrsi-bilo-kakav-oblik-progona-ili-diskriminacije-clanova-sindikata-nas-glas-djukanovic-istupao-bez-ovlascenja\\\/\",\"name\":\"Lazovi\u0107: Parking servis ne vr\u0161i bilo kakav oblik progona ili diskriminacije \u010dlanova Sindikata \\\"Na\u0161 glas\\\", \u0110ukanovi\u0107 istupao bez ovla\u0161\u0107enja - dmcsrb.com\",\"isPartOf\":{\"@id\":\"https:\\\/\\\/dmcsrb.com\\\/#website\"},\"primaryImageOfPage\":{\"@id\":\"https:\\\/\\\/dmcsrb.com\\\/podgorica\\\/lazovic-parking-servis-ne-vrsi-bilo-kakav-oblik-progona-ili-diskriminacije-clanova-sindikata-nas-glas-djukanovic-istupao-bez-ovlascenja\\\/#primaryimage\"},\"image\":{\"@id\":\"https:\\\/\\\/dmcsrb.com\\\/podgorica\\\/lazovic-parking-servis-ne-vrsi-bilo-kakav-oblik-progona-ili-diskriminacije-clanova-sindikata-nas-glas-djukanovic-istupao-bez-ovlascenja\\\/#primaryimage\"},\"thumbnailUrl\":\"https:\\\/\\\/dmcsrb.com\\\/wp-content\\\/uploads\\\/2026\\\/01\\\/Nikola-Lazovic.webp\",\"datePublished\":\"2025-10-08T08:07:00+00:00\",\"author\":{\"@id\":\"https:\\\/\\\/dmcsrb.com\\\/#\\\/schema\\\/person\\\/5c39170f12db1b8b457732d0b5c854e2\"},\"breadcrumb\":{\"@id\":\"https:\\\/\\\/dmcsrb.com\\\/podgorica\\\/lazovic-parking-servis-ne-vrsi-bilo-kakav-oblik-progona-ili-diskriminacije-clanova-sindikata-nas-glas-djukanovic-istupao-bez-ovlascenja\\\/#breadcrumb\"},\"inLanguage\":\"en-GB\",\"potentialAction\":[{\"@type\":\"ReadAction\",\"target\":[\"https:\\\/\\\/dmcsrb.com\\\/podgorica\\\/lazovic-parking-servis-ne-vrsi-bilo-kakav-oblik-progona-ili-diskriminacije-clanova-sindikata-nas-glas-djukanovic-istupao-bez-ovlascenja\\\/\"]}]},{\"@type\":\"ImageObject\",\"inLanguage\":\"en-GB\",\"@id\":\"https:\\\/\\\/dmcsrb.com\\\/podgorica\\\/lazovic-parking-servis-ne-vrsi-bilo-kakav-oblik-progona-ili-diskriminacije-clanova-sindikata-nas-glas-djukanovic-istupao-bez-ovlascenja\\\/#primaryimage\",\"url\":\"https:\\\/\\\/dmcsrb.com\\\/wp-content\\\/uploads\\\/2026\\\/01\\\/Nikola-Lazovic.webp\",\"contentUrl\":\"https:\\\/\\\/dmcsrb.com\\\/wp-content\\\/uploads\\\/2026\\\/01\\\/Nikola-Lazovic.webp\",\"width\":1842,\"height\":883},{\"@type\":\"BreadcrumbList\",\"@id\":\"https:\\\/\\\/dmcsrb.com\\\/podgorica\\\/lazovic-parking-servis-ne-vrsi-bilo-kakav-oblik-progona-ili-diskriminacije-clanova-sindikata-nas-glas-djukanovic-istupao-bez-ovlascenja\\\/#breadcrumb\",\"itemListElement\":[{\"@type\":\"ListItem\",\"position\":1,\"name\":\"Home\",\"item\":\"https:\\\/\\\/dmcsrb.com\\\/\"},{\"@type\":\"ListItem\",\"position\":2,\"name\":\"Lazovi\u0107: Parking servis ne vr\u0161i bilo kakav oblik progona ili diskriminacije \u010dlanova Sindikata &#8220;Na\u0161 glas&#8221;, \u0110ukanovi\u0107 istupao bez ovla\u0161\u0107enja\"}]},{\"@type\":\"WebSite\",\"@id\":\"https:\\\/\\\/dmcsrb.com\\\/#website\",\"url\":\"https:\\\/\\\/dmcsrb.com\\\/\",\"name\":\"dmcsrb.com\",\"description\":\"\",\"potentialAction\":[{\"@type\":\"SearchAction\",\"target\":{\"@type\":\"EntryPoint\",\"urlTemplate\":\"https:\\\/\\\/dmcsrb.com\\\/?s={search_term_string}\"},\"query-input\":{\"@type\":\"PropertyValueSpecification\",\"valueRequired\":true,\"valueName\":\"search_term_string\"}}],\"inLanguage\":\"en-GB\"},{\"@type\":\"Person\",\"@id\":\"https:\\\/\\\/dmcsrb.com\\\/#\\\/schema\\\/person\\\/5c39170f12db1b8b457732d0b5c854e2\",\"name\":\"dmcsrbija.com@gmail.com\",\"image\":{\"@type\":\"ImageObject\",\"inLanguage\":\"en-GB\",\"@id\":\"https:\\\/\\\/secure.gravatar.com\\\/avatar\\\/68592660ad6347fad0fb587f8d5d8f1a7b44961362f56e4f2cd524feb87e9069?s=96&d=mm&r=g\",\"url\":\"https:\\\/\\\/secure.gravatar.com\\\/avatar\\\/68592660ad6347fad0fb587f8d5d8f1a7b44961362f56e4f2cd524feb87e9069?s=96&d=mm&r=g\",\"contentUrl\":\"https:\\\/\\\/secure.gravatar.com\\\/avatar\\\/68592660ad6347fad0fb587f8d5d8f1a7b44961362f56e4f2cd524feb87e9069?s=96&d=mm&r=g\",\"caption\":\"dmcsrbija.com@gmail.com\"},\"sameAs\":[\"https:\\\/\\\/dmcsrb.com\"],\"url\":\"https:\\\/\\\/dmcsrb.com\\\/en\\\/author\\\/dmcsrbija-comgmail-com\\\/\"}]}<\/script>\n<!-- \/ Yoast SEO plugin. -->","yoast_head_json":{"title":"Lazovi\u0107: Parking servis ne vr\u0161i bilo kakav oblik progona ili diskriminacije \u010dlanova Sindikata \"Na\u0161 glas\", \u0110ukanovi\u0107 istupao bez ovla\u0161\u0107enja - dmcsrb.com","robots":{"index":"index","follow":"follow","max-snippet":"max-snippet:-1","max-image-preview":"max-image-preview:large","max-video-preview":"max-video-preview:-1"},"canonical":"https:\/\/dmcsrb.com\/en\/podgorica\/lazovic-parking-servis-ne-vrsi-bilo-kakav-oblik-progona-ili-diskriminacije-clanova-sindikata-nas-glas-djukanovic-istupao-bez-ovlascenja\/","og_locale":"en_GB","og_type":"article","og_title":"Lazovi\u0107: Parking servis ne vr\u0161i bilo kakav oblik progona ili diskriminacije \u010dlanova Sindikata \"Na\u0161 glas\", \u0110ukanovi\u0107 istupao bez ovla\u0161\u0107enja - dmcsrb.com","og_description":"Parking servis Podgorica\u201c d.o.o.Podgorica u potpunosti demantuje navode da se vr\u0161i bilo kakav oblik progona ili diskriminacije \u010dlanova Sindikata \u201eNa\u0161 glas\u201c. Dru\u0161tvo posluje u skladu sa va\u017ee\u0107im zakonskim propisima i internim aktima, a za\u0161tita prava zaposlenih predstavlja jedan od osnovnih prioriteta u na\u0161em radu, kazao je Portalu TV Podgorica vr\u0161ilac du\u017enosti izvr\u0161nog direktora Parking servisa, Nikola Lazovi\u0107.","og_url":"https:\/\/dmcsrb.com\/en\/podgorica\/lazovic-parking-servis-ne-vrsi-bilo-kakav-oblik-progona-ili-diskriminacije-clanova-sindikata-nas-glas-djukanovic-istupao-bez-ovlascenja\/","og_site_name":"dmcsrb.com","article_published_time":"2025-10-08T08:07:00+00:00","og_image":[{"width":1842,"height":883,"url":"https:\/\/dmcsrb.com\/wp-content\/uploads\/2026\/01\/Nikola-Lazovic.webp","type":"image\/jpeg"}],"author":"dmcsrbija.com@gmail.com","twitter_card":"summary_large_image","twitter_misc":{"Written by":"dmcsrbija.com@gmail.com","Estimated reading time":"8 minutes"},"schema":{"@context":"https:\/\/schema.org","@graph":[{"@type":"Article","@id":"https:\/\/dmcsrb.com\/podgorica\/lazovic-parking-servis-ne-vrsi-bilo-kakav-oblik-progona-ili-diskriminacije-clanova-sindikata-nas-glas-djukanovic-istupao-bez-ovlascenja\/#article","isPartOf":{"@id":"https:\/\/dmcsrb.com\/podgorica\/lazovic-parking-servis-ne-vrsi-bilo-kakav-oblik-progona-ili-diskriminacije-clanova-sindikata-nas-glas-djukanovic-istupao-bez-ovlascenja\/"},"author":{"name":"dmcsrbija.com@gmail.com","@id":"https:\/\/dmcsrb.com\/#\/schema\/person\/5c39170f12db1b8b457732d0b5c854e2"},"headline":"Lazovi\u0107: Parking servis ne vr\u0161i bilo kakav oblik progona ili diskriminacije \u010dlanova Sindikata &#8220;Na\u0161 glas&#8221;, \u0110ukanovi\u0107 istupao bez ovla\u0161\u0107enja","datePublished":"2025-10-08T08:07:00+00:00","mainEntityOfPage":{"@id":"https:\/\/dmcsrb.com\/podgorica\/lazovic-parking-servis-ne-vrsi-bilo-kakav-oblik-progona-ili-diskriminacije-clanova-sindikata-nas-glas-djukanovic-istupao-bez-ovlascenja\/"},"wordCount":1600,"commentCount":0,"image":{"@id":"https:\/\/dmcsrb.com\/podgorica\/lazovic-parking-servis-ne-vrsi-bilo-kakav-oblik-progona-ili-diskriminacije-clanova-sindikata-nas-glas-djukanovic-istupao-bez-ovlascenja\/#primaryimage"},"thumbnailUrl":"https:\/\/dmcsrb.com\/wp-content\/uploads\/2026\/01\/Nikola-Lazovic.webp","keywords":["Nikola Lazovi\u0107","Parking servis","Perica \u0110ukanovi\u0107"],"articleSection":["Podgorica"],"inLanguage":"en-GB","potentialAction":[{"@type":"CommentAction","name":"Comment","target":["https:\/\/dmcsrb.com\/podgorica\/lazovic-parking-servis-ne-vrsi-bilo-kakav-oblik-progona-ili-diskriminacije-clanova-sindikata-nas-glas-djukanovic-istupao-bez-ovlascenja\/#respond"]}]},{"@type":"WebPage","@id":"https:\/\/dmcsrb.com\/podgorica\/lazovic-parking-servis-ne-vrsi-bilo-kakav-oblik-progona-ili-diskriminacije-clanova-sindikata-nas-glas-djukanovic-istupao-bez-ovlascenja\/","url":"https:\/\/dmcsrb.com\/podgorica\/lazovic-parking-servis-ne-vrsi-bilo-kakav-oblik-progona-ili-diskriminacije-clanova-sindikata-nas-glas-djukanovic-istupao-bez-ovlascenja\/","name":"Lazovi\u0107: Parking servis ne vr\u0161i bilo kakav oblik progona ili diskriminacije \u010dlanova Sindikata \"Na\u0161 glas\", \u0110ukanovi\u0107 istupao bez ovla\u0161\u0107enja - dmcsrb.com","isPartOf":{"@id":"https:\/\/dmcsrb.com\/#website"},"primaryImageOfPage":{"@id":"https:\/\/dmcsrb.com\/podgorica\/lazovic-parking-servis-ne-vrsi-bilo-kakav-oblik-progona-ili-diskriminacije-clanova-sindikata-nas-glas-djukanovic-istupao-bez-ovlascenja\/#primaryimage"},"image":{"@id":"https:\/\/dmcsrb.com\/podgorica\/lazovic-parking-servis-ne-vrsi-bilo-kakav-oblik-progona-ili-diskriminacije-clanova-sindikata-nas-glas-djukanovic-istupao-bez-ovlascenja\/#primaryimage"},"thumbnailUrl":"https:\/\/dmcsrb.com\/wp-content\/uploads\/2026\/01\/Nikola-Lazovic.webp","datePublished":"2025-10-08T08:07:00+00:00","author":{"@id":"https:\/\/dmcsrb.com\/#\/schema\/person\/5c39170f12db1b8b457732d0b5c854e2"},"breadcrumb":{"@id":"https:\/\/dmcsrb.com\/podgorica\/lazovic-parking-servis-ne-vrsi-bilo-kakav-oblik-progona-ili-diskriminacije-clanova-sindikata-nas-glas-djukanovic-istupao-bez-ovlascenja\/#breadcrumb"},"inLanguage":"en-GB","potentialAction":[{"@type":"ReadAction","target":["https:\/\/dmcsrb.com\/podgorica\/lazovic-parking-servis-ne-vrsi-bilo-kakav-oblik-progona-ili-diskriminacije-clanova-sindikata-nas-glas-djukanovic-istupao-bez-ovlascenja\/"]}]},{"@type":"ImageObject","inLanguage":"en-GB","@id":"https:\/\/dmcsrb.com\/podgorica\/lazovic-parking-servis-ne-vrsi-bilo-kakav-oblik-progona-ili-diskriminacije-clanova-sindikata-nas-glas-djukanovic-istupao-bez-ovlascenja\/#primaryimage","url":"https:\/\/dmcsrb.com\/wp-content\/uploads\/2026\/01\/Nikola-Lazovic.webp","contentUrl":"https:\/\/dmcsrb.com\/wp-content\/uploads\/2026\/01\/Nikola-Lazovic.webp","width":1842,"height":883},{"@type":"BreadcrumbList","@id":"https:\/\/dmcsrb.com\/podgorica\/lazovic-parking-servis-ne-vrsi-bilo-kakav-oblik-progona-ili-diskriminacije-clanova-sindikata-nas-glas-djukanovic-istupao-bez-ovlascenja\/#breadcrumb","itemListElement":[{"@type":"ListItem","position":1,"name":"Home","item":"https:\/\/dmcsrb.com\/"},{"@type":"ListItem","position":2,"name":"Lazovi\u0107: Parking servis ne vr\u0161i bilo kakav oblik progona ili diskriminacije \u010dlanova Sindikata &#8220;Na\u0161 glas&#8221;, \u0110ukanovi\u0107 istupao bez ovla\u0161\u0107enja"}]},{"@type":"WebSite","@id":"https:\/\/dmcsrb.com\/#website","url":"https:\/\/dmcsrb.com\/","name":"dmcsrb.com","description":"","potentialAction":[{"@type":"SearchAction","target":{"@type":"EntryPoint","urlTemplate":"https:\/\/dmcsrb.com\/?s={search_term_string}"},"query-input":{"@type":"PropertyValueSpecification","valueRequired":true,"valueName":"search_term_string"}}],"inLanguage":"en-GB"},{"@type":"Person","@id":"https:\/\/dmcsrb.com\/#\/schema\/person\/5c39170f12db1b8b457732d0b5c854e2","name":"dmcsrbija.com@gmail.com","image":{"@type":"ImageObject","inLanguage":"en-GB","@id":"https:\/\/secure.gravatar.com\/avatar\/68592660ad6347fad0fb587f8d5d8f1a7b44961362f56e4f2cd524feb87e9069?s=96&d=mm&r=g","url":"https:\/\/secure.gravatar.com\/avatar\/68592660ad6347fad0fb587f8d5d8f1a7b44961362f56e4f2cd524feb87e9069?s=96&d=mm&r=g","contentUrl":"https:\/\/secure.gravatar.com\/avatar\/68592660ad6347fad0fb587f8d5d8f1a7b44961362f56e4f2cd524feb87e9069?s=96&d=mm&r=g","caption":"dmcsrbija.com@gmail.com"},"sameAs":["https:\/\/dmcsrb.com"],"url":"https:\/\/dmcsrb.com\/en\/author\/dmcsrbija-comgmail-com\/"}]}},"_links":{"self":[{"href":"https:\/\/dmcsrb.com\/en\/wp-json\/wp\/v2\/posts\/956513","targetHints":{"allow":["GET"]}}],"collection":[{"href":"https:\/\/dmcsrb.com\/en\/wp-json\/wp\/v2\/posts"}],"about":[{"href":"https:\/\/dmcsrb.com\/en\/wp-json\/wp\/v2\/types\/post"}],"author":[{"embeddable":true,"href":"https:\/\/dmcsrb.com\/en\/wp-json\/wp\/v2\/users\/1"}],"replies":[{"embeddable":true,"href":"https:\/\/dmcsrb.com\/en\/wp-json\/wp\/v2\/comments?post=956513"}],"version-history":[{"count":0,"href":"https:\/\/dmcsrb.com\/en\/wp-json\/wp\/v2\/posts\/956513\/revisions"}],"wp:featuredmedia":[{"embeddable":true,"href":"https:\/\/dmcsrb.com\/en\/wp-json\/wp\/v2\/media\/956514"}],"wp:attachment":[{"href":"https:\/\/dmcsrb.com\/en\/wp-json\/wp\/v2\/media?parent=956513"}],"wp:term":[{"taxonomy":"category","embeddable":true,"href":"https:\/\/dmcsrb.com\/en\/wp-json\/wp\/v2\/categories?post=956513"},{"taxonomy":"post_tag","embeddable":true,"href":"https:\/\/dmcsrb.com\/en\/wp-json\/wp\/v2\/tags?post=956513"},{"taxonomy":"naslovna","embeddable":true,"href":"https:\/\/dmcsrb.com\/en\/wp-json\/wp\/v2\/naslovna?post=956513"}],"curies":[{"name":"wp","href":"https:\/\/api.w.org\/{rel}","templated":true}]}}