{"id":956487,"date":"2025-10-08T07:38:51","date_gmt":"2025-10-08T05:38:51","guid":{"rendered":"https:\/\/dmcsrb.com\/uncategorized\/krapovic-da-se-nikada-ne-sluzi-interesima-drugih-vec-narodu-domovini-i-zajednickim-vrijednostima\/"},"modified":"2025-10-08T07:38:51","modified_gmt":"2025-10-08T05:38:51","slug":"krapovic-da-se-nikada-ne-sluzi-interesima-drugih-vec-narodu-domovini-i-zajednickim-vrijednostima","status":"publish","type":"post","link":"https:\/\/dmcsrb.com\/en\/drustvo\/krapovic-da-se-nikada-ne-sluzi-interesima-drugih-vec-narodu-domovini-i-zajednickim-vrijednostima\/","title":{"rendered":"Krapovi\u0107: Da se nikada ne slu\u017ei interesima drugih, ve\u0107 narodu, domovini i zajedni\u010dkim vrijednostima"},"content":{"rendered":"<p><\/p>\n\n\n\n<p><\/p>\n\n\n\n<p>Predsjednik Crne Gore, <strong>Jakov Milatovi\u0107,<\/strong> je povodom Dana vojske kazao da je crnogorski vojnik oduvijek bio vi\u0161e od vojnika.<\/p>\n\n\n\n<p>&#8220;On je bio simbol dostojanstva jedne male, ponosne zemlje, koja je svoje mjesto me\u0111u slobodnim dr\u017eavama izborila krvlju i vjerom u slobodu. Na\u0161i preci su se izborili da stojimo rame uz rame sa velikim zemljama i nacijama, kao nezavisna, me\u0111unarodno priznata i suverena dr\u017eava. To nas naslje\u0111e obavezuje da vojsku ja\u010damo kao stub bezbjednosti, mira i dr\u017eavnosti i da je \u010duvamo od svakog poku\u0161aja zloupotrebe. Vojska ne pripada partijama, vojska pripada dr\u017eavi i gra\u0111anima. Zato \u0107u se, uvijek boriti da u va\u0161im redovima napreduju najbolji, a ne podobni. Samo tako Vojska mo\u017ee biti u slu\u017ebi dr\u017eave i gra\u0111ana&#8221;, poru\u010dio je predsjednik Milatovi\u0107.<\/p>\n\n\n\n<p>On je kazao da Crna Gora, kao kredibilna NATO \u010dlanica, u misijama \u0161irom svijeta, pokazuje da zna \u0161ta zna\u010di biti pouzdan saveznik te da je veoma va\u017eno da dr\u017eava na adekvatan na\u010din poka\u017ee po\u0161tovanje za rad i ulogu Vojske Crne Gore.<\/p>\n\n\n\n<p>Ministar odbrane, <strong>Dragan Krapovi\u0107<\/strong>, kazao je da se pred zastavom koja ne pripada nijednoj partiji i generaciji, ve\u0107 svim gra\u0111anima i dr\u017eavi, slavi ono \u0161to je ve\u0107e od svih nas pojedina\u010dno.<\/p>\n\n\n\n<p>\u201eSlavimo Vojsku Crne Gore. Simbol posve\u0107enosti, suvereniteta i spremnosti da se domovina brani, ne rije\u010dima, ve\u0107 djelima\u201c, poru\u010dio je ministar.<\/p>\n\n\n\n<p>On je naglasio da se vojni\u010dkom zakletvom obavezuje da se nikada ne slu\u017ei interesu drugih, ve\u0107 narodu, te da se ne brani vlast, ve\u0107 domovina i njene vrijednosti.<\/p>\n\n\n\n<p>\u201eUpravo zato, na\u0161a vojska mora biti stub. Ne nijema, ne podani\u010dka, ne beski\u010dmena. Ve\u0107 stamena, \u010dista i sna\u017ena. Da bude po\u0161tovana u zemlji, ali i priznata u svijetu. Da bude garant da Crna Gora nikad vi\u0161e ne\u0107e biti ni\u010diji poligon, ni\u010diji ratni trofej, ni\u010diji eksperiment\u201c, saop\u0161tio je Krapovi\u0107.<\/p>\n\n\n\n<p>Prvi \u010dovjek Ministarstva odbrana kazao je da je zahvalan na posve\u0107enosti i profesionalizmu na\u0161ih pripadnika, istakav\u0161i da su ulo\u017eeni ogromni napori u modernizaciju Vojske Crne Gore.<\/p>\n\n\n\n<p>Krapovi\u0107 je naglasio da se VCG ne modernizuje samo kroz tehniku, ve\u0107 i kroz infrastrukturu, ulaganje u opremu i obrazovanje i \u0161kolovanje pripadnika.<\/p>\n\n\n\n<p>\u201eCrna Gora mo\u017eda jeste mala na karti, ali je velika u karakteru. A karakter ove zemlje mjeri se vama, va\u0161om hrabro\u0161\u0107u, spremno\u0161\u0107u i va\u0161om \u017ertvom\u201c, istakao je ministar.<\/p>\n\n\n\n<p>Krapovi\u0107 je poru\u010dio da dr\u017eava bez vojske mo\u017ee da izgubi granicu, ali da vojska bez \u010dasti gubi dr\u017eavu.<\/p>\n\n\n\n<p>\u201eA mi smo izabrali i \u010dast i dr\u017eavu. Neka \u017eivi Vojska Crne Gore\u201c, zaklju\u010dio je ministar.<\/p>\n\n\n\n<p>Na\u010delnik General\u0161taba Vojske Crne Gore, brigadni general <strong>Miodrag Vuksanovi\u0107,<\/strong> po\u017eelio je pripadnicama i pripadnicima da im vojni\u010dka profesija bude izvor ponosa i snage.<\/p>\n\n\n\n<p>\u201cZapamtite, biti dio ovog stroja nije samo profesija \u2013 ve\u0107 na\u010din \u017eivota. Biti vojnik zna\u010di nositi uniformu ne samo na poslu, ve\u0107 u svakom postupku, svakoj odluci, svakog dana. To je poziv koji vas u\u010di da se nikada ne odustaje, da se uvijek ide naprijed i da stojimo iza vrijednosti koje branimo\u201d, poru\u010dio je on.<\/p>\n\n\n\n<p>General je podsjetio da je ova godina bila godina izazova, ali da smo uspjeli da ih zajedni\u010dki prevazi\u0111emo.<\/p>\n\n\n\n<p>\u201eNikada ne\u0107emo zaboraviti na\u0161eg hrabrog pripadnika, mla\u0111eg vodnika Dejana Bo\u017eovi\u0107a<strong>,<\/strong> koji je tragi\u010dno stradao u borbi sa po\u017earima, poma\u017eu\u0107i i \u0161tite\u0107i svoj narod. Njegova \u017ertva je najve\u0107i dokaz da se \u010dast i hrabrost ne mjere rije\u010dima, ve\u0107 djelima. Njegovo ime osta\u0107e vje\u010dno u na\u0161im srcima\u201d, rekao je general Vuksanovi\u0107.<\/p>\n\n\n\n<p>Na\u010delnik General\u0161taba naglasio je da \u0107e VCG nastaviti da unapre\u0111uje svoje sposobnost i aktivno doprinosi NATO strukturama, kao i da \u0107e fokus ostati na razvoju sposobnosti kopnenih, pomorskih i vazdu\u0161nih snaga.<\/p>\n\n\n\n<p>\u201cOhrabrujem vas da nastavimo ovako odlu\u010dno i profesionalno kao do sada, da zajedni\u010dki gradimo sistem odbrane i Vojsku Crne Gore. Ula\u017eite neprestano u svoje sposobnosti i znanja, ja\u010dajte timski rad, me\u0111usobno po\u0161tovanje i snagu zajedni\u0161tva\u201d, rekao je on.<\/p>\n\n\n\n<p>Tokom ceremonije zakletvu da \u0107e braniti teritorijalni integritet, suverenitet i nezavisnost Crne Gore polo\u017eila su 33 nova vojnika i vojnikinje, a predsjednik Crne Gore uru\u010dio je Odluke o imenovanju novim oficirima VCG.<\/p>\n\n\n\n<p>Tako\u0111e, posthumno je odlikovao mla\u0111eg vodnika Dejana Bo\u017eovi\u0107a Ordenom za hrabrost.<\/p>\n\n\n\n<p>Zvanicama su svoje vje\u0161tine i sposobnosti demonstrirali \u010ceta vojne policije i Odred posebne namjene, koji su, uz asistenciju Vazduhoplovstva VCG, prikazali postupke tokom za\u0161tite VIP li\u010dnosti i neutralizacije teroristi\u010dke grupe.<\/p>\n\n\n\n<p>Gosti su imali prilike i da se upoznaju sa opremom Vojske za III misiju -pomo\u0107 civilnim institucijama u nevojnim prijetnjama i kriznim situacijama.<\/p>","protected":false},"excerpt":{"rendered":"<p>Vojska Crne Gore sve\u010dano je obilje\u017eila svoj Dan, 7. oktobar, ceremonijom u kasarni \u201eNarodni heroj Milovan \u0160aranovi\u0107\u201c u Danilovgradu, u znak sje\u0107anja na bitku na Tu\u0111emilima iz 1042. godine.<\/p>","protected":false},"author":1,"featured_media":956488,"comment_status":"open","ping_status":"open","sticky":false,"template":"","format":"standard","meta":{"_acf_changed":false,"footnotes":""},"categories":[2],"tags":[10506,1495],"naslovna":[],"class_list":["post-956487","post","type-post","status-publish","format-standard","has-post-thumbnail","hentry","category-drustvo","tag-dan-vojske","tag-proslava"],"acf":[],"yoast_head":"<!-- This site is optimized with the Yoast SEO plugin v27.4 - https:\/\/yoast.com\/product\/yoast-seo-wordpress\/ -->\n<title>Krapovi\u0107: Da se nikada ne slu\u017ei interesima drugih, ve\u0107 narodu, domovini i zajedni\u010dkim vrijednostima - dmcsrb.com<\/title>\n<meta name=\"robots\" content=\"index, follow, max-snippet:-1, max-image-preview:large, max-video-preview:-1\" \/>\n<link rel=\"canonical\" href=\"https:\/\/dmcsrb.com\/en\/drustvo\/krapovic-da-se-nikada-ne-sluzi-interesima-drugih-vec-narodu-domovini-i-zajednickim-vrijednostima\/\" \/>\n<meta property=\"og:locale\" content=\"en_GB\" \/>\n<meta property=\"og:type\" content=\"article\" \/>\n<meta property=\"og:title\" content=\"Krapovi\u0107: Da se nikada ne slu\u017ei interesima drugih, ve\u0107 narodu, domovini i zajedni\u010dkim vrijednostima - dmcsrb.com\" \/>\n<meta property=\"og:description\" content=\"Vojska Crne Gore sve\u010dano je obilje\u017eila svoj Dan, 7. oktobar, ceremonijom u kasarni \u201eNarodni heroj Milovan \u0160aranovi\u0107\u201c u Danilovgradu, u znak sje\u0107anja na bitku na Tu\u0111emilima iz 1042. godine.\" \/>\n<meta property=\"og:url\" content=\"https:\/\/dmcsrb.com\/en\/drustvo\/krapovic-da-se-nikada-ne-sluzi-interesima-drugih-vec-narodu-domovini-i-zajednickim-vrijednostima\/\" \/>\n<meta property=\"og:site_name\" content=\"dmcsrb.com\" \/>\n<meta property=\"article:published_time\" content=\"2025-10-08T05:38:51+00:00\" \/>\n<meta property=\"og:image\" content=\"https:\/\/dmcsrb.com\/wp-content\/uploads\/2026\/01\/3-2.webp\" \/>\n\t<meta property=\"og:image:width\" content=\"1800\" \/>\n\t<meta property=\"og:image:height\" content=\"1200\" \/>\n\t<meta property=\"og:image:type\" content=\"image\/jpeg\" \/>\n<meta name=\"author\" content=\"dmcsrbija.com@gmail.com\" \/>\n<meta name=\"twitter:card\" content=\"summary_large_image\" \/>\n<meta name=\"twitter:label1\" content=\"Written by\" \/>\n\t<meta name=\"twitter:data1\" content=\"dmcsrbija.com@gmail.com\" \/>\n\t<meta name=\"twitter:label2\" content=\"Estimated reading time\" \/>\n\t<meta name=\"twitter:data2\" content=\"4 minutes\" \/>\n<script type=\"application\/ld+json\" class=\"yoast-schema-graph\">{\"@context\":\"https:\\\/\\\/schema.org\",\"@graph\":[{\"@type\":\"Article\",\"@id\":\"https:\\\/\\\/dmcsrb.com\\\/drustvo\\\/krapovic-da-se-nikada-ne-sluzi-interesima-drugih-vec-narodu-domovini-i-zajednickim-vrijednostima\\\/#article\",\"isPartOf\":{\"@id\":\"https:\\\/\\\/dmcsrb.com\\\/drustvo\\\/krapovic-da-se-nikada-ne-sluzi-interesima-drugih-vec-narodu-domovini-i-zajednickim-vrijednostima\\\/\"},\"author\":{\"name\":\"dmcsrbija.com@gmail.com\",\"@id\":\"https:\\\/\\\/dmcsrb.com\\\/#\\\/schema\\\/person\\\/5c39170f12db1b8b457732d0b5c854e2\"},\"headline\":\"Krapovi\u0107: Da se nikada ne slu\u017ei interesima drugih, ve\u0107 narodu, domovini i zajedni\u010dkim vrijednostima\",\"datePublished\":\"2025-10-08T05:38:51+00:00\",\"mainEntityOfPage\":{\"@id\":\"https:\\\/\\\/dmcsrb.com\\\/drustvo\\\/krapovic-da-se-nikada-ne-sluzi-interesima-drugih-vec-narodu-domovini-i-zajednickim-vrijednostima\\\/\"},\"wordCount\":829,\"commentCount\":0,\"image\":{\"@id\":\"https:\\\/\\\/dmcsrb.com\\\/drustvo\\\/krapovic-da-se-nikada-ne-sluzi-interesima-drugih-vec-narodu-domovini-i-zajednickim-vrijednostima\\\/#primaryimage\"},\"thumbnailUrl\":\"https:\\\/\\\/dmcsrb.com\\\/wp-content\\\/uploads\\\/2026\\\/01\\\/3-2.webp\",\"keywords\":[\"dan vojske\",\"proslava\"],\"articleSection\":[\"Dru\u0161tvo\"],\"inLanguage\":\"en-GB\",\"potentialAction\":[{\"@type\":\"CommentAction\",\"name\":\"Comment\",\"target\":[\"https:\\\/\\\/dmcsrb.com\\\/drustvo\\\/krapovic-da-se-nikada-ne-sluzi-interesima-drugih-vec-narodu-domovini-i-zajednickim-vrijednostima\\\/#respond\"]}]},{\"@type\":\"WebPage\",\"@id\":\"https:\\\/\\\/dmcsrb.com\\\/drustvo\\\/krapovic-da-se-nikada-ne-sluzi-interesima-drugih-vec-narodu-domovini-i-zajednickim-vrijednostima\\\/\",\"url\":\"https:\\\/\\\/dmcsrb.com\\\/drustvo\\\/krapovic-da-se-nikada-ne-sluzi-interesima-drugih-vec-narodu-domovini-i-zajednickim-vrijednostima\\\/\",\"name\":\"Krapovi\u0107: Da se nikada ne slu\u017ei interesima drugih, ve\u0107 narodu, domovini i zajedni\u010dkim vrijednostima - dmcsrb.com\",\"isPartOf\":{\"@id\":\"https:\\\/\\\/dmcsrb.com\\\/#website\"},\"primaryImageOfPage\":{\"@id\":\"https:\\\/\\\/dmcsrb.com\\\/drustvo\\\/krapovic-da-se-nikada-ne-sluzi-interesima-drugih-vec-narodu-domovini-i-zajednickim-vrijednostima\\\/#primaryimage\"},\"image\":{\"@id\":\"https:\\\/\\\/dmcsrb.com\\\/drustvo\\\/krapovic-da-se-nikada-ne-sluzi-interesima-drugih-vec-narodu-domovini-i-zajednickim-vrijednostima\\\/#primaryimage\"},\"thumbnailUrl\":\"https:\\\/\\\/dmcsrb.com\\\/wp-content\\\/uploads\\\/2026\\\/01\\\/3-2.webp\",\"datePublished\":\"2025-10-08T05:38:51+00:00\",\"author\":{\"@id\":\"https:\\\/\\\/dmcsrb.com\\\/#\\\/schema\\\/person\\\/5c39170f12db1b8b457732d0b5c854e2\"},\"breadcrumb\":{\"@id\":\"https:\\\/\\\/dmcsrb.com\\\/drustvo\\\/krapovic-da-se-nikada-ne-sluzi-interesima-drugih-vec-narodu-domovini-i-zajednickim-vrijednostima\\\/#breadcrumb\"},\"inLanguage\":\"en-GB\",\"potentialAction\":[{\"@type\":\"ReadAction\",\"target\":[\"https:\\\/\\\/dmcsrb.com\\\/drustvo\\\/krapovic-da-se-nikada-ne-sluzi-interesima-drugih-vec-narodu-domovini-i-zajednickim-vrijednostima\\\/\"]}]},{\"@type\":\"ImageObject\",\"inLanguage\":\"en-GB\",\"@id\":\"https:\\\/\\\/dmcsrb.com\\\/drustvo\\\/krapovic-da-se-nikada-ne-sluzi-interesima-drugih-vec-narodu-domovini-i-zajednickim-vrijednostima\\\/#primaryimage\",\"url\":\"https:\\\/\\\/dmcsrb.com\\\/wp-content\\\/uploads\\\/2026\\\/01\\\/3-2.webp\",\"contentUrl\":\"https:\\\/\\\/dmcsrb.com\\\/wp-content\\\/uploads\\\/2026\\\/01\\\/3-2.webp\",\"width\":1800,\"height\":1200},{\"@type\":\"BreadcrumbList\",\"@id\":\"https:\\\/\\\/dmcsrb.com\\\/drustvo\\\/krapovic-da-se-nikada-ne-sluzi-interesima-drugih-vec-narodu-domovini-i-zajednickim-vrijednostima\\\/#breadcrumb\",\"itemListElement\":[{\"@type\":\"ListItem\",\"position\":1,\"name\":\"Home\",\"item\":\"https:\\\/\\\/dmcsrb.com\\\/\"},{\"@type\":\"ListItem\",\"position\":2,\"name\":\"Krapovi\u0107: Da se nikada ne slu\u017ei interesima drugih, ve\u0107 narodu, domovini i zajedni\u010dkim vrijednostima\"}]},{\"@type\":\"WebSite\",\"@id\":\"https:\\\/\\\/dmcsrb.com\\\/#website\",\"url\":\"https:\\\/\\\/dmcsrb.com\\\/\",\"name\":\"dmcsrb.com\",\"description\":\"\",\"potentialAction\":[{\"@type\":\"SearchAction\",\"target\":{\"@type\":\"EntryPoint\",\"urlTemplate\":\"https:\\\/\\\/dmcsrb.com\\\/?s={search_term_string}\"},\"query-input\":{\"@type\":\"PropertyValueSpecification\",\"valueRequired\":true,\"valueName\":\"search_term_string\"}}],\"inLanguage\":\"en-GB\"},{\"@type\":\"Person\",\"@id\":\"https:\\\/\\\/dmcsrb.com\\\/#\\\/schema\\\/person\\\/5c39170f12db1b8b457732d0b5c854e2\",\"name\":\"dmcsrbija.com@gmail.com\",\"image\":{\"@type\":\"ImageObject\",\"inLanguage\":\"en-GB\",\"@id\":\"https:\\\/\\\/secure.gravatar.com\\\/avatar\\\/68592660ad6347fad0fb587f8d5d8f1a7b44961362f56e4f2cd524feb87e9069?s=96&d=mm&r=g\",\"url\":\"https:\\\/\\\/secure.gravatar.com\\\/avatar\\\/68592660ad6347fad0fb587f8d5d8f1a7b44961362f56e4f2cd524feb87e9069?s=96&d=mm&r=g\",\"contentUrl\":\"https:\\\/\\\/secure.gravatar.com\\\/avatar\\\/68592660ad6347fad0fb587f8d5d8f1a7b44961362f56e4f2cd524feb87e9069?s=96&d=mm&r=g\",\"caption\":\"dmcsrbija.com@gmail.com\"},\"sameAs\":[\"https:\\\/\\\/dmcsrb.com\"],\"url\":\"https:\\\/\\\/dmcsrb.com\\\/en\\\/author\\\/dmcsrbija-comgmail-com\\\/\"}]}<\/script>\n<!-- \/ Yoast SEO plugin. -->","yoast_head_json":{"title":"Krapovi\u0107: Da se nikada ne slu\u017ei interesima drugih, ve\u0107 narodu, domovini i zajedni\u010dkim vrijednostima - dmcsrb.com","robots":{"index":"index","follow":"follow","max-snippet":"max-snippet:-1","max-image-preview":"max-image-preview:large","max-video-preview":"max-video-preview:-1"},"canonical":"https:\/\/dmcsrb.com\/en\/drustvo\/krapovic-da-se-nikada-ne-sluzi-interesima-drugih-vec-narodu-domovini-i-zajednickim-vrijednostima\/","og_locale":"en_GB","og_type":"article","og_title":"Krapovi\u0107: Da se nikada ne slu\u017ei interesima drugih, ve\u0107 narodu, domovini i zajedni\u010dkim vrijednostima - dmcsrb.com","og_description":"Vojska Crne Gore sve\u010dano je obilje\u017eila svoj Dan, 7. oktobar, ceremonijom u kasarni \u201eNarodni heroj Milovan \u0160aranovi\u0107\u201c u Danilovgradu, u znak sje\u0107anja na bitku na Tu\u0111emilima iz 1042. godine.","og_url":"https:\/\/dmcsrb.com\/en\/drustvo\/krapovic-da-se-nikada-ne-sluzi-interesima-drugih-vec-narodu-domovini-i-zajednickim-vrijednostima\/","og_site_name":"dmcsrb.com","article_published_time":"2025-10-08T05:38:51+00:00","og_image":[{"width":1800,"height":1200,"url":"https:\/\/dmcsrb.com\/wp-content\/uploads\/2026\/01\/3-2.webp","type":"image\/jpeg"}],"author":"dmcsrbija.com@gmail.com","twitter_card":"summary_large_image","twitter_misc":{"Written by":"dmcsrbija.com@gmail.com","Estimated reading time":"4 minutes"},"schema":{"@context":"https:\/\/schema.org","@graph":[{"@type":"Article","@id":"https:\/\/dmcsrb.com\/drustvo\/krapovic-da-se-nikada-ne-sluzi-interesima-drugih-vec-narodu-domovini-i-zajednickim-vrijednostima\/#article","isPartOf":{"@id":"https:\/\/dmcsrb.com\/drustvo\/krapovic-da-se-nikada-ne-sluzi-interesima-drugih-vec-narodu-domovini-i-zajednickim-vrijednostima\/"},"author":{"name":"dmcsrbija.com@gmail.com","@id":"https:\/\/dmcsrb.com\/#\/schema\/person\/5c39170f12db1b8b457732d0b5c854e2"},"headline":"Krapovi\u0107: Da se nikada ne slu\u017ei interesima drugih, ve\u0107 narodu, domovini i zajedni\u010dkim vrijednostima","datePublished":"2025-10-08T05:38:51+00:00","mainEntityOfPage":{"@id":"https:\/\/dmcsrb.com\/drustvo\/krapovic-da-se-nikada-ne-sluzi-interesima-drugih-vec-narodu-domovini-i-zajednickim-vrijednostima\/"},"wordCount":829,"commentCount":0,"image":{"@id":"https:\/\/dmcsrb.com\/drustvo\/krapovic-da-se-nikada-ne-sluzi-interesima-drugih-vec-narodu-domovini-i-zajednickim-vrijednostima\/#primaryimage"},"thumbnailUrl":"https:\/\/dmcsrb.com\/wp-content\/uploads\/2026\/01\/3-2.webp","keywords":["dan vojske","proslava"],"articleSection":["Dru\u0161tvo"],"inLanguage":"en-GB","potentialAction":[{"@type":"CommentAction","name":"Comment","target":["https:\/\/dmcsrb.com\/drustvo\/krapovic-da-se-nikada-ne-sluzi-interesima-drugih-vec-narodu-domovini-i-zajednickim-vrijednostima\/#respond"]}]},{"@type":"WebPage","@id":"https:\/\/dmcsrb.com\/drustvo\/krapovic-da-se-nikada-ne-sluzi-interesima-drugih-vec-narodu-domovini-i-zajednickim-vrijednostima\/","url":"https:\/\/dmcsrb.com\/drustvo\/krapovic-da-se-nikada-ne-sluzi-interesima-drugih-vec-narodu-domovini-i-zajednickim-vrijednostima\/","name":"Krapovi\u0107: Da se nikada ne slu\u017ei interesima drugih, ve\u0107 narodu, domovini i zajedni\u010dkim vrijednostima - dmcsrb.com","isPartOf":{"@id":"https:\/\/dmcsrb.com\/#website"},"primaryImageOfPage":{"@id":"https:\/\/dmcsrb.com\/drustvo\/krapovic-da-se-nikada-ne-sluzi-interesima-drugih-vec-narodu-domovini-i-zajednickim-vrijednostima\/#primaryimage"},"image":{"@id":"https:\/\/dmcsrb.com\/drustvo\/krapovic-da-se-nikada-ne-sluzi-interesima-drugih-vec-narodu-domovini-i-zajednickim-vrijednostima\/#primaryimage"},"thumbnailUrl":"https:\/\/dmcsrb.com\/wp-content\/uploads\/2026\/01\/3-2.webp","datePublished":"2025-10-08T05:38:51+00:00","author":{"@id":"https:\/\/dmcsrb.com\/#\/schema\/person\/5c39170f12db1b8b457732d0b5c854e2"},"breadcrumb":{"@id":"https:\/\/dmcsrb.com\/drustvo\/krapovic-da-se-nikada-ne-sluzi-interesima-drugih-vec-narodu-domovini-i-zajednickim-vrijednostima\/#breadcrumb"},"inLanguage":"en-GB","potentialAction":[{"@type":"ReadAction","target":["https:\/\/dmcsrb.com\/drustvo\/krapovic-da-se-nikada-ne-sluzi-interesima-drugih-vec-narodu-domovini-i-zajednickim-vrijednostima\/"]}]},{"@type":"ImageObject","inLanguage":"en-GB","@id":"https:\/\/dmcsrb.com\/drustvo\/krapovic-da-se-nikada-ne-sluzi-interesima-drugih-vec-narodu-domovini-i-zajednickim-vrijednostima\/#primaryimage","url":"https:\/\/dmcsrb.com\/wp-content\/uploads\/2026\/01\/3-2.webp","contentUrl":"https:\/\/dmcsrb.com\/wp-content\/uploads\/2026\/01\/3-2.webp","width":1800,"height":1200},{"@type":"BreadcrumbList","@id":"https:\/\/dmcsrb.com\/drustvo\/krapovic-da-se-nikada-ne-sluzi-interesima-drugih-vec-narodu-domovini-i-zajednickim-vrijednostima\/#breadcrumb","itemListElement":[{"@type":"ListItem","position":1,"name":"Home","item":"https:\/\/dmcsrb.com\/"},{"@type":"ListItem","position":2,"name":"Krapovi\u0107: Da se nikada ne slu\u017ei interesima drugih, ve\u0107 narodu, domovini i zajedni\u010dkim vrijednostima"}]},{"@type":"WebSite","@id":"https:\/\/dmcsrb.com\/#website","url":"https:\/\/dmcsrb.com\/","name":"dmcsrb.com","description":"","potentialAction":[{"@type":"SearchAction","target":{"@type":"EntryPoint","urlTemplate":"https:\/\/dmcsrb.com\/?s={search_term_string}"},"query-input":{"@type":"PropertyValueSpecification","valueRequired":true,"valueName":"search_term_string"}}],"inLanguage":"en-GB"},{"@type":"Person","@id":"https:\/\/dmcsrb.com\/#\/schema\/person\/5c39170f12db1b8b457732d0b5c854e2","name":"dmcsrbija.com@gmail.com","image":{"@type":"ImageObject","inLanguage":"en-GB","@id":"https:\/\/secure.gravatar.com\/avatar\/68592660ad6347fad0fb587f8d5d8f1a7b44961362f56e4f2cd524feb87e9069?s=96&d=mm&r=g","url":"https:\/\/secure.gravatar.com\/avatar\/68592660ad6347fad0fb587f8d5d8f1a7b44961362f56e4f2cd524feb87e9069?s=96&d=mm&r=g","contentUrl":"https:\/\/secure.gravatar.com\/avatar\/68592660ad6347fad0fb587f8d5d8f1a7b44961362f56e4f2cd524feb87e9069?s=96&d=mm&r=g","caption":"dmcsrbija.com@gmail.com"},"sameAs":["https:\/\/dmcsrb.com"],"url":"https:\/\/dmcsrb.com\/en\/author\/dmcsrbija-comgmail-com\/"}]}},"_links":{"self":[{"href":"https:\/\/dmcsrb.com\/en\/wp-json\/wp\/v2\/posts\/956487","targetHints":{"allow":["GET"]}}],"collection":[{"href":"https:\/\/dmcsrb.com\/en\/wp-json\/wp\/v2\/posts"}],"about":[{"href":"https:\/\/dmcsrb.com\/en\/wp-json\/wp\/v2\/types\/post"}],"author":[{"embeddable":true,"href":"https:\/\/dmcsrb.com\/en\/wp-json\/wp\/v2\/users\/1"}],"replies":[{"embeddable":true,"href":"https:\/\/dmcsrb.com\/en\/wp-json\/wp\/v2\/comments?post=956487"}],"version-history":[{"count":0,"href":"https:\/\/dmcsrb.com\/en\/wp-json\/wp\/v2\/posts\/956487\/revisions"}],"wp:featuredmedia":[{"embeddable":true,"href":"https:\/\/dmcsrb.com\/en\/wp-json\/wp\/v2\/media\/956488"}],"wp:attachment":[{"href":"https:\/\/dmcsrb.com\/en\/wp-json\/wp\/v2\/media?parent=956487"}],"wp:term":[{"taxonomy":"category","embeddable":true,"href":"https:\/\/dmcsrb.com\/en\/wp-json\/wp\/v2\/categories?post=956487"},{"taxonomy":"post_tag","embeddable":true,"href":"https:\/\/dmcsrb.com\/en\/wp-json\/wp\/v2\/tags?post=956487"},{"taxonomy":"naslovna","embeddable":true,"href":"https:\/\/dmcsrb.com\/en\/wp-json\/wp\/v2\/naslovna?post=956487"}],"curies":[{"name":"wp","href":"https:\/\/api.w.org\/{rel}","templated":true}]}}