{"id":956483,"date":"2025-10-08T08:03:00","date_gmt":"2025-10-08T06:03:00","guid":{"rendered":"https:\/\/dmcsrb.com\/uncategorized\/odrzano-drugo-izdanje-music-hills-festivala\/"},"modified":"2025-10-08T08:03:00","modified_gmt":"2025-10-08T06:03:00","slug":"odrzano-drugo-izdanje-music-hills-festivala","status":"publish","type":"post","link":"https:\/\/dmcsrb.com\/en\/kultura\/odrzano-drugo-izdanje-music-hills-festivala\/","title":{"rendered":"Odr\u017eano drugo izdanje MUSIC &amp; HILLS festivala"},"content":{"rendered":"<p><\/p>\n\n\n\n<p>U \u010detvrtak, 02.10. imali smo prilike da \u010dujemo 4 sjajna crnogorska benda i to Mu\u010din, Quiet Dogs, Grimm i Krajnji sjever, a premijeru je do\u017eivjela nova epizoda Lokalnih hoda\u010da posve\u0107ena festivalu.<\/p>\n\n\n\n<figure class=\"wp-block-image size-large\"><img decoding=\"async\" src=\"https:\/\/gradski.me\/wp-content\/uploads\/2025\/10\/562830539_24572515849115510_2296422121169927735_n-682x1024.jpg\" alt=\"\" class=\"wp-image-847317\"\/><figcaption class=\"wp-element-caption\"><strong>Mu\u010din<\/strong>, foto: <strong>Aleksandar Ratkovi\u0107<\/strong><\/figcaption><\/figure>\n\n\n\n<p>Mu\u010din je predstavio numere sa svoja oba mini izdanja i dobro zagrijao publiku, a Quiet Dogs iza\u0161li i pokazali kako to radi najmla\u0111i crnogorski hard core bend. Sirova energija i sna\u017eni rifovi pokrenuli su publiku tako da nijesu izostale ni &#8221;\u0161utke&#8221;.<\/p>\n\n\n\n<figure class=\"wp-block-image size-large\"><img decoding=\"async\" src=\"https:\/\/gradski.me\/wp-content\/uploads\/2025\/10\/563004960_1100848382130531_9135961724703244197_n-1024x683.jpg\" alt=\"\" class=\"wp-image-847318\"\/><figcaption class=\"wp-element-caption\"><strong>Quiet Dogs<\/strong>, foto: <strong>Aleksandar Ratkovi\u0107<\/strong><\/figcaption><\/figure>\n\n\n\n<p>Nakon nastupa ova dva benda imali smo priliku da premijerno odgledamo reporta\u017eu Lokalnih hoda\u010da posve\u0107enu festivalu, o usponu na vrh Tora\u010d u Ku\u010dkim planinama.<\/p>\n\n\n\n<figure class=\"wp-block-image size-large\"><img decoding=\"async\" src=\"https:\/\/gradski.me\/wp-content\/uploads\/2025\/10\/553958831_1562376475129274_338758552522637688_n-682x1024.jpg\" alt=\"\" class=\"wp-image-847319\"\/><figcaption class=\"wp-element-caption\"><strong>Grimm<\/strong>, foto: <strong>Aleksandar Ratkovi\u0107<\/strong><\/figcaption><\/figure>\n\n\n\n<p>Drugi dio ve\u010deri bio je rezervisan za legendarnu barsku grupu Grimm, koji su odr\u017eali dugosviraju\u0107i koncert, proveli nas kroz kompletan tridesetogodi\u0161nji opus benda i pokazali za\u0161to su sve ove godine opstali na sceni. Neponovljiva energija i horsko pjevanje njihovih najpoznatijih hitova odzvanjali su Kolektorom i pored jako hladne oktobarske ve\u010deri.<\/p>\n\n\n\n<p>Priliku da zatvori prvo ve\u010de festivala sjajno je iskoristio podgori\u010dki bend Krajnji sjever, sastavljen od iskusnih muzi\u010dara, koji su svojom atmosferi\u010dnom a ujedno i energi\u010dnom svirkom na pravi na\u010din zaokru\u017eili ovo sjajno ve\u010de posve\u0107eno crnogorskim muzi\u010darima.<\/p>\n\n\n\n<p>U petak, 03.10. slu\u0161ali smo Petrikor 1858, Parampa\u0161\u010dad i Nikolu Vranjkovi\u0107a.<\/p>\n\n\n\n<figure class=\"wp-block-image size-large\"><img decoding=\"async\" src=\"https:\/\/gradski.me\/wp-content\/uploads\/2025\/10\/552252122_685089807956635_8560001782243696142_n-1024x576.jpg\" alt=\"\" class=\"wp-image-847321\"\/><figcaption class=\"wp-element-caption\"><strong>Petrikor<\/strong>, foto: <strong>Aleksandar Ratkovi\u0107<\/strong><\/figcaption><\/figure>\n\n\n\n<p>Satnica je prili\u010dno dobro ispo\u0161tovana, pa smo ve\u0107 od 20:10 imali prilike da u\u017eivamo u sjajnoj energiji mladih podgori\u010dana Petrikora 1858, koji su ve\u0107 stvorili bazu vjernih fanova koji odmah napravili atmosferu i sve je moglo da po\u010dne. Njihova publika je pokazala da ve\u0107 znaju pjesme, skoro pa sve sa njihovog prvog albuma.<\/p>\n\n\n\n<figure class=\"wp-block-image size-large\"><img decoding=\"async\" src=\"https:\/\/gradski.me\/wp-content\/uploads\/2025\/10\/557043328_2647612162253902_7853983232098045425_n-1024x683.jpg\" alt=\"\" class=\"wp-image-847322\"\/><figcaption class=\"wp-element-caption\"><strong>Parampa\u0161\u010dad<\/strong>, foto: <strong>Aleksandar Ratkovi\u0107<\/strong><\/figcaption><\/figure>\n\n\n\n<p>Parampa\u0161\u010dad, po prvi put u Kolektoru, pokazali su da im i takvi prostori itekako odgovaraju pa su isporu\u010dili sjajnu svirku, re\u0111ali hitove i rasplesali brojnu publiku koja je od po\u010detka do kraja ispratila skoro svaku pjesmu. Highlight njihovog nastupa je sigurno izlazak na binu \u010dlanova Petrikora 1858 koji su plesnim performansom zapalili atmosferu u toku izvo\u0111enja pjesme &#8221;Dan kad bi\u0107e sve u redu&#8221;.<\/p>\n\n\n\n<figure class=\"wp-block-image size-large\"><img decoding=\"async\" src=\"https:\/\/gradski.me\/wp-content\/uploads\/2025\/10\/552373541_1802557387317462_3143672066434660675_n-1024x683.jpg\" alt=\"\" class=\"wp-image-847323\"\/><figcaption class=\"wp-element-caption\"><strong>Nikola Vranjkovi\u0107<\/strong>, foto: <strong>Aleksandar Ratkovi\u0107<\/strong><\/figcaption><\/figure>\n\n\n\n<p>O drugom nastupu Nikole Vranjkovi\u0107a u Kolektoru i ne ne treba tro\u0161iti puno rije\u010di. Magija je po\u010dela od prvog minuta njegovog nastupa. Jedinstveni spoj zvuka i svijetla potpuno je uvukao publiku u autenti\u010dnu energiju i nije je pustio do zadnjeg odsviranog tona. Vranjkovi\u0107 i ekipa su se vratili na mjesto trijumfalnog koncerta iz 2022 i pokazali za\u0161to spadaju u sami vrh ju\u017enoevropske muzi\u010dke scene, i rekli bismo zaslu\u017euju mnogo vi\u0161e pa\u017enje. Savr\u0161enstvo svakog odsviranog tona probudio je uspomene, emocije a nekima i izmamio suzu. Reklo bi se savr\u0161eno finale festivala, koji je svojim drugim izdanjem udario temelje manifestacije koja pretenduje da bude jedan od stubova crnogorske alternativne scene.<\/p>\n\n\n\n<p>Vidimo se 2026 godine, nadamo se jo\u0161 bolji i ljep\u0161i!<\/p>\n\n\n\n<p>Music and Hills festival ne odstupa od svojih na\u010dela. Ideja festivala jeste da podsjeti na sklad \u010dovjeka i prirode, te da kroz muzi\u010dki izraz naglasi va\u017enost o\u010duvanja tog odnosa. Tako\u0111e, misija festivala jeste da vremenom postane platforma za crnogorske bendove i kao takav doprinese podizanju kvaliteta predstavljanja crnogorske muzi\u010dke scene.<\/p>\n\n\n\n<p>Festival podr\u017eavaju Sekretarijat za kulturu Glavnog grada, Ministarstvo kulture i medija, Ministrastvo turizma, PAM, Grawe \u017eivotno osiguranje, Proin assistance, Riblji restoran Mi\u0161ko, Blackdot i Itialus Jokanovi\u0107 accounting.<\/p>","protected":false},"excerpt":{"rendered":"<p>Nakon uspje\u0161nog debitantskog izdanja, Music and Hills festival je do\u017eivio i svoje drugo izdanje &#8211; 02. i 03. oktobra, u Podgorici u Kolektoru koji je za kratko vrijeme stekao reputaciju kultnog prostora za svirke u Podgorici. Ove godine oti\u0161lo se i jedan (ili kako neki posjetioci reko\u0161e vi\u0161e) koraka naprijed u pogledu ukupne organizacije i izbora izvo\u0111a\u010da<\/p>","protected":false},"author":1,"featured_media":956484,"comment_status":"open","ping_status":"open","sticky":false,"template":"","format":"standard","meta":{"_acf_changed":false,"footnotes":""},"categories":[50],"tags":[10711,10712],"naslovna":[],"class_list":["post-956483","post","type-post","status-publish","format-standard","has-post-thumbnail","hentry","category-kultura","tag-drugo-izdanje","tag-music-hills-festival"],"acf":[],"yoast_head":"<!-- This site is optimized with the Yoast SEO plugin v27.0 - https:\/\/yoast.com\/product\/yoast-seo-wordpress\/ -->\n<title>Odr\u017eano drugo izdanje MUSIC &amp; HILLS festivala - dmcsrb.com<\/title>\n<meta name=\"robots\" content=\"index, follow, max-snippet:-1, max-image-preview:large, max-video-preview:-1\" \/>\n<link rel=\"canonical\" href=\"https:\/\/dmcsrb.com\/en\/kultura\/odrzano-drugo-izdanje-music-hills-festivala\/\" \/>\n<meta property=\"og:locale\" content=\"en_GB\" \/>\n<meta property=\"og:type\" content=\"article\" \/>\n<meta property=\"og:title\" content=\"Odr\u017eano drugo izdanje MUSIC &amp; HILLS festivala - dmcsrb.com\" \/>\n<meta property=\"og:description\" content=\"Nakon uspje\u0161nog debitantskog izdanja, Music and Hills festival je do\u017eivio i svoje drugo izdanje - 02. i 03. oktobra, u Podgorici u Kolektoru koji je za kratko vrijeme stekao reputaciju kultnog prostora za svirke u Podgorici. Ove godine oti\u0161lo se i jedan (ili kako neki posjetioci reko\u0161e vi\u0161e) koraka naprijed u pogledu ukupne organizacije i izbora izvo\u0111a\u010da\" \/>\n<meta property=\"og:url\" content=\"https:\/\/dmcsrb.com\/en\/kultura\/odrzano-drugo-izdanje-music-hills-festivala\/\" \/>\n<meta property=\"og:site_name\" content=\"dmcsrb.com\" \/>\n<meta property=\"article:published_time\" content=\"2025-10-08T06:03:00+00:00\" \/>\n<meta property=\"og:image\" content=\"https:\/\/dmcsrb.com\/wp-content\/uploads\/2026\/01\/552577079_811348984594304_7219267049956609424_n.webp\" \/>\n\t<meta property=\"og:image:width\" content=\"1281\" \/>\n\t<meta property=\"og:image:height\" content=\"720\" \/>\n\t<meta property=\"og:image:type\" content=\"image\/jpeg\" \/>\n<meta name=\"author\" content=\"dmcsrbija.com@gmail.com\" \/>\n<meta name=\"twitter:card\" content=\"summary_large_image\" \/>\n<meta name=\"twitter:label1\" content=\"Written by\" \/>\n\t<meta name=\"twitter:data1\" content=\"dmcsrbija.com@gmail.com\" \/>\n\t<meta name=\"twitter:label2\" content=\"Estimated reading time\" \/>\n\t<meta name=\"twitter:data2\" content=\"3 minutes\" \/>\n<script type=\"application\/ld+json\" class=\"yoast-schema-graph\">{\"@context\":\"https:\/\/schema.org\",\"@graph\":[{\"@type\":\"Article\",\"@id\":\"https:\/\/dmcsrb.com\/kultura\/odrzano-drugo-izdanje-music-hills-festivala\/#article\",\"isPartOf\":{\"@id\":\"https:\/\/dmcsrb.com\/kultura\/odrzano-drugo-izdanje-music-hills-festivala\/\"},\"author\":{\"name\":\"dmcsrbija.com@gmail.com\",\"@id\":\"https:\/\/dmcsrb.com\/#\/schema\/person\/5c39170f12db1b8b457732d0b5c854e2\"},\"headline\":\"Odr\u017eano drugo izdanje MUSIC &amp; HILLS festivala\",\"datePublished\":\"2025-10-08T06:03:00+00:00\",\"mainEntityOfPage\":{\"@id\":\"https:\/\/dmcsrb.com\/kultura\/odrzano-drugo-izdanje-music-hills-festivala\/\"},\"wordCount\":595,\"commentCount\":0,\"image\":{\"@id\":\"https:\/\/dmcsrb.com\/kultura\/odrzano-drugo-izdanje-music-hills-festivala\/#primaryimage\"},\"thumbnailUrl\":\"https:\/\/dmcsrb.com\/wp-content\/uploads\/2026\/01\/552577079_811348984594304_7219267049956609424_n.webp\",\"keywords\":[\"Drugo izdanje\",\"Music &amp; Hills Festival\"],\"articleSection\":[\"Kultura\"],\"inLanguage\":\"en-GB\",\"potentialAction\":[{\"@type\":\"CommentAction\",\"name\":\"Comment\",\"target\":[\"https:\/\/dmcsrb.com\/kultura\/odrzano-drugo-izdanje-music-hills-festivala\/#respond\"]}]},{\"@type\":\"WebPage\",\"@id\":\"https:\/\/dmcsrb.com\/kultura\/odrzano-drugo-izdanje-music-hills-festivala\/\",\"url\":\"https:\/\/dmcsrb.com\/kultura\/odrzano-drugo-izdanje-music-hills-festivala\/\",\"name\":\"Odr\u017eano drugo izdanje MUSIC &amp; HILLS festivala - dmcsrb.com\",\"isPartOf\":{\"@id\":\"https:\/\/dmcsrb.com\/#website\"},\"primaryImageOfPage\":{\"@id\":\"https:\/\/dmcsrb.com\/kultura\/odrzano-drugo-izdanje-music-hills-festivala\/#primaryimage\"},\"image\":{\"@id\":\"https:\/\/dmcsrb.com\/kultura\/odrzano-drugo-izdanje-music-hills-festivala\/#primaryimage\"},\"thumbnailUrl\":\"https:\/\/dmcsrb.com\/wp-content\/uploads\/2026\/01\/552577079_811348984594304_7219267049956609424_n.webp\",\"datePublished\":\"2025-10-08T06:03:00+00:00\",\"author\":{\"@id\":\"https:\/\/dmcsrb.com\/#\/schema\/person\/5c39170f12db1b8b457732d0b5c854e2\"},\"breadcrumb\":{\"@id\":\"https:\/\/dmcsrb.com\/kultura\/odrzano-drugo-izdanje-music-hills-festivala\/#breadcrumb\"},\"inLanguage\":\"en-GB\",\"potentialAction\":[{\"@type\":\"ReadAction\",\"target\":[\"https:\/\/dmcsrb.com\/kultura\/odrzano-drugo-izdanje-music-hills-festivala\/\"]}]},{\"@type\":\"ImageObject\",\"inLanguage\":\"en-GB\",\"@id\":\"https:\/\/dmcsrb.com\/kultura\/odrzano-drugo-izdanje-music-hills-festivala\/#primaryimage\",\"url\":\"https:\/\/dmcsrb.com\/wp-content\/uploads\/2026\/01\/552577079_811348984594304_7219267049956609424_n.webp\",\"contentUrl\":\"https:\/\/dmcsrb.com\/wp-content\/uploads\/2026\/01\/552577079_811348984594304_7219267049956609424_n.webp\",\"width\":1281,\"height\":720},{\"@type\":\"BreadcrumbList\",\"@id\":\"https:\/\/dmcsrb.com\/kultura\/odrzano-drugo-izdanje-music-hills-festivala\/#breadcrumb\",\"itemListElement\":[{\"@type\":\"ListItem\",\"position\":1,\"name\":\"Home\",\"item\":\"https:\/\/dmcsrb.com\/\"},{\"@type\":\"ListItem\",\"position\":2,\"name\":\"Odr\u017eano drugo izdanje MUSIC &amp; HILLS festivala\"}]},{\"@type\":\"WebSite\",\"@id\":\"https:\/\/dmcsrb.com\/#website\",\"url\":\"https:\/\/dmcsrb.com\/\",\"name\":\"dmcsrb.com\",\"description\":\"\",\"potentialAction\":[{\"@type\":\"SearchAction\",\"target\":{\"@type\":\"EntryPoint\",\"urlTemplate\":\"https:\/\/dmcsrb.com\/?s={search_term_string}\"},\"query-input\":{\"@type\":\"PropertyValueSpecification\",\"valueRequired\":true,\"valueName\":\"search_term_string\"}}],\"inLanguage\":\"en-GB\"},{\"@type\":\"Person\",\"@id\":\"https:\/\/dmcsrb.com\/#\/schema\/person\/5c39170f12db1b8b457732d0b5c854e2\",\"name\":\"dmcsrbija.com@gmail.com\",\"image\":{\"@type\":\"ImageObject\",\"inLanguage\":\"en-GB\",\"@id\":\"https:\/\/dmcsrb.com\/#\/schema\/person\/image\/\",\"url\":\"https:\/\/secure.gravatar.com\/avatar\/68592660ad6347fad0fb587f8d5d8f1a7b44961362f56e4f2cd524feb87e9069?s=96&d=mm&r=g\",\"contentUrl\":\"https:\/\/secure.gravatar.com\/avatar\/68592660ad6347fad0fb587f8d5d8f1a7b44961362f56e4f2cd524feb87e9069?s=96&d=mm&r=g\",\"caption\":\"dmcsrbija.com@gmail.com\"},\"sameAs\":[\"https:\/\/dmcsrb.com\"],\"url\":\"https:\/\/dmcsrb.com\/en\/author\/dmcsrbija-comgmail-com\/\"}]}<\/script>\n<!-- \/ Yoast SEO plugin. -->","yoast_head_json":{"title":"Odr\u017eano drugo izdanje MUSIC &amp; HILLS festivala - dmcsrb.com","robots":{"index":"index","follow":"follow","max-snippet":"max-snippet:-1","max-image-preview":"max-image-preview:large","max-video-preview":"max-video-preview:-1"},"canonical":"https:\/\/dmcsrb.com\/en\/kultura\/odrzano-drugo-izdanje-music-hills-festivala\/","og_locale":"en_GB","og_type":"article","og_title":"Odr\u017eano drugo izdanje MUSIC &amp; HILLS festivala - dmcsrb.com","og_description":"Nakon uspje\u0161nog debitantskog izdanja, Music and Hills festival je do\u017eivio i svoje drugo izdanje - 02. i 03. oktobra, u Podgorici u Kolektoru koji je za kratko vrijeme stekao reputaciju kultnog prostora za svirke u Podgorici. Ove godine oti\u0161lo se i jedan (ili kako neki posjetioci reko\u0161e vi\u0161e) koraka naprijed u pogledu ukupne organizacije i izbora izvo\u0111a\u010da","og_url":"https:\/\/dmcsrb.com\/en\/kultura\/odrzano-drugo-izdanje-music-hills-festivala\/","og_site_name":"dmcsrb.com","article_published_time":"2025-10-08T06:03:00+00:00","og_image":[{"width":1281,"height":720,"url":"https:\/\/dmcsrb.com\/wp-content\/uploads\/2026\/01\/552577079_811348984594304_7219267049956609424_n.webp","type":"image\/jpeg"}],"author":"dmcsrbija.com@gmail.com","twitter_card":"summary_large_image","twitter_misc":{"Written by":"dmcsrbija.com@gmail.com","Estimated reading time":"3 minutes"},"schema":{"@context":"https:\/\/schema.org","@graph":[{"@type":"Article","@id":"https:\/\/dmcsrb.com\/kultura\/odrzano-drugo-izdanje-music-hills-festivala\/#article","isPartOf":{"@id":"https:\/\/dmcsrb.com\/kultura\/odrzano-drugo-izdanje-music-hills-festivala\/"},"author":{"name":"dmcsrbija.com@gmail.com","@id":"https:\/\/dmcsrb.com\/#\/schema\/person\/5c39170f12db1b8b457732d0b5c854e2"},"headline":"Odr\u017eano drugo izdanje MUSIC &amp; HILLS festivala","datePublished":"2025-10-08T06:03:00+00:00","mainEntityOfPage":{"@id":"https:\/\/dmcsrb.com\/kultura\/odrzano-drugo-izdanje-music-hills-festivala\/"},"wordCount":595,"commentCount":0,"image":{"@id":"https:\/\/dmcsrb.com\/kultura\/odrzano-drugo-izdanje-music-hills-festivala\/#primaryimage"},"thumbnailUrl":"https:\/\/dmcsrb.com\/wp-content\/uploads\/2026\/01\/552577079_811348984594304_7219267049956609424_n.webp","keywords":["Drugo izdanje","Music &amp; Hills Festival"],"articleSection":["Kultura"],"inLanguage":"en-GB","potentialAction":[{"@type":"CommentAction","name":"Comment","target":["https:\/\/dmcsrb.com\/kultura\/odrzano-drugo-izdanje-music-hills-festivala\/#respond"]}]},{"@type":"WebPage","@id":"https:\/\/dmcsrb.com\/kultura\/odrzano-drugo-izdanje-music-hills-festivala\/","url":"https:\/\/dmcsrb.com\/kultura\/odrzano-drugo-izdanje-music-hills-festivala\/","name":"Odr\u017eano drugo izdanje MUSIC &amp; HILLS festivala - dmcsrb.com","isPartOf":{"@id":"https:\/\/dmcsrb.com\/#website"},"primaryImageOfPage":{"@id":"https:\/\/dmcsrb.com\/kultura\/odrzano-drugo-izdanje-music-hills-festivala\/#primaryimage"},"image":{"@id":"https:\/\/dmcsrb.com\/kultura\/odrzano-drugo-izdanje-music-hills-festivala\/#primaryimage"},"thumbnailUrl":"https:\/\/dmcsrb.com\/wp-content\/uploads\/2026\/01\/552577079_811348984594304_7219267049956609424_n.webp","datePublished":"2025-10-08T06:03:00+00:00","author":{"@id":"https:\/\/dmcsrb.com\/#\/schema\/person\/5c39170f12db1b8b457732d0b5c854e2"},"breadcrumb":{"@id":"https:\/\/dmcsrb.com\/kultura\/odrzano-drugo-izdanje-music-hills-festivala\/#breadcrumb"},"inLanguage":"en-GB","potentialAction":[{"@type":"ReadAction","target":["https:\/\/dmcsrb.com\/kultura\/odrzano-drugo-izdanje-music-hills-festivala\/"]}]},{"@type":"ImageObject","inLanguage":"en-GB","@id":"https:\/\/dmcsrb.com\/kultura\/odrzano-drugo-izdanje-music-hills-festivala\/#primaryimage","url":"https:\/\/dmcsrb.com\/wp-content\/uploads\/2026\/01\/552577079_811348984594304_7219267049956609424_n.webp","contentUrl":"https:\/\/dmcsrb.com\/wp-content\/uploads\/2026\/01\/552577079_811348984594304_7219267049956609424_n.webp","width":1281,"height":720},{"@type":"BreadcrumbList","@id":"https:\/\/dmcsrb.com\/kultura\/odrzano-drugo-izdanje-music-hills-festivala\/#breadcrumb","itemListElement":[{"@type":"ListItem","position":1,"name":"Home","item":"https:\/\/dmcsrb.com\/"},{"@type":"ListItem","position":2,"name":"Odr\u017eano drugo izdanje MUSIC &amp; HILLS festivala"}]},{"@type":"WebSite","@id":"https:\/\/dmcsrb.com\/#website","url":"https:\/\/dmcsrb.com\/","name":"dmcsrb.com","description":"","potentialAction":[{"@type":"SearchAction","target":{"@type":"EntryPoint","urlTemplate":"https:\/\/dmcsrb.com\/?s={search_term_string}"},"query-input":{"@type":"PropertyValueSpecification","valueRequired":true,"valueName":"search_term_string"}}],"inLanguage":"en-GB"},{"@type":"Person","@id":"https:\/\/dmcsrb.com\/#\/schema\/person\/5c39170f12db1b8b457732d0b5c854e2","name":"dmcsrbija.com@gmail.com","image":{"@type":"ImageObject","inLanguage":"en-GB","@id":"https:\/\/dmcsrb.com\/#\/schema\/person\/image\/","url":"https:\/\/secure.gravatar.com\/avatar\/68592660ad6347fad0fb587f8d5d8f1a7b44961362f56e4f2cd524feb87e9069?s=96&d=mm&r=g","contentUrl":"https:\/\/secure.gravatar.com\/avatar\/68592660ad6347fad0fb587f8d5d8f1a7b44961362f56e4f2cd524feb87e9069?s=96&d=mm&r=g","caption":"dmcsrbija.com@gmail.com"},"sameAs":["https:\/\/dmcsrb.com"],"url":"https:\/\/dmcsrb.com\/en\/author\/dmcsrbija-comgmail-com\/"}]}},"_links":{"self":[{"href":"https:\/\/dmcsrb.com\/en\/wp-json\/wp\/v2\/posts\/956483","targetHints":{"allow":["GET"]}}],"collection":[{"href":"https:\/\/dmcsrb.com\/en\/wp-json\/wp\/v2\/posts"}],"about":[{"href":"https:\/\/dmcsrb.com\/en\/wp-json\/wp\/v2\/types\/post"}],"author":[{"embeddable":true,"href":"https:\/\/dmcsrb.com\/en\/wp-json\/wp\/v2\/users\/1"}],"replies":[{"embeddable":true,"href":"https:\/\/dmcsrb.com\/en\/wp-json\/wp\/v2\/comments?post=956483"}],"version-history":[{"count":0,"href":"https:\/\/dmcsrb.com\/en\/wp-json\/wp\/v2\/posts\/956483\/revisions"}],"wp:featuredmedia":[{"embeddable":true,"href":"https:\/\/dmcsrb.com\/en\/wp-json\/wp\/v2\/media\/956484"}],"wp:attachment":[{"href":"https:\/\/dmcsrb.com\/en\/wp-json\/wp\/v2\/media?parent=956483"}],"wp:term":[{"taxonomy":"category","embeddable":true,"href":"https:\/\/dmcsrb.com\/en\/wp-json\/wp\/v2\/categories?post=956483"},{"taxonomy":"post_tag","embeddable":true,"href":"https:\/\/dmcsrb.com\/en\/wp-json\/wp\/v2\/tags?post=956483"},{"taxonomy":"naslovna","embeddable":true,"href":"https:\/\/dmcsrb.com\/en\/wp-json\/wp\/v2\/naslovna?post=956483"}],"curies":[{"name":"wp","href":"https:\/\/api.w.org\/{rel}","templated":true}]}}