{"id":956461,"date":"2025-10-08T05:30:40","date_gmt":"2025-10-08T03:30:40","guid":{"rendered":"https:\/\/dmcsrb.com\/uncategorized\/boskovic-zaposljavao-fantom-vojnike\/"},"modified":"2025-10-08T05:30:40","modified_gmt":"2025-10-08T03:30:40","slug":"boskovic-zaposljavao-fantom-vojnike","status":"publish","type":"post","link":"https:\/\/dmcsrb.com\/en\/politika\/boskovic-zaposljavao-fantom-vojnike\/","title":{"rendered":"Bo\u0161kovi\u0107 zapo\u0161ljavao &#8220;fantom&#8221; vojnike"},"content":{"rendered":"<p><\/p>\n\n\n\n<p>Advokat Bo\u0161kovi\u0107a, Mihailo Volkov, kazao je da se njegov branjenik tereti da je kao koordinator DPS-a za izbore u Andrijevici i Beranama 2020. godine komunicirao sa uhap\u0161enim biznismenom Aleksandrom Mijajlovi\u0107em o tome kako \u0107e se na izborima izjasniti zaposleni u gra\u0111evinskim firmama Bemaksu i Geneksu. Sudija za istragu Vi\u0161eg suda pustio je ju\u010de Bo\u0161kovi\u0107a da se brani sa slobode, nakon \u0161to je uhap\u0161en u ponedjeljak.&nbsp;<\/p>\n\n\n\n<p>Posao u Vojsci Crne Gore, obi\u010dno je bila prva ponuda u razgovorima koje je svojevremeno imao sa gra\u0111anima, odnosno glasa\u010dima.<\/p>\n\n\n\n<p>Osim \u0161to je potro\u0161eno mnogo dr\u017eavnog novca za zemlji\u0161te za koje se ispostavilo da ni po \u010demu ne odgovara tim namjenama, obe\u0107anje o kasarni u Andrijevici ostalo je do danas samo mrtvo slovo na papiru.<\/p>\n\n\n\n<p>Ne samo da kasarna za \u201celitnu jedinicu od 150 vojnika\u201d nikada nije izgra\u0111ena, ve\u0107 se nedavno ispostavilo da i nova trasa druge dionice autputa do Andrijevice, kao i njegov dalji nastavak prema Beranama, prolazi preko parcele koju je dr\u017eava prije politi\u010dkih promjena kupila sa ciljem da se na njoj podigne vojni kompleks.<\/p>\n\n\n\n<p>Po\u010detkom ove godine lokalno rukovodstvo op\u0161tine sastalo se sa sa aktuelnim ministrom odbrane Draganom Krapovi\u0107em, ali preciznog odgovora nije bilo ni nakon tog sastanka.<\/p>\n\n\n\n<p>U saop\u0161tenju koje je to ministarstvo nakon toga izdalo navodi se jedino da su vo\u0111eni razgovori, bez preciznijih detalja.<\/p>\n\n\n\n<p>\u201cTema razgovora bila je saradnja Op\u0161tine sa Ministarstvom odbrane i Vojskom Crne Gore, gradnja nove kasarne u Andrijevici, kao i mogu\u0107nosti anga\u017eovanja In\u017eenjerijske \u010dete. Inicijativa o gradnji kasarne VCG postoji od 2019. godine, kada su Op\u0161tina i Ministarstvo odbrane podijelili svoje obaveze po tom pitanju. Vi\u0161e katastarskih parcela na podru\u010dju Op\u0161tine Andrijevica u me\u0111uvremenu je, nakon eksproprijacije, pre\u0161lo u dr\u017eavno vlasni\u0161tvo, a Ministarstvo odbrane je obezbijedilo arhitektonsko-urbanisti\u010dko rje\u0161enje za kasarnu\u201d, pisalo je u tom saop\u0161tenju.<\/p>\n\n\n\n<p>Pri\u010da o izgradnji kasarne u Andrijevici po\u010dela je 2018. godine kada je Vrhovni savjet odbrane Crne Gore donio takvu odluku.<\/p>\n\n\n\n<p>Tada je re\u010deno da se radi o projektu vrijednom 17 miliona eura i \u0107e se u ovoj kasarni stacionirati elitna pje\u0161adijska jedinica \u010dije formiranje mora da zadovolji propisane NATO standarde.<\/p>\n\n\n\n<p>Tako\u0111e, tada je saop\u0161teno da se ova jedinica mora formirati do 2020. godine, a za tada\u0161njem ministra Bo\u0161kovi\u0107a to je u obe\u0107anjima bila prioritetna investicija na sjeveru Crne Gore.<\/p>\n\n\n\n<p><img decoding=\"async\" width=\"100%\" src=\"https:\/\/rtcg.me\/upload\/\/media\/2025\/9\/7\/19\/27\/564\/2287903\/resize\/2287906\/lokacija_na_kojoj_je_trebalo_da_se_gradi_kasarna_675x900\" alt=\"Lokacija na kojoj je trebalo da se gradi kasarna\"><strong>Lokacija na kojoj je trebalo da se gradi kasarna<\/strong>, foto: <strong>RTCG<\/strong><\/p>\n\n\n\n<p>Ministarstvo odbrane je tada kupilo 45.000 metara kvadratnih zemlji\u0161ta u Andrijevici za potrebe gradnje kasarne i to na lokaciji koja se prostire pored rijeke Kralj\u0161tice i magistalnog puta Berane &#8211; Andrijevica.<\/p>\n\n\n\n<p>Nije bez zna\u010daja podsjetiti da je u vrijeme biv\u0161e Jugoslavije i potom zajedni\u010dke dr\u017eave Srbije i Crne Gore, Andrijevica bila zna\u010dajno vojno sjedi\u0161te. Tu je bila jedna velika kasarna, a zatim jo\u0161 nekoliko manjih kasarni i karaula u grani\u010dnom pojasu prema Albaniji.<\/p>\n\n\n\n<p>Za tim vremenima danas u Andrijevici svi \u017eale, jer je vojska odr\u017eavala infrastrukturu, ali isto tako i zapo\u0161ljavala zna\u010dajan broj lokalnog stanovni\u0161tva. Sve te kasarne, osim one u Jo\u0161anici koja je me\u0111unarodnim sredstvima pretvorena u hostel i takozvani<\/p>\n\n\n\n<p>\u201cAvanturisti\u010dki centar Mojan, danas su u fazi poptune zapu\u0161tenosti i propadanja. Zato pri\u010da o ponovnom otvaranju kasarne u ovoj varo\u0161ici nije bila bez odjeka i reakcija. Od onih koji su kritikovali, do drugih, koji su se radovali, o\u010dekuju\u0107i da \u0107e dvjesta vojnika maloj varo\u0161ici vratiti \u017eivot i koliko toliko zaustaviti zabrinjavaju\u0107e migracije.<\/p>\n\n\n\n<p>Iz partija koje su poslije promjena od 2020. godine na vlasti i u ovom gradu navode da hitno treba ispitati kako su radili \u201efantom\u201c vojnici, odnosno kako je prethodna vlast uo\u010di avgustovskih izbora izbora davala rje\u0161enja svojim pristalicama za rad u kasarni od koje nema ni\u0161ta.<\/p>\n\n\n\n<p>U Andrijevici se pri\u010dalo i kako su, naime, pojedina lica uo\u010di izbora dobila rje\u0161enja za rad u ovom objektu. Procurila je informacija da su neka lica dobijala odre\u0111ene nadoknade za poslove koje ne obavljaju, odnosno za rad u zgradi i na poligonima kojih nema.<\/p>\n\n\n\n<p>\u201cSve ovo bi nadle\u017ene dr\u017eavne institucije morale da ispitaju i provjere. Moralo bi se ispitati kako i pod kojim uslovima je kupljeno zemlji\u0161te i ko je odlu\u010dio da se to zemlji\u0161te kupi, a da se onda procjenom do\u0111e do zaklju\u010dka da ta lokacija apsolutno iz bezbjednosnih razloga ne odovara za te namjene\u201d, ka\u017eu u Andrijevici.<\/p>\n\n\n\n<p>Prva ministarka odbrane nakon politi\u010dkih promjena Olivera Injac prilikom posjete Andrijevici kazala je, naime, da \u201clokacija odre\u0111ena za izgradnju kasarne u Andrijevici nije pogodna za te namjene\u201d.<\/p>\n\n\n\n<p>\u010cetrdeset pet hiljada kvadratnih metara zemlji\u0161ta za potrebe gradnje kasarne, pored rijeke Kralj\u0161tice i samog magistalnog puta Berane \u2013 Andrijevica, zarasta u korov i podsje\u0107a na to da bi neko morao da snosi odgovornost zbog ba\u010denog novca. I zapo\u0161ljavanja \u201cfantom\u201d vojnika.<\/p>","protected":false},"excerpt":{"rendered":"<p>Biv\u0161i ministar odbrane i biv\u0161i poslanik DPS Predrag Bo\u0161kovi\u0107 neposredno prije parlamentarnih izbora 2020. godine, kao koordinator za Andrijevicu i Berane, \u201czaposlio\u201d je u nepostoje\u0107oj kasarni u Andrijevici zna\u010dajan broj vojnika.<\/p>","protected":false},"author":1,"featured_media":956462,"comment_status":"open","ping_status":"open","sticky":false,"template":"","format":"standard","meta":{"_acf_changed":false,"footnotes":""},"categories":[12],"tags":[10687,10387,3696],"naslovna":[],"class_list":["post-956461","post","type-post","status-publish","format-standard","has-post-thumbnail","hentry","category-politika","tag-fantom-vojnici","tag-predrag-boskovic","tag-zaposljavanje"],"acf":[],"yoast_head":"<!-- This site is optimized with the Yoast SEO plugin v27.4 - https:\/\/yoast.com\/product\/yoast-seo-wordpress\/ -->\n<title>Bo\u0161kovi\u0107 zapo\u0161ljavao &quot;fantom&quot; vojnike - dmcsrb.com<\/title>\n<meta name=\"robots\" content=\"index, follow, max-snippet:-1, max-image-preview:large, max-video-preview:-1\" \/>\n<link rel=\"canonical\" href=\"https:\/\/dmcsrb.com\/en\/politika\/boskovic-zaposljavao-fantom-vojnike\/\" \/>\n<meta property=\"og:locale\" content=\"en_GB\" \/>\n<meta property=\"og:type\" content=\"article\" \/>\n<meta property=\"og:title\" content=\"Bo\u0161kovi\u0107 zapo\u0161ljavao &quot;fantom&quot; vojnike - dmcsrb.com\" \/>\n<meta property=\"og:description\" content=\"Biv\u0161i ministar odbrane i biv\u0161i poslanik DPS Predrag Bo\u0161kovi\u0107 neposredno prije parlamentarnih izbora 2020. godine, kao koordinator za Andrijevicu i Berane, \u201czaposlio\u201d je u nepostoje\u0107oj kasarni u Andrijevici zna\u010dajan broj vojnika.\" \/>\n<meta property=\"og:url\" content=\"https:\/\/dmcsrb.com\/en\/politika\/boskovic-zaposljavao-fantom-vojnike\/\" \/>\n<meta property=\"og:site_name\" content=\"dmcsrb.com\" \/>\n<meta property=\"article:published_time\" content=\"2025-10-08T03:30:40+00:00\" \/>\n<meta property=\"og:image\" content=\"https:\/\/dmcsrb.com\/wp-content\/uploads\/2026\/01\/Boskovic.webp\" \/>\n\t<meta property=\"og:image:width\" content=\"1016\" \/>\n\t<meta property=\"og:image:height\" content=\"491\" \/>\n\t<meta property=\"og:image:type\" content=\"image\/jpeg\" \/>\n<meta name=\"author\" content=\"dmcsrbija.com@gmail.com\" \/>\n<meta name=\"twitter:card\" content=\"summary_large_image\" \/>\n<meta name=\"twitter:label1\" content=\"Written by\" \/>\n\t<meta name=\"twitter:data1\" content=\"dmcsrbija.com@gmail.com\" \/>\n\t<meta name=\"twitter:label2\" content=\"Estimated reading time\" \/>\n\t<meta name=\"twitter:data2\" content=\"4 minutes\" \/>\n<script type=\"application\/ld+json\" class=\"yoast-schema-graph\">{\"@context\":\"https:\\\/\\\/schema.org\",\"@graph\":[{\"@type\":\"Article\",\"@id\":\"https:\\\/\\\/dmcsrb.com\\\/politika\\\/boskovic-zaposljavao-fantom-vojnike\\\/#article\",\"isPartOf\":{\"@id\":\"https:\\\/\\\/dmcsrb.com\\\/politika\\\/boskovic-zaposljavao-fantom-vojnike\\\/\"},\"author\":{\"name\":\"dmcsrbija.com@gmail.com\",\"@id\":\"https:\\\/\\\/dmcsrb.com\\\/#\\\/schema\\\/person\\\/5c39170f12db1b8b457732d0b5c854e2\"},\"headline\":\"Bo\u0161kovi\u0107 zapo\u0161ljavao &#8220;fantom&#8221; vojnike\",\"datePublished\":\"2025-10-08T03:30:40+00:00\",\"mainEntityOfPage\":{\"@id\":\"https:\\\/\\\/dmcsrb.com\\\/politika\\\/boskovic-zaposljavao-fantom-vojnike\\\/\"},\"wordCount\":849,\"commentCount\":0,\"image\":{\"@id\":\"https:\\\/\\\/dmcsrb.com\\\/politika\\\/boskovic-zaposljavao-fantom-vojnike\\\/#primaryimage\"},\"thumbnailUrl\":\"https:\\\/\\\/dmcsrb.com\\\/wp-content\\\/uploads\\\/2026\\\/01\\\/Boskovic.webp\",\"keywords\":[\"''Fantom vojnici''\",\"Predrag Bo\u0161kovi\u0107\",\"zapo\u0161ljavanje\"],\"articleSection\":[\"Politika\"],\"inLanguage\":\"en-GB\",\"potentialAction\":[{\"@type\":\"CommentAction\",\"name\":\"Comment\",\"target\":[\"https:\\\/\\\/dmcsrb.com\\\/politika\\\/boskovic-zaposljavao-fantom-vojnike\\\/#respond\"]}]},{\"@type\":\"WebPage\",\"@id\":\"https:\\\/\\\/dmcsrb.com\\\/politika\\\/boskovic-zaposljavao-fantom-vojnike\\\/\",\"url\":\"https:\\\/\\\/dmcsrb.com\\\/politika\\\/boskovic-zaposljavao-fantom-vojnike\\\/\",\"name\":\"Bo\u0161kovi\u0107 zapo\u0161ljavao \\\"fantom\\\" vojnike - dmcsrb.com\",\"isPartOf\":{\"@id\":\"https:\\\/\\\/dmcsrb.com\\\/#website\"},\"primaryImageOfPage\":{\"@id\":\"https:\\\/\\\/dmcsrb.com\\\/politika\\\/boskovic-zaposljavao-fantom-vojnike\\\/#primaryimage\"},\"image\":{\"@id\":\"https:\\\/\\\/dmcsrb.com\\\/politika\\\/boskovic-zaposljavao-fantom-vojnike\\\/#primaryimage\"},\"thumbnailUrl\":\"https:\\\/\\\/dmcsrb.com\\\/wp-content\\\/uploads\\\/2026\\\/01\\\/Boskovic.webp\",\"datePublished\":\"2025-10-08T03:30:40+00:00\",\"author\":{\"@id\":\"https:\\\/\\\/dmcsrb.com\\\/#\\\/schema\\\/person\\\/5c39170f12db1b8b457732d0b5c854e2\"},\"breadcrumb\":{\"@id\":\"https:\\\/\\\/dmcsrb.com\\\/politika\\\/boskovic-zaposljavao-fantom-vojnike\\\/#breadcrumb\"},\"inLanguage\":\"en-GB\",\"potentialAction\":[{\"@type\":\"ReadAction\",\"target\":[\"https:\\\/\\\/dmcsrb.com\\\/politika\\\/boskovic-zaposljavao-fantom-vojnike\\\/\"]}]},{\"@type\":\"ImageObject\",\"inLanguage\":\"en-GB\",\"@id\":\"https:\\\/\\\/dmcsrb.com\\\/politika\\\/boskovic-zaposljavao-fantom-vojnike\\\/#primaryimage\",\"url\":\"https:\\\/\\\/dmcsrb.com\\\/wp-content\\\/uploads\\\/2026\\\/01\\\/Boskovic.webp\",\"contentUrl\":\"https:\\\/\\\/dmcsrb.com\\\/wp-content\\\/uploads\\\/2026\\\/01\\\/Boskovic.webp\",\"width\":1016,\"height\":491},{\"@type\":\"BreadcrumbList\",\"@id\":\"https:\\\/\\\/dmcsrb.com\\\/politika\\\/boskovic-zaposljavao-fantom-vojnike\\\/#breadcrumb\",\"itemListElement\":[{\"@type\":\"ListItem\",\"position\":1,\"name\":\"Home\",\"item\":\"https:\\\/\\\/dmcsrb.com\\\/\"},{\"@type\":\"ListItem\",\"position\":2,\"name\":\"Bo\u0161kovi\u0107 zapo\u0161ljavao &#8220;fantom&#8221; vojnike\"}]},{\"@type\":\"WebSite\",\"@id\":\"https:\\\/\\\/dmcsrb.com\\\/#website\",\"url\":\"https:\\\/\\\/dmcsrb.com\\\/\",\"name\":\"dmcsrb.com\",\"description\":\"\",\"potentialAction\":[{\"@type\":\"SearchAction\",\"target\":{\"@type\":\"EntryPoint\",\"urlTemplate\":\"https:\\\/\\\/dmcsrb.com\\\/?s={search_term_string}\"},\"query-input\":{\"@type\":\"PropertyValueSpecification\",\"valueRequired\":true,\"valueName\":\"search_term_string\"}}],\"inLanguage\":\"en-GB\"},{\"@type\":\"Person\",\"@id\":\"https:\\\/\\\/dmcsrb.com\\\/#\\\/schema\\\/person\\\/5c39170f12db1b8b457732d0b5c854e2\",\"name\":\"dmcsrbija.com@gmail.com\",\"image\":{\"@type\":\"ImageObject\",\"inLanguage\":\"en-GB\",\"@id\":\"https:\\\/\\\/secure.gravatar.com\\\/avatar\\\/68592660ad6347fad0fb587f8d5d8f1a7b44961362f56e4f2cd524feb87e9069?s=96&d=mm&r=g\",\"url\":\"https:\\\/\\\/secure.gravatar.com\\\/avatar\\\/68592660ad6347fad0fb587f8d5d8f1a7b44961362f56e4f2cd524feb87e9069?s=96&d=mm&r=g\",\"contentUrl\":\"https:\\\/\\\/secure.gravatar.com\\\/avatar\\\/68592660ad6347fad0fb587f8d5d8f1a7b44961362f56e4f2cd524feb87e9069?s=96&d=mm&r=g\",\"caption\":\"dmcsrbija.com@gmail.com\"},\"sameAs\":[\"https:\\\/\\\/dmcsrb.com\"],\"url\":\"https:\\\/\\\/dmcsrb.com\\\/en\\\/author\\\/dmcsrbija-comgmail-com\\\/\"}]}<\/script>\n<!-- \/ Yoast SEO plugin. -->","yoast_head_json":{"title":"Bo\u0161kovi\u0107 zapo\u0161ljavao \"fantom\" vojnike - dmcsrb.com","robots":{"index":"index","follow":"follow","max-snippet":"max-snippet:-1","max-image-preview":"max-image-preview:large","max-video-preview":"max-video-preview:-1"},"canonical":"https:\/\/dmcsrb.com\/en\/politika\/boskovic-zaposljavao-fantom-vojnike\/","og_locale":"en_GB","og_type":"article","og_title":"Bo\u0161kovi\u0107 zapo\u0161ljavao \"fantom\" vojnike - dmcsrb.com","og_description":"Biv\u0161i ministar odbrane i biv\u0161i poslanik DPS Predrag Bo\u0161kovi\u0107 neposredno prije parlamentarnih izbora 2020. godine, kao koordinator za Andrijevicu i Berane, \u201czaposlio\u201d je u nepostoje\u0107oj kasarni u Andrijevici zna\u010dajan broj vojnika.","og_url":"https:\/\/dmcsrb.com\/en\/politika\/boskovic-zaposljavao-fantom-vojnike\/","og_site_name":"dmcsrb.com","article_published_time":"2025-10-08T03:30:40+00:00","og_image":[{"width":1016,"height":491,"url":"https:\/\/dmcsrb.com\/wp-content\/uploads\/2026\/01\/Boskovic.webp","type":"image\/jpeg"}],"author":"dmcsrbija.com@gmail.com","twitter_card":"summary_large_image","twitter_misc":{"Written by":"dmcsrbija.com@gmail.com","Estimated reading time":"4 minutes"},"schema":{"@context":"https:\/\/schema.org","@graph":[{"@type":"Article","@id":"https:\/\/dmcsrb.com\/politika\/boskovic-zaposljavao-fantom-vojnike\/#article","isPartOf":{"@id":"https:\/\/dmcsrb.com\/politika\/boskovic-zaposljavao-fantom-vojnike\/"},"author":{"name":"dmcsrbija.com@gmail.com","@id":"https:\/\/dmcsrb.com\/#\/schema\/person\/5c39170f12db1b8b457732d0b5c854e2"},"headline":"Bo\u0161kovi\u0107 zapo\u0161ljavao &#8220;fantom&#8221; vojnike","datePublished":"2025-10-08T03:30:40+00:00","mainEntityOfPage":{"@id":"https:\/\/dmcsrb.com\/politika\/boskovic-zaposljavao-fantom-vojnike\/"},"wordCount":849,"commentCount":0,"image":{"@id":"https:\/\/dmcsrb.com\/politika\/boskovic-zaposljavao-fantom-vojnike\/#primaryimage"},"thumbnailUrl":"https:\/\/dmcsrb.com\/wp-content\/uploads\/2026\/01\/Boskovic.webp","keywords":["''Fantom vojnici''","Predrag Bo\u0161kovi\u0107","zapo\u0161ljavanje"],"articleSection":["Politika"],"inLanguage":"en-GB","potentialAction":[{"@type":"CommentAction","name":"Comment","target":["https:\/\/dmcsrb.com\/politika\/boskovic-zaposljavao-fantom-vojnike\/#respond"]}]},{"@type":"WebPage","@id":"https:\/\/dmcsrb.com\/politika\/boskovic-zaposljavao-fantom-vojnike\/","url":"https:\/\/dmcsrb.com\/politika\/boskovic-zaposljavao-fantom-vojnike\/","name":"Bo\u0161kovi\u0107 zapo\u0161ljavao \"fantom\" vojnike - dmcsrb.com","isPartOf":{"@id":"https:\/\/dmcsrb.com\/#website"},"primaryImageOfPage":{"@id":"https:\/\/dmcsrb.com\/politika\/boskovic-zaposljavao-fantom-vojnike\/#primaryimage"},"image":{"@id":"https:\/\/dmcsrb.com\/politika\/boskovic-zaposljavao-fantom-vojnike\/#primaryimage"},"thumbnailUrl":"https:\/\/dmcsrb.com\/wp-content\/uploads\/2026\/01\/Boskovic.webp","datePublished":"2025-10-08T03:30:40+00:00","author":{"@id":"https:\/\/dmcsrb.com\/#\/schema\/person\/5c39170f12db1b8b457732d0b5c854e2"},"breadcrumb":{"@id":"https:\/\/dmcsrb.com\/politika\/boskovic-zaposljavao-fantom-vojnike\/#breadcrumb"},"inLanguage":"en-GB","potentialAction":[{"@type":"ReadAction","target":["https:\/\/dmcsrb.com\/politika\/boskovic-zaposljavao-fantom-vojnike\/"]}]},{"@type":"ImageObject","inLanguage":"en-GB","@id":"https:\/\/dmcsrb.com\/politika\/boskovic-zaposljavao-fantom-vojnike\/#primaryimage","url":"https:\/\/dmcsrb.com\/wp-content\/uploads\/2026\/01\/Boskovic.webp","contentUrl":"https:\/\/dmcsrb.com\/wp-content\/uploads\/2026\/01\/Boskovic.webp","width":1016,"height":491},{"@type":"BreadcrumbList","@id":"https:\/\/dmcsrb.com\/politika\/boskovic-zaposljavao-fantom-vojnike\/#breadcrumb","itemListElement":[{"@type":"ListItem","position":1,"name":"Home","item":"https:\/\/dmcsrb.com\/"},{"@type":"ListItem","position":2,"name":"Bo\u0161kovi\u0107 zapo\u0161ljavao &#8220;fantom&#8221; vojnike"}]},{"@type":"WebSite","@id":"https:\/\/dmcsrb.com\/#website","url":"https:\/\/dmcsrb.com\/","name":"dmcsrb.com","description":"","potentialAction":[{"@type":"SearchAction","target":{"@type":"EntryPoint","urlTemplate":"https:\/\/dmcsrb.com\/?s={search_term_string}"},"query-input":{"@type":"PropertyValueSpecification","valueRequired":true,"valueName":"search_term_string"}}],"inLanguage":"en-GB"},{"@type":"Person","@id":"https:\/\/dmcsrb.com\/#\/schema\/person\/5c39170f12db1b8b457732d0b5c854e2","name":"dmcsrbija.com@gmail.com","image":{"@type":"ImageObject","inLanguage":"en-GB","@id":"https:\/\/secure.gravatar.com\/avatar\/68592660ad6347fad0fb587f8d5d8f1a7b44961362f56e4f2cd524feb87e9069?s=96&d=mm&r=g","url":"https:\/\/secure.gravatar.com\/avatar\/68592660ad6347fad0fb587f8d5d8f1a7b44961362f56e4f2cd524feb87e9069?s=96&d=mm&r=g","contentUrl":"https:\/\/secure.gravatar.com\/avatar\/68592660ad6347fad0fb587f8d5d8f1a7b44961362f56e4f2cd524feb87e9069?s=96&d=mm&r=g","caption":"dmcsrbija.com@gmail.com"},"sameAs":["https:\/\/dmcsrb.com"],"url":"https:\/\/dmcsrb.com\/en\/author\/dmcsrbija-comgmail-com\/"}]}},"_links":{"self":[{"href":"https:\/\/dmcsrb.com\/en\/wp-json\/wp\/v2\/posts\/956461","targetHints":{"allow":["GET"]}}],"collection":[{"href":"https:\/\/dmcsrb.com\/en\/wp-json\/wp\/v2\/posts"}],"about":[{"href":"https:\/\/dmcsrb.com\/en\/wp-json\/wp\/v2\/types\/post"}],"author":[{"embeddable":true,"href":"https:\/\/dmcsrb.com\/en\/wp-json\/wp\/v2\/users\/1"}],"replies":[{"embeddable":true,"href":"https:\/\/dmcsrb.com\/en\/wp-json\/wp\/v2\/comments?post=956461"}],"version-history":[{"count":0,"href":"https:\/\/dmcsrb.com\/en\/wp-json\/wp\/v2\/posts\/956461\/revisions"}],"wp:featuredmedia":[{"embeddable":true,"href":"https:\/\/dmcsrb.com\/en\/wp-json\/wp\/v2\/media\/956462"}],"wp:attachment":[{"href":"https:\/\/dmcsrb.com\/en\/wp-json\/wp\/v2\/media?parent=956461"}],"wp:term":[{"taxonomy":"category","embeddable":true,"href":"https:\/\/dmcsrb.com\/en\/wp-json\/wp\/v2\/categories?post=956461"},{"taxonomy":"post_tag","embeddable":true,"href":"https:\/\/dmcsrb.com\/en\/wp-json\/wp\/v2\/tags?post=956461"},{"taxonomy":"naslovna","embeddable":true,"href":"https:\/\/dmcsrb.com\/en\/wp-json\/wp\/v2\/naslovna?post=956461"}],"curies":[{"name":"wp","href":"https:\/\/api.w.org\/{rel}","templated":true}]}}