{"id":956460,"date":"2025-10-08T05:22:42","date_gmt":"2025-10-08T03:22:42","guid":{"rendered":"https:\/\/dmcsrb.com\/uncategorized\/tuzilastvo-hapsi-sudije-oslobadjaju\/"},"modified":"2025-10-08T05:22:42","modified_gmt":"2025-10-08T03:22:42","slug":"tuzilastvo-hapsi-sudije-oslobadjaju","status":"publish","type":"post","link":"https:\/\/dmcsrb.com\/en\/hronika\/tuzilastvo-hapsi-sudije-oslobadjaju\/","title":{"rendered":"Tu\u017eila\u0161tvo hapsi, sudije osloba\u0111aju"},"content":{"rendered":"<p><\/p>\n\n\n\n<p>Analiti\u010dar Vojin Gruba\u010d ka\u017ee da je odluka da se biv\u0161i funkcioner DPS-a i ministar odbrane Predrag Bo\u0161kovi\u0107 brani sa slobode izazvala razo\u010darenje i ogor\u010denje javnosti.<\/p>\n\n\n\n<p>Bo\u0161kovi\u0107, koji je ju\u010de nakon saslu\u0161aja kod sudije za istragu pu\u0161ten da se brani sa slobode, uhap\u0161en je dan ranije na podgori\u010dkom aerodromu u okviru istrage protiv biznismena Aleksandra Mijajlovi\u0107a.<\/p>\n\n\n\n<p>Optu\u017een je za \u010dlanstvo u organizovanoj kriminalnoj grupi koja je, izme\u0111u ostalog, uticala na izbornu volju gra\u0111ana, zloupotrebljavala slu\u017ebeni polo\u017eaj i odavala tajne podatke.<\/p>\n\n\n\n<p>Pu\u0161ten je da se brani sa slobode uz mjeru obaveznog javljanja nadle\u017enim organima.<\/p>\n\n\n\n<p>Gruba\u010d smatra da da je od momenta hap\u0161enja Predraga Bo\u0161kovi\u0107a, koje su, kako ka\u017ee, gra\u0111ani do\u010dekali s velikom nadom da se radi o po\u010detku ozbiljnijeg dejstva pravosudnog sistema, do odluke sudije da se optu\u017eeni brani sa slobode proteklo vrlo malo vremena. \u0161to je izazvalo novo razo\u010darenje i ogor\u010denje javnosti.<\/p>\n\n\n\n<p>&#8220;Gra\u0111ani imaju osje\u0107aj da je pravosu\u0111e odvojeno od interesa dr\u017eave, te da funkcioni\u0161e u paralelnom sistemu. Odnosno, ubije\u0111eni su da sudstvom i tu\u017eila\u0161tvom i dalje diriguju isti oni koji su ga kontrolisali u vremenu vladavine \u0110ukanovi\u0107a&#8221;, istakao je Gruba\u010d.<\/p>\n\n\n\n<p>Podsje\u0107a da su&nbsp; tada probane strukture iz svih grana vlasti bile uprtegnute u \u0161eme organizovanog kriminala, \u0161to, kako navodi, pokazuju pokrenuti sudski procesi i javnosti pru\u017eeni razgovori preko Skaj aplikacija.<\/p>\n\n\n\n<p>&#8220;Sve to mo\u017ee rezultirati ozbiljnim padom povjerenja gra\u0111ana u pravosudni sistem Crne Gore&#8221;, istakao je Gruba\u010d.<\/p>\n\n\n\n<p>Premijer Milojko Spaji\u0107&nbsp;<a href=\"https:\/\/rtcg.me\/vijesti\/politika\/734774\/spajic-sprovesti-hitan-veting-u-pravosudju-puna-podrska-scepanovicu.html\" target=\"_blank\" rel=\"noreferrer noopener\">saop\u0161tio je<\/a>&nbsp;krajem jula ove godine da je Vlada na&nbsp; sjednici Vije\u0107a za nacionalnu bezbjednost predlo\u017eila da se, u saradnji sa EK, sprovede hitan veting u pravosu\u0111u jer, kako je naveo,&nbsp; postoji korelacija izme\u0111u porasta broja krivi\u010dnih djela protiv \u017eivota i tijela i trenda pove\u0107anja broja ukinutih pritvora.<\/p>\n\n\n\n<p>Ovo nije prvi put da se okrivljeni odmah po hap\u0161enju pusti da se brani sa slobode.<\/p>\n\n\n\n<p>U decembru 2024. godine, biv\u0161i ministar poljoprivrede i ruralnog razvoja Milutin Simovi\u0107 uhap\u0161en je u vezi sa isplatom iz Agrobud\u017eeta od 8.200 eura, za koju je postojala sumnja u nepotpunu dokumentaciju. Nakon saslu\u0161anja, dodu\u0161e kod specijalnog tu\u017eioca, Simovi\u0107 je pu\u0161ten da se brani sa slobode.<\/p>\n\n\n\n<p>U maju 2025. godine, Vi\u0161i sud u Podgorici izrekao je osloba\u0111aju\u0107u presudu za sve optu\u017eene u predmetu poznatom kao afera &#8220;Stanovi&#8221;.<\/p>\n\n\n\n<p>Optu\u017eeni su bili biv\u0161i \u010dlanovi Komisije za stambena pitanja Vlade Crne Gore, me\u0111u kojima su bili i funkcioneri DPS-a. Sud je u obrazlo\u017eenju presude naveo da su klju\u010dni dokazi koje je Specijalno dr\u017eavno tu\u017eila\u0161tvo (SDT) dostavilo bili kopije kopija dokumentacije, koje nisu bile ovjerene, te da stoga nisu prihva\u0107eni kao validni dokazi u postupku.<\/p>\n\n\n\n<p>U oktobru 2025. godine, Osnovni sud u Podgorici oslobodio je sve optu\u017eene u predmetu poznatom kao \u201eTunel\u201c. Optu\u017eeni su bili tereteni za kriminalno udru\u017eivanje i te\u0161ku kra\u0111u, ali sud je ocijenio da nema dovoljno dokaza za njihovu krivicu.<\/p>\n\n\n\n<p>Ovi slu\u010dajevi izazvali su razli\u010dite reakcije u javnosti. Dok su odbrana i optu\u017eeni pozdravili osloba\u0111aju\u0107e presude i mogu\u0107nost odbrane sa slobode, neki kriti\u010dari smatraju da ovakve odluke predstavljaju znak kompromitacije pravosudnog sistema i postavljaju pitanja o njegovoj efikasnosti i nepristrasnosti.<\/p>\n\n\n\n<p><\/p>","protected":false},"excerpt":{"rendered":"<p>U Crnoj Gori nastavlja se praksa hap\u0161enja osumnji\u010denih u okviru razli\u010ditih istraga po nalogu Tu\u017eila\u0161tva, da bi potom sudije za istragu jedan broj uhap\u0161enih pustile da se brane sa slobode. Takve sudijske odluke izazvale su razli\u010dite reakcije u javnosti i postavile pitanja o efikasnosti pravosudnog sistema.<\/p>","protected":false},"author":1,"featured_media":912484,"comment_status":"open","ping_status":"open","sticky":false,"template":"","format":"standard","meta":{"_acf_changed":false,"footnotes":""},"categories":[17],"tags":[100,10686,1278],"naslovna":[],"class_list":["post-956460","post","type-post","status-publish","format-standard","has-post-thumbnail","hentry","category-hronika","tag-hapsenja-2","tag-oslobadjanje-sudija","tag-tuzilastvo-2"],"acf":[],"yoast_head":"<!-- This site is optimized with the Yoast SEO plugin v27.4 - https:\/\/yoast.com\/product\/yoast-seo-wordpress\/ -->\n<title>Tu\u017eila\u0161tvo hapsi, sudije osloba\u0111aju - dmcsrb.com<\/title>\n<meta name=\"robots\" content=\"index, follow, max-snippet:-1, max-image-preview:large, max-video-preview:-1\" \/>\n<link rel=\"canonical\" href=\"https:\/\/dmcsrb.com\/en\/hronika\/tuzilastvo-hapsi-sudije-oslobadjaju\/\" \/>\n<meta property=\"og:locale\" content=\"en_GB\" \/>\n<meta property=\"og:type\" content=\"article\" \/>\n<meta property=\"og:title\" content=\"Tu\u017eila\u0161tvo hapsi, sudije osloba\u0111aju - dmcsrb.com\" \/>\n<meta property=\"og:description\" content=\"U Crnoj Gori nastavlja se praksa hap\u0161enja osumnji\u010denih u okviru razli\u010ditih istraga po nalogu Tu\u017eila\u0161tva, da bi potom sudije za istragu jedan broj uhap\u0161enih pustile da se brane sa slobode. Takve sudijske odluke izazvale su razli\u010dite reakcije u javnosti i postavile pitanja o efikasnosti pravosudnog sistema.\" \/>\n<meta property=\"og:url\" content=\"https:\/\/dmcsrb.com\/en\/hronika\/tuzilastvo-hapsi-sudije-oslobadjaju\/\" \/>\n<meta property=\"og:site_name\" content=\"dmcsrb.com\" \/>\n<meta property=\"article:published_time\" content=\"2025-10-08T03:22:42+00:00\" \/>\n<meta property=\"og:image\" content=\"https:\/\/dmcsrb.com\/wp-content\/uploads\/2026\/01\/sud-odluka-presuda-sudija.jpg\" \/>\n\t<meta property=\"og:image:width\" content=\"900\" \/>\n\t<meta property=\"og:image:height\" content=\"600\" \/>\n\t<meta property=\"og:image:type\" content=\"image\/jpeg\" \/>\n<meta name=\"author\" content=\"dmcsrbija.com@gmail.com\" \/>\n<meta name=\"twitter:card\" content=\"summary_large_image\" \/>\n<meta name=\"twitter:label1\" content=\"Written by\" \/>\n\t<meta name=\"twitter:data1\" content=\"dmcsrbija.com@gmail.com\" \/>\n\t<meta name=\"twitter:label2\" content=\"Estimated reading time\" \/>\n\t<meta name=\"twitter:data2\" content=\"3 minutes\" \/>\n<script type=\"application\/ld+json\" class=\"yoast-schema-graph\">{\"@context\":\"https:\\\/\\\/schema.org\",\"@graph\":[{\"@type\":\"Article\",\"@id\":\"https:\\\/\\\/dmcsrb.com\\\/hronika\\\/tuzilastvo-hapsi-sudije-oslobadjaju\\\/#article\",\"isPartOf\":{\"@id\":\"https:\\\/\\\/dmcsrb.com\\\/hronika\\\/tuzilastvo-hapsi-sudije-oslobadjaju\\\/\"},\"author\":{\"name\":\"dmcsrbija.com@gmail.com\",\"@id\":\"https:\\\/\\\/dmcsrb.com\\\/#\\\/schema\\\/person\\\/5c39170f12db1b8b457732d0b5c854e2\"},\"headline\":\"Tu\u017eila\u0161tvo hapsi, sudije osloba\u0111aju\",\"datePublished\":\"2025-10-08T03:22:42+00:00\",\"mainEntityOfPage\":{\"@id\":\"https:\\\/\\\/dmcsrb.com\\\/hronika\\\/tuzilastvo-hapsi-sudije-oslobadjaju\\\/\"},\"wordCount\":582,\"commentCount\":0,\"image\":{\"@id\":\"https:\\\/\\\/dmcsrb.com\\\/hronika\\\/tuzilastvo-hapsi-sudije-oslobadjaju\\\/#primaryimage\"},\"thumbnailUrl\":\"https:\\\/\\\/dmcsrb.com\\\/wp-content\\\/uploads\\\/2026\\\/01\\\/sud-odluka-presuda-sudija.jpg\",\"keywords\":[\"hap\u0161enja\",\"Osloba\u0111anje sudija\",\"tuzilastvo\"],\"articleSection\":[\"Hronika\"],\"inLanguage\":\"en-GB\",\"potentialAction\":[{\"@type\":\"CommentAction\",\"name\":\"Comment\",\"target\":[\"https:\\\/\\\/dmcsrb.com\\\/hronika\\\/tuzilastvo-hapsi-sudije-oslobadjaju\\\/#respond\"]}]},{\"@type\":\"WebPage\",\"@id\":\"https:\\\/\\\/dmcsrb.com\\\/hronika\\\/tuzilastvo-hapsi-sudije-oslobadjaju\\\/\",\"url\":\"https:\\\/\\\/dmcsrb.com\\\/hronika\\\/tuzilastvo-hapsi-sudije-oslobadjaju\\\/\",\"name\":\"Tu\u017eila\u0161tvo hapsi, sudije osloba\u0111aju - dmcsrb.com\",\"isPartOf\":{\"@id\":\"https:\\\/\\\/dmcsrb.com\\\/#website\"},\"primaryImageOfPage\":{\"@id\":\"https:\\\/\\\/dmcsrb.com\\\/hronika\\\/tuzilastvo-hapsi-sudije-oslobadjaju\\\/#primaryimage\"},\"image\":{\"@id\":\"https:\\\/\\\/dmcsrb.com\\\/hronika\\\/tuzilastvo-hapsi-sudije-oslobadjaju\\\/#primaryimage\"},\"thumbnailUrl\":\"https:\\\/\\\/dmcsrb.com\\\/wp-content\\\/uploads\\\/2026\\\/01\\\/sud-odluka-presuda-sudija.jpg\",\"datePublished\":\"2025-10-08T03:22:42+00:00\",\"author\":{\"@id\":\"https:\\\/\\\/dmcsrb.com\\\/#\\\/schema\\\/person\\\/5c39170f12db1b8b457732d0b5c854e2\"},\"breadcrumb\":{\"@id\":\"https:\\\/\\\/dmcsrb.com\\\/hronika\\\/tuzilastvo-hapsi-sudije-oslobadjaju\\\/#breadcrumb\"},\"inLanguage\":\"en-GB\",\"potentialAction\":[{\"@type\":\"ReadAction\",\"target\":[\"https:\\\/\\\/dmcsrb.com\\\/hronika\\\/tuzilastvo-hapsi-sudije-oslobadjaju\\\/\"]}]},{\"@type\":\"ImageObject\",\"inLanguage\":\"en-GB\",\"@id\":\"https:\\\/\\\/dmcsrb.com\\\/hronika\\\/tuzilastvo-hapsi-sudije-oslobadjaju\\\/#primaryimage\",\"url\":\"https:\\\/\\\/dmcsrb.com\\\/wp-content\\\/uploads\\\/2026\\\/01\\\/sud-odluka-presuda-sudija.jpg\",\"contentUrl\":\"https:\\\/\\\/dmcsrb.com\\\/wp-content\\\/uploads\\\/2026\\\/01\\\/sud-odluka-presuda-sudija.jpg\",\"width\":900,\"height\":600},{\"@type\":\"BreadcrumbList\",\"@id\":\"https:\\\/\\\/dmcsrb.com\\\/hronika\\\/tuzilastvo-hapsi-sudije-oslobadjaju\\\/#breadcrumb\",\"itemListElement\":[{\"@type\":\"ListItem\",\"position\":1,\"name\":\"Home\",\"item\":\"https:\\\/\\\/dmcsrb.com\\\/\"},{\"@type\":\"ListItem\",\"position\":2,\"name\":\"Tu\u017eila\u0161tvo hapsi, sudije osloba\u0111aju\"}]},{\"@type\":\"WebSite\",\"@id\":\"https:\\\/\\\/dmcsrb.com\\\/#website\",\"url\":\"https:\\\/\\\/dmcsrb.com\\\/\",\"name\":\"dmcsrb.com\",\"description\":\"\",\"potentialAction\":[{\"@type\":\"SearchAction\",\"target\":{\"@type\":\"EntryPoint\",\"urlTemplate\":\"https:\\\/\\\/dmcsrb.com\\\/?s={search_term_string}\"},\"query-input\":{\"@type\":\"PropertyValueSpecification\",\"valueRequired\":true,\"valueName\":\"search_term_string\"}}],\"inLanguage\":\"en-GB\"},{\"@type\":\"Person\",\"@id\":\"https:\\\/\\\/dmcsrb.com\\\/#\\\/schema\\\/person\\\/5c39170f12db1b8b457732d0b5c854e2\",\"name\":\"dmcsrbija.com@gmail.com\",\"image\":{\"@type\":\"ImageObject\",\"inLanguage\":\"en-GB\",\"@id\":\"https:\\\/\\\/secure.gravatar.com\\\/avatar\\\/68592660ad6347fad0fb587f8d5d8f1a7b44961362f56e4f2cd524feb87e9069?s=96&d=mm&r=g\",\"url\":\"https:\\\/\\\/secure.gravatar.com\\\/avatar\\\/68592660ad6347fad0fb587f8d5d8f1a7b44961362f56e4f2cd524feb87e9069?s=96&d=mm&r=g\",\"contentUrl\":\"https:\\\/\\\/secure.gravatar.com\\\/avatar\\\/68592660ad6347fad0fb587f8d5d8f1a7b44961362f56e4f2cd524feb87e9069?s=96&d=mm&r=g\",\"caption\":\"dmcsrbija.com@gmail.com\"},\"sameAs\":[\"https:\\\/\\\/dmcsrb.com\"],\"url\":\"https:\\\/\\\/dmcsrb.com\\\/en\\\/author\\\/dmcsrbija-comgmail-com\\\/\"}]}<\/script>\n<!-- \/ Yoast SEO plugin. -->","yoast_head_json":{"title":"Tu\u017eila\u0161tvo hapsi, sudije osloba\u0111aju - dmcsrb.com","robots":{"index":"index","follow":"follow","max-snippet":"max-snippet:-1","max-image-preview":"max-image-preview:large","max-video-preview":"max-video-preview:-1"},"canonical":"https:\/\/dmcsrb.com\/en\/hronika\/tuzilastvo-hapsi-sudije-oslobadjaju\/","og_locale":"en_GB","og_type":"article","og_title":"Tu\u017eila\u0161tvo hapsi, sudije osloba\u0111aju - dmcsrb.com","og_description":"U Crnoj Gori nastavlja se praksa hap\u0161enja osumnji\u010denih u okviru razli\u010ditih istraga po nalogu Tu\u017eila\u0161tva, da bi potom sudije za istragu jedan broj uhap\u0161enih pustile da se brane sa slobode. Takve sudijske odluke izazvale su razli\u010dite reakcije u javnosti i postavile pitanja o efikasnosti pravosudnog sistema.","og_url":"https:\/\/dmcsrb.com\/en\/hronika\/tuzilastvo-hapsi-sudije-oslobadjaju\/","og_site_name":"dmcsrb.com","article_published_time":"2025-10-08T03:22:42+00:00","og_image":[{"width":900,"height":600,"url":"https:\/\/dmcsrb.com\/wp-content\/uploads\/2026\/01\/sud-odluka-presuda-sudija.jpg","type":"image\/jpeg"}],"author":"dmcsrbija.com@gmail.com","twitter_card":"summary_large_image","twitter_misc":{"Written by":"dmcsrbija.com@gmail.com","Estimated reading time":"3 minutes"},"schema":{"@context":"https:\/\/schema.org","@graph":[{"@type":"Article","@id":"https:\/\/dmcsrb.com\/hronika\/tuzilastvo-hapsi-sudije-oslobadjaju\/#article","isPartOf":{"@id":"https:\/\/dmcsrb.com\/hronika\/tuzilastvo-hapsi-sudije-oslobadjaju\/"},"author":{"name":"dmcsrbija.com@gmail.com","@id":"https:\/\/dmcsrb.com\/#\/schema\/person\/5c39170f12db1b8b457732d0b5c854e2"},"headline":"Tu\u017eila\u0161tvo hapsi, sudije osloba\u0111aju","datePublished":"2025-10-08T03:22:42+00:00","mainEntityOfPage":{"@id":"https:\/\/dmcsrb.com\/hronika\/tuzilastvo-hapsi-sudije-oslobadjaju\/"},"wordCount":582,"commentCount":0,"image":{"@id":"https:\/\/dmcsrb.com\/hronika\/tuzilastvo-hapsi-sudije-oslobadjaju\/#primaryimage"},"thumbnailUrl":"https:\/\/dmcsrb.com\/wp-content\/uploads\/2026\/01\/sud-odluka-presuda-sudija.jpg","keywords":["hap\u0161enja","Osloba\u0111anje sudija","tuzilastvo"],"articleSection":["Hronika"],"inLanguage":"en-GB","potentialAction":[{"@type":"CommentAction","name":"Comment","target":["https:\/\/dmcsrb.com\/hronika\/tuzilastvo-hapsi-sudije-oslobadjaju\/#respond"]}]},{"@type":"WebPage","@id":"https:\/\/dmcsrb.com\/hronika\/tuzilastvo-hapsi-sudije-oslobadjaju\/","url":"https:\/\/dmcsrb.com\/hronika\/tuzilastvo-hapsi-sudije-oslobadjaju\/","name":"Tu\u017eila\u0161tvo hapsi, sudije osloba\u0111aju - dmcsrb.com","isPartOf":{"@id":"https:\/\/dmcsrb.com\/#website"},"primaryImageOfPage":{"@id":"https:\/\/dmcsrb.com\/hronika\/tuzilastvo-hapsi-sudije-oslobadjaju\/#primaryimage"},"image":{"@id":"https:\/\/dmcsrb.com\/hronika\/tuzilastvo-hapsi-sudije-oslobadjaju\/#primaryimage"},"thumbnailUrl":"https:\/\/dmcsrb.com\/wp-content\/uploads\/2026\/01\/sud-odluka-presuda-sudija.jpg","datePublished":"2025-10-08T03:22:42+00:00","author":{"@id":"https:\/\/dmcsrb.com\/#\/schema\/person\/5c39170f12db1b8b457732d0b5c854e2"},"breadcrumb":{"@id":"https:\/\/dmcsrb.com\/hronika\/tuzilastvo-hapsi-sudije-oslobadjaju\/#breadcrumb"},"inLanguage":"en-GB","potentialAction":[{"@type":"ReadAction","target":["https:\/\/dmcsrb.com\/hronika\/tuzilastvo-hapsi-sudije-oslobadjaju\/"]}]},{"@type":"ImageObject","inLanguage":"en-GB","@id":"https:\/\/dmcsrb.com\/hronika\/tuzilastvo-hapsi-sudije-oslobadjaju\/#primaryimage","url":"https:\/\/dmcsrb.com\/wp-content\/uploads\/2026\/01\/sud-odluka-presuda-sudija.jpg","contentUrl":"https:\/\/dmcsrb.com\/wp-content\/uploads\/2026\/01\/sud-odluka-presuda-sudija.jpg","width":900,"height":600},{"@type":"BreadcrumbList","@id":"https:\/\/dmcsrb.com\/hronika\/tuzilastvo-hapsi-sudije-oslobadjaju\/#breadcrumb","itemListElement":[{"@type":"ListItem","position":1,"name":"Home","item":"https:\/\/dmcsrb.com\/"},{"@type":"ListItem","position":2,"name":"Tu\u017eila\u0161tvo hapsi, sudije osloba\u0111aju"}]},{"@type":"WebSite","@id":"https:\/\/dmcsrb.com\/#website","url":"https:\/\/dmcsrb.com\/","name":"dmcsrb.com","description":"","potentialAction":[{"@type":"SearchAction","target":{"@type":"EntryPoint","urlTemplate":"https:\/\/dmcsrb.com\/?s={search_term_string}"},"query-input":{"@type":"PropertyValueSpecification","valueRequired":true,"valueName":"search_term_string"}}],"inLanguage":"en-GB"},{"@type":"Person","@id":"https:\/\/dmcsrb.com\/#\/schema\/person\/5c39170f12db1b8b457732d0b5c854e2","name":"dmcsrbija.com@gmail.com","image":{"@type":"ImageObject","inLanguage":"en-GB","@id":"https:\/\/secure.gravatar.com\/avatar\/68592660ad6347fad0fb587f8d5d8f1a7b44961362f56e4f2cd524feb87e9069?s=96&d=mm&r=g","url":"https:\/\/secure.gravatar.com\/avatar\/68592660ad6347fad0fb587f8d5d8f1a7b44961362f56e4f2cd524feb87e9069?s=96&d=mm&r=g","contentUrl":"https:\/\/secure.gravatar.com\/avatar\/68592660ad6347fad0fb587f8d5d8f1a7b44961362f56e4f2cd524feb87e9069?s=96&d=mm&r=g","caption":"dmcsrbija.com@gmail.com"},"sameAs":["https:\/\/dmcsrb.com"],"url":"https:\/\/dmcsrb.com\/en\/author\/dmcsrbija-comgmail-com\/"}]}},"_links":{"self":[{"href":"https:\/\/dmcsrb.com\/en\/wp-json\/wp\/v2\/posts\/956460","targetHints":{"allow":["GET"]}}],"collection":[{"href":"https:\/\/dmcsrb.com\/en\/wp-json\/wp\/v2\/posts"}],"about":[{"href":"https:\/\/dmcsrb.com\/en\/wp-json\/wp\/v2\/types\/post"}],"author":[{"embeddable":true,"href":"https:\/\/dmcsrb.com\/en\/wp-json\/wp\/v2\/users\/1"}],"replies":[{"embeddable":true,"href":"https:\/\/dmcsrb.com\/en\/wp-json\/wp\/v2\/comments?post=956460"}],"version-history":[{"count":0,"href":"https:\/\/dmcsrb.com\/en\/wp-json\/wp\/v2\/posts\/956460\/revisions"}],"wp:featuredmedia":[{"embeddable":true,"href":"https:\/\/dmcsrb.com\/en\/wp-json\/wp\/v2\/media\/912484"}],"wp:attachment":[{"href":"https:\/\/dmcsrb.com\/en\/wp-json\/wp\/v2\/media?parent=956460"}],"wp:term":[{"taxonomy":"category","embeddable":true,"href":"https:\/\/dmcsrb.com\/en\/wp-json\/wp\/v2\/categories?post=956460"},{"taxonomy":"post_tag","embeddable":true,"href":"https:\/\/dmcsrb.com\/en\/wp-json\/wp\/v2\/tags?post=956460"},{"taxonomy":"naslovna","embeddable":true,"href":"https:\/\/dmcsrb.com\/en\/wp-json\/wp\/v2\/naslovna?post=956460"}],"curies":[{"name":"wp","href":"https:\/\/api.w.org\/{rel}","templated":true}]}}