{"id":956457,"date":"2025-10-08T08:52:00","date_gmt":"2025-10-08T06:52:00","guid":{"rendered":"https:\/\/dmcsrb.com\/uncategorized\/kraj-jedne-ere-alba-na-kraju-sezone-zavrsava-karijeru\/"},"modified":"2025-10-08T08:52:00","modified_gmt":"2025-10-08T06:52:00","slug":"kraj-jedne-ere-alba-na-kraju-sezone-zavrsava-karijeru","status":"publish","type":"post","link":"https:\/\/dmcsrb.com\/en\/sport\/kraj-jedne-ere-alba-na-kraju-sezone-zavrsava-karijeru\/","title":{"rendered":"Kraj jedne ere: Alba na kraju sezone zavr\u0161ava karijeru"},"content":{"rendered":"<p>Iako njegov ugovor s Interom iz Majamija va\u017ei do 2027, iskusni lijevi bek odlu\u010dio je da oka\u010di kopa\u010dke o klin u 36. godini. <\/p>\n\n\n\n<p>U video obra\u0107anju zahvalio se svima koji su ga pratili na tom putu, istakav\u0161i da mu je fudbal dao apsolutno sve. <\/p>\n\n\n\n<p>Alba je profesionalnu karijeru po\u010deo u Himnastiku, afirmaciju stekao u Valensiji, a zlatne godine proveo u Barseloni s kojom je osvojio Ligu \u0161ampiona i \u0161est La Liga. <\/p>\n\n\n\n<figure class=\"wp-block-embed is-type-rich is-provider-twitter wp-block-embed-twitter\"><div class=\"wp-block-embed__wrapper\">\n<blockquote class=\"twitter-tweet\" data-width=\"500\" data-dnt=\"true\"><p lang=\"es\" dir=\"ltr\">\ud835\udc0b\ud835\udc04\ud835\udc18\ud835\udc04\ud835\udc0d\ud835\udc03\ud835\udc00 de <a href=\"https:\/\/twitter.com\/hashtag\/LALIGAEASPORTS?src=hash&amp;ref_src=twsrc%5Etfw\">#LALIGAEASPORTS<\/a>. \ud83c\udf1f <a href=\"https:\/\/twitter.com\/JordiAlba?ref_src=twsrc%5Etfw\">@JordiAlba<\/a> | <a href=\"https:\/\/twitter.com\/hashtag\/LALIGAHistory?src=hash&amp;ref_src=twsrc%5Etfw\">#LALIGAHistory<\/a> <a href=\"https:\/\/t.co\/Fwl26tmCTw\">pic.twitter.com\/Fwl26tmCTw<\/a><\/p>&mdash; LALIGA (@LaLiga) <a href=\"https:\/\/twitter.com\/LaLiga\/status\/1975645933950869566?ref_src=twsrc%5Etfw\">October 7, 2025<\/a><\/blockquote><script async src=\"https:\/\/platform.twitter.com\/widgets.js\" charset=\"utf-8\"><\/script>\n<\/div><\/figure>\n\n\n\n<p>U Majamiju je zaigrao uz Mesija, Busketsa i Suareza, biv\u0161e saigra\u010de koji su zajedno pisali istoriju Barselone.<\/p>\n\n\n\n<p>Mesi se me\u0111u prvima oglasio i istakao da \u0107e mu faliti dugogodi\u0161nji saigra\u010d koji mu je namjestio pregr\u0161t golova.<\/p>\n\n\n\n<p>\u201eHvala ti, \u0110ordi! Mnogo \u0107e\u0161 mi nedostajati. Poslije svega \u0161to smo zajedno pro\u0161li i do\u017eivjeli, bi\u0107e \u010dudno pogledati lijevo i ne vidjeti te tamo&#8230;Nevjerovatno je koliko si mi asistencija namjestio svih ovih godina&#8221;, poru\u010dio je legendarni Argentinac.<\/p>\n\n\n\n<p>Alba je za reprezentaciju \u0160panije upisao 93 nastupa i bio prvak Evrope 2012. godine. <\/p>\n\n\n\n<p>Po svemu sude\u0107i, ova sezona bi\u0107e posljednja \u0161ansa da \u201emini-Barsa\u201c u SAD-u osvoji jo\u0161 jedan trofej. Klub iz Majamija ve\u0107 je izborio plej-of. <\/p>","protected":false},"excerpt":{"rendered":"<p>Jo\u0161 jedan velikan evropskog fudbala najavio je povla\u010denje \u2013 \u0110ordi Alba na kraju ove MLS sezone zavr\u0161ava karijeru.<\/p>","protected":false},"author":1,"featured_media":956458,"comment_status":"open","ping_status":"open","sticky":false,"template":"","format":"standard","meta":{"_acf_changed":false,"footnotes":""},"categories":[148],"tags":[10685],"naslovna":[],"class_list":["post-956457","post","type-post","status-publish","format-standard","has-post-thumbnail","hentry","category-sport","tag-djordi-alba"],"acf":[],"yoast_head":"<!-- This site is optimized with the Yoast SEO plugin v27.4 - https:\/\/yoast.com\/product\/yoast-seo-wordpress\/ -->\n<title>Kraj jedne ere: Alba na kraju sezone zavr\u0161ava karijeru - dmcsrb.com<\/title>\n<meta name=\"robots\" content=\"index, follow, max-snippet:-1, max-image-preview:large, max-video-preview:-1\" \/>\n<link rel=\"canonical\" href=\"https:\/\/dmcsrb.com\/en\/sport\/kraj-jedne-ere-alba-na-kraju-sezone-zavrsava-karijeru\/\" \/>\n<meta property=\"og:locale\" content=\"en_GB\" \/>\n<meta property=\"og:type\" content=\"article\" \/>\n<meta property=\"og:title\" content=\"Kraj jedne ere: Alba na kraju sezone zavr\u0161ava karijeru - dmcsrb.com\" \/>\n<meta property=\"og:description\" content=\"Jo\u0161 jedan velikan evropskog fudbala najavio je povla\u010denje \u2013 \u0110ordi Alba na kraju ove MLS sezone zavr\u0161ava karijeru.\" \/>\n<meta property=\"og:url\" content=\"https:\/\/dmcsrb.com\/en\/sport\/kraj-jedne-ere-alba-na-kraju-sezone-zavrsava-karijeru\/\" \/>\n<meta property=\"og:site_name\" content=\"dmcsrb.com\" \/>\n<meta property=\"article:published_time\" content=\"2025-10-08T06:52:00+00:00\" \/>\n<meta property=\"og:image\" content=\"https:\/\/dmcsrb.com\/wp-content\/uploads\/2026\/01\/Alba-i-Mesi-AP-Photo-Lynne-Sladky.webp\" \/>\n\t<meta property=\"og:image:width\" content=\"1440\" \/>\n\t<meta property=\"og:image:height\" content=\"960\" \/>\n\t<meta property=\"og:image:type\" content=\"image\/webp\" \/>\n<meta name=\"author\" content=\"dmcsrbija.com@gmail.com\" \/>\n<meta name=\"twitter:card\" content=\"summary_large_image\" \/>\n<meta name=\"twitter:label1\" content=\"Written by\" \/>\n\t<meta name=\"twitter:data1\" content=\"dmcsrbija.com@gmail.com\" \/>\n\t<meta name=\"twitter:label2\" content=\"Estimated reading time\" \/>\n\t<meta name=\"twitter:data2\" content=\"1 minute\" \/>\n<script type=\"application\/ld+json\" class=\"yoast-schema-graph\">{\"@context\":\"https:\\\/\\\/schema.org\",\"@graph\":[{\"@type\":\"Article\",\"@id\":\"https:\\\/\\\/dmcsrb.com\\\/sport\\\/kraj-jedne-ere-alba-na-kraju-sezone-zavrsava-karijeru\\\/#article\",\"isPartOf\":{\"@id\":\"https:\\\/\\\/dmcsrb.com\\\/sport\\\/kraj-jedne-ere-alba-na-kraju-sezone-zavrsava-karijeru\\\/\"},\"author\":{\"name\":\"dmcsrbija.com@gmail.com\",\"@id\":\"https:\\\/\\\/dmcsrb.com\\\/#\\\/schema\\\/person\\\/5c39170f12db1b8b457732d0b5c854e2\"},\"headline\":\"Kraj jedne ere: Alba na kraju sezone zavr\u0161ava karijeru\",\"datePublished\":\"2025-10-08T06:52:00+00:00\",\"mainEntityOfPage\":{\"@id\":\"https:\\\/\\\/dmcsrb.com\\\/sport\\\/kraj-jedne-ere-alba-na-kraju-sezone-zavrsava-karijeru\\\/\"},\"wordCount\":211,\"commentCount\":0,\"image\":{\"@id\":\"https:\\\/\\\/dmcsrb.com\\\/sport\\\/kraj-jedne-ere-alba-na-kraju-sezone-zavrsava-karijeru\\\/#primaryimage\"},\"thumbnailUrl\":\"https:\\\/\\\/dmcsrb.com\\\/wp-content\\\/uploads\\\/2026\\\/01\\\/Alba-i-Mesi-AP-Photo-Lynne-Sladky.webp\",\"keywords\":[\"\u0110ordi Alba\"],\"articleSection\":[\"Sport\"],\"inLanguage\":\"en-GB\",\"potentialAction\":[{\"@type\":\"CommentAction\",\"name\":\"Comment\",\"target\":[\"https:\\\/\\\/dmcsrb.com\\\/sport\\\/kraj-jedne-ere-alba-na-kraju-sezone-zavrsava-karijeru\\\/#respond\"]}]},{\"@type\":\"WebPage\",\"@id\":\"https:\\\/\\\/dmcsrb.com\\\/sport\\\/kraj-jedne-ere-alba-na-kraju-sezone-zavrsava-karijeru\\\/\",\"url\":\"https:\\\/\\\/dmcsrb.com\\\/sport\\\/kraj-jedne-ere-alba-na-kraju-sezone-zavrsava-karijeru\\\/\",\"name\":\"Kraj jedne ere: Alba na kraju sezone zavr\u0161ava karijeru - dmcsrb.com\",\"isPartOf\":{\"@id\":\"https:\\\/\\\/dmcsrb.com\\\/#website\"},\"primaryImageOfPage\":{\"@id\":\"https:\\\/\\\/dmcsrb.com\\\/sport\\\/kraj-jedne-ere-alba-na-kraju-sezone-zavrsava-karijeru\\\/#primaryimage\"},\"image\":{\"@id\":\"https:\\\/\\\/dmcsrb.com\\\/sport\\\/kraj-jedne-ere-alba-na-kraju-sezone-zavrsava-karijeru\\\/#primaryimage\"},\"thumbnailUrl\":\"https:\\\/\\\/dmcsrb.com\\\/wp-content\\\/uploads\\\/2026\\\/01\\\/Alba-i-Mesi-AP-Photo-Lynne-Sladky.webp\",\"datePublished\":\"2025-10-08T06:52:00+00:00\",\"author\":{\"@id\":\"https:\\\/\\\/dmcsrb.com\\\/#\\\/schema\\\/person\\\/5c39170f12db1b8b457732d0b5c854e2\"},\"breadcrumb\":{\"@id\":\"https:\\\/\\\/dmcsrb.com\\\/sport\\\/kraj-jedne-ere-alba-na-kraju-sezone-zavrsava-karijeru\\\/#breadcrumb\"},\"inLanguage\":\"en-GB\",\"potentialAction\":[{\"@type\":\"ReadAction\",\"target\":[\"https:\\\/\\\/dmcsrb.com\\\/sport\\\/kraj-jedne-ere-alba-na-kraju-sezone-zavrsava-karijeru\\\/\"]}]},{\"@type\":\"ImageObject\",\"inLanguage\":\"en-GB\",\"@id\":\"https:\\\/\\\/dmcsrb.com\\\/sport\\\/kraj-jedne-ere-alba-na-kraju-sezone-zavrsava-karijeru\\\/#primaryimage\",\"url\":\"https:\\\/\\\/dmcsrb.com\\\/wp-content\\\/uploads\\\/2026\\\/01\\\/Alba-i-Mesi-AP-Photo-Lynne-Sladky.webp\",\"contentUrl\":\"https:\\\/\\\/dmcsrb.com\\\/wp-content\\\/uploads\\\/2026\\\/01\\\/Alba-i-Mesi-AP-Photo-Lynne-Sladky.webp\",\"width\":1440,\"height\":960},{\"@type\":\"BreadcrumbList\",\"@id\":\"https:\\\/\\\/dmcsrb.com\\\/sport\\\/kraj-jedne-ere-alba-na-kraju-sezone-zavrsava-karijeru\\\/#breadcrumb\",\"itemListElement\":[{\"@type\":\"ListItem\",\"position\":1,\"name\":\"Home\",\"item\":\"https:\\\/\\\/dmcsrb.com\\\/\"},{\"@type\":\"ListItem\",\"position\":2,\"name\":\"Kraj jedne ere: Alba na kraju sezone zavr\u0161ava karijeru\"}]},{\"@type\":\"WebSite\",\"@id\":\"https:\\\/\\\/dmcsrb.com\\\/#website\",\"url\":\"https:\\\/\\\/dmcsrb.com\\\/\",\"name\":\"dmcsrb.com\",\"description\":\"\",\"potentialAction\":[{\"@type\":\"SearchAction\",\"target\":{\"@type\":\"EntryPoint\",\"urlTemplate\":\"https:\\\/\\\/dmcsrb.com\\\/?s={search_term_string}\"},\"query-input\":{\"@type\":\"PropertyValueSpecification\",\"valueRequired\":true,\"valueName\":\"search_term_string\"}}],\"inLanguage\":\"en-GB\"},{\"@type\":\"Person\",\"@id\":\"https:\\\/\\\/dmcsrb.com\\\/#\\\/schema\\\/person\\\/5c39170f12db1b8b457732d0b5c854e2\",\"name\":\"dmcsrbija.com@gmail.com\",\"image\":{\"@type\":\"ImageObject\",\"inLanguage\":\"en-GB\",\"@id\":\"https:\\\/\\\/secure.gravatar.com\\\/avatar\\\/68592660ad6347fad0fb587f8d5d8f1a7b44961362f56e4f2cd524feb87e9069?s=96&d=mm&r=g\",\"url\":\"https:\\\/\\\/secure.gravatar.com\\\/avatar\\\/68592660ad6347fad0fb587f8d5d8f1a7b44961362f56e4f2cd524feb87e9069?s=96&d=mm&r=g\",\"contentUrl\":\"https:\\\/\\\/secure.gravatar.com\\\/avatar\\\/68592660ad6347fad0fb587f8d5d8f1a7b44961362f56e4f2cd524feb87e9069?s=96&d=mm&r=g\",\"caption\":\"dmcsrbija.com@gmail.com\"},\"sameAs\":[\"https:\\\/\\\/dmcsrb.com\"],\"url\":\"https:\\\/\\\/dmcsrb.com\\\/en\\\/author\\\/dmcsrbija-comgmail-com\\\/\"}]}<\/script>\n<!-- \/ Yoast SEO plugin. -->","yoast_head_json":{"title":"Kraj jedne ere: Alba na kraju sezone zavr\u0161ava karijeru - dmcsrb.com","robots":{"index":"index","follow":"follow","max-snippet":"max-snippet:-1","max-image-preview":"max-image-preview:large","max-video-preview":"max-video-preview:-1"},"canonical":"https:\/\/dmcsrb.com\/en\/sport\/kraj-jedne-ere-alba-na-kraju-sezone-zavrsava-karijeru\/","og_locale":"en_GB","og_type":"article","og_title":"Kraj jedne ere: Alba na kraju sezone zavr\u0161ava karijeru - dmcsrb.com","og_description":"Jo\u0161 jedan velikan evropskog fudbala najavio je povla\u010denje \u2013 \u0110ordi Alba na kraju ove MLS sezone zavr\u0161ava karijeru.","og_url":"https:\/\/dmcsrb.com\/en\/sport\/kraj-jedne-ere-alba-na-kraju-sezone-zavrsava-karijeru\/","og_site_name":"dmcsrb.com","article_published_time":"2025-10-08T06:52:00+00:00","og_image":[{"width":1440,"height":960,"url":"https:\/\/dmcsrb.com\/wp-content\/uploads\/2026\/01\/Alba-i-Mesi-AP-Photo-Lynne-Sladky.webp","type":"image\/webp"}],"author":"dmcsrbija.com@gmail.com","twitter_card":"summary_large_image","twitter_misc":{"Written by":"dmcsrbija.com@gmail.com","Estimated reading time":"1 minute"},"schema":{"@context":"https:\/\/schema.org","@graph":[{"@type":"Article","@id":"https:\/\/dmcsrb.com\/sport\/kraj-jedne-ere-alba-na-kraju-sezone-zavrsava-karijeru\/#article","isPartOf":{"@id":"https:\/\/dmcsrb.com\/sport\/kraj-jedne-ere-alba-na-kraju-sezone-zavrsava-karijeru\/"},"author":{"name":"dmcsrbija.com@gmail.com","@id":"https:\/\/dmcsrb.com\/#\/schema\/person\/5c39170f12db1b8b457732d0b5c854e2"},"headline":"Kraj jedne ere: Alba na kraju sezone zavr\u0161ava karijeru","datePublished":"2025-10-08T06:52:00+00:00","mainEntityOfPage":{"@id":"https:\/\/dmcsrb.com\/sport\/kraj-jedne-ere-alba-na-kraju-sezone-zavrsava-karijeru\/"},"wordCount":211,"commentCount":0,"image":{"@id":"https:\/\/dmcsrb.com\/sport\/kraj-jedne-ere-alba-na-kraju-sezone-zavrsava-karijeru\/#primaryimage"},"thumbnailUrl":"https:\/\/dmcsrb.com\/wp-content\/uploads\/2026\/01\/Alba-i-Mesi-AP-Photo-Lynne-Sladky.webp","keywords":["\u0110ordi Alba"],"articleSection":["Sport"],"inLanguage":"en-GB","potentialAction":[{"@type":"CommentAction","name":"Comment","target":["https:\/\/dmcsrb.com\/sport\/kraj-jedne-ere-alba-na-kraju-sezone-zavrsava-karijeru\/#respond"]}]},{"@type":"WebPage","@id":"https:\/\/dmcsrb.com\/sport\/kraj-jedne-ere-alba-na-kraju-sezone-zavrsava-karijeru\/","url":"https:\/\/dmcsrb.com\/sport\/kraj-jedne-ere-alba-na-kraju-sezone-zavrsava-karijeru\/","name":"Kraj jedne ere: Alba na kraju sezone zavr\u0161ava karijeru - dmcsrb.com","isPartOf":{"@id":"https:\/\/dmcsrb.com\/#website"},"primaryImageOfPage":{"@id":"https:\/\/dmcsrb.com\/sport\/kraj-jedne-ere-alba-na-kraju-sezone-zavrsava-karijeru\/#primaryimage"},"image":{"@id":"https:\/\/dmcsrb.com\/sport\/kraj-jedne-ere-alba-na-kraju-sezone-zavrsava-karijeru\/#primaryimage"},"thumbnailUrl":"https:\/\/dmcsrb.com\/wp-content\/uploads\/2026\/01\/Alba-i-Mesi-AP-Photo-Lynne-Sladky.webp","datePublished":"2025-10-08T06:52:00+00:00","author":{"@id":"https:\/\/dmcsrb.com\/#\/schema\/person\/5c39170f12db1b8b457732d0b5c854e2"},"breadcrumb":{"@id":"https:\/\/dmcsrb.com\/sport\/kraj-jedne-ere-alba-na-kraju-sezone-zavrsava-karijeru\/#breadcrumb"},"inLanguage":"en-GB","potentialAction":[{"@type":"ReadAction","target":["https:\/\/dmcsrb.com\/sport\/kraj-jedne-ere-alba-na-kraju-sezone-zavrsava-karijeru\/"]}]},{"@type":"ImageObject","inLanguage":"en-GB","@id":"https:\/\/dmcsrb.com\/sport\/kraj-jedne-ere-alba-na-kraju-sezone-zavrsava-karijeru\/#primaryimage","url":"https:\/\/dmcsrb.com\/wp-content\/uploads\/2026\/01\/Alba-i-Mesi-AP-Photo-Lynne-Sladky.webp","contentUrl":"https:\/\/dmcsrb.com\/wp-content\/uploads\/2026\/01\/Alba-i-Mesi-AP-Photo-Lynne-Sladky.webp","width":1440,"height":960},{"@type":"BreadcrumbList","@id":"https:\/\/dmcsrb.com\/sport\/kraj-jedne-ere-alba-na-kraju-sezone-zavrsava-karijeru\/#breadcrumb","itemListElement":[{"@type":"ListItem","position":1,"name":"Home","item":"https:\/\/dmcsrb.com\/"},{"@type":"ListItem","position":2,"name":"Kraj jedne ere: Alba na kraju sezone zavr\u0161ava karijeru"}]},{"@type":"WebSite","@id":"https:\/\/dmcsrb.com\/#website","url":"https:\/\/dmcsrb.com\/","name":"dmcsrb.com","description":"","potentialAction":[{"@type":"SearchAction","target":{"@type":"EntryPoint","urlTemplate":"https:\/\/dmcsrb.com\/?s={search_term_string}"},"query-input":{"@type":"PropertyValueSpecification","valueRequired":true,"valueName":"search_term_string"}}],"inLanguage":"en-GB"},{"@type":"Person","@id":"https:\/\/dmcsrb.com\/#\/schema\/person\/5c39170f12db1b8b457732d0b5c854e2","name":"dmcsrbija.com@gmail.com","image":{"@type":"ImageObject","inLanguage":"en-GB","@id":"https:\/\/secure.gravatar.com\/avatar\/68592660ad6347fad0fb587f8d5d8f1a7b44961362f56e4f2cd524feb87e9069?s=96&d=mm&r=g","url":"https:\/\/secure.gravatar.com\/avatar\/68592660ad6347fad0fb587f8d5d8f1a7b44961362f56e4f2cd524feb87e9069?s=96&d=mm&r=g","contentUrl":"https:\/\/secure.gravatar.com\/avatar\/68592660ad6347fad0fb587f8d5d8f1a7b44961362f56e4f2cd524feb87e9069?s=96&d=mm&r=g","caption":"dmcsrbija.com@gmail.com"},"sameAs":["https:\/\/dmcsrb.com"],"url":"https:\/\/dmcsrb.com\/en\/author\/dmcsrbija-comgmail-com\/"}]}},"_links":{"self":[{"href":"https:\/\/dmcsrb.com\/en\/wp-json\/wp\/v2\/posts\/956457","targetHints":{"allow":["GET"]}}],"collection":[{"href":"https:\/\/dmcsrb.com\/en\/wp-json\/wp\/v2\/posts"}],"about":[{"href":"https:\/\/dmcsrb.com\/en\/wp-json\/wp\/v2\/types\/post"}],"author":[{"embeddable":true,"href":"https:\/\/dmcsrb.com\/en\/wp-json\/wp\/v2\/users\/1"}],"replies":[{"embeddable":true,"href":"https:\/\/dmcsrb.com\/en\/wp-json\/wp\/v2\/comments?post=956457"}],"version-history":[{"count":0,"href":"https:\/\/dmcsrb.com\/en\/wp-json\/wp\/v2\/posts\/956457\/revisions"}],"wp:featuredmedia":[{"embeddable":true,"href":"https:\/\/dmcsrb.com\/en\/wp-json\/wp\/v2\/media\/956458"}],"wp:attachment":[{"href":"https:\/\/dmcsrb.com\/en\/wp-json\/wp\/v2\/media?parent=956457"}],"wp:term":[{"taxonomy":"category","embeddable":true,"href":"https:\/\/dmcsrb.com\/en\/wp-json\/wp\/v2\/categories?post=956457"},{"taxonomy":"post_tag","embeddable":true,"href":"https:\/\/dmcsrb.com\/en\/wp-json\/wp\/v2\/tags?post=956457"},{"taxonomy":"naslovna","embeddable":true,"href":"https:\/\/dmcsrb.com\/en\/wp-json\/wp\/v2\/naslovna?post=956457"}],"curies":[{"name":"wp","href":"https:\/\/api.w.org\/{rel}","templated":true}]}}