{"id":956450,"date":"2025-10-08T07:55:00","date_gmt":"2025-10-08T05:55:00","guid":{"rendered":"https:\/\/dmcsrb.com\/uncategorized\/kadija-imali-smo-dosta-problema-borac-zasluzeno-slavio\/"},"modified":"2025-10-08T07:55:00","modified_gmt":"2025-10-08T05:55:00","slug":"kadija-imali-smo-dosta-problema-borac-zasluzeno-slavio","status":"publish","type":"post","link":"https:\/\/dmcsrb.com\/en\/sport\/kadija-imali-smo-dosta-problema-borac-zasluzeno-slavio\/","title":{"rendered":"Kadija: Imali smo dosta problema, Borac zaslu\u017eeno slavio"},"content":{"rendered":"<p>-Mislim da je Borac zaslu\u017eeno pobijedio i \u010destitam im na trijumfu. Istina, ne bi bilo nezaslu\u017eeno i da smo mi pobijedili. Ne tra\u017eim alibi, ali smo stvarno bili hendikepirani \u2013 rekao je Kadija i obrazlo\u017eio.<\/p>\n\n\n\n<p>-Imali smo devet igra\u010da u rotaciji, a prvi centar Mahor\u010di\u0107 imao je povredu le\u0111a, Lacmanovi\u0107 je povrijedio arkadu prije dva dana, Jan Bulaji\u0107 je povrije\u0111en, a ako se tome doda da je Bulatovi\u0107 ju\u010de po\u010deo da trenira, jasno je da smo bili u te\u0161koj situaciji i nemam \u0161ta da zamjerim mojim igra\u010dima, jer su se po\u0161teno borili \u2013 podvukao je Kadija.<\/p>\n\n\n\n<p>Marko \u0160\u0107eki\u0107, trener Borca objasnio je da je ovaj brejk od izuzetne va\u017enosti za njegovu ekipu..<\/p>\n\n\n\n<p>-Va\u017eni bodovi za nas. Jako napeta utakmica, \u0161to je i o\u010dekivano, jer je otvaranje sezone, zbog \u010dega smo i imali lo\u0161e procente \u0161uta. Iskren da budem odavno nijesmo lo\u0161ije \u0161utirali, tako da smo mogli mirnije da privedemo utakmicu kraju, ali nijesmo pogodili neke otvorene \u0161uteve. Me\u0111utim, imali smo dobar ofanzivni skok, ali ni tada nijesmo mogli do lakih poena. Ali, taj ofanzivni skok je na kraju presudio, uhvatili smo tri lopte u jednom napadu u posljednjih tridesetak sekundi. Podgorica, odli\u010dno vo\u0111ena, pokazala je da ima potencijal, momci se nijesu bojali, a mi smo u ovom trenutku kvalitetniji i to je u ovom fini\u0161u presudilo. \u010cestitke Podgorici i kolegi Kadiji na dobroj partiji, a mojim momcima na ovakvom otvaranju sezone.<\/p>\n\n\n\n<figure class=\"wp-block-embed is-type-wp-embed is-provider-gradski-portal wp-block-embed-gradski-portal\"><div class=\"wp-block-embed__wrapper\">\nhttps:\/\/gradski.me\/podgorica-bemax-u-dramaticnom-finisu-porazena-od-borca-na-otvaranju-aba-2-lige\/\n<\/div><\/figure>","protected":false},"excerpt":{"rendered":"<p>Miodrag Kadija, trener Podgorice Bemax, \u010destitao je rivalu na pobjedi, ali naglasio da ostaje \u017eal, jer je njegov tim bio blizu podviga, iako je bio sa skra\u0107enom rotacijom.<\/p>","protected":false},"author":1,"featured_media":956451,"comment_status":"open","ping_status":"open","sticky":false,"template":"","format":"standard","meta":{"_acf_changed":false,"footnotes":""},"categories":[148],"tags":[3207,10014,1013,10682,10481],"naslovna":[],"class_list":["post-956450","post","type-post","status-publish","format-standard","has-post-thumbnail","hentry","category-sport","tag-aba-2-liga","tag-kk-borac-banjaluka","tag-kk-podgorica-bemax","tag-marko-scekic","tag-miodrag-kadija"],"acf":[],"yoast_head":"<!-- This site is optimized with the Yoast SEO plugin v27.4 - https:\/\/yoast.com\/product\/yoast-seo-wordpress\/ -->\n<title>Kadija: Imali smo dosta problema, Borac zaslu\u017eeno slavio - dmcsrb.com<\/title>\n<meta name=\"robots\" content=\"index, follow, max-snippet:-1, max-image-preview:large, max-video-preview:-1\" \/>\n<link rel=\"canonical\" href=\"https:\/\/dmcsrb.com\/en\/sport\/kadija-imali-smo-dosta-problema-borac-zasluzeno-slavio\/\" \/>\n<meta property=\"og:locale\" content=\"en_GB\" \/>\n<meta property=\"og:type\" content=\"article\" \/>\n<meta property=\"og:title\" content=\"Kadija: Imali smo dosta problema, Borac zaslu\u017eeno slavio - dmcsrb.com\" \/>\n<meta property=\"og:description\" content=\"Miodrag Kadija, trener Podgorice Bemax, \u010destitao je rivalu na pobjedi, ali naglasio da ostaje \u017eal, jer je njegov tim bio blizu podviga, iako je bio sa skra\u0107enom rotacijom.\" \/>\n<meta property=\"og:url\" content=\"https:\/\/dmcsrb.com\/en\/sport\/kadija-imali-smo-dosta-problema-borac-zasluzeno-slavio\/\" \/>\n<meta property=\"og:site_name\" content=\"dmcsrb.com\" \/>\n<meta property=\"article:published_time\" content=\"2025-10-08T05:55:00+00:00\" \/>\n<meta property=\"og:image\" content=\"https:\/\/dmcsrb.com\/wp-content\/uploads\/2026\/01\/Kadija-Dragana-Stjepanovic.webp\" \/>\n\t<meta property=\"og:image:width\" content=\"740\" \/>\n\t<meta property=\"og:image:height\" content=\"493\" \/>\n\t<meta property=\"og:image:type\" content=\"image\/webp\" \/>\n<meta name=\"author\" content=\"dmcsrbija.com@gmail.com\" \/>\n<meta name=\"twitter:card\" content=\"summary_large_image\" \/>\n<meta name=\"twitter:label1\" content=\"Written by\" \/>\n\t<meta name=\"twitter:data1\" content=\"dmcsrbija.com@gmail.com\" \/>\n\t<meta name=\"twitter:label2\" content=\"Estimated reading time\" \/>\n\t<meta name=\"twitter:data2\" content=\"1 minute\" \/>\n<script type=\"application\/ld+json\" class=\"yoast-schema-graph\">{\"@context\":\"https:\\\/\\\/schema.org\",\"@graph\":[{\"@type\":\"Article\",\"@id\":\"https:\\\/\\\/dmcsrb.com\\\/sport\\\/kadija-imali-smo-dosta-problema-borac-zasluzeno-slavio\\\/#article\",\"isPartOf\":{\"@id\":\"https:\\\/\\\/dmcsrb.com\\\/sport\\\/kadija-imali-smo-dosta-problema-borac-zasluzeno-slavio\\\/\"},\"author\":{\"name\":\"dmcsrbija.com@gmail.com\",\"@id\":\"https:\\\/\\\/dmcsrb.com\\\/#\\\/schema\\\/person\\\/5c39170f12db1b8b457732d0b5c854e2\"},\"headline\":\"Kadija: Imali smo dosta problema, Borac zaslu\u017eeno slavio\",\"datePublished\":\"2025-10-08T05:55:00+00:00\",\"mainEntityOfPage\":{\"@id\":\"https:\\\/\\\/dmcsrb.com\\\/sport\\\/kadija-imali-smo-dosta-problema-borac-zasluzeno-slavio\\\/\"},\"wordCount\":265,\"commentCount\":0,\"image\":{\"@id\":\"https:\\\/\\\/dmcsrb.com\\\/sport\\\/kadija-imali-smo-dosta-problema-borac-zasluzeno-slavio\\\/#primaryimage\"},\"thumbnailUrl\":\"https:\\\/\\\/dmcsrb.com\\\/wp-content\\\/uploads\\\/2026\\\/01\\\/Kadija-Dragana-Stjepanovic.webp\",\"keywords\":[\"ABA 2 liga\",\"KK Borac Banjaluka\",\"KK Podgorica Bemax\",\"Marko \u0160\u0107eki\u0107\",\"Miodrag Kadija\"],\"articleSection\":[\"Sport\"],\"inLanguage\":\"en-GB\",\"potentialAction\":[{\"@type\":\"CommentAction\",\"name\":\"Comment\",\"target\":[\"https:\\\/\\\/dmcsrb.com\\\/sport\\\/kadija-imali-smo-dosta-problema-borac-zasluzeno-slavio\\\/#respond\"]}]},{\"@type\":\"WebPage\",\"@id\":\"https:\\\/\\\/dmcsrb.com\\\/sport\\\/kadija-imali-smo-dosta-problema-borac-zasluzeno-slavio\\\/\",\"url\":\"https:\\\/\\\/dmcsrb.com\\\/sport\\\/kadija-imali-smo-dosta-problema-borac-zasluzeno-slavio\\\/\",\"name\":\"Kadija: Imali smo dosta problema, Borac zaslu\u017eeno slavio - dmcsrb.com\",\"isPartOf\":{\"@id\":\"https:\\\/\\\/dmcsrb.com\\\/#website\"},\"primaryImageOfPage\":{\"@id\":\"https:\\\/\\\/dmcsrb.com\\\/sport\\\/kadija-imali-smo-dosta-problema-borac-zasluzeno-slavio\\\/#primaryimage\"},\"image\":{\"@id\":\"https:\\\/\\\/dmcsrb.com\\\/sport\\\/kadija-imali-smo-dosta-problema-borac-zasluzeno-slavio\\\/#primaryimage\"},\"thumbnailUrl\":\"https:\\\/\\\/dmcsrb.com\\\/wp-content\\\/uploads\\\/2026\\\/01\\\/Kadija-Dragana-Stjepanovic.webp\",\"datePublished\":\"2025-10-08T05:55:00+00:00\",\"author\":{\"@id\":\"https:\\\/\\\/dmcsrb.com\\\/#\\\/schema\\\/person\\\/5c39170f12db1b8b457732d0b5c854e2\"},\"breadcrumb\":{\"@id\":\"https:\\\/\\\/dmcsrb.com\\\/sport\\\/kadija-imali-smo-dosta-problema-borac-zasluzeno-slavio\\\/#breadcrumb\"},\"inLanguage\":\"en-GB\",\"potentialAction\":[{\"@type\":\"ReadAction\",\"target\":[\"https:\\\/\\\/dmcsrb.com\\\/sport\\\/kadija-imali-smo-dosta-problema-borac-zasluzeno-slavio\\\/\"]}]},{\"@type\":\"ImageObject\",\"inLanguage\":\"en-GB\",\"@id\":\"https:\\\/\\\/dmcsrb.com\\\/sport\\\/kadija-imali-smo-dosta-problema-borac-zasluzeno-slavio\\\/#primaryimage\",\"url\":\"https:\\\/\\\/dmcsrb.com\\\/wp-content\\\/uploads\\\/2026\\\/01\\\/Kadija-Dragana-Stjepanovic.webp\",\"contentUrl\":\"https:\\\/\\\/dmcsrb.com\\\/wp-content\\\/uploads\\\/2026\\\/01\\\/Kadija-Dragana-Stjepanovic.webp\",\"width\":740,\"height\":493},{\"@type\":\"BreadcrumbList\",\"@id\":\"https:\\\/\\\/dmcsrb.com\\\/sport\\\/kadija-imali-smo-dosta-problema-borac-zasluzeno-slavio\\\/#breadcrumb\",\"itemListElement\":[{\"@type\":\"ListItem\",\"position\":1,\"name\":\"Home\",\"item\":\"https:\\\/\\\/dmcsrb.com\\\/\"},{\"@type\":\"ListItem\",\"position\":2,\"name\":\"Kadija: Imali smo dosta problema, Borac zaslu\u017eeno slavio\"}]},{\"@type\":\"WebSite\",\"@id\":\"https:\\\/\\\/dmcsrb.com\\\/#website\",\"url\":\"https:\\\/\\\/dmcsrb.com\\\/\",\"name\":\"dmcsrb.com\",\"description\":\"\",\"potentialAction\":[{\"@type\":\"SearchAction\",\"target\":{\"@type\":\"EntryPoint\",\"urlTemplate\":\"https:\\\/\\\/dmcsrb.com\\\/?s={search_term_string}\"},\"query-input\":{\"@type\":\"PropertyValueSpecification\",\"valueRequired\":true,\"valueName\":\"search_term_string\"}}],\"inLanguage\":\"en-GB\"},{\"@type\":\"Person\",\"@id\":\"https:\\\/\\\/dmcsrb.com\\\/#\\\/schema\\\/person\\\/5c39170f12db1b8b457732d0b5c854e2\",\"name\":\"dmcsrbija.com@gmail.com\",\"image\":{\"@type\":\"ImageObject\",\"inLanguage\":\"en-GB\",\"@id\":\"https:\\\/\\\/secure.gravatar.com\\\/avatar\\\/68592660ad6347fad0fb587f8d5d8f1a7b44961362f56e4f2cd524feb87e9069?s=96&d=mm&r=g\",\"url\":\"https:\\\/\\\/secure.gravatar.com\\\/avatar\\\/68592660ad6347fad0fb587f8d5d8f1a7b44961362f56e4f2cd524feb87e9069?s=96&d=mm&r=g\",\"contentUrl\":\"https:\\\/\\\/secure.gravatar.com\\\/avatar\\\/68592660ad6347fad0fb587f8d5d8f1a7b44961362f56e4f2cd524feb87e9069?s=96&d=mm&r=g\",\"caption\":\"dmcsrbija.com@gmail.com\"},\"sameAs\":[\"https:\\\/\\\/dmcsrb.com\"],\"url\":\"https:\\\/\\\/dmcsrb.com\\\/en\\\/author\\\/dmcsrbija-comgmail-com\\\/\"}]}<\/script>\n<!-- \/ Yoast SEO plugin. -->","yoast_head_json":{"title":"Kadija: Imali smo dosta problema, Borac zaslu\u017eeno slavio - dmcsrb.com","robots":{"index":"index","follow":"follow","max-snippet":"max-snippet:-1","max-image-preview":"max-image-preview:large","max-video-preview":"max-video-preview:-1"},"canonical":"https:\/\/dmcsrb.com\/en\/sport\/kadija-imali-smo-dosta-problema-borac-zasluzeno-slavio\/","og_locale":"en_GB","og_type":"article","og_title":"Kadija: Imali smo dosta problema, Borac zaslu\u017eeno slavio - dmcsrb.com","og_description":"Miodrag Kadija, trener Podgorice Bemax, \u010destitao je rivalu na pobjedi, ali naglasio da ostaje \u017eal, jer je njegov tim bio blizu podviga, iako je bio sa skra\u0107enom rotacijom.","og_url":"https:\/\/dmcsrb.com\/en\/sport\/kadija-imali-smo-dosta-problema-borac-zasluzeno-slavio\/","og_site_name":"dmcsrb.com","article_published_time":"2025-10-08T05:55:00+00:00","og_image":[{"width":740,"height":493,"url":"https:\/\/dmcsrb.com\/wp-content\/uploads\/2026\/01\/Kadija-Dragana-Stjepanovic.webp","type":"image\/webp"}],"author":"dmcsrbija.com@gmail.com","twitter_card":"summary_large_image","twitter_misc":{"Written by":"dmcsrbija.com@gmail.com","Estimated reading time":"1 minute"},"schema":{"@context":"https:\/\/schema.org","@graph":[{"@type":"Article","@id":"https:\/\/dmcsrb.com\/sport\/kadija-imali-smo-dosta-problema-borac-zasluzeno-slavio\/#article","isPartOf":{"@id":"https:\/\/dmcsrb.com\/sport\/kadija-imali-smo-dosta-problema-borac-zasluzeno-slavio\/"},"author":{"name":"dmcsrbija.com@gmail.com","@id":"https:\/\/dmcsrb.com\/#\/schema\/person\/5c39170f12db1b8b457732d0b5c854e2"},"headline":"Kadija: Imali smo dosta problema, Borac zaslu\u017eeno slavio","datePublished":"2025-10-08T05:55:00+00:00","mainEntityOfPage":{"@id":"https:\/\/dmcsrb.com\/sport\/kadija-imali-smo-dosta-problema-borac-zasluzeno-slavio\/"},"wordCount":265,"commentCount":0,"image":{"@id":"https:\/\/dmcsrb.com\/sport\/kadija-imali-smo-dosta-problema-borac-zasluzeno-slavio\/#primaryimage"},"thumbnailUrl":"https:\/\/dmcsrb.com\/wp-content\/uploads\/2026\/01\/Kadija-Dragana-Stjepanovic.webp","keywords":["ABA 2 liga","KK Borac Banjaluka","KK Podgorica Bemax","Marko \u0160\u0107eki\u0107","Miodrag Kadija"],"articleSection":["Sport"],"inLanguage":"en-GB","potentialAction":[{"@type":"CommentAction","name":"Comment","target":["https:\/\/dmcsrb.com\/sport\/kadija-imali-smo-dosta-problema-borac-zasluzeno-slavio\/#respond"]}]},{"@type":"WebPage","@id":"https:\/\/dmcsrb.com\/sport\/kadija-imali-smo-dosta-problema-borac-zasluzeno-slavio\/","url":"https:\/\/dmcsrb.com\/sport\/kadija-imali-smo-dosta-problema-borac-zasluzeno-slavio\/","name":"Kadija: Imali smo dosta problema, Borac zaslu\u017eeno slavio - dmcsrb.com","isPartOf":{"@id":"https:\/\/dmcsrb.com\/#website"},"primaryImageOfPage":{"@id":"https:\/\/dmcsrb.com\/sport\/kadija-imali-smo-dosta-problema-borac-zasluzeno-slavio\/#primaryimage"},"image":{"@id":"https:\/\/dmcsrb.com\/sport\/kadija-imali-smo-dosta-problema-borac-zasluzeno-slavio\/#primaryimage"},"thumbnailUrl":"https:\/\/dmcsrb.com\/wp-content\/uploads\/2026\/01\/Kadija-Dragana-Stjepanovic.webp","datePublished":"2025-10-08T05:55:00+00:00","author":{"@id":"https:\/\/dmcsrb.com\/#\/schema\/person\/5c39170f12db1b8b457732d0b5c854e2"},"breadcrumb":{"@id":"https:\/\/dmcsrb.com\/sport\/kadija-imali-smo-dosta-problema-borac-zasluzeno-slavio\/#breadcrumb"},"inLanguage":"en-GB","potentialAction":[{"@type":"ReadAction","target":["https:\/\/dmcsrb.com\/sport\/kadija-imali-smo-dosta-problema-borac-zasluzeno-slavio\/"]}]},{"@type":"ImageObject","inLanguage":"en-GB","@id":"https:\/\/dmcsrb.com\/sport\/kadija-imali-smo-dosta-problema-borac-zasluzeno-slavio\/#primaryimage","url":"https:\/\/dmcsrb.com\/wp-content\/uploads\/2026\/01\/Kadija-Dragana-Stjepanovic.webp","contentUrl":"https:\/\/dmcsrb.com\/wp-content\/uploads\/2026\/01\/Kadija-Dragana-Stjepanovic.webp","width":740,"height":493},{"@type":"BreadcrumbList","@id":"https:\/\/dmcsrb.com\/sport\/kadija-imali-smo-dosta-problema-borac-zasluzeno-slavio\/#breadcrumb","itemListElement":[{"@type":"ListItem","position":1,"name":"Home","item":"https:\/\/dmcsrb.com\/"},{"@type":"ListItem","position":2,"name":"Kadija: Imali smo dosta problema, Borac zaslu\u017eeno slavio"}]},{"@type":"WebSite","@id":"https:\/\/dmcsrb.com\/#website","url":"https:\/\/dmcsrb.com\/","name":"dmcsrb.com","description":"","potentialAction":[{"@type":"SearchAction","target":{"@type":"EntryPoint","urlTemplate":"https:\/\/dmcsrb.com\/?s={search_term_string}"},"query-input":{"@type":"PropertyValueSpecification","valueRequired":true,"valueName":"search_term_string"}}],"inLanguage":"en-GB"},{"@type":"Person","@id":"https:\/\/dmcsrb.com\/#\/schema\/person\/5c39170f12db1b8b457732d0b5c854e2","name":"dmcsrbija.com@gmail.com","image":{"@type":"ImageObject","inLanguage":"en-GB","@id":"https:\/\/secure.gravatar.com\/avatar\/68592660ad6347fad0fb587f8d5d8f1a7b44961362f56e4f2cd524feb87e9069?s=96&d=mm&r=g","url":"https:\/\/secure.gravatar.com\/avatar\/68592660ad6347fad0fb587f8d5d8f1a7b44961362f56e4f2cd524feb87e9069?s=96&d=mm&r=g","contentUrl":"https:\/\/secure.gravatar.com\/avatar\/68592660ad6347fad0fb587f8d5d8f1a7b44961362f56e4f2cd524feb87e9069?s=96&d=mm&r=g","caption":"dmcsrbija.com@gmail.com"},"sameAs":["https:\/\/dmcsrb.com"],"url":"https:\/\/dmcsrb.com\/en\/author\/dmcsrbija-comgmail-com\/"}]}},"_links":{"self":[{"href":"https:\/\/dmcsrb.com\/en\/wp-json\/wp\/v2\/posts\/956450","targetHints":{"allow":["GET"]}}],"collection":[{"href":"https:\/\/dmcsrb.com\/en\/wp-json\/wp\/v2\/posts"}],"about":[{"href":"https:\/\/dmcsrb.com\/en\/wp-json\/wp\/v2\/types\/post"}],"author":[{"embeddable":true,"href":"https:\/\/dmcsrb.com\/en\/wp-json\/wp\/v2\/users\/1"}],"replies":[{"embeddable":true,"href":"https:\/\/dmcsrb.com\/en\/wp-json\/wp\/v2\/comments?post=956450"}],"version-history":[{"count":0,"href":"https:\/\/dmcsrb.com\/en\/wp-json\/wp\/v2\/posts\/956450\/revisions"}],"wp:featuredmedia":[{"embeddable":true,"href":"https:\/\/dmcsrb.com\/en\/wp-json\/wp\/v2\/media\/956451"}],"wp:attachment":[{"href":"https:\/\/dmcsrb.com\/en\/wp-json\/wp\/v2\/media?parent=956450"}],"wp:term":[{"taxonomy":"category","embeddable":true,"href":"https:\/\/dmcsrb.com\/en\/wp-json\/wp\/v2\/categories?post=956450"},{"taxonomy":"post_tag","embeddable":true,"href":"https:\/\/dmcsrb.com\/en\/wp-json\/wp\/v2\/tags?post=956450"},{"taxonomy":"naslovna","embeddable":true,"href":"https:\/\/dmcsrb.com\/en\/wp-json\/wp\/v2\/naslovna?post=956450"}],"curies":[{"name":"wp","href":"https:\/\/api.w.org\/{rel}","templated":true}]}}