{"id":956446,"date":"2025-10-07T19:11:00","date_gmt":"2025-10-07T17:11:00","guid":{"rendered":"https:\/\/dmcsrb.com\/uncategorized\/podgorica-bemax-u-dramaticnom-finisu-porazena-od-borca-na-otvaranju-aba-2-lige\/"},"modified":"2025-10-07T19:11:00","modified_gmt":"2025-10-07T17:11:00","slug":"podgorica-bemax-u-dramaticnom-finisu-porazena-od-borca-na-otvaranju-aba-2-lige","status":"publish","type":"post","link":"https:\/\/dmcsrb.com\/en\/sport\/podgorica-bemax-u-dramaticnom-finisu-porazena-od-borca-na-otvaranju-aba-2-lige\/","title":{"rendered":"Podgorica Bemax u dramati\u010dnom fini\u0161u pora\u017eena od Borca na otvaranju ABA 2 lige"},"content":{"rendered":"<p>Podgorica je otvorila me\u010d sa 4:0, ali onda gotovo konstantno bila u zaostatku (Borac na 24 sekunde prije kraja prve dionice imao +10 24:14), ali je na poluvremenu imala minimalno vo\u0111stvo \u2013 38:37.<\/p>\n\n\n\n<p>Nakon po\u010detnih 4:0, Borac je vezao \u0161est poena, a onda se u\u0161lo u ritam \u201cko\u0161 za ko\u0161\u201d, da bi Borac u fini\u0161u prve \u010detvrtine serijom 9:0 stigao do prednosti 19:12, a nakon trojke Harisa i do dvocifrene razlike (24:14). Borac je u 13.minutu preko Dragojevi\u0107a ponovo stigao do deset poena vi\u0161ka (32:22), a to je gostima bila \u010dak \u0161esta trojka. Zaigrala je Podgorica bolje u odbrani, a nakon agresivne odbrane doma\u0107i su po\u010deli da tope zaostatak. Ni tajm gostuju\u0107eg trenera Marka \u0160\u0107eki\u0107a nije poremetio Podgoricu, koja je ukupnom serijom 16:4 do poluvremena stigla do preokreta (38:37), nakon poena Ad\u017ei\u0107a, da bi nakon ukradene lopte Lacmanovi\u0107 imao situaciju da trojkom uve\u0107a prednost, ali lopta koja je \u0161etala po obru\u010du nije pro\u0161la kroz mre\u017eicu&#8230;<\/p>\n\n\n\n<p>Podgorica je u 26.minutu vezala pet poena i stigla do +4 (52:48), a na 1.26 prije kraja tre\u0107e dionice Krni\u0107 je pove\u0107ao razliku \u2013 60:55.<\/p>\n\n\n\n<p>Sve do 33.minuta odr\u017eavala je Podgorica prednost, a onda je Tanaskovi\u0107 donio vo\u0111stvo Borcu \u0161to je ozna\u010dilo po\u010detak drame. Istina, na 3.10 prije kraja Makitan je pogodio trojku za 67:74, ali se Podgorica nije predala. Pri\u0161la je na 73:74 (dva penala Mini\u0107a), ali je u posljednjem napadu Borca dozvolila Harisu dva ofanzivna skoka, a zatim i da izbori faul. Pogodio je jedno bacanje (73:75), a doma\u0107in posljednjih sedam sekundi za napad, kojim je mogao oti\u0107i u produ\u017eetak ili sti\u0107i do pobjede nije iskoristio najbolje \u2013 na kraju je Krni\u0107 sa zvukom sirene poku\u0161ao iz te\u0161ke pozicije za tri&#8230;<\/p>\n\n\n\n<p>Najefikasniji bio je Stefan Ad\u017ei\u0107 sa 15, uz 5 skokova, Danilo Ivanovi\u0107 dodao je 13, a imao je 7 asistencija, dok je Denil Krni\u0107 upisao 11 poena, 6 skokova, te po 3 asistencije i ukradene lopte. Petar Mini\u0107 postigao je 9, Danilo Lacmanovi\u0107 7, uz 11 skokova, Du\u0161an Mahor\u010di\u0107 4, Milorad Brajovi\u0107 i Aleksa Bulaji\u0107 po 2.<\/p>\n\n\n\n<p>U narednom kolu Podgorica Bemax gostuje ekipi Slobode iz Tuzle 21. oktobra.<\/p>","protected":false},"excerpt":{"rendered":"<p>Ko\u0161arka\u0161i Podgorice Bemax pora\u017eeni su ve\u010deras u \u201cBemax areni\u201d od ekipe Borca iz Banjaluke 75:73 na startu nove sezone ABA2 lige. Podgorica je bila sa dosta problema u igra\u010dkom kadru, ali je odigrala dobar i hrabar me\u010d, a na kraju imala je i napad za pobjedu, ali je Borac ostvario brejk&#8230;<\/p>","protected":false},"author":1,"featured_media":956447,"comment_status":"open","ping_status":"open","sticky":false,"template":"","format":"standard","meta":{"_acf_changed":false,"footnotes":""},"categories":[148],"tags":[3207,10014,1013],"naslovna":[],"class_list":["post-956446","post","type-post","status-publish","format-standard","has-post-thumbnail","hentry","category-sport","tag-aba-2-liga","tag-kk-borac-banjaluka","tag-kk-podgorica-bemax"],"acf":[],"yoast_head":"<!-- This site is optimized with the Yoast SEO plugin v27.4 - https:\/\/yoast.com\/product\/yoast-seo-wordpress\/ -->\n<title>Podgorica Bemax u dramati\u010dnom fini\u0161u pora\u017eena od Borca na otvaranju ABA 2 lige - dmcsrb.com<\/title>\n<meta name=\"robots\" content=\"index, follow, max-snippet:-1, max-image-preview:large, max-video-preview:-1\" \/>\n<link rel=\"canonical\" href=\"https:\/\/dmcsrb.com\/en\/sport\/podgorica-bemax-u-dramaticnom-finisu-porazena-od-borca-na-otvaranju-aba-2-lige\/\" \/>\n<meta property=\"og:locale\" content=\"en_GB\" \/>\n<meta property=\"og:type\" content=\"article\" \/>\n<meta property=\"og:title\" content=\"Podgorica Bemax u dramati\u010dnom fini\u0161u pora\u017eena od Borca na otvaranju ABA 2 lige - dmcsrb.com\" \/>\n<meta property=\"og:description\" content=\"Ko\u0161arka\u0161i Podgorice Bemax pora\u017eeni su ve\u010deras u \u201cBemax areni\u201d od ekipe Borca iz Banjaluke 75:73 na startu nove sezone ABA2 lige. Podgorica je bila sa dosta problema u igra\u010dkom kadru, ali je odigrala dobar i hrabar me\u010d, a na kraju imala je i napad za pobjedu, ali je Borac ostvario brejk...\" \/>\n<meta property=\"og:url\" content=\"https:\/\/dmcsrb.com\/en\/sport\/podgorica-bemax-u-dramaticnom-finisu-porazena-od-borca-na-otvaranju-aba-2-lige\/\" \/>\n<meta property=\"og:site_name\" content=\"dmcsrb.com\" \/>\n<meta property=\"article:published_time\" content=\"2025-10-07T17:11:00+00:00\" \/>\n<meta property=\"og:image\" content=\"https:\/\/dmcsrb.com\/wp-content\/uploads\/2026\/01\/Podgorica-Borac-Podgorica-Bemax-Damir-Crnovrsanin.webp\" \/>\n\t<meta property=\"og:image:width\" content=\"739\" \/>\n\t<meta property=\"og:image:height\" content=\"493\" \/>\n\t<meta property=\"og:image:type\" content=\"image\/jpeg\" \/>\n<meta name=\"author\" content=\"dmcsrbija.com@gmail.com\" \/>\n<meta name=\"twitter:card\" content=\"summary_large_image\" \/>\n<meta name=\"twitter:label1\" content=\"Written by\" \/>\n\t<meta name=\"twitter:data1\" content=\"dmcsrbija.com@gmail.com\" \/>\n\t<meta name=\"twitter:label2\" content=\"Estimated reading time\" \/>\n\t<meta name=\"twitter:data2\" content=\"2 minutes\" \/>\n<script type=\"application\/ld+json\" class=\"yoast-schema-graph\">{\"@context\":\"https:\\\/\\\/schema.org\",\"@graph\":[{\"@type\":\"Article\",\"@id\":\"https:\\\/\\\/dmcsrb.com\\\/sport\\\/podgorica-bemax-u-dramaticnom-finisu-porazena-od-borca-na-otvaranju-aba-2-lige\\\/#article\",\"isPartOf\":{\"@id\":\"https:\\\/\\\/dmcsrb.com\\\/sport\\\/podgorica-bemax-u-dramaticnom-finisu-porazena-od-borca-na-otvaranju-aba-2-lige\\\/\"},\"author\":{\"name\":\"dmcsrbija.com@gmail.com\",\"@id\":\"https:\\\/\\\/dmcsrb.com\\\/#\\\/schema\\\/person\\\/5c39170f12db1b8b457732d0b5c854e2\"},\"headline\":\"Podgorica Bemax u dramati\u010dnom fini\u0161u pora\u017eena od Borca na otvaranju ABA 2 lige\",\"datePublished\":\"2025-10-07T17:11:00+00:00\",\"mainEntityOfPage\":{\"@id\":\"https:\\\/\\\/dmcsrb.com\\\/sport\\\/podgorica-bemax-u-dramaticnom-finisu-porazena-od-borca-na-otvaranju-aba-2-lige\\\/\"},\"wordCount\":359,\"commentCount\":0,\"image\":{\"@id\":\"https:\\\/\\\/dmcsrb.com\\\/sport\\\/podgorica-bemax-u-dramaticnom-finisu-porazena-od-borca-na-otvaranju-aba-2-lige\\\/#primaryimage\"},\"thumbnailUrl\":\"https:\\\/\\\/dmcsrb.com\\\/wp-content\\\/uploads\\\/2026\\\/01\\\/Podgorica-Borac-Podgorica-Bemax-Damir-Crnovrsanin.webp\",\"keywords\":[\"ABA 2 liga\",\"KK Borac Banjaluka\",\"KK Podgorica Bemax\"],\"articleSection\":[\"Sport\"],\"inLanguage\":\"en-GB\",\"potentialAction\":[{\"@type\":\"CommentAction\",\"name\":\"Comment\",\"target\":[\"https:\\\/\\\/dmcsrb.com\\\/sport\\\/podgorica-bemax-u-dramaticnom-finisu-porazena-od-borca-na-otvaranju-aba-2-lige\\\/#respond\"]}]},{\"@type\":\"WebPage\",\"@id\":\"https:\\\/\\\/dmcsrb.com\\\/sport\\\/podgorica-bemax-u-dramaticnom-finisu-porazena-od-borca-na-otvaranju-aba-2-lige\\\/\",\"url\":\"https:\\\/\\\/dmcsrb.com\\\/sport\\\/podgorica-bemax-u-dramaticnom-finisu-porazena-od-borca-na-otvaranju-aba-2-lige\\\/\",\"name\":\"Podgorica Bemax u dramati\u010dnom fini\u0161u pora\u017eena od Borca na otvaranju ABA 2 lige - dmcsrb.com\",\"isPartOf\":{\"@id\":\"https:\\\/\\\/dmcsrb.com\\\/#website\"},\"primaryImageOfPage\":{\"@id\":\"https:\\\/\\\/dmcsrb.com\\\/sport\\\/podgorica-bemax-u-dramaticnom-finisu-porazena-od-borca-na-otvaranju-aba-2-lige\\\/#primaryimage\"},\"image\":{\"@id\":\"https:\\\/\\\/dmcsrb.com\\\/sport\\\/podgorica-bemax-u-dramaticnom-finisu-porazena-od-borca-na-otvaranju-aba-2-lige\\\/#primaryimage\"},\"thumbnailUrl\":\"https:\\\/\\\/dmcsrb.com\\\/wp-content\\\/uploads\\\/2026\\\/01\\\/Podgorica-Borac-Podgorica-Bemax-Damir-Crnovrsanin.webp\",\"datePublished\":\"2025-10-07T17:11:00+00:00\",\"author\":{\"@id\":\"https:\\\/\\\/dmcsrb.com\\\/#\\\/schema\\\/person\\\/5c39170f12db1b8b457732d0b5c854e2\"},\"breadcrumb\":{\"@id\":\"https:\\\/\\\/dmcsrb.com\\\/sport\\\/podgorica-bemax-u-dramaticnom-finisu-porazena-od-borca-na-otvaranju-aba-2-lige\\\/#breadcrumb\"},\"inLanguage\":\"en-GB\",\"potentialAction\":[{\"@type\":\"ReadAction\",\"target\":[\"https:\\\/\\\/dmcsrb.com\\\/sport\\\/podgorica-bemax-u-dramaticnom-finisu-porazena-od-borca-na-otvaranju-aba-2-lige\\\/\"]}]},{\"@type\":\"ImageObject\",\"inLanguage\":\"en-GB\",\"@id\":\"https:\\\/\\\/dmcsrb.com\\\/sport\\\/podgorica-bemax-u-dramaticnom-finisu-porazena-od-borca-na-otvaranju-aba-2-lige\\\/#primaryimage\",\"url\":\"https:\\\/\\\/dmcsrb.com\\\/wp-content\\\/uploads\\\/2026\\\/01\\\/Podgorica-Borac-Podgorica-Bemax-Damir-Crnovrsanin.webp\",\"contentUrl\":\"https:\\\/\\\/dmcsrb.com\\\/wp-content\\\/uploads\\\/2026\\\/01\\\/Podgorica-Borac-Podgorica-Bemax-Damir-Crnovrsanin.webp\",\"width\":739,\"height\":493},{\"@type\":\"BreadcrumbList\",\"@id\":\"https:\\\/\\\/dmcsrb.com\\\/sport\\\/podgorica-bemax-u-dramaticnom-finisu-porazena-od-borca-na-otvaranju-aba-2-lige\\\/#breadcrumb\",\"itemListElement\":[{\"@type\":\"ListItem\",\"position\":1,\"name\":\"Home\",\"item\":\"https:\\\/\\\/dmcsrb.com\\\/\"},{\"@type\":\"ListItem\",\"position\":2,\"name\":\"Podgorica Bemax u dramati\u010dnom fini\u0161u pora\u017eena od Borca na otvaranju ABA 2 lige\"}]},{\"@type\":\"WebSite\",\"@id\":\"https:\\\/\\\/dmcsrb.com\\\/#website\",\"url\":\"https:\\\/\\\/dmcsrb.com\\\/\",\"name\":\"dmcsrb.com\",\"description\":\"\",\"potentialAction\":[{\"@type\":\"SearchAction\",\"target\":{\"@type\":\"EntryPoint\",\"urlTemplate\":\"https:\\\/\\\/dmcsrb.com\\\/?s={search_term_string}\"},\"query-input\":{\"@type\":\"PropertyValueSpecification\",\"valueRequired\":true,\"valueName\":\"search_term_string\"}}],\"inLanguage\":\"en-GB\"},{\"@type\":\"Person\",\"@id\":\"https:\\\/\\\/dmcsrb.com\\\/#\\\/schema\\\/person\\\/5c39170f12db1b8b457732d0b5c854e2\",\"name\":\"dmcsrbija.com@gmail.com\",\"image\":{\"@type\":\"ImageObject\",\"inLanguage\":\"en-GB\",\"@id\":\"https:\\\/\\\/secure.gravatar.com\\\/avatar\\\/68592660ad6347fad0fb587f8d5d8f1a7b44961362f56e4f2cd524feb87e9069?s=96&d=mm&r=g\",\"url\":\"https:\\\/\\\/secure.gravatar.com\\\/avatar\\\/68592660ad6347fad0fb587f8d5d8f1a7b44961362f56e4f2cd524feb87e9069?s=96&d=mm&r=g\",\"contentUrl\":\"https:\\\/\\\/secure.gravatar.com\\\/avatar\\\/68592660ad6347fad0fb587f8d5d8f1a7b44961362f56e4f2cd524feb87e9069?s=96&d=mm&r=g\",\"caption\":\"dmcsrbija.com@gmail.com\"},\"sameAs\":[\"https:\\\/\\\/dmcsrb.com\"],\"url\":\"https:\\\/\\\/dmcsrb.com\\\/en\\\/author\\\/dmcsrbija-comgmail-com\\\/\"}]}<\/script>\n<!-- \/ Yoast SEO plugin. -->","yoast_head_json":{"title":"Podgorica Bemax u dramati\u010dnom fini\u0161u pora\u017eena od Borca na otvaranju ABA 2 lige - dmcsrb.com","robots":{"index":"index","follow":"follow","max-snippet":"max-snippet:-1","max-image-preview":"max-image-preview:large","max-video-preview":"max-video-preview:-1"},"canonical":"https:\/\/dmcsrb.com\/en\/sport\/podgorica-bemax-u-dramaticnom-finisu-porazena-od-borca-na-otvaranju-aba-2-lige\/","og_locale":"en_GB","og_type":"article","og_title":"Podgorica Bemax u dramati\u010dnom fini\u0161u pora\u017eena od Borca na otvaranju ABA 2 lige - dmcsrb.com","og_description":"Ko\u0161arka\u0161i Podgorice Bemax pora\u017eeni su ve\u010deras u \u201cBemax areni\u201d od ekipe Borca iz Banjaluke 75:73 na startu nove sezone ABA2 lige. Podgorica je bila sa dosta problema u igra\u010dkom kadru, ali je odigrala dobar i hrabar me\u010d, a na kraju imala je i napad za pobjedu, ali je Borac ostvario brejk...","og_url":"https:\/\/dmcsrb.com\/en\/sport\/podgorica-bemax-u-dramaticnom-finisu-porazena-od-borca-na-otvaranju-aba-2-lige\/","og_site_name":"dmcsrb.com","article_published_time":"2025-10-07T17:11:00+00:00","og_image":[{"width":739,"height":493,"url":"https:\/\/dmcsrb.com\/wp-content\/uploads\/2026\/01\/Podgorica-Borac-Podgorica-Bemax-Damir-Crnovrsanin.webp","type":"image\/jpeg"}],"author":"dmcsrbija.com@gmail.com","twitter_card":"summary_large_image","twitter_misc":{"Written by":"dmcsrbija.com@gmail.com","Estimated reading time":"2 minutes"},"schema":{"@context":"https:\/\/schema.org","@graph":[{"@type":"Article","@id":"https:\/\/dmcsrb.com\/sport\/podgorica-bemax-u-dramaticnom-finisu-porazena-od-borca-na-otvaranju-aba-2-lige\/#article","isPartOf":{"@id":"https:\/\/dmcsrb.com\/sport\/podgorica-bemax-u-dramaticnom-finisu-porazena-od-borca-na-otvaranju-aba-2-lige\/"},"author":{"name":"dmcsrbija.com@gmail.com","@id":"https:\/\/dmcsrb.com\/#\/schema\/person\/5c39170f12db1b8b457732d0b5c854e2"},"headline":"Podgorica Bemax u dramati\u010dnom fini\u0161u pora\u017eena od Borca na otvaranju ABA 2 lige","datePublished":"2025-10-07T17:11:00+00:00","mainEntityOfPage":{"@id":"https:\/\/dmcsrb.com\/sport\/podgorica-bemax-u-dramaticnom-finisu-porazena-od-borca-na-otvaranju-aba-2-lige\/"},"wordCount":359,"commentCount":0,"image":{"@id":"https:\/\/dmcsrb.com\/sport\/podgorica-bemax-u-dramaticnom-finisu-porazena-od-borca-na-otvaranju-aba-2-lige\/#primaryimage"},"thumbnailUrl":"https:\/\/dmcsrb.com\/wp-content\/uploads\/2026\/01\/Podgorica-Borac-Podgorica-Bemax-Damir-Crnovrsanin.webp","keywords":["ABA 2 liga","KK Borac Banjaluka","KK Podgorica Bemax"],"articleSection":["Sport"],"inLanguage":"en-GB","potentialAction":[{"@type":"CommentAction","name":"Comment","target":["https:\/\/dmcsrb.com\/sport\/podgorica-bemax-u-dramaticnom-finisu-porazena-od-borca-na-otvaranju-aba-2-lige\/#respond"]}]},{"@type":"WebPage","@id":"https:\/\/dmcsrb.com\/sport\/podgorica-bemax-u-dramaticnom-finisu-porazena-od-borca-na-otvaranju-aba-2-lige\/","url":"https:\/\/dmcsrb.com\/sport\/podgorica-bemax-u-dramaticnom-finisu-porazena-od-borca-na-otvaranju-aba-2-lige\/","name":"Podgorica Bemax u dramati\u010dnom fini\u0161u pora\u017eena od Borca na otvaranju ABA 2 lige - dmcsrb.com","isPartOf":{"@id":"https:\/\/dmcsrb.com\/#website"},"primaryImageOfPage":{"@id":"https:\/\/dmcsrb.com\/sport\/podgorica-bemax-u-dramaticnom-finisu-porazena-od-borca-na-otvaranju-aba-2-lige\/#primaryimage"},"image":{"@id":"https:\/\/dmcsrb.com\/sport\/podgorica-bemax-u-dramaticnom-finisu-porazena-od-borca-na-otvaranju-aba-2-lige\/#primaryimage"},"thumbnailUrl":"https:\/\/dmcsrb.com\/wp-content\/uploads\/2026\/01\/Podgorica-Borac-Podgorica-Bemax-Damir-Crnovrsanin.webp","datePublished":"2025-10-07T17:11:00+00:00","author":{"@id":"https:\/\/dmcsrb.com\/#\/schema\/person\/5c39170f12db1b8b457732d0b5c854e2"},"breadcrumb":{"@id":"https:\/\/dmcsrb.com\/sport\/podgorica-bemax-u-dramaticnom-finisu-porazena-od-borca-na-otvaranju-aba-2-lige\/#breadcrumb"},"inLanguage":"en-GB","potentialAction":[{"@type":"ReadAction","target":["https:\/\/dmcsrb.com\/sport\/podgorica-bemax-u-dramaticnom-finisu-porazena-od-borca-na-otvaranju-aba-2-lige\/"]}]},{"@type":"ImageObject","inLanguage":"en-GB","@id":"https:\/\/dmcsrb.com\/sport\/podgorica-bemax-u-dramaticnom-finisu-porazena-od-borca-na-otvaranju-aba-2-lige\/#primaryimage","url":"https:\/\/dmcsrb.com\/wp-content\/uploads\/2026\/01\/Podgorica-Borac-Podgorica-Bemax-Damir-Crnovrsanin.webp","contentUrl":"https:\/\/dmcsrb.com\/wp-content\/uploads\/2026\/01\/Podgorica-Borac-Podgorica-Bemax-Damir-Crnovrsanin.webp","width":739,"height":493},{"@type":"BreadcrumbList","@id":"https:\/\/dmcsrb.com\/sport\/podgorica-bemax-u-dramaticnom-finisu-porazena-od-borca-na-otvaranju-aba-2-lige\/#breadcrumb","itemListElement":[{"@type":"ListItem","position":1,"name":"Home","item":"https:\/\/dmcsrb.com\/"},{"@type":"ListItem","position":2,"name":"Podgorica Bemax u dramati\u010dnom fini\u0161u pora\u017eena od Borca na otvaranju ABA 2 lige"}]},{"@type":"WebSite","@id":"https:\/\/dmcsrb.com\/#website","url":"https:\/\/dmcsrb.com\/","name":"dmcsrb.com","description":"","potentialAction":[{"@type":"SearchAction","target":{"@type":"EntryPoint","urlTemplate":"https:\/\/dmcsrb.com\/?s={search_term_string}"},"query-input":{"@type":"PropertyValueSpecification","valueRequired":true,"valueName":"search_term_string"}}],"inLanguage":"en-GB"},{"@type":"Person","@id":"https:\/\/dmcsrb.com\/#\/schema\/person\/5c39170f12db1b8b457732d0b5c854e2","name":"dmcsrbija.com@gmail.com","image":{"@type":"ImageObject","inLanguage":"en-GB","@id":"https:\/\/secure.gravatar.com\/avatar\/68592660ad6347fad0fb587f8d5d8f1a7b44961362f56e4f2cd524feb87e9069?s=96&d=mm&r=g","url":"https:\/\/secure.gravatar.com\/avatar\/68592660ad6347fad0fb587f8d5d8f1a7b44961362f56e4f2cd524feb87e9069?s=96&d=mm&r=g","contentUrl":"https:\/\/secure.gravatar.com\/avatar\/68592660ad6347fad0fb587f8d5d8f1a7b44961362f56e4f2cd524feb87e9069?s=96&d=mm&r=g","caption":"dmcsrbija.com@gmail.com"},"sameAs":["https:\/\/dmcsrb.com"],"url":"https:\/\/dmcsrb.com\/en\/author\/dmcsrbija-comgmail-com\/"}]}},"_links":{"self":[{"href":"https:\/\/dmcsrb.com\/en\/wp-json\/wp\/v2\/posts\/956446","targetHints":{"allow":["GET"]}}],"collection":[{"href":"https:\/\/dmcsrb.com\/en\/wp-json\/wp\/v2\/posts"}],"about":[{"href":"https:\/\/dmcsrb.com\/en\/wp-json\/wp\/v2\/types\/post"}],"author":[{"embeddable":true,"href":"https:\/\/dmcsrb.com\/en\/wp-json\/wp\/v2\/users\/1"}],"replies":[{"embeddable":true,"href":"https:\/\/dmcsrb.com\/en\/wp-json\/wp\/v2\/comments?post=956446"}],"version-history":[{"count":0,"href":"https:\/\/dmcsrb.com\/en\/wp-json\/wp\/v2\/posts\/956446\/revisions"}],"wp:featuredmedia":[{"embeddable":true,"href":"https:\/\/dmcsrb.com\/en\/wp-json\/wp\/v2\/media\/956447"}],"wp:attachment":[{"href":"https:\/\/dmcsrb.com\/en\/wp-json\/wp\/v2\/media?parent=956446"}],"wp:term":[{"taxonomy":"category","embeddable":true,"href":"https:\/\/dmcsrb.com\/en\/wp-json\/wp\/v2\/categories?post=956446"},{"taxonomy":"post_tag","embeddable":true,"href":"https:\/\/dmcsrb.com\/en\/wp-json\/wp\/v2\/tags?post=956446"},{"taxonomy":"naslovna","embeddable":true,"href":"https:\/\/dmcsrb.com\/en\/wp-json\/wp\/v2\/naslovna?post=956446"}],"curies":[{"name":"wp","href":"https:\/\/api.w.org\/{rel}","templated":true}]}}