{"id":956410,"date":"2025-10-07T17:57:00","date_gmt":"2025-10-07T15:57:00","guid":{"rendered":"https:\/\/dmcsrb.com\/uncategorized\/svjetska-banka-u-crnoj-gori-inflacija-jaca-od-ocekivane\/"},"modified":"2025-10-07T17:57:00","modified_gmt":"2025-10-07T15:57:00","slug":"svjetska-banka-u-crnoj-gori-inflacija-jaca-od-ocekivane","status":"publish","type":"post","link":"https:\/\/dmcsrb.com\/en\/nekategorisano\/svjetska-banka-u-crnoj-gori-inflacija-jaca-od-ocekivane\/","title":{"rendered":"Svjetska banka: U Crnoj Gori inflacija ja\u010da od o\u010dekivane"},"content":{"rendered":"<p><\/p>\n\n\n\n<p><br><\/p>\n\n\n\n<p>Svjetska banka predvi\u0111a da \u0107e rast bruto doma\u0107eg proizvoda (BDP) do kraja ove godine usporiti na 3,0 odsto u prosjeku za sve dr\u017eave Zapadnog Balkana. U 2024. taj procenat je bio 3,6.<\/p>\n\n\n\n<p>Globalne prilike u kombinaciji sa &#8220;poja\u010danim doma\u0107im pritiscima u nekoliko dr\u017eava&#8221; doprinijele su ovakvom padu.<\/p>\n\n\n\n<p>Najve\u0107i pad u ekonomskom rastu u odnosu na 2024. godinu predvi\u0111a se za Srbiju \u2013 za 1,1 procentni poen do kraja 2025. godine.<\/p>\n\n\n\n<p>Pojedine dr\u017eave, poput Sjeverne Makedonije, zabilje\u017ei\u0107e blagi rast u odnosu na prethodnu godinu.<\/p>\n\n\n\n<p>Svjetska banka u svom izvje\u0161taju navodi da bi umjereni oporavak evrozone trebalo da doprinese i rastu na Zapadnom Balkanu, i to kroz podsticanje investicija i izvoza. Potpuni oporavak o\u010dekuje se tek 2027. godine, procjene su Svjetske banke.<\/p>\n\n\n\n<p>U Crnoj Gori inflacija ja\u010da od o\u010dekivane<\/p>\n\n\n\n<p>Ja\u010da fiskalna disciplina i napredak u reformama su klju\u010dni za ekonomski rast Crne Gore, navodi se u izvje\u0161taju Svjetske banke.<\/p>\n\n\n\n<p>Iako u odnosu na pro\u0161lu godinu Crna Gora bilje\u017ei \u010dak i blagi ekonomski rast, ova dr\u017eava je u odnosu na 2023. vrtoglavo oborila realni rast svog BDP-a. Rast Crne Gore se usporava nakon sna\u017enog postpandemijskog oporavka, navodi se u izvje\u0161taju.<\/p>\n\n\n\n<p>Tokom 2025. inflacija je bila ve\u0107a nego \u0161to se o\u010dekivalo. Paralelno s tim, suo\u010dava se i sa velikim otplatama duga.<\/p>\n\n\n\n<p>&#8220;Ova mala, otvorena i evroizovana ekonomija ostaje veoma ranjiva na spoljne uticaje, a veliko oslanjanje na turizam dodatno pove\u0107ava tu ranjivost.&#8221;<\/p>\n\n\n\n<p>Svjetska banka navodi da pristupanje EU ostaje glavni pokreta\u010d reformi i dugoro\u010dnog razvoja Crne Gore.<\/p>\n\n\n\n<p>Manje strane investicije doprinijele padu u Srbiji<\/p>\n\n\n\n<p>Privredni rast Srbije \u0107e, prema projekcijama, biti 2,8 odsto u 2025. godini, \u0161to je znatno manje u odnosu na 2024, kada je bio 3,9 procenata.<\/p>\n\n\n\n<p>Nakon dobrih rezultata u 2024, privreda je izgubila zamajac, navode u Svjetskoj banci.<\/p>\n\n\n\n<p>&#8220;Rast je usporen, uglavnom zbog ni\u017eeg priliva stranih direktnih investicija i neizvjesnosti na svjetskim tr\u017ei\u0161tima&#8221;, navodi Svjetska banka.<\/p>\n\n\n\n<p>Dodaje se da je rast usporen &#8220;zbog naglog pada gra\u0111evinskih aktivnosti i slabijeg rezultata poljoprivrede, na koje su uticale negativne vremenske prilike&#8221;. O\u010dekuje se da \u0107e Srbija u narednih nekoliko godina imati privredni rast, ali da mora biti svjesna potencijalnih rizika.<\/p>\n\n\n\n<p>Me\u0111u rizicima se navodi tro\u0161enje novca iz bud\u017eeta na problemati\u010dna dr\u017eavna preduze\u0107a, slabiji izvoz, kao i uticaj ekstremnih vremenskih prilika na poljoprivredu i infrastrukturu.<\/p>\n\n\n\n<p>Usporila i ekonomija Kosova<\/p>\n\n\n\n<p>Sa 4,4 odsto rasta u 2024, Kosovo \u0107e, prema projekciji Svjetske banke, do kraja ove godine usporiti rast na 3,8 odsto.<\/p>\n\n\n\n<p>Uprkos tome, u pore\u0111enju sa drugim dr\u017eavama Zapadnog Balkana, Kosovo ima dobru stopu rasta u 2025. godini. Svjetska banka konstatuje da je Kosovo od sticanja nezavisnosti ostvarilo zna\u010dajan napredak u socio-ekonomskom razvoju.<\/p>\n\n\n\n<p>U periodu od 2013. do 2023. godine, ekonomija je u prosjeku godi\u0161nje imala rast od 4,3 odsto, \u010dime je dohodak po glavi stanovnika uve\u0107an za vi\u0161e od 50 procenata, a siroma\u0161tvo se zna\u010dajno smanjilo.<\/p>\n\n\n\n<p>Ipak, Svjetska banka konstatuje da je, uprkos tome, dohodak po glavi stanovnika i dalje svega 15 odsto prosjeka Evropske unije te da rast nije uspio da obezbijedi dovoljno radnih mjesta.<\/p>\n\n\n\n<p>BiH: Nezaposlenost, cijene i reforme<\/p>\n\n\n\n<p>Rast BDP-a u Bosni i Hercegovini (BiH) usporio je u prvom kvartalu 2025. godine i to zbog slabije industrijske proizvodnje, naro\u010dito u sektoru prera\u0111iva\u010dke industrije.<\/p>\n\n\n\n<p>Skuplja hrana dovela je do inflacije od 3,4 odsto u junu, dok je pove\u0107anje minimalne plate pru\u017eilo odre\u0111eno olak\u0161anje osobama s ni\u017eim prihodima. Svjetska banka smatra da je prosje\u010dan rast u BiH doveo do ograni\u010denog napretka u smanjenju siroma\u0161tva.<\/p>\n\n\n\n<p>&#8220;Ekonomska ranjivost i dalje postoji, pri \u010demu 40 odsto odraslih navodi da ne bi mogli da pokriju tro\u0161kove du\u017ee od mjesec dana ako bi izgubili glavni izvor prihoda&#8221;, navodi se u izvje\u0161taju, uz zaklju\u010dak da je pove\u0107anje minimalne zarade pru\u017eilo odre\u0111eno olak\u0161anje ljudima sa ni\u017eim prihodima.<\/p>\n\n\n\n<p>Klju\u010dni izazovi su, navodi se, ubrzanje reformi, pobolj\u0161anje poslovnog ambijenta i ja\u010danje inkluzije na tr\u017ei\u0161tu rada, naro\u010dito za ranjive grupe.<\/p>\n\n\n\n<p>Sjevernu Makedoniju o\u010dekuje rast<\/p>\n\n\n\n<p>Sjeverna Makedonija izdvaja se me\u0111u dr\u017eavama Zapadnog Balkana jer u 2025, prema projekcijama, ne\u0107e zabilje\u017eiti ko\u010denja u ekonomskom rastu.<\/p>\n\n\n\n<p>Svjetska banka o\u010dekuje da \u0107e se ekonomski rast Sjeverne Makedonije ubrzati na 3,1 odsto u 2025. godini, uz razvoj investicija i izvoza.<\/p>\n\n\n\n<p>Stanje na tr\u017ei\u0161tu rada se pobolj\u0161ava i prati rast proizvodnje tokom prve polovine 2025, konstatuje se u izvje\u0161taju za Sjevernu Makedoniju.<\/p>\n\n\n\n<p>Rizici za ekonomske izglede u ovoj dr\u017eavi su slabo upravljanje javnim investicijama, kao i nastavak iseljavanja stanovni\u0161tva.<\/p>\n\n\n\n<p>EU put Albanije doprinije\u0107e investicijama<\/p>\n\n\n\n<p>Albanija \u0107e do kraja 2025. godine imati projektovani ekonomski rast od 3,7 odsto.<\/p>\n\n\n\n<p>Iako je ovaj procenat ni\u017ei u odnosu na 2024, Svjetska banka o\u010dekuje da \u0107e ekonomija Albanije nastaviti da raste. Za to su, podsje\u0107a se, klju\u010dne reforme, a prioriteti su fiskalna stabilnost, zelena agenda, bolja socijalna za\u0161tita, digitalizacija i ja\u010danje veza sa regionalnim i tr\u017ei\u0161tima Evropske unije.<\/p>\n\n\n\n<p>Svjetska banka konstatuje da je gra\u0111evinarstvo podstaklo privredni rast, \u010dime su kompenzovani padovi u poljoprivredi i drugim industrijskim granama.<\/p>\n\n\n\n<p>Zajedni\u010dko svima \u2013 problemi na tr\u017ei\u0161tu rada<\/p>\n\n\n\n<p>Analiza Svjetske banke o dr\u017eavama Zapadnog Balkana u fokus stavlja probleme u oblasti zapo\u0161ljavanja.<\/p>\n\n\n\n<p>Zemlje ovog regiona, zaklju\u010duje se, suo\u010davaju se sa paradoksima na tr\u017ei\u0161tu rada \u2013 sa jedne strane postoji nedostatak radne snage, dok paralelno sa tim postoji i uporno visok procenat nezaposlenosti, vi\u0161e od 10 odsto.<\/p>\n\n\n\n<p>Tako\u0111e, navodi se u redovnom godi\u0161njem izvje\u0161taju, primjetno je i relativno nisko zapo\u0161ljavanje me\u0111u \u017eenama, mladima i starijima.<\/p>\n\n\n\n<p>Radno sposobno stanovni\u0161tvo se ve\u0107 zna\u010dajno smanjilo i predvi\u0111a se da \u0107e opasti za skoro petinu do 2050. godine.<\/p>","protected":false},"excerpt":{"rendered":"<p>Ekonomski rast u dr\u017eavama Zapadnog Balkana tokom 2025. usporava, a projekcije su da \u0107e se takav trend zadr\u017eati do kraja godine, objavila je Svjetska banka u svom novom redovnom ekonomskom izvje\u0161taju.<\/p>","protected":false},"author":1,"featured_media":956411,"comment_status":"open","ping_status":"open","sticky":false,"template":"","format":"standard","meta":{"_acf_changed":false,"footnotes":""},"categories":[16320],"tags":[95,2512,7020],"naslovna":[],"class_list":["post-956410","post","type-post","status-publish","format-standard","has-post-thumbnail","hentry","category-nekategorisano","tag-crna-gora","tag-inflacija","tag-svjetska-banka"],"acf":[],"yoast_head":"<!-- This site is optimized with the Yoast SEO plugin v27.4 - https:\/\/yoast.com\/product\/yoast-seo-wordpress\/ -->\n<title>Svjetska banka: U Crnoj Gori inflacija ja\u010da od o\u010dekivane - dmcsrb.com<\/title>\n<meta name=\"robots\" content=\"index, follow, max-snippet:-1, max-image-preview:large, max-video-preview:-1\" \/>\n<link rel=\"canonical\" href=\"https:\/\/dmcsrb.com\/en\/nekategorisano\/svjetska-banka-u-crnoj-gori-inflacija-jaca-od-ocekivane\/\" \/>\n<meta property=\"og:locale\" content=\"en_GB\" \/>\n<meta property=\"og:type\" content=\"article\" \/>\n<meta property=\"og:title\" content=\"Svjetska banka: U Crnoj Gori inflacija ja\u010da od o\u010dekivane - dmcsrb.com\" \/>\n<meta property=\"og:description\" content=\"Ekonomski rast u dr\u017eavama Zapadnog Balkana tokom 2025. usporava, a projekcije su da \u0107e se takav trend zadr\u017eati do kraja godine, objavila je Svjetska banka u svom novom redovnom ekonomskom izvje\u0161taju.\" \/>\n<meta property=\"og:url\" content=\"https:\/\/dmcsrb.com\/en\/nekategorisano\/svjetska-banka-u-crnoj-gori-inflacija-jaca-od-ocekivane\/\" \/>\n<meta property=\"og:site_name\" content=\"dmcsrb.com\" \/>\n<meta property=\"article:published_time\" content=\"2025-10-07T15:57:00+00:00\" \/>\n<meta property=\"og:image\" content=\"https:\/\/dmcsrb.com\/wp-content\/uploads\/2026\/01\/Svjetska-banka.webp\" \/>\n\t<meta property=\"og:image:width\" content=\"301\" \/>\n\t<meta property=\"og:image:height\" content=\"168\" \/>\n\t<meta property=\"og:image:type\" content=\"image\/jpeg\" \/>\n<meta name=\"author\" content=\"dmcsrbija.com@gmail.com\" \/>\n<meta name=\"twitter:card\" content=\"summary_large_image\" \/>\n<meta name=\"twitter:label1\" content=\"Written by\" \/>\n\t<meta name=\"twitter:data1\" content=\"dmcsrbija.com@gmail.com\" \/>\n\t<meta name=\"twitter:label2\" content=\"Estimated reading time\" \/>\n\t<meta name=\"twitter:data2\" content=\"5 minutes\" \/>\n<script type=\"application\/ld+json\" class=\"yoast-schema-graph\">{\"@context\":\"https:\\\/\\\/schema.org\",\"@graph\":[{\"@type\":\"Article\",\"@id\":\"https:\\\/\\\/dmcsrb.com\\\/nekategorisano\\\/svjetska-banka-u-crnoj-gori-inflacija-jaca-od-ocekivane\\\/#article\",\"isPartOf\":{\"@id\":\"https:\\\/\\\/dmcsrb.com\\\/nekategorisano\\\/svjetska-banka-u-crnoj-gori-inflacija-jaca-od-ocekivane\\\/\"},\"author\":{\"name\":\"dmcsrbija.com@gmail.com\",\"@id\":\"https:\\\/\\\/dmcsrb.com\\\/#\\\/schema\\\/person\\\/5c39170f12db1b8b457732d0b5c854e2\"},\"headline\":\"Svjetska banka: U Crnoj Gori inflacija ja\u010da od o\u010dekivane\",\"datePublished\":\"2025-10-07T15:57:00+00:00\",\"mainEntityOfPage\":{\"@id\":\"https:\\\/\\\/dmcsrb.com\\\/nekategorisano\\\/svjetska-banka-u-crnoj-gori-inflacija-jaca-od-ocekivane\\\/\"},\"wordCount\":972,\"commentCount\":0,\"image\":{\"@id\":\"https:\\\/\\\/dmcsrb.com\\\/nekategorisano\\\/svjetska-banka-u-crnoj-gori-inflacija-jaca-od-ocekivane\\\/#primaryimage\"},\"thumbnailUrl\":\"https:\\\/\\\/dmcsrb.com\\\/wp-content\\\/uploads\\\/2026\\\/01\\\/Svjetska-banka.webp\",\"keywords\":[\"Crna Gora\",\"Inflacija\",\"Svjetska banka\"],\"articleSection\":[\"Nekategorisano\"],\"inLanguage\":\"en-GB\",\"potentialAction\":[{\"@type\":\"CommentAction\",\"name\":\"Comment\",\"target\":[\"https:\\\/\\\/dmcsrb.com\\\/nekategorisano\\\/svjetska-banka-u-crnoj-gori-inflacija-jaca-od-ocekivane\\\/#respond\"]}]},{\"@type\":\"WebPage\",\"@id\":\"https:\\\/\\\/dmcsrb.com\\\/nekategorisano\\\/svjetska-banka-u-crnoj-gori-inflacija-jaca-od-ocekivane\\\/\",\"url\":\"https:\\\/\\\/dmcsrb.com\\\/nekategorisano\\\/svjetska-banka-u-crnoj-gori-inflacija-jaca-od-ocekivane\\\/\",\"name\":\"Svjetska banka: U Crnoj Gori inflacija ja\u010da od o\u010dekivane - dmcsrb.com\",\"isPartOf\":{\"@id\":\"https:\\\/\\\/dmcsrb.com\\\/#website\"},\"primaryImageOfPage\":{\"@id\":\"https:\\\/\\\/dmcsrb.com\\\/nekategorisano\\\/svjetska-banka-u-crnoj-gori-inflacija-jaca-od-ocekivane\\\/#primaryimage\"},\"image\":{\"@id\":\"https:\\\/\\\/dmcsrb.com\\\/nekategorisano\\\/svjetska-banka-u-crnoj-gori-inflacija-jaca-od-ocekivane\\\/#primaryimage\"},\"thumbnailUrl\":\"https:\\\/\\\/dmcsrb.com\\\/wp-content\\\/uploads\\\/2026\\\/01\\\/Svjetska-banka.webp\",\"datePublished\":\"2025-10-07T15:57:00+00:00\",\"author\":{\"@id\":\"https:\\\/\\\/dmcsrb.com\\\/#\\\/schema\\\/person\\\/5c39170f12db1b8b457732d0b5c854e2\"},\"breadcrumb\":{\"@id\":\"https:\\\/\\\/dmcsrb.com\\\/nekategorisano\\\/svjetska-banka-u-crnoj-gori-inflacija-jaca-od-ocekivane\\\/#breadcrumb\"},\"inLanguage\":\"en-GB\",\"potentialAction\":[{\"@type\":\"ReadAction\",\"target\":[\"https:\\\/\\\/dmcsrb.com\\\/nekategorisano\\\/svjetska-banka-u-crnoj-gori-inflacija-jaca-od-ocekivane\\\/\"]}]},{\"@type\":\"ImageObject\",\"inLanguage\":\"en-GB\",\"@id\":\"https:\\\/\\\/dmcsrb.com\\\/nekategorisano\\\/svjetska-banka-u-crnoj-gori-inflacija-jaca-od-ocekivane\\\/#primaryimage\",\"url\":\"https:\\\/\\\/dmcsrb.com\\\/wp-content\\\/uploads\\\/2026\\\/01\\\/Svjetska-banka.webp\",\"contentUrl\":\"https:\\\/\\\/dmcsrb.com\\\/wp-content\\\/uploads\\\/2026\\\/01\\\/Svjetska-banka.webp\",\"width\":301,\"height\":168},{\"@type\":\"BreadcrumbList\",\"@id\":\"https:\\\/\\\/dmcsrb.com\\\/nekategorisano\\\/svjetska-banka-u-crnoj-gori-inflacija-jaca-od-ocekivane\\\/#breadcrumb\",\"itemListElement\":[{\"@type\":\"ListItem\",\"position\":1,\"name\":\"Home\",\"item\":\"https:\\\/\\\/dmcsrb.com\\\/\"},{\"@type\":\"ListItem\",\"position\":2,\"name\":\"Svjetska banka: U Crnoj Gori inflacija ja\u010da od o\u010dekivane\"}]},{\"@type\":\"WebSite\",\"@id\":\"https:\\\/\\\/dmcsrb.com\\\/#website\",\"url\":\"https:\\\/\\\/dmcsrb.com\\\/\",\"name\":\"dmcsrb.com\",\"description\":\"\",\"potentialAction\":[{\"@type\":\"SearchAction\",\"target\":{\"@type\":\"EntryPoint\",\"urlTemplate\":\"https:\\\/\\\/dmcsrb.com\\\/?s={search_term_string}\"},\"query-input\":{\"@type\":\"PropertyValueSpecification\",\"valueRequired\":true,\"valueName\":\"search_term_string\"}}],\"inLanguage\":\"en-GB\"},{\"@type\":\"Person\",\"@id\":\"https:\\\/\\\/dmcsrb.com\\\/#\\\/schema\\\/person\\\/5c39170f12db1b8b457732d0b5c854e2\",\"name\":\"dmcsrbija.com@gmail.com\",\"image\":{\"@type\":\"ImageObject\",\"inLanguage\":\"en-GB\",\"@id\":\"https:\\\/\\\/secure.gravatar.com\\\/avatar\\\/68592660ad6347fad0fb587f8d5d8f1a7b44961362f56e4f2cd524feb87e9069?s=96&d=mm&r=g\",\"url\":\"https:\\\/\\\/secure.gravatar.com\\\/avatar\\\/68592660ad6347fad0fb587f8d5d8f1a7b44961362f56e4f2cd524feb87e9069?s=96&d=mm&r=g\",\"contentUrl\":\"https:\\\/\\\/secure.gravatar.com\\\/avatar\\\/68592660ad6347fad0fb587f8d5d8f1a7b44961362f56e4f2cd524feb87e9069?s=96&d=mm&r=g\",\"caption\":\"dmcsrbija.com@gmail.com\"},\"sameAs\":[\"https:\\\/\\\/dmcsrb.com\"],\"url\":\"https:\\\/\\\/dmcsrb.com\\\/en\\\/author\\\/dmcsrbija-comgmail-com\\\/\"}]}<\/script>\n<!-- \/ Yoast SEO plugin. -->","yoast_head_json":{"title":"Svjetska banka: U Crnoj Gori inflacija ja\u010da od o\u010dekivane - dmcsrb.com","robots":{"index":"index","follow":"follow","max-snippet":"max-snippet:-1","max-image-preview":"max-image-preview:large","max-video-preview":"max-video-preview:-1"},"canonical":"https:\/\/dmcsrb.com\/en\/nekategorisano\/svjetska-banka-u-crnoj-gori-inflacija-jaca-od-ocekivane\/","og_locale":"en_GB","og_type":"article","og_title":"Svjetska banka: U Crnoj Gori inflacija ja\u010da od o\u010dekivane - dmcsrb.com","og_description":"Ekonomski rast u dr\u017eavama Zapadnog Balkana tokom 2025. usporava, a projekcije su da \u0107e se takav trend zadr\u017eati do kraja godine, objavila je Svjetska banka u svom novom redovnom ekonomskom izvje\u0161taju.","og_url":"https:\/\/dmcsrb.com\/en\/nekategorisano\/svjetska-banka-u-crnoj-gori-inflacija-jaca-od-ocekivane\/","og_site_name":"dmcsrb.com","article_published_time":"2025-10-07T15:57:00+00:00","og_image":[{"width":301,"height":168,"url":"https:\/\/dmcsrb.com\/wp-content\/uploads\/2026\/01\/Svjetska-banka.webp","type":"image\/jpeg"}],"author":"dmcsrbija.com@gmail.com","twitter_card":"summary_large_image","twitter_misc":{"Written by":"dmcsrbija.com@gmail.com","Estimated reading time":"5 minutes"},"schema":{"@context":"https:\/\/schema.org","@graph":[{"@type":"Article","@id":"https:\/\/dmcsrb.com\/nekategorisano\/svjetska-banka-u-crnoj-gori-inflacija-jaca-od-ocekivane\/#article","isPartOf":{"@id":"https:\/\/dmcsrb.com\/nekategorisano\/svjetska-banka-u-crnoj-gori-inflacija-jaca-od-ocekivane\/"},"author":{"name":"dmcsrbija.com@gmail.com","@id":"https:\/\/dmcsrb.com\/#\/schema\/person\/5c39170f12db1b8b457732d0b5c854e2"},"headline":"Svjetska banka: U Crnoj Gori inflacija ja\u010da od o\u010dekivane","datePublished":"2025-10-07T15:57:00+00:00","mainEntityOfPage":{"@id":"https:\/\/dmcsrb.com\/nekategorisano\/svjetska-banka-u-crnoj-gori-inflacija-jaca-od-ocekivane\/"},"wordCount":972,"commentCount":0,"image":{"@id":"https:\/\/dmcsrb.com\/nekategorisano\/svjetska-banka-u-crnoj-gori-inflacija-jaca-od-ocekivane\/#primaryimage"},"thumbnailUrl":"https:\/\/dmcsrb.com\/wp-content\/uploads\/2026\/01\/Svjetska-banka.webp","keywords":["Crna Gora","Inflacija","Svjetska banka"],"articleSection":["Nekategorisano"],"inLanguage":"en-GB","potentialAction":[{"@type":"CommentAction","name":"Comment","target":["https:\/\/dmcsrb.com\/nekategorisano\/svjetska-banka-u-crnoj-gori-inflacija-jaca-od-ocekivane\/#respond"]}]},{"@type":"WebPage","@id":"https:\/\/dmcsrb.com\/nekategorisano\/svjetska-banka-u-crnoj-gori-inflacija-jaca-od-ocekivane\/","url":"https:\/\/dmcsrb.com\/nekategorisano\/svjetska-banka-u-crnoj-gori-inflacija-jaca-od-ocekivane\/","name":"Svjetska banka: U Crnoj Gori inflacija ja\u010da od o\u010dekivane - dmcsrb.com","isPartOf":{"@id":"https:\/\/dmcsrb.com\/#website"},"primaryImageOfPage":{"@id":"https:\/\/dmcsrb.com\/nekategorisano\/svjetska-banka-u-crnoj-gori-inflacija-jaca-od-ocekivane\/#primaryimage"},"image":{"@id":"https:\/\/dmcsrb.com\/nekategorisano\/svjetska-banka-u-crnoj-gori-inflacija-jaca-od-ocekivane\/#primaryimage"},"thumbnailUrl":"https:\/\/dmcsrb.com\/wp-content\/uploads\/2026\/01\/Svjetska-banka.webp","datePublished":"2025-10-07T15:57:00+00:00","author":{"@id":"https:\/\/dmcsrb.com\/#\/schema\/person\/5c39170f12db1b8b457732d0b5c854e2"},"breadcrumb":{"@id":"https:\/\/dmcsrb.com\/nekategorisano\/svjetska-banka-u-crnoj-gori-inflacija-jaca-od-ocekivane\/#breadcrumb"},"inLanguage":"en-GB","potentialAction":[{"@type":"ReadAction","target":["https:\/\/dmcsrb.com\/nekategorisano\/svjetska-banka-u-crnoj-gori-inflacija-jaca-od-ocekivane\/"]}]},{"@type":"ImageObject","inLanguage":"en-GB","@id":"https:\/\/dmcsrb.com\/nekategorisano\/svjetska-banka-u-crnoj-gori-inflacija-jaca-od-ocekivane\/#primaryimage","url":"https:\/\/dmcsrb.com\/wp-content\/uploads\/2026\/01\/Svjetska-banka.webp","contentUrl":"https:\/\/dmcsrb.com\/wp-content\/uploads\/2026\/01\/Svjetska-banka.webp","width":301,"height":168},{"@type":"BreadcrumbList","@id":"https:\/\/dmcsrb.com\/nekategorisano\/svjetska-banka-u-crnoj-gori-inflacija-jaca-od-ocekivane\/#breadcrumb","itemListElement":[{"@type":"ListItem","position":1,"name":"Home","item":"https:\/\/dmcsrb.com\/"},{"@type":"ListItem","position":2,"name":"Svjetska banka: U Crnoj Gori inflacija ja\u010da od o\u010dekivane"}]},{"@type":"WebSite","@id":"https:\/\/dmcsrb.com\/#website","url":"https:\/\/dmcsrb.com\/","name":"dmcsrb.com","description":"","potentialAction":[{"@type":"SearchAction","target":{"@type":"EntryPoint","urlTemplate":"https:\/\/dmcsrb.com\/?s={search_term_string}"},"query-input":{"@type":"PropertyValueSpecification","valueRequired":true,"valueName":"search_term_string"}}],"inLanguage":"en-GB"},{"@type":"Person","@id":"https:\/\/dmcsrb.com\/#\/schema\/person\/5c39170f12db1b8b457732d0b5c854e2","name":"dmcsrbija.com@gmail.com","image":{"@type":"ImageObject","inLanguage":"en-GB","@id":"https:\/\/secure.gravatar.com\/avatar\/68592660ad6347fad0fb587f8d5d8f1a7b44961362f56e4f2cd524feb87e9069?s=96&d=mm&r=g","url":"https:\/\/secure.gravatar.com\/avatar\/68592660ad6347fad0fb587f8d5d8f1a7b44961362f56e4f2cd524feb87e9069?s=96&d=mm&r=g","contentUrl":"https:\/\/secure.gravatar.com\/avatar\/68592660ad6347fad0fb587f8d5d8f1a7b44961362f56e4f2cd524feb87e9069?s=96&d=mm&r=g","caption":"dmcsrbija.com@gmail.com"},"sameAs":["https:\/\/dmcsrb.com"],"url":"https:\/\/dmcsrb.com\/en\/author\/dmcsrbija-comgmail-com\/"}]}},"_links":{"self":[{"href":"https:\/\/dmcsrb.com\/en\/wp-json\/wp\/v2\/posts\/956410","targetHints":{"allow":["GET"]}}],"collection":[{"href":"https:\/\/dmcsrb.com\/en\/wp-json\/wp\/v2\/posts"}],"about":[{"href":"https:\/\/dmcsrb.com\/en\/wp-json\/wp\/v2\/types\/post"}],"author":[{"embeddable":true,"href":"https:\/\/dmcsrb.com\/en\/wp-json\/wp\/v2\/users\/1"}],"replies":[{"embeddable":true,"href":"https:\/\/dmcsrb.com\/en\/wp-json\/wp\/v2\/comments?post=956410"}],"version-history":[{"count":0,"href":"https:\/\/dmcsrb.com\/en\/wp-json\/wp\/v2\/posts\/956410\/revisions"}],"wp:featuredmedia":[{"embeddable":true,"href":"https:\/\/dmcsrb.com\/en\/wp-json\/wp\/v2\/media\/956411"}],"wp:attachment":[{"href":"https:\/\/dmcsrb.com\/en\/wp-json\/wp\/v2\/media?parent=956410"}],"wp:term":[{"taxonomy":"category","embeddable":true,"href":"https:\/\/dmcsrb.com\/en\/wp-json\/wp\/v2\/categories?post=956410"},{"taxonomy":"post_tag","embeddable":true,"href":"https:\/\/dmcsrb.com\/en\/wp-json\/wp\/v2\/tags?post=956410"},{"taxonomy":"naslovna","embeddable":true,"href":"https:\/\/dmcsrb.com\/en\/wp-json\/wp\/v2\/naslovna?post=956410"}],"curies":[{"name":"wp","href":"https:\/\/api.w.org\/{rel}","templated":true}]}}