{"id":956404,"date":"2025-10-07T17:33:00","date_gmt":"2025-10-07T15:33:00","guid":{"rendered":"https:\/\/dmcsrb.com\/uncategorized\/video-vukcevic-saniramo-posljedice-nevremena-na-zelenim-povrsinama-gorica-u-nadleznosti-agencije-za-zasticena-podrucja\/"},"modified":"2025-10-07T17:33:00","modified_gmt":"2025-10-07T15:33:00","slug":"video-vukcevic-saniramo-posljedice-nevremena-na-zelenim-povrsinama-gorica-u-nadleznosti-agencije-za-zasticena-podrucja","status":"publish","type":"post","link":"https:\/\/dmcsrb.com\/en\/podgorica\/video-vukcevic-saniramo-posljedice-nevremena-na-zelenim-povrsinama-gorica-u-nadleznosti-agencije-za-zasticena-podrucja\/","title":{"rendered":"(VIDEO) Vuk\u010devi\u0107: Saniramo posljedice nevremena na zelenim povr\u0161inama, Gorica u nadle\u017enosti Agencije za za\u0161ti\u0107ena podru\u010dja"},"content":{"rendered":"<p>Tokom jakog vjetra prethodnih dana u Podgorici, o\u0161te\u0107ena su neka stabla na Gorici, prijavili su sugra\u0111ani \u2013 iz preduze\u0107a Zelenilo ka\u017eu da nijesu nadle\u017eni za tu lokaciju..<\/p>\n\n\n\n<p>\u201eKada je rije\u010d o Gorici, nemamo ingerencije nad ovom \u0161umom, ima Agencija za za\u0161ti\u0107ena podru\u010dja,Zelenilo interveni\u0161e na javnim zelenim povr\u0161inama,zelene povr\u0161ine su parkovi, igrali\u0161ta, uz O\u0160, zelene trake du\u017e saobra\u0107ajnica, blokovske neke povr\u0161ine\u201c, ka\u017ee Milica Vuk\u0107evi\u0107 iz GP Zelenilo, <\/p>\n\n\n\n<p> In\u017eenjeri \u0161umarstva i poljoprivrede Zelenila procijeni\u0107e da li je \u0161teta zaista u prijavljenom obimu, dodaje Vuk\u010devi\u0107 \u2013 upu\u0107uje sugra\u0111ane kako da reaguju ubudu\u0107e.<\/p>\n\n\n\n<p>&#8220;Ako na\u0161i sugra\u0111ani primjete neko stablo sklono padu, najbolje je da pozovu Zelenu liniju,na besplatan broj 020 220 220,kako bi prijavili problem, a na\u0161 tim \u0107e iza\u0107i na teren i utvrditi da li zaista postoji opasnost&#8221;, ka\u017ee Vuk\u010devi\u0107. <\/p>\n\n\n\n<p>Kada je rije\u010d o drugim povr\u0161inama, ekipe Zelenila trude se da posljedice nevremena saniraju u najkra\u0107em roku, poru\u010dila je Vuk\u010devi\u0107.<\/p>\n\n\n\n<figure class=\"wp-block-embed is-type-video is-provider-youtube wp-block-embed-youtube wp-embed-aspect-16-9 wp-has-aspect-ratio\"><div class=\"wp-block-embed__wrapper\">\n<iframe loading=\"lazy\" title=\"Vuk\u010devi\u0107: Slu\u017ebe saniraju posljedice nevremena na zelenim gradskim povr\u0161inama,\" width=\"500\" height=\"281\" src=\"https:\/\/www.youtube.com\/embed\/-35CS_lqoH4?feature=oembed\" frameborder=\"0\" allow=\"accelerometer; autoplay; clipboard-write; encrypted-media; gyroscope; picture-in-picture; web-share\" referrerpolicy=\"strict-origin-when-cross-origin\" allowfullscreen><\/iframe>\n<\/div><\/figure>\n\n\n\n<p><\/p>","protected":false},"excerpt":{"rendered":"<p>Nevrijeme u Podgorici nerijetko ostavi vidne posljedice na zelenim povr\u0161inama \u2013 tada reaguju ekipe gradskog preduze\u0107a Zelenilo. Ipak, nemaju ingerencije nad svakom povr\u0161inom, navode iz tog preduze\u0107a u Jutarnjem programu RTV Podgorica&#8230;<\/p>","protected":false},"author":1,"featured_media":956405,"comment_status":"open","ping_status":"open","sticky":false,"template":"","format":"standard","meta":{"_acf_changed":false,"footnotes":""},"categories":[56],"tags":[10653,630,10654,420],"naslovna":[],"class_list":["post-956404","post","type-post","status-publish","format-standard","has-post-thumbnail","hentry","category-podgorica","tag-agencija-za-zasticena-podrucja","tag-gorica","tag-stabla","tag-zelenilo"],"acf":[],"yoast_head":"<!-- This site is optimized with the Yoast SEO plugin v27.0 - https:\/\/yoast.com\/product\/yoast-seo-wordpress\/ -->\n<title>(VIDEO) Vuk\u010devi\u0107: Saniramo posljedice nevremena na zelenim povr\u0161inama, Gorica u nadle\u017enosti Agencije za za\u0161ti\u0107ena podru\u010dja - dmcsrb.com<\/title>\n<meta name=\"robots\" content=\"index, follow, max-snippet:-1, max-image-preview:large, max-video-preview:-1\" \/>\n<link rel=\"canonical\" href=\"https:\/\/dmcsrb.com\/en\/podgorica\/video-vukcevic-saniramo-posljedice-nevremena-na-zelenim-povrsinama-gorica-u-nadleznosti-agencije-za-zasticena-podrucja\/\" \/>\n<meta property=\"og:locale\" content=\"en_GB\" \/>\n<meta property=\"og:type\" content=\"article\" \/>\n<meta property=\"og:title\" content=\"(VIDEO) Vuk\u010devi\u0107: Saniramo posljedice nevremena na zelenim povr\u0161inama, Gorica u nadle\u017enosti Agencije za za\u0161ti\u0107ena podru\u010dja - dmcsrb.com\" \/>\n<meta property=\"og:description\" content=\"Nevrijeme u Podgorici nerijetko ostavi vidne posljedice na zelenim povr\u0161inama \u2013 tada reaguju ekipe gradskog preduze\u0107a Zelenilo. Ipak, nemaju ingerencije nad svakom povr\u0161inom, navode iz tog preduze\u0107a u Jutarnjem programu RTV Podgorica...\" \/>\n<meta property=\"og:url\" content=\"https:\/\/dmcsrb.com\/en\/podgorica\/video-vukcevic-saniramo-posljedice-nevremena-na-zelenim-povrsinama-gorica-u-nadleznosti-agencije-za-zasticena-podrucja\/\" \/>\n<meta property=\"og:site_name\" content=\"dmcsrb.com\" \/>\n<meta property=\"article:published_time\" content=\"2025-10-07T15:33:00+00:00\" \/>\n<meta property=\"og:image\" content=\"https:\/\/dmcsrb.com\/wp-content\/uploads\/2026\/01\/MIlica-Vukcevic-1.webp\" \/>\n\t<meta property=\"og:image:width\" content=\"1685\" \/>\n\t<meta property=\"og:image:height\" content=\"846\" \/>\n\t<meta property=\"og:image:type\" content=\"image\/jpeg\" \/>\n<meta name=\"author\" content=\"dmcsrbija.com@gmail.com\" \/>\n<meta name=\"twitter:card\" content=\"summary_large_image\" \/>\n<meta name=\"twitter:label1\" content=\"Written by\" \/>\n\t<meta name=\"twitter:data1\" content=\"dmcsrbija.com@gmail.com\" \/>\n\t<meta name=\"twitter:label2\" content=\"Estimated reading time\" \/>\n\t<meta name=\"twitter:data2\" content=\"1 minute\" \/>\n<script type=\"application\/ld+json\" class=\"yoast-schema-graph\">{\"@context\":\"https:\/\/schema.org\",\"@graph\":[{\"@type\":\"Article\",\"@id\":\"https:\/\/dmcsrb.com\/podgorica\/video-vukcevic-saniramo-posljedice-nevremena-na-zelenim-povrsinama-gorica-u-nadleznosti-agencije-za-zasticena-podrucja\/#article\",\"isPartOf\":{\"@id\":\"https:\/\/dmcsrb.com\/podgorica\/video-vukcevic-saniramo-posljedice-nevremena-na-zelenim-povrsinama-gorica-u-nadleznosti-agencije-za-zasticena-podrucja\/\"},\"author\":{\"name\":\"dmcsrbija.com@gmail.com\",\"@id\":\"https:\/\/dmcsrb.com\/#\/schema\/person\/5c39170f12db1b8b457732d0b5c854e2\"},\"headline\":\"(VIDEO) Vuk\u010devi\u0107: Saniramo posljedice nevremena na zelenim povr\u0161inama, Gorica u nadle\u017enosti Agencije za za\u0161ti\u0107ena podru\u010dja\",\"datePublished\":\"2025-10-07T15:33:00+00:00\",\"mainEntityOfPage\":{\"@id\":\"https:\/\/dmcsrb.com\/podgorica\/video-vukcevic-saniramo-posljedice-nevremena-na-zelenim-povrsinama-gorica-u-nadleznosti-agencije-za-zasticena-podrucja\/\"},\"wordCount\":208,\"commentCount\":0,\"image\":{\"@id\":\"https:\/\/dmcsrb.com\/podgorica\/video-vukcevic-saniramo-posljedice-nevremena-na-zelenim-povrsinama-gorica-u-nadleznosti-agencije-za-zasticena-podrucja\/#primaryimage\"},\"thumbnailUrl\":\"https:\/\/dmcsrb.com\/wp-content\/uploads\/2026\/01\/MIlica-Vukcevic-1.webp\",\"keywords\":[\"Agencija za za\u0161ti\u0107ena podru\u010dja\",\"Gorica\",\"Stabla\",\"Zelenilo\"],\"articleSection\":[\"Podgorica\"],\"inLanguage\":\"en-GB\",\"potentialAction\":[{\"@type\":\"CommentAction\",\"name\":\"Comment\",\"target\":[\"https:\/\/dmcsrb.com\/podgorica\/video-vukcevic-saniramo-posljedice-nevremena-na-zelenim-povrsinama-gorica-u-nadleznosti-agencije-za-zasticena-podrucja\/#respond\"]}]},{\"@type\":\"WebPage\",\"@id\":\"https:\/\/dmcsrb.com\/podgorica\/video-vukcevic-saniramo-posljedice-nevremena-na-zelenim-povrsinama-gorica-u-nadleznosti-agencije-za-zasticena-podrucja\/\",\"url\":\"https:\/\/dmcsrb.com\/podgorica\/video-vukcevic-saniramo-posljedice-nevremena-na-zelenim-povrsinama-gorica-u-nadleznosti-agencije-za-zasticena-podrucja\/\",\"name\":\"(VIDEO) Vuk\u010devi\u0107: Saniramo posljedice nevremena na zelenim povr\u0161inama, Gorica u nadle\u017enosti Agencije za za\u0161ti\u0107ena podru\u010dja - dmcsrb.com\",\"isPartOf\":{\"@id\":\"https:\/\/dmcsrb.com\/#website\"},\"primaryImageOfPage\":{\"@id\":\"https:\/\/dmcsrb.com\/podgorica\/video-vukcevic-saniramo-posljedice-nevremena-na-zelenim-povrsinama-gorica-u-nadleznosti-agencije-za-zasticena-podrucja\/#primaryimage\"},\"image\":{\"@id\":\"https:\/\/dmcsrb.com\/podgorica\/video-vukcevic-saniramo-posljedice-nevremena-na-zelenim-povrsinama-gorica-u-nadleznosti-agencije-za-zasticena-podrucja\/#primaryimage\"},\"thumbnailUrl\":\"https:\/\/dmcsrb.com\/wp-content\/uploads\/2026\/01\/MIlica-Vukcevic-1.webp\",\"datePublished\":\"2025-10-07T15:33:00+00:00\",\"author\":{\"@id\":\"https:\/\/dmcsrb.com\/#\/schema\/person\/5c39170f12db1b8b457732d0b5c854e2\"},\"breadcrumb\":{\"@id\":\"https:\/\/dmcsrb.com\/podgorica\/video-vukcevic-saniramo-posljedice-nevremena-na-zelenim-povrsinama-gorica-u-nadleznosti-agencije-za-zasticena-podrucja\/#breadcrumb\"},\"inLanguage\":\"en-GB\",\"potentialAction\":[{\"@type\":\"ReadAction\",\"target\":[\"https:\/\/dmcsrb.com\/podgorica\/video-vukcevic-saniramo-posljedice-nevremena-na-zelenim-povrsinama-gorica-u-nadleznosti-agencije-za-zasticena-podrucja\/\"]}]},{\"@type\":\"ImageObject\",\"inLanguage\":\"en-GB\",\"@id\":\"https:\/\/dmcsrb.com\/podgorica\/video-vukcevic-saniramo-posljedice-nevremena-na-zelenim-povrsinama-gorica-u-nadleznosti-agencije-za-zasticena-podrucja\/#primaryimage\",\"url\":\"https:\/\/dmcsrb.com\/wp-content\/uploads\/2026\/01\/MIlica-Vukcevic-1.webp\",\"contentUrl\":\"https:\/\/dmcsrb.com\/wp-content\/uploads\/2026\/01\/MIlica-Vukcevic-1.webp\",\"width\":1685,\"height\":846},{\"@type\":\"BreadcrumbList\",\"@id\":\"https:\/\/dmcsrb.com\/podgorica\/video-vukcevic-saniramo-posljedice-nevremena-na-zelenim-povrsinama-gorica-u-nadleznosti-agencije-za-zasticena-podrucja\/#breadcrumb\",\"itemListElement\":[{\"@type\":\"ListItem\",\"position\":1,\"name\":\"Home\",\"item\":\"https:\/\/dmcsrb.com\/\"},{\"@type\":\"ListItem\",\"position\":2,\"name\":\"(VIDEO) Vuk\u010devi\u0107: Saniramo posljedice nevremena na zelenim povr\u0161inama, Gorica u nadle\u017enosti Agencije za za\u0161ti\u0107ena podru\u010dja\"}]},{\"@type\":\"WebSite\",\"@id\":\"https:\/\/dmcsrb.com\/#website\",\"url\":\"https:\/\/dmcsrb.com\/\",\"name\":\"dmcsrb.com\",\"description\":\"\",\"potentialAction\":[{\"@type\":\"SearchAction\",\"target\":{\"@type\":\"EntryPoint\",\"urlTemplate\":\"https:\/\/dmcsrb.com\/?s={search_term_string}\"},\"query-input\":{\"@type\":\"PropertyValueSpecification\",\"valueRequired\":true,\"valueName\":\"search_term_string\"}}],\"inLanguage\":\"en-GB\"},{\"@type\":\"Person\",\"@id\":\"https:\/\/dmcsrb.com\/#\/schema\/person\/5c39170f12db1b8b457732d0b5c854e2\",\"name\":\"dmcsrbija.com@gmail.com\",\"image\":{\"@type\":\"ImageObject\",\"inLanguage\":\"en-GB\",\"@id\":\"https:\/\/dmcsrb.com\/#\/schema\/person\/image\/\",\"url\":\"https:\/\/secure.gravatar.com\/avatar\/68592660ad6347fad0fb587f8d5d8f1a7b44961362f56e4f2cd524feb87e9069?s=96&d=mm&r=g\",\"contentUrl\":\"https:\/\/secure.gravatar.com\/avatar\/68592660ad6347fad0fb587f8d5d8f1a7b44961362f56e4f2cd524feb87e9069?s=96&d=mm&r=g\",\"caption\":\"dmcsrbija.com@gmail.com\"},\"sameAs\":[\"https:\/\/dmcsrb.com\"],\"url\":\"https:\/\/dmcsrb.com\/en\/author\/dmcsrbija-comgmail-com\/\"}]}<\/script>\n<!-- \/ Yoast SEO plugin. -->","yoast_head_json":{"title":"(VIDEO) Vuk\u010devi\u0107: Saniramo posljedice nevremena na zelenim povr\u0161inama, Gorica u nadle\u017enosti Agencije za za\u0161ti\u0107ena podru\u010dja - dmcsrb.com","robots":{"index":"index","follow":"follow","max-snippet":"max-snippet:-1","max-image-preview":"max-image-preview:large","max-video-preview":"max-video-preview:-1"},"canonical":"https:\/\/dmcsrb.com\/en\/podgorica\/video-vukcevic-saniramo-posljedice-nevremena-na-zelenim-povrsinama-gorica-u-nadleznosti-agencije-za-zasticena-podrucja\/","og_locale":"en_GB","og_type":"article","og_title":"(VIDEO) Vuk\u010devi\u0107: Saniramo posljedice nevremena na zelenim povr\u0161inama, Gorica u nadle\u017enosti Agencije za za\u0161ti\u0107ena podru\u010dja - dmcsrb.com","og_description":"Nevrijeme u Podgorici nerijetko ostavi vidne posljedice na zelenim povr\u0161inama \u2013 tada reaguju ekipe gradskog preduze\u0107a Zelenilo. Ipak, nemaju ingerencije nad svakom povr\u0161inom, navode iz tog preduze\u0107a u Jutarnjem programu RTV Podgorica...","og_url":"https:\/\/dmcsrb.com\/en\/podgorica\/video-vukcevic-saniramo-posljedice-nevremena-na-zelenim-povrsinama-gorica-u-nadleznosti-agencije-za-zasticena-podrucja\/","og_site_name":"dmcsrb.com","article_published_time":"2025-10-07T15:33:00+00:00","og_image":[{"width":1685,"height":846,"url":"https:\/\/dmcsrb.com\/wp-content\/uploads\/2026\/01\/MIlica-Vukcevic-1.webp","type":"image\/jpeg"}],"author":"dmcsrbija.com@gmail.com","twitter_card":"summary_large_image","twitter_misc":{"Written by":"dmcsrbija.com@gmail.com","Estimated reading time":"1 minute"},"schema":{"@context":"https:\/\/schema.org","@graph":[{"@type":"Article","@id":"https:\/\/dmcsrb.com\/podgorica\/video-vukcevic-saniramo-posljedice-nevremena-na-zelenim-povrsinama-gorica-u-nadleznosti-agencije-za-zasticena-podrucja\/#article","isPartOf":{"@id":"https:\/\/dmcsrb.com\/podgorica\/video-vukcevic-saniramo-posljedice-nevremena-na-zelenim-povrsinama-gorica-u-nadleznosti-agencije-za-zasticena-podrucja\/"},"author":{"name":"dmcsrbija.com@gmail.com","@id":"https:\/\/dmcsrb.com\/#\/schema\/person\/5c39170f12db1b8b457732d0b5c854e2"},"headline":"(VIDEO) Vuk\u010devi\u0107: Saniramo posljedice nevremena na zelenim povr\u0161inama, Gorica u nadle\u017enosti Agencije za za\u0161ti\u0107ena podru\u010dja","datePublished":"2025-10-07T15:33:00+00:00","mainEntityOfPage":{"@id":"https:\/\/dmcsrb.com\/podgorica\/video-vukcevic-saniramo-posljedice-nevremena-na-zelenim-povrsinama-gorica-u-nadleznosti-agencije-za-zasticena-podrucja\/"},"wordCount":208,"commentCount":0,"image":{"@id":"https:\/\/dmcsrb.com\/podgorica\/video-vukcevic-saniramo-posljedice-nevremena-na-zelenim-povrsinama-gorica-u-nadleznosti-agencije-za-zasticena-podrucja\/#primaryimage"},"thumbnailUrl":"https:\/\/dmcsrb.com\/wp-content\/uploads\/2026\/01\/MIlica-Vukcevic-1.webp","keywords":["Agencija za za\u0161ti\u0107ena podru\u010dja","Gorica","Stabla","Zelenilo"],"articleSection":["Podgorica"],"inLanguage":"en-GB","potentialAction":[{"@type":"CommentAction","name":"Comment","target":["https:\/\/dmcsrb.com\/podgorica\/video-vukcevic-saniramo-posljedice-nevremena-na-zelenim-povrsinama-gorica-u-nadleznosti-agencije-za-zasticena-podrucja\/#respond"]}]},{"@type":"WebPage","@id":"https:\/\/dmcsrb.com\/podgorica\/video-vukcevic-saniramo-posljedice-nevremena-na-zelenim-povrsinama-gorica-u-nadleznosti-agencije-za-zasticena-podrucja\/","url":"https:\/\/dmcsrb.com\/podgorica\/video-vukcevic-saniramo-posljedice-nevremena-na-zelenim-povrsinama-gorica-u-nadleznosti-agencije-za-zasticena-podrucja\/","name":"(VIDEO) Vuk\u010devi\u0107: Saniramo posljedice nevremena na zelenim povr\u0161inama, Gorica u nadle\u017enosti Agencije za za\u0161ti\u0107ena podru\u010dja - dmcsrb.com","isPartOf":{"@id":"https:\/\/dmcsrb.com\/#website"},"primaryImageOfPage":{"@id":"https:\/\/dmcsrb.com\/podgorica\/video-vukcevic-saniramo-posljedice-nevremena-na-zelenim-povrsinama-gorica-u-nadleznosti-agencije-za-zasticena-podrucja\/#primaryimage"},"image":{"@id":"https:\/\/dmcsrb.com\/podgorica\/video-vukcevic-saniramo-posljedice-nevremena-na-zelenim-povrsinama-gorica-u-nadleznosti-agencije-za-zasticena-podrucja\/#primaryimage"},"thumbnailUrl":"https:\/\/dmcsrb.com\/wp-content\/uploads\/2026\/01\/MIlica-Vukcevic-1.webp","datePublished":"2025-10-07T15:33:00+00:00","author":{"@id":"https:\/\/dmcsrb.com\/#\/schema\/person\/5c39170f12db1b8b457732d0b5c854e2"},"breadcrumb":{"@id":"https:\/\/dmcsrb.com\/podgorica\/video-vukcevic-saniramo-posljedice-nevremena-na-zelenim-povrsinama-gorica-u-nadleznosti-agencije-za-zasticena-podrucja\/#breadcrumb"},"inLanguage":"en-GB","potentialAction":[{"@type":"ReadAction","target":["https:\/\/dmcsrb.com\/podgorica\/video-vukcevic-saniramo-posljedice-nevremena-na-zelenim-povrsinama-gorica-u-nadleznosti-agencije-za-zasticena-podrucja\/"]}]},{"@type":"ImageObject","inLanguage":"en-GB","@id":"https:\/\/dmcsrb.com\/podgorica\/video-vukcevic-saniramo-posljedice-nevremena-na-zelenim-povrsinama-gorica-u-nadleznosti-agencije-za-zasticena-podrucja\/#primaryimage","url":"https:\/\/dmcsrb.com\/wp-content\/uploads\/2026\/01\/MIlica-Vukcevic-1.webp","contentUrl":"https:\/\/dmcsrb.com\/wp-content\/uploads\/2026\/01\/MIlica-Vukcevic-1.webp","width":1685,"height":846},{"@type":"BreadcrumbList","@id":"https:\/\/dmcsrb.com\/podgorica\/video-vukcevic-saniramo-posljedice-nevremena-na-zelenim-povrsinama-gorica-u-nadleznosti-agencije-za-zasticena-podrucja\/#breadcrumb","itemListElement":[{"@type":"ListItem","position":1,"name":"Home","item":"https:\/\/dmcsrb.com\/"},{"@type":"ListItem","position":2,"name":"(VIDEO) Vuk\u010devi\u0107: Saniramo posljedice nevremena na zelenim povr\u0161inama, Gorica u nadle\u017enosti Agencije za za\u0161ti\u0107ena podru\u010dja"}]},{"@type":"WebSite","@id":"https:\/\/dmcsrb.com\/#website","url":"https:\/\/dmcsrb.com\/","name":"dmcsrb.com","description":"","potentialAction":[{"@type":"SearchAction","target":{"@type":"EntryPoint","urlTemplate":"https:\/\/dmcsrb.com\/?s={search_term_string}"},"query-input":{"@type":"PropertyValueSpecification","valueRequired":true,"valueName":"search_term_string"}}],"inLanguage":"en-GB"},{"@type":"Person","@id":"https:\/\/dmcsrb.com\/#\/schema\/person\/5c39170f12db1b8b457732d0b5c854e2","name":"dmcsrbija.com@gmail.com","image":{"@type":"ImageObject","inLanguage":"en-GB","@id":"https:\/\/dmcsrb.com\/#\/schema\/person\/image\/","url":"https:\/\/secure.gravatar.com\/avatar\/68592660ad6347fad0fb587f8d5d8f1a7b44961362f56e4f2cd524feb87e9069?s=96&d=mm&r=g","contentUrl":"https:\/\/secure.gravatar.com\/avatar\/68592660ad6347fad0fb587f8d5d8f1a7b44961362f56e4f2cd524feb87e9069?s=96&d=mm&r=g","caption":"dmcsrbija.com@gmail.com"},"sameAs":["https:\/\/dmcsrb.com"],"url":"https:\/\/dmcsrb.com\/en\/author\/dmcsrbija-comgmail-com\/"}]}},"_links":{"self":[{"href":"https:\/\/dmcsrb.com\/en\/wp-json\/wp\/v2\/posts\/956404","targetHints":{"allow":["GET"]}}],"collection":[{"href":"https:\/\/dmcsrb.com\/en\/wp-json\/wp\/v2\/posts"}],"about":[{"href":"https:\/\/dmcsrb.com\/en\/wp-json\/wp\/v2\/types\/post"}],"author":[{"embeddable":true,"href":"https:\/\/dmcsrb.com\/en\/wp-json\/wp\/v2\/users\/1"}],"replies":[{"embeddable":true,"href":"https:\/\/dmcsrb.com\/en\/wp-json\/wp\/v2\/comments?post=956404"}],"version-history":[{"count":0,"href":"https:\/\/dmcsrb.com\/en\/wp-json\/wp\/v2\/posts\/956404\/revisions"}],"wp:featuredmedia":[{"embeddable":true,"href":"https:\/\/dmcsrb.com\/en\/wp-json\/wp\/v2\/media\/956405"}],"wp:attachment":[{"href":"https:\/\/dmcsrb.com\/en\/wp-json\/wp\/v2\/media?parent=956404"}],"wp:term":[{"taxonomy":"category","embeddable":true,"href":"https:\/\/dmcsrb.com\/en\/wp-json\/wp\/v2\/categories?post=956404"},{"taxonomy":"post_tag","embeddable":true,"href":"https:\/\/dmcsrb.com\/en\/wp-json\/wp\/v2\/tags?post=956404"},{"taxonomy":"naslovna","embeddable":true,"href":"https:\/\/dmcsrb.com\/en\/wp-json\/wp\/v2\/naslovna?post=956404"}],"curies":[{"name":"wp","href":"https:\/\/api.w.org\/{rel}","templated":true}]}}