{"id":956345,"date":"2025-10-07T12:15:16","date_gmt":"2025-10-07T10:15:16","guid":{"rendered":"https:\/\/dmcsrb.com\/uncategorized\/tri-osobe-uhapsene-zbog-kradja-jedna-prilikom-bjekstva-iz-marketa\/"},"modified":"2025-10-07T12:15:16","modified_gmt":"2025-10-07T10:15:16","slug":"tri-osobe-uhapsene-zbog-kradja-jedna-prilikom-bjekstva-iz-marketa","status":"publish","type":"post","link":"https:\/\/dmcsrb.com\/en\/hronika\/tri-osobe-uhapsene-zbog-kradja-jedna-prilikom-bjekstva-iz-marketa\/","title":{"rendered":"Tri osobe uhap\u0161ene zbog kra\u0111a, jedna prilikom bjekstva iz marketa"},"content":{"rendered":"<p><\/p>\n\n\n\n<p><\/p>\n\n\n\n<p>Naime, po nalogu dr\u017eavnog tu\u017eioca u Osnovnom dr\u017eavnom tu\u017eila\u0161tvu u Podgorici li\u0161en je slobode \u017d.B. (55) zbog sumnje da je po\u010dinio krivi\u010dno djelo te\u0161ka kra\u0111a, saop\u0161teno je i Uprave policije.<\/p>\n\n\n\n<p>&#8220;On se sumnji\u010di da je 5. oktobra oko 2 \u010dasa iza pono\u0107i, do\u0161ao do jednog marketa u Podgorici, provalio u magacinski prostor, i iz objekta otu\u0111io cigarete i vi\u0161e fla\u0161a alkoholnog pi\u0107a. Policijski slu\u017ebenici su osumnji\u010denog zatekli na licu mjesta i sprije\u010dili u poku\u0161aju bjekstva. Tako\u0111e, zbog sumnje da su 2. oktobra izvr\u0161ili krivi\u010dno djelo kra\u0111a, po nalogu tu\u017eioca su li\u0161eni slobode V.D\u017e.(18) i maloljetnik star 16 godina, iz Podgorice.<\/p>\n\n\n\n<p>Oni su iz torbe fizi\u010dkog lica, u jednom marketu u Podgorici, otu\u0111ili novac u iznosu od 150 eura, nakon \u010dega su novac potro\u0161ili na hranu i iznajmljivanje stana&#8221;, kazali su u saop\u0161tenju.<\/p>\n\n\n\n<p><\/p>","protected":false},"excerpt":{"rendered":"<p>Slu\u017ebenici Stanice kriminalisti\u010dke policije \u2013 Odjeljenja bezbjednosti Podgorica li\u0161ili su slobode tri lica iz Podgorice zbog kra\u0111a po\u010dinjenih na \u0161tetu pravnog i fizi\u010dkog lica.<\/p>","protected":false},"author":1,"featured_media":0,"comment_status":"open","ping_status":"open","sticky":false,"template":"","format":"standard","meta":{"_acf_changed":false,"footnotes":""},"categories":[17],"tags":[82,237,45],"naslovna":[],"class_list":["post-956345","post","type-post","status-publish","format-standard","hentry","category-hronika","tag-hapsenje","tag-kradje","tag-policija"],"acf":[],"yoast_head":"<!-- This site is optimized with the Yoast SEO plugin v27.0 - https:\/\/yoast.com\/product\/yoast-seo-wordpress\/ -->\n<title>Tri osobe uhap\u0161ene zbog kra\u0111a, jedna prilikom bjekstva iz marketa - dmcsrb.com<\/title>\n<meta name=\"robots\" content=\"index, follow, max-snippet:-1, max-image-preview:large, max-video-preview:-1\" \/>\n<link rel=\"canonical\" href=\"https:\/\/dmcsrb.com\/en\/hronika\/tri-osobe-uhapsene-zbog-kradja-jedna-prilikom-bjekstva-iz-marketa\/\" \/>\n<meta property=\"og:locale\" content=\"en_GB\" \/>\n<meta property=\"og:type\" content=\"article\" \/>\n<meta property=\"og:title\" content=\"Tri osobe uhap\u0161ene zbog kra\u0111a, jedna prilikom bjekstva iz marketa - dmcsrb.com\" \/>\n<meta property=\"og:description\" content=\"Slu\u017ebenici Stanice kriminalisti\u010dke policije \u2013 Odjeljenja bezbjednosti Podgorica li\u0161ili su slobode tri lica iz Podgorice zbog kra\u0111a po\u010dinjenih na \u0161tetu pravnog i fizi\u010dkog lica.\" \/>\n<meta property=\"og:url\" content=\"https:\/\/dmcsrb.com\/en\/hronika\/tri-osobe-uhapsene-zbog-kradja-jedna-prilikom-bjekstva-iz-marketa\/\" \/>\n<meta property=\"og:site_name\" content=\"dmcsrb.com\" \/>\n<meta property=\"article:published_time\" content=\"2025-10-07T10:15:16+00:00\" \/>\n<meta name=\"author\" content=\"dmcsrbija.com@gmail.com\" \/>\n<meta name=\"twitter:card\" content=\"summary_large_image\" \/>\n<meta name=\"twitter:label1\" content=\"Written by\" \/>\n\t<meta name=\"twitter:data1\" content=\"dmcsrbija.com@gmail.com\" \/>\n\t<meta name=\"twitter:label2\" content=\"Estimated reading time\" \/>\n\t<meta name=\"twitter:data2\" content=\"1 minute\" \/>\n<script type=\"application\/ld+json\" class=\"yoast-schema-graph\">{\"@context\":\"https:\/\/schema.org\",\"@graph\":[{\"@type\":\"Article\",\"@id\":\"https:\/\/dmcsrb.com\/hronika\/tri-osobe-uhapsene-zbog-kradja-jedna-prilikom-bjekstva-iz-marketa\/#article\",\"isPartOf\":{\"@id\":\"https:\/\/dmcsrb.com\/hronika\/tri-osobe-uhapsene-zbog-kradja-jedna-prilikom-bjekstva-iz-marketa\/\"},\"author\":{\"name\":\"dmcsrbija.com@gmail.com\",\"@id\":\"https:\/\/dmcsrb.com\/#\/schema\/person\/5c39170f12db1b8b457732d0b5c854e2\"},\"headline\":\"Tri osobe uhap\u0161ene zbog kra\u0111a, jedna prilikom bjekstva iz marketa\",\"datePublished\":\"2025-10-07T10:15:16+00:00\",\"mainEntityOfPage\":{\"@id\":\"https:\/\/dmcsrb.com\/hronika\/tri-osobe-uhapsene-zbog-kradja-jedna-prilikom-bjekstva-iz-marketa\/\"},\"wordCount\":171,\"commentCount\":0,\"keywords\":[\"hap\u0161enje\",\"kra\u0111e\",\"policija\"],\"articleSection\":[\"Hronika\"],\"inLanguage\":\"en-GB\",\"potentialAction\":[{\"@type\":\"CommentAction\",\"name\":\"Comment\",\"target\":[\"https:\/\/dmcsrb.com\/hronika\/tri-osobe-uhapsene-zbog-kradja-jedna-prilikom-bjekstva-iz-marketa\/#respond\"]}]},{\"@type\":\"WebPage\",\"@id\":\"https:\/\/dmcsrb.com\/hronika\/tri-osobe-uhapsene-zbog-kradja-jedna-prilikom-bjekstva-iz-marketa\/\",\"url\":\"https:\/\/dmcsrb.com\/hronika\/tri-osobe-uhapsene-zbog-kradja-jedna-prilikom-bjekstva-iz-marketa\/\",\"name\":\"Tri osobe uhap\u0161ene zbog kra\u0111a, jedna prilikom bjekstva iz marketa - dmcsrb.com\",\"isPartOf\":{\"@id\":\"https:\/\/dmcsrb.com\/#website\"},\"datePublished\":\"2025-10-07T10:15:16+00:00\",\"author\":{\"@id\":\"https:\/\/dmcsrb.com\/#\/schema\/person\/5c39170f12db1b8b457732d0b5c854e2\"},\"breadcrumb\":{\"@id\":\"https:\/\/dmcsrb.com\/hronika\/tri-osobe-uhapsene-zbog-kradja-jedna-prilikom-bjekstva-iz-marketa\/#breadcrumb\"},\"inLanguage\":\"en-GB\",\"potentialAction\":[{\"@type\":\"ReadAction\",\"target\":[\"https:\/\/dmcsrb.com\/hronika\/tri-osobe-uhapsene-zbog-kradja-jedna-prilikom-bjekstva-iz-marketa\/\"]}]},{\"@type\":\"BreadcrumbList\",\"@id\":\"https:\/\/dmcsrb.com\/hronika\/tri-osobe-uhapsene-zbog-kradja-jedna-prilikom-bjekstva-iz-marketa\/#breadcrumb\",\"itemListElement\":[{\"@type\":\"ListItem\",\"position\":1,\"name\":\"Home\",\"item\":\"https:\/\/dmcsrb.com\/\"},{\"@type\":\"ListItem\",\"position\":2,\"name\":\"Tri osobe uhap\u0161ene zbog kra\u0111a, jedna prilikom bjekstva iz marketa\"}]},{\"@type\":\"WebSite\",\"@id\":\"https:\/\/dmcsrb.com\/#website\",\"url\":\"https:\/\/dmcsrb.com\/\",\"name\":\"dmcsrb.com\",\"description\":\"\",\"potentialAction\":[{\"@type\":\"SearchAction\",\"target\":{\"@type\":\"EntryPoint\",\"urlTemplate\":\"https:\/\/dmcsrb.com\/?s={search_term_string}\"},\"query-input\":{\"@type\":\"PropertyValueSpecification\",\"valueRequired\":true,\"valueName\":\"search_term_string\"}}],\"inLanguage\":\"en-GB\"},{\"@type\":\"Person\",\"@id\":\"https:\/\/dmcsrb.com\/#\/schema\/person\/5c39170f12db1b8b457732d0b5c854e2\",\"name\":\"dmcsrbija.com@gmail.com\",\"image\":{\"@type\":\"ImageObject\",\"inLanguage\":\"en-GB\",\"@id\":\"https:\/\/dmcsrb.com\/#\/schema\/person\/image\/\",\"url\":\"https:\/\/secure.gravatar.com\/avatar\/68592660ad6347fad0fb587f8d5d8f1a7b44961362f56e4f2cd524feb87e9069?s=96&d=mm&r=g\",\"contentUrl\":\"https:\/\/secure.gravatar.com\/avatar\/68592660ad6347fad0fb587f8d5d8f1a7b44961362f56e4f2cd524feb87e9069?s=96&d=mm&r=g\",\"caption\":\"dmcsrbija.com@gmail.com\"},\"sameAs\":[\"https:\/\/dmcsrb.com\"],\"url\":\"https:\/\/dmcsrb.com\/en\/author\/dmcsrbija-comgmail-com\/\"}]}<\/script>\n<!-- \/ Yoast SEO plugin. -->","yoast_head_json":{"title":"Tri osobe uhap\u0161ene zbog kra\u0111a, jedna prilikom bjekstva iz marketa - dmcsrb.com","robots":{"index":"index","follow":"follow","max-snippet":"max-snippet:-1","max-image-preview":"max-image-preview:large","max-video-preview":"max-video-preview:-1"},"canonical":"https:\/\/dmcsrb.com\/en\/hronika\/tri-osobe-uhapsene-zbog-kradja-jedna-prilikom-bjekstva-iz-marketa\/","og_locale":"en_GB","og_type":"article","og_title":"Tri osobe uhap\u0161ene zbog kra\u0111a, jedna prilikom bjekstva iz marketa - dmcsrb.com","og_description":"Slu\u017ebenici Stanice kriminalisti\u010dke policije \u2013 Odjeljenja bezbjednosti Podgorica li\u0161ili su slobode tri lica iz Podgorice zbog kra\u0111a po\u010dinjenih na \u0161tetu pravnog i fizi\u010dkog lica.","og_url":"https:\/\/dmcsrb.com\/en\/hronika\/tri-osobe-uhapsene-zbog-kradja-jedna-prilikom-bjekstva-iz-marketa\/","og_site_name":"dmcsrb.com","article_published_time":"2025-10-07T10:15:16+00:00","author":"dmcsrbija.com@gmail.com","twitter_card":"summary_large_image","twitter_misc":{"Written by":"dmcsrbija.com@gmail.com","Estimated reading time":"1 minute"},"schema":{"@context":"https:\/\/schema.org","@graph":[{"@type":"Article","@id":"https:\/\/dmcsrb.com\/hronika\/tri-osobe-uhapsene-zbog-kradja-jedna-prilikom-bjekstva-iz-marketa\/#article","isPartOf":{"@id":"https:\/\/dmcsrb.com\/hronika\/tri-osobe-uhapsene-zbog-kradja-jedna-prilikom-bjekstva-iz-marketa\/"},"author":{"name":"dmcsrbija.com@gmail.com","@id":"https:\/\/dmcsrb.com\/#\/schema\/person\/5c39170f12db1b8b457732d0b5c854e2"},"headline":"Tri osobe uhap\u0161ene zbog kra\u0111a, jedna prilikom bjekstva iz marketa","datePublished":"2025-10-07T10:15:16+00:00","mainEntityOfPage":{"@id":"https:\/\/dmcsrb.com\/hronika\/tri-osobe-uhapsene-zbog-kradja-jedna-prilikom-bjekstva-iz-marketa\/"},"wordCount":171,"commentCount":0,"keywords":["hap\u0161enje","kra\u0111e","policija"],"articleSection":["Hronika"],"inLanguage":"en-GB","potentialAction":[{"@type":"CommentAction","name":"Comment","target":["https:\/\/dmcsrb.com\/hronika\/tri-osobe-uhapsene-zbog-kradja-jedna-prilikom-bjekstva-iz-marketa\/#respond"]}]},{"@type":"WebPage","@id":"https:\/\/dmcsrb.com\/hronika\/tri-osobe-uhapsene-zbog-kradja-jedna-prilikom-bjekstva-iz-marketa\/","url":"https:\/\/dmcsrb.com\/hronika\/tri-osobe-uhapsene-zbog-kradja-jedna-prilikom-bjekstva-iz-marketa\/","name":"Tri osobe uhap\u0161ene zbog kra\u0111a, jedna prilikom bjekstva iz marketa - dmcsrb.com","isPartOf":{"@id":"https:\/\/dmcsrb.com\/#website"},"datePublished":"2025-10-07T10:15:16+00:00","author":{"@id":"https:\/\/dmcsrb.com\/#\/schema\/person\/5c39170f12db1b8b457732d0b5c854e2"},"breadcrumb":{"@id":"https:\/\/dmcsrb.com\/hronika\/tri-osobe-uhapsene-zbog-kradja-jedna-prilikom-bjekstva-iz-marketa\/#breadcrumb"},"inLanguage":"en-GB","potentialAction":[{"@type":"ReadAction","target":["https:\/\/dmcsrb.com\/hronika\/tri-osobe-uhapsene-zbog-kradja-jedna-prilikom-bjekstva-iz-marketa\/"]}]},{"@type":"BreadcrumbList","@id":"https:\/\/dmcsrb.com\/hronika\/tri-osobe-uhapsene-zbog-kradja-jedna-prilikom-bjekstva-iz-marketa\/#breadcrumb","itemListElement":[{"@type":"ListItem","position":1,"name":"Home","item":"https:\/\/dmcsrb.com\/"},{"@type":"ListItem","position":2,"name":"Tri osobe uhap\u0161ene zbog kra\u0111a, jedna prilikom bjekstva iz marketa"}]},{"@type":"WebSite","@id":"https:\/\/dmcsrb.com\/#website","url":"https:\/\/dmcsrb.com\/","name":"dmcsrb.com","description":"","potentialAction":[{"@type":"SearchAction","target":{"@type":"EntryPoint","urlTemplate":"https:\/\/dmcsrb.com\/?s={search_term_string}"},"query-input":{"@type":"PropertyValueSpecification","valueRequired":true,"valueName":"search_term_string"}}],"inLanguage":"en-GB"},{"@type":"Person","@id":"https:\/\/dmcsrb.com\/#\/schema\/person\/5c39170f12db1b8b457732d0b5c854e2","name":"dmcsrbija.com@gmail.com","image":{"@type":"ImageObject","inLanguage":"en-GB","@id":"https:\/\/dmcsrb.com\/#\/schema\/person\/image\/","url":"https:\/\/secure.gravatar.com\/avatar\/68592660ad6347fad0fb587f8d5d8f1a7b44961362f56e4f2cd524feb87e9069?s=96&d=mm&r=g","contentUrl":"https:\/\/secure.gravatar.com\/avatar\/68592660ad6347fad0fb587f8d5d8f1a7b44961362f56e4f2cd524feb87e9069?s=96&d=mm&r=g","caption":"dmcsrbija.com@gmail.com"},"sameAs":["https:\/\/dmcsrb.com"],"url":"https:\/\/dmcsrb.com\/en\/author\/dmcsrbija-comgmail-com\/"}]}},"_links":{"self":[{"href":"https:\/\/dmcsrb.com\/en\/wp-json\/wp\/v2\/posts\/956345","targetHints":{"allow":["GET"]}}],"collection":[{"href":"https:\/\/dmcsrb.com\/en\/wp-json\/wp\/v2\/posts"}],"about":[{"href":"https:\/\/dmcsrb.com\/en\/wp-json\/wp\/v2\/types\/post"}],"author":[{"embeddable":true,"href":"https:\/\/dmcsrb.com\/en\/wp-json\/wp\/v2\/users\/1"}],"replies":[{"embeddable":true,"href":"https:\/\/dmcsrb.com\/en\/wp-json\/wp\/v2\/comments?post=956345"}],"version-history":[{"count":0,"href":"https:\/\/dmcsrb.com\/en\/wp-json\/wp\/v2\/posts\/956345\/revisions"}],"wp:attachment":[{"href":"https:\/\/dmcsrb.com\/en\/wp-json\/wp\/v2\/media?parent=956345"}],"wp:term":[{"taxonomy":"category","embeddable":true,"href":"https:\/\/dmcsrb.com\/en\/wp-json\/wp\/v2\/categories?post=956345"},{"taxonomy":"post_tag","embeddable":true,"href":"https:\/\/dmcsrb.com\/en\/wp-json\/wp\/v2\/tags?post=956345"},{"taxonomy":"naslovna","embeddable":true,"href":"https:\/\/dmcsrb.com\/en\/wp-json\/wp\/v2\/naslovna?post=956345"}],"curies":[{"name":"wp","href":"https:\/\/api.w.org\/{rel}","templated":true}]}}