{"id":956336,"date":"2025-10-07T12:24:00","date_gmt":"2025-10-07T10:24:00","guid":{"rendered":"https:\/\/dmcsrb.com\/uncategorized\/beciragic-nije-vise-selektor-bih\/"},"modified":"2025-10-07T12:24:00","modified_gmt":"2025-10-07T10:24:00","slug":"beciragic-nije-vise-selektor-bih","status":"publish","type":"post","link":"https:\/\/dmcsrb.com\/en\/sport\/beciragic-nije-vise-selektor-bih\/","title":{"rendered":"Be\u0107iragi\u0107 nije vi\u0161e selektor BiH"},"content":{"rendered":"<p>Be\u0107iragi\u0107 je podnio ostavku na ovu funkciju, a u pismu dostavljenom \u010dlanovima Upravnog odbora kao jedan od glavnih razloga naveo je zdravlje. <\/p>\n\n\n\n<p>&#8220;Po\u0161tovani \u010dlanovi Upravnog odbora,<\/p>\n\n\n\n<p>Obra\u0107am Vam se nakon \u0161to sam donio jednu od najte\u017eih odluka u karijeri. Bi\u0107u, kao i uvijek, direktan. Podnosim ostavku na mjesto selektora seniorske ko\u0161arka\u0161ke reprezentacije Bosne i Hercegovine.<\/p>\n\n\n\n<p>Razloga je nekoliko, ali onaj prvenstveni je vezan za ono \u0161to nam je svima najva\u017enije \u2013 zdravlje. Tokom protekle tri godine mnogo toga sam prevalio preko vlastitih le\u0111a. I sve sam nekako predeverao zbog ljubavi koju osje\u0107am prema na\u0161oj dr\u017eavi i reprezentaciji.<\/p>\n\n\n\n<p>Me\u0111utim stres me duboko pogodio tokom priprema i utakmica Eurobasketa. Odrazilo se na cijeli organizam, samo ja znam \u0161ta sam pro\u0161ao, odnosno kakve posljedice i danas trpim. Da ne govorim i da me uskoro o\u010dekuje jedna operacija.<\/p>\n\n\n\n<p>U klubu nastavljam raditi jer to je moja egzistencija, ali reprezentacije se moram odre\u0107i. Tu sam do\u017eivio najve\u0107e radosti, ali i najvi\u0161e patio kada ne ide kako bismo svi \u017eeljeli.<\/p>\n\n\n\n<p>Zdravlje nam je svima na prvom mjestu. Vjerujem da dalje ne trebam obrazlagati i da me svi dobro razumijete. Stoga se nadam da \u0107ete prihvatiti moju ostavku.<\/p>\n\n\n\n<p>Svim dobronamjernim ljudima u bosanskohercegova\u010dkoj ko\u0161arci, kao i svom nasljedniku u ulozi selektora, ostajem na raspolaganju po pitanju savjeta ili bilo koje druge pomo\u0107i&#8221;, poru\u010dio je Be\u0107iragi\u0107. <\/p>\n\n\n\n<p>Be\u0107iragi\u0107 je preuzeo &#8220;zmajeve&#8221; 2022. godine, vodio je reprezentaciju na dva Eurobasketa, a na nedavno zavr\u0161enom nacionalni tim je uspio da pro\u0111e grupu, ali je u osmini finala zaustavljen od Poljske.<\/p>","protected":false},"excerpt":{"rendered":"<p>Adis Be\u010diragi\u0107 nije vi\u0161e selektor Bosne i Hercegovine.<\/p>","protected":false},"author":1,"featured_media":950677,"comment_status":"open","ping_status":"open","sticky":false,"template":"","format":"standard","meta":{"_acf_changed":false,"footnotes":""},"categories":[148],"tags":[10601,5524],"naslovna":[],"class_list":["post-956336","post","type-post","status-publish","format-standard","has-post-thumbnail","hentry","category-sport","tag-adis-beciragic","tag-muska-kosarkaska-reprezentacija-bosne-i-hercegovine"],"acf":[],"yoast_head":"<!-- This site is optimized with the Yoast SEO plugin v27.4 - https:\/\/yoast.com\/product\/yoast-seo-wordpress\/ -->\n<title>Be\u0107iragi\u0107 nije vi\u0161e selektor BiH - dmcsrb.com<\/title>\n<meta name=\"robots\" content=\"index, follow, max-snippet:-1, max-image-preview:large, max-video-preview:-1\" \/>\n<link rel=\"canonical\" href=\"https:\/\/dmcsrb.com\/en\/sport\/beciragic-nije-vise-selektor-bih\/\" \/>\n<meta property=\"og:locale\" content=\"en_GB\" \/>\n<meta property=\"og:type\" content=\"article\" \/>\n<meta property=\"og:title\" content=\"Be\u0107iragi\u0107 nije vi\u0161e selektor BiH - dmcsrb.com\" \/>\n<meta property=\"og:description\" content=\"Adis Be\u010diragi\u0107 nije vi\u0161e selektor Bosne i Hercegovine.\" \/>\n<meta property=\"og:url\" content=\"https:\/\/dmcsrb.com\/en\/sport\/beciragic-nije-vise-selektor-bih\/\" \/>\n<meta property=\"og:site_name\" content=\"dmcsrb.com\" \/>\n<meta property=\"article:published_time\" content=\"2025-10-07T10:24:00+00:00\" \/>\n<meta property=\"og:image\" content=\"https:\/\/dmcsrb.com\/wp-content\/uploads\/2026\/01\/BiH-Poljska-FIBA.webp\" \/>\n\t<meta property=\"og:image:width\" content=\"2400\" \/>\n\t<meta property=\"og:image:height\" content=\"1600\" \/>\n\t<meta property=\"og:image:type\" content=\"image\/webp\" \/>\n<meta name=\"author\" content=\"dmcsrbija.com@gmail.com\" \/>\n<meta name=\"twitter:card\" content=\"summary_large_image\" \/>\n<meta name=\"twitter:label1\" content=\"Written by\" \/>\n\t<meta name=\"twitter:data1\" content=\"dmcsrbija.com@gmail.com\" \/>\n\t<meta name=\"twitter:label2\" content=\"Estimated reading time\" \/>\n\t<meta name=\"twitter:data2\" content=\"1 minute\" \/>\n<script type=\"application\/ld+json\" class=\"yoast-schema-graph\">{\"@context\":\"https:\\\/\\\/schema.org\",\"@graph\":[{\"@type\":\"Article\",\"@id\":\"https:\\\/\\\/dmcsrb.com\\\/sport\\\/beciragic-nije-vise-selektor-bih\\\/#article\",\"isPartOf\":{\"@id\":\"https:\\\/\\\/dmcsrb.com\\\/sport\\\/beciragic-nije-vise-selektor-bih\\\/\"},\"author\":{\"name\":\"dmcsrbija.com@gmail.com\",\"@id\":\"https:\\\/\\\/dmcsrb.com\\\/#\\\/schema\\\/person\\\/5c39170f12db1b8b457732d0b5c854e2\"},\"headline\":\"Be\u0107iragi\u0107 nije vi\u0161e selektor BiH\",\"datePublished\":\"2025-10-07T10:24:00+00:00\",\"mainEntityOfPage\":{\"@id\":\"https:\\\/\\\/dmcsrb.com\\\/sport\\\/beciragic-nije-vise-selektor-bih\\\/\"},\"wordCount\":281,\"commentCount\":0,\"image\":{\"@id\":\"https:\\\/\\\/dmcsrb.com\\\/sport\\\/beciragic-nije-vise-selektor-bih\\\/#primaryimage\"},\"thumbnailUrl\":\"https:\\\/\\\/dmcsrb.com\\\/wp-content\\\/uploads\\\/2026\\\/01\\\/BiH-Poljska-FIBA.webp\",\"keywords\":[\"Adis Be\u0107iragi\u0107\",\"Mu\u0161ka ko\u0161arka\u0161ka reprezentacija Bosne i Hercegovine\"],\"articleSection\":[\"Sport\"],\"inLanguage\":\"en-GB\",\"potentialAction\":[{\"@type\":\"CommentAction\",\"name\":\"Comment\",\"target\":[\"https:\\\/\\\/dmcsrb.com\\\/sport\\\/beciragic-nije-vise-selektor-bih\\\/#respond\"]}]},{\"@type\":\"WebPage\",\"@id\":\"https:\\\/\\\/dmcsrb.com\\\/sport\\\/beciragic-nije-vise-selektor-bih\\\/\",\"url\":\"https:\\\/\\\/dmcsrb.com\\\/sport\\\/beciragic-nije-vise-selektor-bih\\\/\",\"name\":\"Be\u0107iragi\u0107 nije vi\u0161e selektor BiH - dmcsrb.com\",\"isPartOf\":{\"@id\":\"https:\\\/\\\/dmcsrb.com\\\/#website\"},\"primaryImageOfPage\":{\"@id\":\"https:\\\/\\\/dmcsrb.com\\\/sport\\\/beciragic-nije-vise-selektor-bih\\\/#primaryimage\"},\"image\":{\"@id\":\"https:\\\/\\\/dmcsrb.com\\\/sport\\\/beciragic-nije-vise-selektor-bih\\\/#primaryimage\"},\"thumbnailUrl\":\"https:\\\/\\\/dmcsrb.com\\\/wp-content\\\/uploads\\\/2026\\\/01\\\/BiH-Poljska-FIBA.webp\",\"datePublished\":\"2025-10-07T10:24:00+00:00\",\"author\":{\"@id\":\"https:\\\/\\\/dmcsrb.com\\\/#\\\/schema\\\/person\\\/5c39170f12db1b8b457732d0b5c854e2\"},\"breadcrumb\":{\"@id\":\"https:\\\/\\\/dmcsrb.com\\\/sport\\\/beciragic-nije-vise-selektor-bih\\\/#breadcrumb\"},\"inLanguage\":\"en-GB\",\"potentialAction\":[{\"@type\":\"ReadAction\",\"target\":[\"https:\\\/\\\/dmcsrb.com\\\/sport\\\/beciragic-nije-vise-selektor-bih\\\/\"]}]},{\"@type\":\"ImageObject\",\"inLanguage\":\"en-GB\",\"@id\":\"https:\\\/\\\/dmcsrb.com\\\/sport\\\/beciragic-nije-vise-selektor-bih\\\/#primaryimage\",\"url\":\"https:\\\/\\\/dmcsrb.com\\\/wp-content\\\/uploads\\\/2026\\\/01\\\/BiH-Poljska-FIBA.webp\",\"contentUrl\":\"https:\\\/\\\/dmcsrb.com\\\/wp-content\\\/uploads\\\/2026\\\/01\\\/BiH-Poljska-FIBA.webp\",\"width\":2400,\"height\":1600},{\"@type\":\"BreadcrumbList\",\"@id\":\"https:\\\/\\\/dmcsrb.com\\\/sport\\\/beciragic-nije-vise-selektor-bih\\\/#breadcrumb\",\"itemListElement\":[{\"@type\":\"ListItem\",\"position\":1,\"name\":\"Home\",\"item\":\"https:\\\/\\\/dmcsrb.com\\\/\"},{\"@type\":\"ListItem\",\"position\":2,\"name\":\"Be\u0107iragi\u0107 nije vi\u0161e selektor BiH\"}]},{\"@type\":\"WebSite\",\"@id\":\"https:\\\/\\\/dmcsrb.com\\\/#website\",\"url\":\"https:\\\/\\\/dmcsrb.com\\\/\",\"name\":\"dmcsrb.com\",\"description\":\"\",\"potentialAction\":[{\"@type\":\"SearchAction\",\"target\":{\"@type\":\"EntryPoint\",\"urlTemplate\":\"https:\\\/\\\/dmcsrb.com\\\/?s={search_term_string}\"},\"query-input\":{\"@type\":\"PropertyValueSpecification\",\"valueRequired\":true,\"valueName\":\"search_term_string\"}}],\"inLanguage\":\"en-GB\"},{\"@type\":\"Person\",\"@id\":\"https:\\\/\\\/dmcsrb.com\\\/#\\\/schema\\\/person\\\/5c39170f12db1b8b457732d0b5c854e2\",\"name\":\"dmcsrbija.com@gmail.com\",\"image\":{\"@type\":\"ImageObject\",\"inLanguage\":\"en-GB\",\"@id\":\"https:\\\/\\\/secure.gravatar.com\\\/avatar\\\/68592660ad6347fad0fb587f8d5d8f1a7b44961362f56e4f2cd524feb87e9069?s=96&d=mm&r=g\",\"url\":\"https:\\\/\\\/secure.gravatar.com\\\/avatar\\\/68592660ad6347fad0fb587f8d5d8f1a7b44961362f56e4f2cd524feb87e9069?s=96&d=mm&r=g\",\"contentUrl\":\"https:\\\/\\\/secure.gravatar.com\\\/avatar\\\/68592660ad6347fad0fb587f8d5d8f1a7b44961362f56e4f2cd524feb87e9069?s=96&d=mm&r=g\",\"caption\":\"dmcsrbija.com@gmail.com\"},\"sameAs\":[\"https:\\\/\\\/dmcsrb.com\"],\"url\":\"https:\\\/\\\/dmcsrb.com\\\/en\\\/author\\\/dmcsrbija-comgmail-com\\\/\"}]}<\/script>\n<!-- \/ Yoast SEO plugin. -->","yoast_head_json":{"title":"Be\u0107iragi\u0107 nije vi\u0161e selektor BiH - dmcsrb.com","robots":{"index":"index","follow":"follow","max-snippet":"max-snippet:-1","max-image-preview":"max-image-preview:large","max-video-preview":"max-video-preview:-1"},"canonical":"https:\/\/dmcsrb.com\/en\/sport\/beciragic-nije-vise-selektor-bih\/","og_locale":"en_GB","og_type":"article","og_title":"Be\u0107iragi\u0107 nije vi\u0161e selektor BiH - dmcsrb.com","og_description":"Adis Be\u010diragi\u0107 nije vi\u0161e selektor Bosne i Hercegovine.","og_url":"https:\/\/dmcsrb.com\/en\/sport\/beciragic-nije-vise-selektor-bih\/","og_site_name":"dmcsrb.com","article_published_time":"2025-10-07T10:24:00+00:00","og_image":[{"width":2400,"height":1600,"url":"https:\/\/dmcsrb.com\/wp-content\/uploads\/2026\/01\/BiH-Poljska-FIBA.webp","type":"image\/webp"}],"author":"dmcsrbija.com@gmail.com","twitter_card":"summary_large_image","twitter_misc":{"Written by":"dmcsrbija.com@gmail.com","Estimated reading time":"1 minute"},"schema":{"@context":"https:\/\/schema.org","@graph":[{"@type":"Article","@id":"https:\/\/dmcsrb.com\/sport\/beciragic-nije-vise-selektor-bih\/#article","isPartOf":{"@id":"https:\/\/dmcsrb.com\/sport\/beciragic-nije-vise-selektor-bih\/"},"author":{"name":"dmcsrbija.com@gmail.com","@id":"https:\/\/dmcsrb.com\/#\/schema\/person\/5c39170f12db1b8b457732d0b5c854e2"},"headline":"Be\u0107iragi\u0107 nije vi\u0161e selektor BiH","datePublished":"2025-10-07T10:24:00+00:00","mainEntityOfPage":{"@id":"https:\/\/dmcsrb.com\/sport\/beciragic-nije-vise-selektor-bih\/"},"wordCount":281,"commentCount":0,"image":{"@id":"https:\/\/dmcsrb.com\/sport\/beciragic-nije-vise-selektor-bih\/#primaryimage"},"thumbnailUrl":"https:\/\/dmcsrb.com\/wp-content\/uploads\/2026\/01\/BiH-Poljska-FIBA.webp","keywords":["Adis Be\u0107iragi\u0107","Mu\u0161ka ko\u0161arka\u0161ka reprezentacija Bosne i Hercegovine"],"articleSection":["Sport"],"inLanguage":"en-GB","potentialAction":[{"@type":"CommentAction","name":"Comment","target":["https:\/\/dmcsrb.com\/sport\/beciragic-nije-vise-selektor-bih\/#respond"]}]},{"@type":"WebPage","@id":"https:\/\/dmcsrb.com\/sport\/beciragic-nije-vise-selektor-bih\/","url":"https:\/\/dmcsrb.com\/sport\/beciragic-nije-vise-selektor-bih\/","name":"Be\u0107iragi\u0107 nije vi\u0161e selektor BiH - dmcsrb.com","isPartOf":{"@id":"https:\/\/dmcsrb.com\/#website"},"primaryImageOfPage":{"@id":"https:\/\/dmcsrb.com\/sport\/beciragic-nije-vise-selektor-bih\/#primaryimage"},"image":{"@id":"https:\/\/dmcsrb.com\/sport\/beciragic-nije-vise-selektor-bih\/#primaryimage"},"thumbnailUrl":"https:\/\/dmcsrb.com\/wp-content\/uploads\/2026\/01\/BiH-Poljska-FIBA.webp","datePublished":"2025-10-07T10:24:00+00:00","author":{"@id":"https:\/\/dmcsrb.com\/#\/schema\/person\/5c39170f12db1b8b457732d0b5c854e2"},"breadcrumb":{"@id":"https:\/\/dmcsrb.com\/sport\/beciragic-nije-vise-selektor-bih\/#breadcrumb"},"inLanguage":"en-GB","potentialAction":[{"@type":"ReadAction","target":["https:\/\/dmcsrb.com\/sport\/beciragic-nije-vise-selektor-bih\/"]}]},{"@type":"ImageObject","inLanguage":"en-GB","@id":"https:\/\/dmcsrb.com\/sport\/beciragic-nije-vise-selektor-bih\/#primaryimage","url":"https:\/\/dmcsrb.com\/wp-content\/uploads\/2026\/01\/BiH-Poljska-FIBA.webp","contentUrl":"https:\/\/dmcsrb.com\/wp-content\/uploads\/2026\/01\/BiH-Poljska-FIBA.webp","width":2400,"height":1600},{"@type":"BreadcrumbList","@id":"https:\/\/dmcsrb.com\/sport\/beciragic-nije-vise-selektor-bih\/#breadcrumb","itemListElement":[{"@type":"ListItem","position":1,"name":"Home","item":"https:\/\/dmcsrb.com\/"},{"@type":"ListItem","position":2,"name":"Be\u0107iragi\u0107 nije vi\u0161e selektor BiH"}]},{"@type":"WebSite","@id":"https:\/\/dmcsrb.com\/#website","url":"https:\/\/dmcsrb.com\/","name":"dmcsrb.com","description":"","potentialAction":[{"@type":"SearchAction","target":{"@type":"EntryPoint","urlTemplate":"https:\/\/dmcsrb.com\/?s={search_term_string}"},"query-input":{"@type":"PropertyValueSpecification","valueRequired":true,"valueName":"search_term_string"}}],"inLanguage":"en-GB"},{"@type":"Person","@id":"https:\/\/dmcsrb.com\/#\/schema\/person\/5c39170f12db1b8b457732d0b5c854e2","name":"dmcsrbija.com@gmail.com","image":{"@type":"ImageObject","inLanguage":"en-GB","@id":"https:\/\/secure.gravatar.com\/avatar\/68592660ad6347fad0fb587f8d5d8f1a7b44961362f56e4f2cd524feb87e9069?s=96&d=mm&r=g","url":"https:\/\/secure.gravatar.com\/avatar\/68592660ad6347fad0fb587f8d5d8f1a7b44961362f56e4f2cd524feb87e9069?s=96&d=mm&r=g","contentUrl":"https:\/\/secure.gravatar.com\/avatar\/68592660ad6347fad0fb587f8d5d8f1a7b44961362f56e4f2cd524feb87e9069?s=96&d=mm&r=g","caption":"dmcsrbija.com@gmail.com"},"sameAs":["https:\/\/dmcsrb.com"],"url":"https:\/\/dmcsrb.com\/en\/author\/dmcsrbija-comgmail-com\/"}]}},"_links":{"self":[{"href":"https:\/\/dmcsrb.com\/en\/wp-json\/wp\/v2\/posts\/956336","targetHints":{"allow":["GET"]}}],"collection":[{"href":"https:\/\/dmcsrb.com\/en\/wp-json\/wp\/v2\/posts"}],"about":[{"href":"https:\/\/dmcsrb.com\/en\/wp-json\/wp\/v2\/types\/post"}],"author":[{"embeddable":true,"href":"https:\/\/dmcsrb.com\/en\/wp-json\/wp\/v2\/users\/1"}],"replies":[{"embeddable":true,"href":"https:\/\/dmcsrb.com\/en\/wp-json\/wp\/v2\/comments?post=956336"}],"version-history":[{"count":0,"href":"https:\/\/dmcsrb.com\/en\/wp-json\/wp\/v2\/posts\/956336\/revisions"}],"wp:featuredmedia":[{"embeddable":true,"href":"https:\/\/dmcsrb.com\/en\/wp-json\/wp\/v2\/media\/950677"}],"wp:attachment":[{"href":"https:\/\/dmcsrb.com\/en\/wp-json\/wp\/v2\/media?parent=956336"}],"wp:term":[{"taxonomy":"category","embeddable":true,"href":"https:\/\/dmcsrb.com\/en\/wp-json\/wp\/v2\/categories?post=956336"},{"taxonomy":"post_tag","embeddable":true,"href":"https:\/\/dmcsrb.com\/en\/wp-json\/wp\/v2\/tags?post=956336"},{"taxonomy":"naslovna","embeddable":true,"href":"https:\/\/dmcsrb.com\/en\/wp-json\/wp\/v2\/naslovna?post=956336"}],"curies":[{"name":"wp","href":"https:\/\/api.w.org\/{rel}","templated":true}]}}