{"id":956312,"date":"2025-10-07T11:18:00","date_gmt":"2025-10-07T09:18:00","guid":{"rendered":"https:\/\/dmcsrb.com\/uncategorized\/predrag-boskovic-branice-se-sa-slobode\/"},"modified":"2025-10-07T11:18:00","modified_gmt":"2025-10-07T09:18:00","slug":"predrag-boskovic-branice-se-sa-slobode","status":"publish","type":"post","link":"https:\/\/dmcsrb.com\/en\/hronika\/predrag-boskovic-branice-se-sa-slobode\/","title":{"rendered":"Predrag Bo\u0161kovi\u0107 brani\u0107e se sa slobode"},"content":{"rendered":"<p><\/p>\n\n\n\n<p><\/p>\n\n\n\n<p>On je ju\u010de uhap\u0161en u okviru istrage protiv biznismena Aleksandra Mijajlovi\u0107a, a nakon saslu\u0161anja\u00a0 u\u00a0 Specijalnom dr\u017eavnom tu\u017eila\u0161tvu(SDT) odre\u0111en mu je pritvor do 72 sata.<\/p>\n\n\n\n<p>Prije Bo\u0161kovi\u0107a u sud je stigao njegov advokat.&nbsp;<\/p>\n\n\n\n<p><img decoding=\"async\" width=\"100%\" alt=\"Ne\u0161to prije Bo\u0161kovi\u0107a, stigao je njegov advokat Mihail Volkov\" src=\"https:\/\/rtcg.me\/upload\/\/media\/2025\/9\/7\/12\/37\/616\/2287233\/resize\/2287239\/viber_slika_2025-10-07_12-21-34-043_675x900\"><em>Ne\u0161to prije Bo\u0161kovi\u0107a, stigao je njegov advokat Mihail Volkov (Foto: RTCG)<\/em><\/p>\n\n\n\n<p>Advokat Bo\u0161kovi\u0107a, Mihailo Volkov, kazao je ju\u010de da se njegov branjenik tereti da je kao koordinator DPS-a za izbore u Andrijevici i Beranama 2020. godine komunicirao sa uhap\u0161enim biznismenom Aleksandrom Mijajlovi\u0107em o tome kako \u0107e se na izborima izjasniti zaposleni u gra\u0111evinskim firmama Bemaksu i Geneksu. Volkov ka\u017ee, da sve i da su navodi optu\u017enice ta\u010dni, predmet bi trebalo biti u nadle\u017enosti ODT-a a ne SDT-a.<\/p>\n\n\n\n<p>&#8220;Bo\u0161kovi\u0107 je negirao izvr\u0161enje kriv\u010dnog djela i iznio je veoma kratku odbranu. Tu\u017eilac je donio odluku o zadr\u017eavanju do 72 sata, i moj branjenik \u0107e biti sjutra doveden na saslu\u0161anje kod sudije za istragu&#8221;, rekao je Volkov ju\u010de.<\/p>\n\n\n\n<p>Ka\u017ee da se &#8220;ono \u0161to je najavljivano kao najve\u0107i predmet i akcija SPO i SDT-a u dijelu vezanom za Predraga Bo\u0161kovi\u0107a svelo se na to da je Bo\u0161kovi\u0107 kao koordinator DPS-a za izbore 2020. za teritoriju Op\u0161tina Berane i Andrijevica komunicirao sa Aleksandrom Mijajlovi\u0107em o tome za koga je glasao voza\u010d kamiona Bemaksa i za koga glasa ono lice koje radi na ozna\u010davanju puteva i tako dalje&#8221;.<\/p>\n\n\n\n<p>&#8220;Sve i da je sve ta\u010dno, ovo bi moralo biti u nadle\u017enosti ODT-a a ne SDT-a, a ovo se je uradilo na voaj na\u010din da bi moj branjenih bio diskreditovan i doveden na ovakav na\u010din na saslu\u0161anje kao najve\u0107i kriminalac. Sjutra \u0107emo probati da sve ovo relativizujemo i negiramo, a neka javnost prosudi da li je najva\u017enije pitanje u ovoj dr\u017eavi da li je najve\u0107i problem u dr\u017eavi \u0161to su dva lica govorila za koga \u010de glasati voza\u010d Geneksa ili Bemaksa&#8221;, istakao je Volkov.<a href=\"https:\/\/rtcg.me\/hronika\/763383\/volkov-boskovic-na-saslusanje-doveden-kao-najveci-kriminalac.html\"><\/a><\/p>\n\n\n\n<p>Nekada\u0161nji ministar je uhap\u0161en je ju\u010de na podgori\u010dkom aerodromu.<\/p>\n\n\n\n<p>Odukom sudije za istragu Vi\u0161eg suda prije dva dana biznismenu Aleksandru Mijajlovi\u0107u i biv\u0161em oficiru policije Dragu Spi\u010danovi\u0107u odre\u0111en je pritvor do 30 dana, tu\u017eiteljki Andrijani Nasti\u0107 oduzete su putne isprave, a policajcu Vladanu Lazovi\u0107u i biv\u0161em funkcioneru policije Milovanu Pavi\u0107evi\u0107u odre\u0111ena je mjera zadr\u017eavanja u stanu. To je za RTCG saop\u0161tila savjetnica za odnose sa javno\u0161\u0107u Vi\u0161eg suda, Ivana Vukmirovi\u0107.<\/p>\n\n\n\n<p>Nezvani\u010dno, njih SDT tereti da su radili protiv bezbjednosnog sistema i stvarali kriminalnu organizaciju.&nbsp;<a href=\"https:\/\/rtcg.me\/hronika\/763323\/video-boskovicu-odredjeno-zadrzavanje-do-72-sata.html\"><\/a><\/p>\n\n\n\n<p>Mijajlovi\u0107 je kod sudije negirao krivicu i rekao da nije imao pristup nikakvim tajnim podacima.<\/p>\n\n\n\n<p>Mijajlovi\u0107ev advokat Zoran Piperovi\u0107 u izjavi za Portal RTCG rekao je da su optu\u017ebe smije\u0161ne i da sudija ako odredi pritvor osumnji\u010denima slobodno mo\u017ee da skine togu i ide ku\u0107i.&nbsp;<\/p>\n\n\n\n<p>&#8220;U nekom dokumentu na pet strana ka\u017eu da je Mijajlovi\u0107 formirao grupu koja je organizovano odavala i zloupotrebljavala tajne podatke da bi napravili \u0161tetu jednoj vjerskoj organizaciji, zapravo SPC, da preko odre\u0111enih portala pravi \u0161tetu konkurenciji, samo ne znam kojoj, i da uti\u010de na volju bira\u010da. Sudiji sam rekao da iza ovog stoji jedna politi\u010dka stranka, a to je Demokratska Crna Gora i da je autor svega ovoga Boris Bogdanovi\u0107. Kakve su to pri\u010de o uticaju na volju bira\u010da? To \u0161to oni i Dritan pri\u010daju da \u0107e da uhapse Ranka Ubovi\u0107a ili ko zna koga, zar to nije uticaj na volju bira\u010da, zar to nije najgore politikanstvo. Ja sam rekao sudiji i ponavljam ovdje, ovo je te\u0161ka zloupotreba i klasi\u010dna konstrukcija, a pred sudijom su to svi vrlo jasno pokazali i prikazali&#8221;, kazao je Piperovi\u0107.&nbsp; &nbsp; &nbsp; &nbsp;&nbsp;<\/p>\n\n\n\n<p>U okviru ovog predmeta saslu\u0161ani su i funkcioner policije Jak\u0161a Backovi\u0107, te biv\u0161i \u0161ef Poreske uprave Miomir M. Mugo\u0161a, nekada\u0161nji policijski oficir Tihomir Goranovi\u0107 i biv\u0161i dr\u017eavni slu\u017ebenik Aleksandar Klimovi\u0107.<\/p>\n\n\n\n<p>Slu\u017ebenici Specijalnog policijskog odjeljenja (SPO) izvr\u0161ili su pretrese na vi\u0161e lokacija \u2013 u stanovima uhap\u0161enih funkcionera i biznismena, kao i kod jo\u0161 nekoliko osoba koje su obuhva\u0107ene istragom u ovom predmetu.<\/p>\n\n\n\n<p>Vi\u0161e detalja za sada nije poznato, jer se istra\u017eni organi nijesu ogla\u0161avali.&nbsp;<\/p>\n\n\n\n<p>Tu\u017eiteljka Nasti\u0107 je sestra od strica Mijajlovi\u0107a, a Vladan Lazovi\u0107 je bratani\u0107 ranije uhap\u0161enog funkcionera policije Zorana Lazovi\u0107a.<\/p>\n\n\n\n<p>Postupak vodi specijalni tu\u017eilac Jovan Vukoti\u0107.<\/p>\n\n\n\n<p>Reakcije na najnovija hap\u0161enja stigle su iz vlasti i dijela opozicije.<\/p>\n\n\n\n<p>Potpredsjednik Vlade za pravosu\u0111e, antikorupciju i politi\u010dki sistem Momo Koprivica poru\u010dio je da je \u0161verc cigareta nekada bio biznis mo\u0107nih, a sada krivi\u010dno djelo bez izuzetka.<\/p>\n\n\n\n<p>Iz Evrope sad pozdravljaju nastavak borbe SDT-a protiv organizovanog kriminala, ukoliko vodi do odr\u017eivih optu\u017enica.<\/p>\n\n\n\n<p>\u201cNagla\u0161avamo, u svijetlu skorih osloba\u0111aju\u0107ih presuda, va\u017eno je da tu\u017eila\u010dke organizacije rade na kvalitetu i odr\u017eivosti optu\u017enica kako bi se materijalizovao napredak u bilansu stanja vladavine prava. \u010cvrsto vjerujemo da je promjena re\u017eima 2020. omogu\u0107ila da kroz reformske procese tu\u017eila\u010dke organizacije dobiju kredibilne rukovodioce. Me\u0111utim, isto tako razumijemo da postoje izazovi kakvi su nedostatak kadrovskih i finansijskih kapaciteta, ali i spornih aktera u pravosudnom sistemu, koji i dalje rade u njemu uprkos inkriminisanosti i povezanosti sa kriminalnim strukturama\u201d, saop\u0161tio je funkcioner PES Boris Pejovi\u0107.<\/p>\n\n\n\n<p>Iz Demokratske Crne Gore nagla\u0161avaju da je napredak u suzbijanju organizovanog kriminala i visoke korupcije va\u017ean za ispunjavanje zavr\u0161nih mjerila u poglavljima 23 i 24. u pregovorima sa EU.<\/p>\n\n\n\n<p>Iz Nove srpske demokratije o\u010dekuju konkretne rezultate pravosu\u0111a. Kako je rekao poslanik te stranke Jovan Vu\u010durovi\u0107, sve vodi do biv\u0161eg re\u017eima.<a href=\"https:\/\/play.google.com\/store\/apps\/details?id=me.rtcg\" target=\"_blank\" rel=\"noreferrer noopener\"><\/a><a href=\"https:\/\/apps.apple.com\/us\/app\/rtcg\/id1400067551\" target=\"_blank\" rel=\"noreferrer noopener\"><\/a><\/p>\n\n\n\n<p><a target=\"_blank\" href=\"https:\/\/play.google.com\/store\/apps\/details?id=me.rtcg\" rel=\"noreferrer noopener\"><\/a><a target=\"_blank\" href=\"https:\/\/apps.apple.com\/us\/app\/rtcg\/id1400067551\" rel=\"noreferrer noopener\"><\/a><\/p>","protected":false},"excerpt":{"rendered":"<p>Biv\u0161i ministar odbrane i nekada\u0161nji poslanik Demokratske partije socijalista Predrag Bo\u0161kovi\u0107 brani\u0107e se sa slobode, odluka je sudije za istragu.<\/p>","protected":false},"author":1,"featured_media":956313,"comment_status":"open","ping_status":"open","sticky":false,"template":"","format":"standard","meta":{"_acf_changed":false,"footnotes":""},"categories":[17],"tags":[10387,10583],"naslovna":[],"class_list":["post-956312","post","type-post","status-publish","format-standard","has-post-thumbnail","hentry","category-hronika","tag-predrag-boskovic","tag-sudija-za-istragu"],"acf":[],"yoast_head":"<!-- This site is optimized with the Yoast SEO plugin v27.4 - https:\/\/yoast.com\/product\/yoast-seo-wordpress\/ -->\n<title>Predrag Bo\u0161kovi\u0107 brani\u0107e se sa slobode - dmcsrb.com<\/title>\n<meta name=\"robots\" content=\"index, follow, max-snippet:-1, max-image-preview:large, max-video-preview:-1\" \/>\n<link rel=\"canonical\" href=\"https:\/\/dmcsrb.com\/en\/hronika\/predrag-boskovic-branice-se-sa-slobode\/\" \/>\n<meta property=\"og:locale\" content=\"en_GB\" \/>\n<meta property=\"og:type\" content=\"article\" \/>\n<meta property=\"og:title\" content=\"Predrag Bo\u0161kovi\u0107 brani\u0107e se sa slobode - dmcsrb.com\" \/>\n<meta property=\"og:description\" content=\"Biv\u0161i ministar odbrane i nekada\u0161nji poslanik Demokratske partije socijalista Predrag Bo\u0161kovi\u0107 brani\u0107e se sa slobode, odluka je sudije za istragu.\" \/>\n<meta property=\"og:url\" content=\"https:\/\/dmcsrb.com\/en\/hronika\/predrag-boskovic-branice-se-sa-slobode\/\" \/>\n<meta property=\"og:site_name\" content=\"dmcsrb.com\" \/>\n<meta property=\"article:published_time\" content=\"2025-10-07T09:18:00+00:00\" \/>\n<meta property=\"og:image\" content=\"https:\/\/dmcsrb.com\/wp-content\/uploads\/2026\/01\/Capture-20-4.webp\" \/>\n\t<meta property=\"og:image:width\" content=\"943\" \/>\n\t<meta property=\"og:image:height\" content=\"473\" \/>\n\t<meta property=\"og:image:type\" content=\"image\/jpeg\" \/>\n<meta name=\"author\" content=\"dmcsrbija.com@gmail.com\" \/>\n<meta name=\"twitter:card\" content=\"summary_large_image\" \/>\n<meta name=\"twitter:label1\" content=\"Written by\" \/>\n\t<meta name=\"twitter:data1\" content=\"dmcsrbija.com@gmail.com\" \/>\n\t<meta name=\"twitter:label2\" content=\"Estimated reading time\" \/>\n\t<meta name=\"twitter:data2\" content=\"5 minutes\" \/>\n<script type=\"application\/ld+json\" class=\"yoast-schema-graph\">{\"@context\":\"https:\\\/\\\/schema.org\",\"@graph\":[{\"@type\":\"Article\",\"@id\":\"https:\\\/\\\/dmcsrb.com\\\/hronika\\\/predrag-boskovic-branice-se-sa-slobode\\\/#article\",\"isPartOf\":{\"@id\":\"https:\\\/\\\/dmcsrb.com\\\/hronika\\\/predrag-boskovic-branice-se-sa-slobode\\\/\"},\"author\":{\"name\":\"dmcsrbija.com@gmail.com\",\"@id\":\"https:\\\/\\\/dmcsrb.com\\\/#\\\/schema\\\/person\\\/5c39170f12db1b8b457732d0b5c854e2\"},\"headline\":\"Predrag Bo\u0161kovi\u0107 brani\u0107e se sa slobode\",\"datePublished\":\"2025-10-07T09:18:00+00:00\",\"mainEntityOfPage\":{\"@id\":\"https:\\\/\\\/dmcsrb.com\\\/hronika\\\/predrag-boskovic-branice-se-sa-slobode\\\/\"},\"wordCount\":993,\"commentCount\":0,\"image\":{\"@id\":\"https:\\\/\\\/dmcsrb.com\\\/hronika\\\/predrag-boskovic-branice-se-sa-slobode\\\/#primaryimage\"},\"thumbnailUrl\":\"https:\\\/\\\/dmcsrb.com\\\/wp-content\\\/uploads\\\/2026\\\/01\\\/Capture-20-4.webp\",\"keywords\":[\"Predrag Bo\u0161kovi\u0107\",\"Sudija za istragu\"],\"articleSection\":[\"Hronika\"],\"inLanguage\":\"en-GB\",\"potentialAction\":[{\"@type\":\"CommentAction\",\"name\":\"Comment\",\"target\":[\"https:\\\/\\\/dmcsrb.com\\\/hronika\\\/predrag-boskovic-branice-se-sa-slobode\\\/#respond\"]}]},{\"@type\":\"WebPage\",\"@id\":\"https:\\\/\\\/dmcsrb.com\\\/hronika\\\/predrag-boskovic-branice-se-sa-slobode\\\/\",\"url\":\"https:\\\/\\\/dmcsrb.com\\\/hronika\\\/predrag-boskovic-branice-se-sa-slobode\\\/\",\"name\":\"Predrag Bo\u0161kovi\u0107 brani\u0107e se sa slobode - dmcsrb.com\",\"isPartOf\":{\"@id\":\"https:\\\/\\\/dmcsrb.com\\\/#website\"},\"primaryImageOfPage\":{\"@id\":\"https:\\\/\\\/dmcsrb.com\\\/hronika\\\/predrag-boskovic-branice-se-sa-slobode\\\/#primaryimage\"},\"image\":{\"@id\":\"https:\\\/\\\/dmcsrb.com\\\/hronika\\\/predrag-boskovic-branice-se-sa-slobode\\\/#primaryimage\"},\"thumbnailUrl\":\"https:\\\/\\\/dmcsrb.com\\\/wp-content\\\/uploads\\\/2026\\\/01\\\/Capture-20-4.webp\",\"datePublished\":\"2025-10-07T09:18:00+00:00\",\"author\":{\"@id\":\"https:\\\/\\\/dmcsrb.com\\\/#\\\/schema\\\/person\\\/5c39170f12db1b8b457732d0b5c854e2\"},\"breadcrumb\":{\"@id\":\"https:\\\/\\\/dmcsrb.com\\\/hronika\\\/predrag-boskovic-branice-se-sa-slobode\\\/#breadcrumb\"},\"inLanguage\":\"en-GB\",\"potentialAction\":[{\"@type\":\"ReadAction\",\"target\":[\"https:\\\/\\\/dmcsrb.com\\\/hronika\\\/predrag-boskovic-branice-se-sa-slobode\\\/\"]}]},{\"@type\":\"ImageObject\",\"inLanguage\":\"en-GB\",\"@id\":\"https:\\\/\\\/dmcsrb.com\\\/hronika\\\/predrag-boskovic-branice-se-sa-slobode\\\/#primaryimage\",\"url\":\"https:\\\/\\\/dmcsrb.com\\\/wp-content\\\/uploads\\\/2026\\\/01\\\/Capture-20-4.webp\",\"contentUrl\":\"https:\\\/\\\/dmcsrb.com\\\/wp-content\\\/uploads\\\/2026\\\/01\\\/Capture-20-4.webp\",\"width\":943,\"height\":473},{\"@type\":\"BreadcrumbList\",\"@id\":\"https:\\\/\\\/dmcsrb.com\\\/hronika\\\/predrag-boskovic-branice-se-sa-slobode\\\/#breadcrumb\",\"itemListElement\":[{\"@type\":\"ListItem\",\"position\":1,\"name\":\"Home\",\"item\":\"https:\\\/\\\/dmcsrb.com\\\/\"},{\"@type\":\"ListItem\",\"position\":2,\"name\":\"Predrag Bo\u0161kovi\u0107 brani\u0107e se sa slobode\"}]},{\"@type\":\"WebSite\",\"@id\":\"https:\\\/\\\/dmcsrb.com\\\/#website\",\"url\":\"https:\\\/\\\/dmcsrb.com\\\/\",\"name\":\"dmcsrb.com\",\"description\":\"\",\"potentialAction\":[{\"@type\":\"SearchAction\",\"target\":{\"@type\":\"EntryPoint\",\"urlTemplate\":\"https:\\\/\\\/dmcsrb.com\\\/?s={search_term_string}\"},\"query-input\":{\"@type\":\"PropertyValueSpecification\",\"valueRequired\":true,\"valueName\":\"search_term_string\"}}],\"inLanguage\":\"en-GB\"},{\"@type\":\"Person\",\"@id\":\"https:\\\/\\\/dmcsrb.com\\\/#\\\/schema\\\/person\\\/5c39170f12db1b8b457732d0b5c854e2\",\"name\":\"dmcsrbija.com@gmail.com\",\"image\":{\"@type\":\"ImageObject\",\"inLanguage\":\"en-GB\",\"@id\":\"https:\\\/\\\/secure.gravatar.com\\\/avatar\\\/68592660ad6347fad0fb587f8d5d8f1a7b44961362f56e4f2cd524feb87e9069?s=96&d=mm&r=g\",\"url\":\"https:\\\/\\\/secure.gravatar.com\\\/avatar\\\/68592660ad6347fad0fb587f8d5d8f1a7b44961362f56e4f2cd524feb87e9069?s=96&d=mm&r=g\",\"contentUrl\":\"https:\\\/\\\/secure.gravatar.com\\\/avatar\\\/68592660ad6347fad0fb587f8d5d8f1a7b44961362f56e4f2cd524feb87e9069?s=96&d=mm&r=g\",\"caption\":\"dmcsrbija.com@gmail.com\"},\"sameAs\":[\"https:\\\/\\\/dmcsrb.com\"],\"url\":\"https:\\\/\\\/dmcsrb.com\\\/en\\\/author\\\/dmcsrbija-comgmail-com\\\/\"}]}<\/script>\n<!-- \/ Yoast SEO plugin. -->","yoast_head_json":{"title":"Predrag Bo\u0161kovi\u0107 brani\u0107e se sa slobode - dmcsrb.com","robots":{"index":"index","follow":"follow","max-snippet":"max-snippet:-1","max-image-preview":"max-image-preview:large","max-video-preview":"max-video-preview:-1"},"canonical":"https:\/\/dmcsrb.com\/en\/hronika\/predrag-boskovic-branice-se-sa-slobode\/","og_locale":"en_GB","og_type":"article","og_title":"Predrag Bo\u0161kovi\u0107 brani\u0107e se sa slobode - dmcsrb.com","og_description":"Biv\u0161i ministar odbrane i nekada\u0161nji poslanik Demokratske partije socijalista Predrag Bo\u0161kovi\u0107 brani\u0107e se sa slobode, odluka je sudije za istragu.","og_url":"https:\/\/dmcsrb.com\/en\/hronika\/predrag-boskovic-branice-se-sa-slobode\/","og_site_name":"dmcsrb.com","article_published_time":"2025-10-07T09:18:00+00:00","og_image":[{"width":943,"height":473,"url":"https:\/\/dmcsrb.com\/wp-content\/uploads\/2026\/01\/Capture-20-4.webp","type":"image\/jpeg"}],"author":"dmcsrbija.com@gmail.com","twitter_card":"summary_large_image","twitter_misc":{"Written by":"dmcsrbija.com@gmail.com","Estimated reading time":"5 minutes"},"schema":{"@context":"https:\/\/schema.org","@graph":[{"@type":"Article","@id":"https:\/\/dmcsrb.com\/hronika\/predrag-boskovic-branice-se-sa-slobode\/#article","isPartOf":{"@id":"https:\/\/dmcsrb.com\/hronika\/predrag-boskovic-branice-se-sa-slobode\/"},"author":{"name":"dmcsrbija.com@gmail.com","@id":"https:\/\/dmcsrb.com\/#\/schema\/person\/5c39170f12db1b8b457732d0b5c854e2"},"headline":"Predrag Bo\u0161kovi\u0107 brani\u0107e se sa slobode","datePublished":"2025-10-07T09:18:00+00:00","mainEntityOfPage":{"@id":"https:\/\/dmcsrb.com\/hronika\/predrag-boskovic-branice-se-sa-slobode\/"},"wordCount":993,"commentCount":0,"image":{"@id":"https:\/\/dmcsrb.com\/hronika\/predrag-boskovic-branice-se-sa-slobode\/#primaryimage"},"thumbnailUrl":"https:\/\/dmcsrb.com\/wp-content\/uploads\/2026\/01\/Capture-20-4.webp","keywords":["Predrag Bo\u0161kovi\u0107","Sudija za istragu"],"articleSection":["Hronika"],"inLanguage":"en-GB","potentialAction":[{"@type":"CommentAction","name":"Comment","target":["https:\/\/dmcsrb.com\/hronika\/predrag-boskovic-branice-se-sa-slobode\/#respond"]}]},{"@type":"WebPage","@id":"https:\/\/dmcsrb.com\/hronika\/predrag-boskovic-branice-se-sa-slobode\/","url":"https:\/\/dmcsrb.com\/hronika\/predrag-boskovic-branice-se-sa-slobode\/","name":"Predrag Bo\u0161kovi\u0107 brani\u0107e se sa slobode - dmcsrb.com","isPartOf":{"@id":"https:\/\/dmcsrb.com\/#website"},"primaryImageOfPage":{"@id":"https:\/\/dmcsrb.com\/hronika\/predrag-boskovic-branice-se-sa-slobode\/#primaryimage"},"image":{"@id":"https:\/\/dmcsrb.com\/hronika\/predrag-boskovic-branice-se-sa-slobode\/#primaryimage"},"thumbnailUrl":"https:\/\/dmcsrb.com\/wp-content\/uploads\/2026\/01\/Capture-20-4.webp","datePublished":"2025-10-07T09:18:00+00:00","author":{"@id":"https:\/\/dmcsrb.com\/#\/schema\/person\/5c39170f12db1b8b457732d0b5c854e2"},"breadcrumb":{"@id":"https:\/\/dmcsrb.com\/hronika\/predrag-boskovic-branice-se-sa-slobode\/#breadcrumb"},"inLanguage":"en-GB","potentialAction":[{"@type":"ReadAction","target":["https:\/\/dmcsrb.com\/hronika\/predrag-boskovic-branice-se-sa-slobode\/"]}]},{"@type":"ImageObject","inLanguage":"en-GB","@id":"https:\/\/dmcsrb.com\/hronika\/predrag-boskovic-branice-se-sa-slobode\/#primaryimage","url":"https:\/\/dmcsrb.com\/wp-content\/uploads\/2026\/01\/Capture-20-4.webp","contentUrl":"https:\/\/dmcsrb.com\/wp-content\/uploads\/2026\/01\/Capture-20-4.webp","width":943,"height":473},{"@type":"BreadcrumbList","@id":"https:\/\/dmcsrb.com\/hronika\/predrag-boskovic-branice-se-sa-slobode\/#breadcrumb","itemListElement":[{"@type":"ListItem","position":1,"name":"Home","item":"https:\/\/dmcsrb.com\/"},{"@type":"ListItem","position":2,"name":"Predrag Bo\u0161kovi\u0107 brani\u0107e se sa slobode"}]},{"@type":"WebSite","@id":"https:\/\/dmcsrb.com\/#website","url":"https:\/\/dmcsrb.com\/","name":"dmcsrb.com","description":"","potentialAction":[{"@type":"SearchAction","target":{"@type":"EntryPoint","urlTemplate":"https:\/\/dmcsrb.com\/?s={search_term_string}"},"query-input":{"@type":"PropertyValueSpecification","valueRequired":true,"valueName":"search_term_string"}}],"inLanguage":"en-GB"},{"@type":"Person","@id":"https:\/\/dmcsrb.com\/#\/schema\/person\/5c39170f12db1b8b457732d0b5c854e2","name":"dmcsrbija.com@gmail.com","image":{"@type":"ImageObject","inLanguage":"en-GB","@id":"https:\/\/secure.gravatar.com\/avatar\/68592660ad6347fad0fb587f8d5d8f1a7b44961362f56e4f2cd524feb87e9069?s=96&d=mm&r=g","url":"https:\/\/secure.gravatar.com\/avatar\/68592660ad6347fad0fb587f8d5d8f1a7b44961362f56e4f2cd524feb87e9069?s=96&d=mm&r=g","contentUrl":"https:\/\/secure.gravatar.com\/avatar\/68592660ad6347fad0fb587f8d5d8f1a7b44961362f56e4f2cd524feb87e9069?s=96&d=mm&r=g","caption":"dmcsrbija.com@gmail.com"},"sameAs":["https:\/\/dmcsrb.com"],"url":"https:\/\/dmcsrb.com\/en\/author\/dmcsrbija-comgmail-com\/"}]}},"_links":{"self":[{"href":"https:\/\/dmcsrb.com\/en\/wp-json\/wp\/v2\/posts\/956312","targetHints":{"allow":["GET"]}}],"collection":[{"href":"https:\/\/dmcsrb.com\/en\/wp-json\/wp\/v2\/posts"}],"about":[{"href":"https:\/\/dmcsrb.com\/en\/wp-json\/wp\/v2\/types\/post"}],"author":[{"embeddable":true,"href":"https:\/\/dmcsrb.com\/en\/wp-json\/wp\/v2\/users\/1"}],"replies":[{"embeddable":true,"href":"https:\/\/dmcsrb.com\/en\/wp-json\/wp\/v2\/comments?post=956312"}],"version-history":[{"count":0,"href":"https:\/\/dmcsrb.com\/en\/wp-json\/wp\/v2\/posts\/956312\/revisions"}],"wp:featuredmedia":[{"embeddable":true,"href":"https:\/\/dmcsrb.com\/en\/wp-json\/wp\/v2\/media\/956313"}],"wp:attachment":[{"href":"https:\/\/dmcsrb.com\/en\/wp-json\/wp\/v2\/media?parent=956312"}],"wp:term":[{"taxonomy":"category","embeddable":true,"href":"https:\/\/dmcsrb.com\/en\/wp-json\/wp\/v2\/categories?post=956312"},{"taxonomy":"post_tag","embeddable":true,"href":"https:\/\/dmcsrb.com\/en\/wp-json\/wp\/v2\/tags?post=956312"},{"taxonomy":"naslovna","embeddable":true,"href":"https:\/\/dmcsrb.com\/en\/wp-json\/wp\/v2\/naslovna?post=956312"}],"curies":[{"name":"wp","href":"https:\/\/api.w.org\/{rel}","templated":true}]}}