{"id":956268,"date":"2025-10-07T09:39:00","date_gmt":"2025-10-07T07:39:00","guid":{"rendered":"https:\/\/dmcsrb.com\/uncategorized\/nadvojvoda-karl-von-habsburg-posjetio-drzavni-arhiv-crne-gore\/"},"modified":"2025-10-07T09:39:00","modified_gmt":"2025-10-07T07:39:00","slug":"nadvojvoda-karl-von-habsburg-posjetio-drzavni-arhiv-crne-gore","status":"publish","type":"post","link":"https:\/\/dmcsrb.com\/en\/drustvo\/nadvojvoda-karl-von-habsburg-posjetio-drzavni-arhiv-crne-gore\/","title":{"rendered":"Nadvojvoda Karl von Habsburg posjetio Dr\u017eavni arhiv Crne Gore"},"content":{"rendered":"<p><\/p>\n\n\n\n<p><\/p>\n\n\n\n<p>Na sastanku, u okviru ovog prijema, razgovaralo se o veoma sadr\u017eajnoj istoriji odnosa izme\u0111u Austrije i Crne Gore, kao i o aktuelnim temama i procesu integracija Crne Gore ka \u010dlanstvu u Evropskoj uniji.<\/p>\n\n\n\n<p>Direktor Dr\u017eavnog arhiva Crne Gore Danilo Mrvaljevi\u0107 izrazio je zahvalnost na posjeti i interesovanju za rad crnogorskog Arhiva, istakav\u0161i da posjeta nadvojvode Karla Habsbur\u0161kog ima poseban zna\u010daj.<\/p>\n\n\n\n<p>\u201eU ime Dr\u017eavnog arhiva Crne Gore zahvaljujem se Njegovom carskom i kraljevskom viso\u010danstvu na posjeti i interesovanju za na\u0161 rad. Bila mi je \u010dast da uprili\u010dim ovaj sve\u010dani prijem i nadvojvodu Karla upoznam sa istorijatom Dr\u017eavnog arhiva i najzna\u010dajnijim realizovanim projektima, kao i onima koji su u toku, sa posebnim osvrtom na nedavno realizovani prenos arhivske gra\u0111e crnogorske provenijencije iz Be\u010da na Cetinje, kojim je ona vra\u0107ena u Crnu Goru poslije vi\u0161e od vijeka, u izuzetnoj saradnji sa Austrijskim dr\u017eavnim arhivom. Za ovu priliku prikazali smo gostima originale dokumenata koji svjedo\u010de o bogatim odnosima Crne Gore i Austrije, me\u0111u kojima je bila i \u010destitka cara Franca Jozefa upu\u0107ena knjazu Nikoli I povodom progla\u0161enja Kraljevine Crne Gore 1910. godine i njegovog krunisanja za crnogorskog kralja\u201c, kazao je Mrvaljevi\u0107.<\/p>\n\n\n\n<p>Nadvojvoda Karlo Habsbur\u0161ki istakao je va\u017enost o\u010duvanja kulturne ba\u0161tine, povezivanja i me\u0111unarodne saradnje u oblasti kulture, posebno u kontekstu evropskih integracija Crne Gore i \u010destitao Dr\u017eavnom arhivu Crne Gore na ostvarenim rezultatima na ovom polju. Naglasio j zna\u010daj procesa konzervacije i restauracije u o\u010duvanju arhivskog naslje\u0111a i pozdravio isticanje rada Odjeljenja za tehni\u010dku za\u0161titu arhivske gra\u0111e DACG u prvi plan kroz prezentaciju rada ovog Odjeljenja, koju je imao priliku da vidi u holu Arhiva.<\/p>\n\n\n\n<p>Pored sjedi\u0161ta Dr\u017eavnog arhiva Crne Gore na Cetinju, nadvojvoda Karlo Habsbur\u0161ki posjetio je i Istorijski arhiv u Kotoru, gdje je prijem u njegovu \u010dast uprili\u010dio na\u010delnik Jo\u0161ko Katelan. U \u010ditaonici Istorijskog arhiva uprili\u010dena je prigodna izlo\u017eba dokumenata iz perioda Austrijske uprave u Boki. Na\u010delnik Katelan je prisutne upoznao sa arhivskom gra\u0111om koja se \u010duva u Odsjeku uz kratke crtice iz istorije grada Kotora i Boke, a visokom gostu poklonjene su kopije dokumenata o dvjema posjetama Kotoru, nadvojvode Karla 1842. i Franca Jozefa iz 1875.<\/p>\n\n\n\n<p>Prijemi na Cetinju i u Kotoru organizovani su u saradnji sa Zajednicom Italijana Crne Gore.<\/p>\n\n\n\n<p>U pratnji nadvojvode Karla bili su dr Masimiliano Lakota \u2013 predstavnik austrijske kraljevske ku\u0107e u Italiji i diplomatski savjetnik nadvojvode Karla, major Fritz Rath \u2013 li\u010dni vojni a\u0111utant nadvojvode Karla i kapetan Ernst Fojan \u2013 generalni a\u0111utant nadvojvode.<\/p>\n\n\n\n<p>Ispred Zajednice Italijana Crne Gore prijemu su prisustvovali Aleksandar Dender &#8211; predsjednik, Sla\u0111ana Vu\u010deti\u0107 &#8211; sekretarka i Danijela Bokan &#8211; \u010dlanica Predsjedni\u0161tva i predstavnica Zajednice za Cetinje.<\/p>\n\n\n\n<p>Dr\u017eavni arhiv Crne Gore predstavljali su direktor Danilo Mrvaljevi\u0107 i Predrag Ad\u017ei\u0107, na\u010delnik Odsjeka za nau\u010dnu, informativnu i kulturno-prosvjetnu djelatnost.<\/p>","protected":false},"excerpt":{"rendered":"<p>Njegovo carsko i kraljevsko viso\u010danstvo nadvojvoda Karl von Habsburg boravio je u Crnoj Gori 4. i 5. oktobra. Tokom ovog boravka, direktor Dr\u017eavnog arhiva Crne Gore Danilo Mrvaljevi\u0107 uprili\u010dio je sve\u010dani prijem za Njegovo viso\u010danstvo u Dr\u017eavnom arhivu na Cetinju.<\/p>","protected":false},"author":1,"featured_media":956269,"comment_status":"open","ping_status":"open","sticky":false,"template":"","format":"standard","meta":{"_acf_changed":false,"footnotes":""},"categories":[2],"tags":[4571,10542],"naslovna":[],"class_list":["post-956268","post","type-post","status-publish","format-standard","has-post-thumbnail","hentry","category-drustvo","tag-drzavni-arhiv","tag-karl-von-habsburg"],"acf":[],"yoast_head":"<!-- This site is optimized with the Yoast SEO plugin v27.4 - https:\/\/yoast.com\/product\/yoast-seo-wordpress\/ -->\n<title>Nadvojvoda Karl von Habsburg posjetio Dr\u017eavni arhiv Crne Gore - dmcsrb.com<\/title>\n<meta name=\"robots\" content=\"index, follow, max-snippet:-1, max-image-preview:large, max-video-preview:-1\" \/>\n<link rel=\"canonical\" href=\"https:\/\/dmcsrb.com\/en\/drustvo\/nadvojvoda-karl-von-habsburg-posjetio-drzavni-arhiv-crne-gore\/\" \/>\n<meta property=\"og:locale\" content=\"en_GB\" \/>\n<meta property=\"og:type\" content=\"article\" \/>\n<meta property=\"og:title\" content=\"Nadvojvoda Karl von Habsburg posjetio Dr\u017eavni arhiv Crne Gore - dmcsrb.com\" \/>\n<meta property=\"og:description\" content=\"Njegovo carsko i kraljevsko viso\u010danstvo nadvojvoda Karl von Habsburg boravio je u Crnoj Gori 4. i 5. oktobra. Tokom ovog boravka, direktor Dr\u017eavnog arhiva Crne Gore Danilo Mrvaljevi\u0107 uprili\u010dio je sve\u010dani prijem za Njegovo viso\u010danstvo u Dr\u017eavnom arhivu na Cetinju.\" \/>\n<meta property=\"og:url\" content=\"https:\/\/dmcsrb.com\/en\/drustvo\/nadvojvoda-karl-von-habsburg-posjetio-drzavni-arhiv-crne-gore\/\" \/>\n<meta property=\"og:site_name\" content=\"dmcsrb.com\" \/>\n<meta property=\"article:published_time\" content=\"2025-10-07T07:39:00+00:00\" \/>\n<meta property=\"og:image\" content=\"https:\/\/dmcsrb.com\/wp-content\/uploads\/2026\/01\/thumbnail_Slika-1-2.webp\" \/>\n\t<meta property=\"og:image:width\" content=\"985\" \/>\n\t<meta property=\"og:image:height\" content=\"767\" \/>\n\t<meta property=\"og:image:type\" content=\"image\/jpeg\" \/>\n<meta name=\"author\" content=\"dmcsrbija.com@gmail.com\" \/>\n<meta name=\"twitter:card\" content=\"summary_large_image\" \/>\n<meta name=\"twitter:label1\" content=\"Written by\" \/>\n\t<meta name=\"twitter:data1\" content=\"dmcsrbija.com@gmail.com\" \/>\n\t<meta name=\"twitter:label2\" content=\"Estimated reading time\" \/>\n\t<meta name=\"twitter:data2\" content=\"2 minutes\" \/>\n<script type=\"application\/ld+json\" class=\"yoast-schema-graph\">{\"@context\":\"https:\\\/\\\/schema.org\",\"@graph\":[{\"@type\":\"Article\",\"@id\":\"https:\\\/\\\/dmcsrb.com\\\/drustvo\\\/nadvojvoda-karl-von-habsburg-posjetio-drzavni-arhiv-crne-gore\\\/#article\",\"isPartOf\":{\"@id\":\"https:\\\/\\\/dmcsrb.com\\\/drustvo\\\/nadvojvoda-karl-von-habsburg-posjetio-drzavni-arhiv-crne-gore\\\/\"},\"author\":{\"name\":\"dmcsrbija.com@gmail.com\",\"@id\":\"https:\\\/\\\/dmcsrb.com\\\/#\\\/schema\\\/person\\\/5c39170f12db1b8b457732d0b5c854e2\"},\"headline\":\"Nadvojvoda Karl von Habsburg posjetio Dr\u017eavni arhiv Crne Gore\",\"datePublished\":\"2025-10-07T07:39:00+00:00\",\"mainEntityOfPage\":{\"@id\":\"https:\\\/\\\/dmcsrb.com\\\/drustvo\\\/nadvojvoda-karl-von-habsburg-posjetio-drzavni-arhiv-crne-gore\\\/\"},\"wordCount\":503,\"commentCount\":0,\"image\":{\"@id\":\"https:\\\/\\\/dmcsrb.com\\\/drustvo\\\/nadvojvoda-karl-von-habsburg-posjetio-drzavni-arhiv-crne-gore\\\/#primaryimage\"},\"thumbnailUrl\":\"https:\\\/\\\/dmcsrb.com\\\/wp-content\\\/uploads\\\/2026\\\/01\\\/thumbnail_Slika-1-2.webp\",\"keywords\":[\"Dr\u017eavni arhiv\",\"Karl von Habsburg\"],\"articleSection\":[\"Dru\u0161tvo\"],\"inLanguage\":\"en-GB\",\"potentialAction\":[{\"@type\":\"CommentAction\",\"name\":\"Comment\",\"target\":[\"https:\\\/\\\/dmcsrb.com\\\/drustvo\\\/nadvojvoda-karl-von-habsburg-posjetio-drzavni-arhiv-crne-gore\\\/#respond\"]}]},{\"@type\":\"WebPage\",\"@id\":\"https:\\\/\\\/dmcsrb.com\\\/drustvo\\\/nadvojvoda-karl-von-habsburg-posjetio-drzavni-arhiv-crne-gore\\\/\",\"url\":\"https:\\\/\\\/dmcsrb.com\\\/drustvo\\\/nadvojvoda-karl-von-habsburg-posjetio-drzavni-arhiv-crne-gore\\\/\",\"name\":\"Nadvojvoda Karl von Habsburg posjetio Dr\u017eavni arhiv Crne Gore - dmcsrb.com\",\"isPartOf\":{\"@id\":\"https:\\\/\\\/dmcsrb.com\\\/#website\"},\"primaryImageOfPage\":{\"@id\":\"https:\\\/\\\/dmcsrb.com\\\/drustvo\\\/nadvojvoda-karl-von-habsburg-posjetio-drzavni-arhiv-crne-gore\\\/#primaryimage\"},\"image\":{\"@id\":\"https:\\\/\\\/dmcsrb.com\\\/drustvo\\\/nadvojvoda-karl-von-habsburg-posjetio-drzavni-arhiv-crne-gore\\\/#primaryimage\"},\"thumbnailUrl\":\"https:\\\/\\\/dmcsrb.com\\\/wp-content\\\/uploads\\\/2026\\\/01\\\/thumbnail_Slika-1-2.webp\",\"datePublished\":\"2025-10-07T07:39:00+00:00\",\"author\":{\"@id\":\"https:\\\/\\\/dmcsrb.com\\\/#\\\/schema\\\/person\\\/5c39170f12db1b8b457732d0b5c854e2\"},\"breadcrumb\":{\"@id\":\"https:\\\/\\\/dmcsrb.com\\\/drustvo\\\/nadvojvoda-karl-von-habsburg-posjetio-drzavni-arhiv-crne-gore\\\/#breadcrumb\"},\"inLanguage\":\"en-GB\",\"potentialAction\":[{\"@type\":\"ReadAction\",\"target\":[\"https:\\\/\\\/dmcsrb.com\\\/drustvo\\\/nadvojvoda-karl-von-habsburg-posjetio-drzavni-arhiv-crne-gore\\\/\"]}]},{\"@type\":\"ImageObject\",\"inLanguage\":\"en-GB\",\"@id\":\"https:\\\/\\\/dmcsrb.com\\\/drustvo\\\/nadvojvoda-karl-von-habsburg-posjetio-drzavni-arhiv-crne-gore\\\/#primaryimage\",\"url\":\"https:\\\/\\\/dmcsrb.com\\\/wp-content\\\/uploads\\\/2026\\\/01\\\/thumbnail_Slika-1-2.webp\",\"contentUrl\":\"https:\\\/\\\/dmcsrb.com\\\/wp-content\\\/uploads\\\/2026\\\/01\\\/thumbnail_Slika-1-2.webp\",\"width\":985,\"height\":767},{\"@type\":\"BreadcrumbList\",\"@id\":\"https:\\\/\\\/dmcsrb.com\\\/drustvo\\\/nadvojvoda-karl-von-habsburg-posjetio-drzavni-arhiv-crne-gore\\\/#breadcrumb\",\"itemListElement\":[{\"@type\":\"ListItem\",\"position\":1,\"name\":\"Home\",\"item\":\"https:\\\/\\\/dmcsrb.com\\\/\"},{\"@type\":\"ListItem\",\"position\":2,\"name\":\"Nadvojvoda Karl von Habsburg posjetio Dr\u017eavni arhiv Crne Gore\"}]},{\"@type\":\"WebSite\",\"@id\":\"https:\\\/\\\/dmcsrb.com\\\/#website\",\"url\":\"https:\\\/\\\/dmcsrb.com\\\/\",\"name\":\"dmcsrb.com\",\"description\":\"\",\"potentialAction\":[{\"@type\":\"SearchAction\",\"target\":{\"@type\":\"EntryPoint\",\"urlTemplate\":\"https:\\\/\\\/dmcsrb.com\\\/?s={search_term_string}\"},\"query-input\":{\"@type\":\"PropertyValueSpecification\",\"valueRequired\":true,\"valueName\":\"search_term_string\"}}],\"inLanguage\":\"en-GB\"},{\"@type\":\"Person\",\"@id\":\"https:\\\/\\\/dmcsrb.com\\\/#\\\/schema\\\/person\\\/5c39170f12db1b8b457732d0b5c854e2\",\"name\":\"dmcsrbija.com@gmail.com\",\"image\":{\"@type\":\"ImageObject\",\"inLanguage\":\"en-GB\",\"@id\":\"https:\\\/\\\/secure.gravatar.com\\\/avatar\\\/68592660ad6347fad0fb587f8d5d8f1a7b44961362f56e4f2cd524feb87e9069?s=96&d=mm&r=g\",\"url\":\"https:\\\/\\\/secure.gravatar.com\\\/avatar\\\/68592660ad6347fad0fb587f8d5d8f1a7b44961362f56e4f2cd524feb87e9069?s=96&d=mm&r=g\",\"contentUrl\":\"https:\\\/\\\/secure.gravatar.com\\\/avatar\\\/68592660ad6347fad0fb587f8d5d8f1a7b44961362f56e4f2cd524feb87e9069?s=96&d=mm&r=g\",\"caption\":\"dmcsrbija.com@gmail.com\"},\"sameAs\":[\"https:\\\/\\\/dmcsrb.com\"],\"url\":\"https:\\\/\\\/dmcsrb.com\\\/en\\\/author\\\/dmcsrbija-comgmail-com\\\/\"}]}<\/script>\n<!-- \/ Yoast SEO plugin. -->","yoast_head_json":{"title":"Nadvojvoda Karl von Habsburg posjetio Dr\u017eavni arhiv Crne Gore - dmcsrb.com","robots":{"index":"index","follow":"follow","max-snippet":"max-snippet:-1","max-image-preview":"max-image-preview:large","max-video-preview":"max-video-preview:-1"},"canonical":"https:\/\/dmcsrb.com\/en\/drustvo\/nadvojvoda-karl-von-habsburg-posjetio-drzavni-arhiv-crne-gore\/","og_locale":"en_GB","og_type":"article","og_title":"Nadvojvoda Karl von Habsburg posjetio Dr\u017eavni arhiv Crne Gore - dmcsrb.com","og_description":"Njegovo carsko i kraljevsko viso\u010danstvo nadvojvoda Karl von Habsburg boravio je u Crnoj Gori 4. i 5. oktobra. Tokom ovog boravka, direktor Dr\u017eavnog arhiva Crne Gore Danilo Mrvaljevi\u0107 uprili\u010dio je sve\u010dani prijem za Njegovo viso\u010danstvo u Dr\u017eavnom arhivu na Cetinju.","og_url":"https:\/\/dmcsrb.com\/en\/drustvo\/nadvojvoda-karl-von-habsburg-posjetio-drzavni-arhiv-crne-gore\/","og_site_name":"dmcsrb.com","article_published_time":"2025-10-07T07:39:00+00:00","og_image":[{"width":985,"height":767,"url":"https:\/\/dmcsrb.com\/wp-content\/uploads\/2026\/01\/thumbnail_Slika-1-2.webp","type":"image\/jpeg"}],"author":"dmcsrbija.com@gmail.com","twitter_card":"summary_large_image","twitter_misc":{"Written by":"dmcsrbija.com@gmail.com","Estimated reading time":"2 minutes"},"schema":{"@context":"https:\/\/schema.org","@graph":[{"@type":"Article","@id":"https:\/\/dmcsrb.com\/drustvo\/nadvojvoda-karl-von-habsburg-posjetio-drzavni-arhiv-crne-gore\/#article","isPartOf":{"@id":"https:\/\/dmcsrb.com\/drustvo\/nadvojvoda-karl-von-habsburg-posjetio-drzavni-arhiv-crne-gore\/"},"author":{"name":"dmcsrbija.com@gmail.com","@id":"https:\/\/dmcsrb.com\/#\/schema\/person\/5c39170f12db1b8b457732d0b5c854e2"},"headline":"Nadvojvoda Karl von Habsburg posjetio Dr\u017eavni arhiv Crne Gore","datePublished":"2025-10-07T07:39:00+00:00","mainEntityOfPage":{"@id":"https:\/\/dmcsrb.com\/drustvo\/nadvojvoda-karl-von-habsburg-posjetio-drzavni-arhiv-crne-gore\/"},"wordCount":503,"commentCount":0,"image":{"@id":"https:\/\/dmcsrb.com\/drustvo\/nadvojvoda-karl-von-habsburg-posjetio-drzavni-arhiv-crne-gore\/#primaryimage"},"thumbnailUrl":"https:\/\/dmcsrb.com\/wp-content\/uploads\/2026\/01\/thumbnail_Slika-1-2.webp","keywords":["Dr\u017eavni arhiv","Karl von Habsburg"],"articleSection":["Dru\u0161tvo"],"inLanguage":"en-GB","potentialAction":[{"@type":"CommentAction","name":"Comment","target":["https:\/\/dmcsrb.com\/drustvo\/nadvojvoda-karl-von-habsburg-posjetio-drzavni-arhiv-crne-gore\/#respond"]}]},{"@type":"WebPage","@id":"https:\/\/dmcsrb.com\/drustvo\/nadvojvoda-karl-von-habsburg-posjetio-drzavni-arhiv-crne-gore\/","url":"https:\/\/dmcsrb.com\/drustvo\/nadvojvoda-karl-von-habsburg-posjetio-drzavni-arhiv-crne-gore\/","name":"Nadvojvoda Karl von Habsburg posjetio Dr\u017eavni arhiv Crne Gore - dmcsrb.com","isPartOf":{"@id":"https:\/\/dmcsrb.com\/#website"},"primaryImageOfPage":{"@id":"https:\/\/dmcsrb.com\/drustvo\/nadvojvoda-karl-von-habsburg-posjetio-drzavni-arhiv-crne-gore\/#primaryimage"},"image":{"@id":"https:\/\/dmcsrb.com\/drustvo\/nadvojvoda-karl-von-habsburg-posjetio-drzavni-arhiv-crne-gore\/#primaryimage"},"thumbnailUrl":"https:\/\/dmcsrb.com\/wp-content\/uploads\/2026\/01\/thumbnail_Slika-1-2.webp","datePublished":"2025-10-07T07:39:00+00:00","author":{"@id":"https:\/\/dmcsrb.com\/#\/schema\/person\/5c39170f12db1b8b457732d0b5c854e2"},"breadcrumb":{"@id":"https:\/\/dmcsrb.com\/drustvo\/nadvojvoda-karl-von-habsburg-posjetio-drzavni-arhiv-crne-gore\/#breadcrumb"},"inLanguage":"en-GB","potentialAction":[{"@type":"ReadAction","target":["https:\/\/dmcsrb.com\/drustvo\/nadvojvoda-karl-von-habsburg-posjetio-drzavni-arhiv-crne-gore\/"]}]},{"@type":"ImageObject","inLanguage":"en-GB","@id":"https:\/\/dmcsrb.com\/drustvo\/nadvojvoda-karl-von-habsburg-posjetio-drzavni-arhiv-crne-gore\/#primaryimage","url":"https:\/\/dmcsrb.com\/wp-content\/uploads\/2026\/01\/thumbnail_Slika-1-2.webp","contentUrl":"https:\/\/dmcsrb.com\/wp-content\/uploads\/2026\/01\/thumbnail_Slika-1-2.webp","width":985,"height":767},{"@type":"BreadcrumbList","@id":"https:\/\/dmcsrb.com\/drustvo\/nadvojvoda-karl-von-habsburg-posjetio-drzavni-arhiv-crne-gore\/#breadcrumb","itemListElement":[{"@type":"ListItem","position":1,"name":"Home","item":"https:\/\/dmcsrb.com\/"},{"@type":"ListItem","position":2,"name":"Nadvojvoda Karl von Habsburg posjetio Dr\u017eavni arhiv Crne Gore"}]},{"@type":"WebSite","@id":"https:\/\/dmcsrb.com\/#website","url":"https:\/\/dmcsrb.com\/","name":"dmcsrb.com","description":"","potentialAction":[{"@type":"SearchAction","target":{"@type":"EntryPoint","urlTemplate":"https:\/\/dmcsrb.com\/?s={search_term_string}"},"query-input":{"@type":"PropertyValueSpecification","valueRequired":true,"valueName":"search_term_string"}}],"inLanguage":"en-GB"},{"@type":"Person","@id":"https:\/\/dmcsrb.com\/#\/schema\/person\/5c39170f12db1b8b457732d0b5c854e2","name":"dmcsrbija.com@gmail.com","image":{"@type":"ImageObject","inLanguage":"en-GB","@id":"https:\/\/secure.gravatar.com\/avatar\/68592660ad6347fad0fb587f8d5d8f1a7b44961362f56e4f2cd524feb87e9069?s=96&d=mm&r=g","url":"https:\/\/secure.gravatar.com\/avatar\/68592660ad6347fad0fb587f8d5d8f1a7b44961362f56e4f2cd524feb87e9069?s=96&d=mm&r=g","contentUrl":"https:\/\/secure.gravatar.com\/avatar\/68592660ad6347fad0fb587f8d5d8f1a7b44961362f56e4f2cd524feb87e9069?s=96&d=mm&r=g","caption":"dmcsrbija.com@gmail.com"},"sameAs":["https:\/\/dmcsrb.com"],"url":"https:\/\/dmcsrb.com\/en\/author\/dmcsrbija-comgmail-com\/"}]}},"_links":{"self":[{"href":"https:\/\/dmcsrb.com\/en\/wp-json\/wp\/v2\/posts\/956268","targetHints":{"allow":["GET"]}}],"collection":[{"href":"https:\/\/dmcsrb.com\/en\/wp-json\/wp\/v2\/posts"}],"about":[{"href":"https:\/\/dmcsrb.com\/en\/wp-json\/wp\/v2\/types\/post"}],"author":[{"embeddable":true,"href":"https:\/\/dmcsrb.com\/en\/wp-json\/wp\/v2\/users\/1"}],"replies":[{"embeddable":true,"href":"https:\/\/dmcsrb.com\/en\/wp-json\/wp\/v2\/comments?post=956268"}],"version-history":[{"count":0,"href":"https:\/\/dmcsrb.com\/en\/wp-json\/wp\/v2\/posts\/956268\/revisions"}],"wp:featuredmedia":[{"embeddable":true,"href":"https:\/\/dmcsrb.com\/en\/wp-json\/wp\/v2\/media\/956269"}],"wp:attachment":[{"href":"https:\/\/dmcsrb.com\/en\/wp-json\/wp\/v2\/media?parent=956268"}],"wp:term":[{"taxonomy":"category","embeddable":true,"href":"https:\/\/dmcsrb.com\/en\/wp-json\/wp\/v2\/categories?post=956268"},{"taxonomy":"post_tag","embeddable":true,"href":"https:\/\/dmcsrb.com\/en\/wp-json\/wp\/v2\/tags?post=956268"},{"taxonomy":"naslovna","embeddable":true,"href":"https:\/\/dmcsrb.com\/en\/wp-json\/wp\/v2\/naslovna?post=956268"}],"curies":[{"name":"wp","href":"https:\/\/api.w.org\/{rel}","templated":true}]}}