{"id":956256,"date":"2025-10-07T07:45:00","date_gmt":"2025-10-07T05:45:00","guid":{"rendered":"https:\/\/dmcsrb.com\/uncategorized\/vucinic-podnio-ostavku-na-funkciju-potpredsjednika-skupstine-glavnog-grada\/"},"modified":"2025-10-07T07:45:00","modified_gmt":"2025-10-07T05:45:00","slug":"vucinic-podnio-ostavku-na-funkciju-potpredsjednika-skupstine-glavnog-grada","status":"publish","type":"post","link":"https:\/\/dmcsrb.com\/en\/podgorica\/vucinic-podnio-ostavku-na-funkciju-potpredsjednika-skupstine-glavnog-grada\/","title":{"rendered":"Vu\u010dini\u0107 podnio ostavku na funkciju potpredsjednika Skup\u0161tine Glavnog grada"},"content":{"rendered":"<p><\/p>\n\n\n\n<p>Vu\u010dini\u0107 je, kako je naveo u obrazlo\u017eenju, odluku donio nakon \u0161to su predlozi i primjedbe koje je dostavio \u2013 njih ukupno 14, uklju\u010duju\u0107i i jednu sugestiju podr\u017eanu sa 282 potpisa mje\u0161tana MZ Bio\u010de \u2013 ignorisani od strane nadle\u017enih institucija.<\/p>\n\n\n\n<p>&#8220;Odluku sam donio nakon pa\u017eljivog razmatranja, s obzirom na to da sam dao javno obe\u0107anje da \u0107u podnijeti ostavku ukoliko se usvoje Izmjene i dopune Prostorno-urbanisti\u010dkog plana Podgorice bez prihvatanja onih predloga, sugestija i primjedbi za koje sam se zalagao u toku Javne rasprave o Nacrtu istog dokumenta, a u ime NVO Udru\u017eenje za razvoj Pipera. Samostalno sam dostavio njih \u010detrnaest sugestija i primjedbi i prilo\u017eio ih u pisanoj formi, te jednu sugestiju koju sam dostavio sa mje\u0161tanima MZ Bio\u010de, a uz koju je, kao propratni akt, prilo\u017eena lista sa 282 potpisa gra\u0111ana ove MZ. Po\u0161to Glavni grad i njegov gradona\u010delnik nijesu na\u0161li za shodno da se oko bilo \u010dega od navedenog konsultuju sa mnom, niti da ih uvrste me\u0111u dostavljene predloge, sugestije i primjedbe, te da se takav dokument potom prihvati i usvoji na elektronskoj sjednici Vlade Crne Gore, odlu\u010dio sam se na ovaj \u010din\u201c, naveo je Vu\u010dini\u0107.<\/p>\n\n\n\n<p>On je zahvalio kolegama na saradnji i razumijevanju tokom mandata, isti\u010du\u0107i da \u0107e i dalje nastaviti da djeluje u interesu gra\u0111ana kao odbornik u Skup\u0161tini Glavnog grada.<\/p>","protected":false},"excerpt":{"rendered":"<p>Dragutin Vu\u010dini\u0107 podnio je ostavku na mjesto potpredsjednika Skup\u0161tine Glavnog grada, jer nije prihva\u0107en nijedan predlog i sugestija koje je, u ime gra\u0111ana i NVO \u201eUdru\u017eenje za razvoj Pipera\u201c, podnio tokom javne rasprave o Nacrtu izmjena i dopuna Prostorno-urbanisti\u010dkog plana (PUP) Podgorice.<\/p>","protected":false},"author":1,"featured_media":956257,"comment_status":"open","ping_status":"open","sticky":false,"template":"","format":"standard","meta":{"_acf_changed":false,"footnotes":""},"categories":[56],"tags":[1865,5000,10526],"naslovna":[],"class_list":["post-956256","post","type-post","status-publish","format-standard","has-post-thumbnail","hentry","category-podgorica","tag-dragutin-vucinic","tag-podnesena-ostavka","tag-potpredsjednik-skupstine-glavnog-grada"],"acf":[],"yoast_head":"<!-- This site is optimized with the Yoast SEO plugin v27.0 - https:\/\/yoast.com\/product\/yoast-seo-wordpress\/ -->\n<title>Vu\u010dini\u0107 podnio ostavku na funkciju potpredsjednika Skup\u0161tine Glavnog grada - dmcsrb.com<\/title>\n<meta name=\"robots\" content=\"index, follow, max-snippet:-1, max-image-preview:large, max-video-preview:-1\" \/>\n<link rel=\"canonical\" href=\"https:\/\/dmcsrb.com\/en\/podgorica\/vucinic-podnio-ostavku-na-funkciju-potpredsjednika-skupstine-glavnog-grada\/\" \/>\n<meta property=\"og:locale\" content=\"en_GB\" \/>\n<meta property=\"og:type\" content=\"article\" \/>\n<meta property=\"og:title\" content=\"Vu\u010dini\u0107 podnio ostavku na funkciju potpredsjednika Skup\u0161tine Glavnog grada - dmcsrb.com\" \/>\n<meta property=\"og:description\" content=\"Dragutin Vu\u010dini\u0107 podnio je ostavku na mjesto potpredsjednika Skup\u0161tine Glavnog grada, jer nije prihva\u0107en nijedan predlog i sugestija koje je, u ime gra\u0111ana i NVO \u201eUdru\u017eenje za razvoj Pipera\u201c, podnio tokom javne rasprave o Nacrtu izmjena i dopuna Prostorno-urbanisti\u010dkog plana (PUP) Podgorice.\" \/>\n<meta property=\"og:url\" content=\"https:\/\/dmcsrb.com\/en\/podgorica\/vucinic-podnio-ostavku-na-funkciju-potpredsjednika-skupstine-glavnog-grada\/\" \/>\n<meta property=\"og:site_name\" content=\"dmcsrb.com\" \/>\n<meta property=\"article:published_time\" content=\"2025-10-07T05:45:00+00:00\" \/>\n<meta property=\"og:image\" content=\"https:\/\/dmcsrb.com\/wp-content\/uploads\/2026\/01\/Drago-Vucinic-e1735303213122-1320x733-1.webp\" \/>\n\t<meta property=\"og:image:width\" content=\"1320\" \/>\n\t<meta property=\"og:image:height\" content=\"733\" \/>\n\t<meta property=\"og:image:type\" content=\"image\/jpeg\" \/>\n<meta name=\"author\" content=\"dmcsrbija.com@gmail.com\" \/>\n<meta name=\"twitter:card\" content=\"summary_large_image\" \/>\n<meta name=\"twitter:label1\" content=\"Written by\" \/>\n\t<meta name=\"twitter:data1\" content=\"dmcsrbija.com@gmail.com\" \/>\n\t<meta name=\"twitter:label2\" content=\"Estimated reading time\" \/>\n\t<meta name=\"twitter:data2\" content=\"1 minute\" \/>\n<script type=\"application\/ld+json\" class=\"yoast-schema-graph\">{\"@context\":\"https:\/\/schema.org\",\"@graph\":[{\"@type\":\"Article\",\"@id\":\"https:\/\/dmcsrb.com\/podgorica\/vucinic-podnio-ostavku-na-funkciju-potpredsjednika-skupstine-glavnog-grada\/#article\",\"isPartOf\":{\"@id\":\"https:\/\/dmcsrb.com\/podgorica\/vucinic-podnio-ostavku-na-funkciju-potpredsjednika-skupstine-glavnog-grada\/\"},\"author\":{\"name\":\"dmcsrbija.com@gmail.com\",\"@id\":\"https:\/\/dmcsrb.com\/#\/schema\/person\/5c39170f12db1b8b457732d0b5c854e2\"},\"headline\":\"Vu\u010dini\u0107 podnio ostavku na funkciju potpredsjednika Skup\u0161tine Glavnog grada\",\"datePublished\":\"2025-10-07T05:45:00+00:00\",\"mainEntityOfPage\":{\"@id\":\"https:\/\/dmcsrb.com\/podgorica\/vucinic-podnio-ostavku-na-funkciju-potpredsjednika-skupstine-glavnog-grada\/\"},\"wordCount\":248,\"commentCount\":0,\"image\":{\"@id\":\"https:\/\/dmcsrb.com\/podgorica\/vucinic-podnio-ostavku-na-funkciju-potpredsjednika-skupstine-glavnog-grada\/#primaryimage\"},\"thumbnailUrl\":\"https:\/\/dmcsrb.com\/wp-content\/uploads\/2026\/01\/Drago-Vucinic-e1735303213122-1320x733-1.webp\",\"keywords\":[\"dragutin vu\u010dini\u0107\",\"Podnesena ostavka\",\"Potpredsjednik Skup\u0161tine Glavnog grada\"],\"articleSection\":[\"Podgorica\"],\"inLanguage\":\"en-GB\",\"potentialAction\":[{\"@type\":\"CommentAction\",\"name\":\"Comment\",\"target\":[\"https:\/\/dmcsrb.com\/podgorica\/vucinic-podnio-ostavku-na-funkciju-potpredsjednika-skupstine-glavnog-grada\/#respond\"]}]},{\"@type\":\"WebPage\",\"@id\":\"https:\/\/dmcsrb.com\/podgorica\/vucinic-podnio-ostavku-na-funkciju-potpredsjednika-skupstine-glavnog-grada\/\",\"url\":\"https:\/\/dmcsrb.com\/podgorica\/vucinic-podnio-ostavku-na-funkciju-potpredsjednika-skupstine-glavnog-grada\/\",\"name\":\"Vu\u010dini\u0107 podnio ostavku na funkciju potpredsjednika Skup\u0161tine Glavnog grada - dmcsrb.com\",\"isPartOf\":{\"@id\":\"https:\/\/dmcsrb.com\/#website\"},\"primaryImageOfPage\":{\"@id\":\"https:\/\/dmcsrb.com\/podgorica\/vucinic-podnio-ostavku-na-funkciju-potpredsjednika-skupstine-glavnog-grada\/#primaryimage\"},\"image\":{\"@id\":\"https:\/\/dmcsrb.com\/podgorica\/vucinic-podnio-ostavku-na-funkciju-potpredsjednika-skupstine-glavnog-grada\/#primaryimage\"},\"thumbnailUrl\":\"https:\/\/dmcsrb.com\/wp-content\/uploads\/2026\/01\/Drago-Vucinic-e1735303213122-1320x733-1.webp\",\"datePublished\":\"2025-10-07T05:45:00+00:00\",\"author\":{\"@id\":\"https:\/\/dmcsrb.com\/#\/schema\/person\/5c39170f12db1b8b457732d0b5c854e2\"},\"breadcrumb\":{\"@id\":\"https:\/\/dmcsrb.com\/podgorica\/vucinic-podnio-ostavku-na-funkciju-potpredsjednika-skupstine-glavnog-grada\/#breadcrumb\"},\"inLanguage\":\"en-GB\",\"potentialAction\":[{\"@type\":\"ReadAction\",\"target\":[\"https:\/\/dmcsrb.com\/podgorica\/vucinic-podnio-ostavku-na-funkciju-potpredsjednika-skupstine-glavnog-grada\/\"]}]},{\"@type\":\"ImageObject\",\"inLanguage\":\"en-GB\",\"@id\":\"https:\/\/dmcsrb.com\/podgorica\/vucinic-podnio-ostavku-na-funkciju-potpredsjednika-skupstine-glavnog-grada\/#primaryimage\",\"url\":\"https:\/\/dmcsrb.com\/wp-content\/uploads\/2026\/01\/Drago-Vucinic-e1735303213122-1320x733-1.webp\",\"contentUrl\":\"https:\/\/dmcsrb.com\/wp-content\/uploads\/2026\/01\/Drago-Vucinic-e1735303213122-1320x733-1.webp\",\"width\":1320,\"height\":733},{\"@type\":\"BreadcrumbList\",\"@id\":\"https:\/\/dmcsrb.com\/podgorica\/vucinic-podnio-ostavku-na-funkciju-potpredsjednika-skupstine-glavnog-grada\/#breadcrumb\",\"itemListElement\":[{\"@type\":\"ListItem\",\"position\":1,\"name\":\"Home\",\"item\":\"https:\/\/dmcsrb.com\/\"},{\"@type\":\"ListItem\",\"position\":2,\"name\":\"Vu\u010dini\u0107 podnio ostavku na funkciju potpredsjednika Skup\u0161tine Glavnog grada\"}]},{\"@type\":\"WebSite\",\"@id\":\"https:\/\/dmcsrb.com\/#website\",\"url\":\"https:\/\/dmcsrb.com\/\",\"name\":\"dmcsrb.com\",\"description\":\"\",\"potentialAction\":[{\"@type\":\"SearchAction\",\"target\":{\"@type\":\"EntryPoint\",\"urlTemplate\":\"https:\/\/dmcsrb.com\/?s={search_term_string}\"},\"query-input\":{\"@type\":\"PropertyValueSpecification\",\"valueRequired\":true,\"valueName\":\"search_term_string\"}}],\"inLanguage\":\"en-GB\"},{\"@type\":\"Person\",\"@id\":\"https:\/\/dmcsrb.com\/#\/schema\/person\/5c39170f12db1b8b457732d0b5c854e2\",\"name\":\"dmcsrbija.com@gmail.com\",\"image\":{\"@type\":\"ImageObject\",\"inLanguage\":\"en-GB\",\"@id\":\"https:\/\/dmcsrb.com\/#\/schema\/person\/image\/\",\"url\":\"https:\/\/secure.gravatar.com\/avatar\/68592660ad6347fad0fb587f8d5d8f1a7b44961362f56e4f2cd524feb87e9069?s=96&d=mm&r=g\",\"contentUrl\":\"https:\/\/secure.gravatar.com\/avatar\/68592660ad6347fad0fb587f8d5d8f1a7b44961362f56e4f2cd524feb87e9069?s=96&d=mm&r=g\",\"caption\":\"dmcsrbija.com@gmail.com\"},\"sameAs\":[\"https:\/\/dmcsrb.com\"],\"url\":\"https:\/\/dmcsrb.com\/en\/author\/dmcsrbija-comgmail-com\/\"}]}<\/script>\n<!-- \/ Yoast SEO plugin. -->","yoast_head_json":{"title":"Vu\u010dini\u0107 podnio ostavku na funkciju potpredsjednika Skup\u0161tine Glavnog grada - dmcsrb.com","robots":{"index":"index","follow":"follow","max-snippet":"max-snippet:-1","max-image-preview":"max-image-preview:large","max-video-preview":"max-video-preview:-1"},"canonical":"https:\/\/dmcsrb.com\/en\/podgorica\/vucinic-podnio-ostavku-na-funkciju-potpredsjednika-skupstine-glavnog-grada\/","og_locale":"en_GB","og_type":"article","og_title":"Vu\u010dini\u0107 podnio ostavku na funkciju potpredsjednika Skup\u0161tine Glavnog grada - dmcsrb.com","og_description":"Dragutin Vu\u010dini\u0107 podnio je ostavku na mjesto potpredsjednika Skup\u0161tine Glavnog grada, jer nije prihva\u0107en nijedan predlog i sugestija koje je, u ime gra\u0111ana i NVO \u201eUdru\u017eenje za razvoj Pipera\u201c, podnio tokom javne rasprave o Nacrtu izmjena i dopuna Prostorno-urbanisti\u010dkog plana (PUP) Podgorice.","og_url":"https:\/\/dmcsrb.com\/en\/podgorica\/vucinic-podnio-ostavku-na-funkciju-potpredsjednika-skupstine-glavnog-grada\/","og_site_name":"dmcsrb.com","article_published_time":"2025-10-07T05:45:00+00:00","og_image":[{"width":1320,"height":733,"url":"https:\/\/dmcsrb.com\/wp-content\/uploads\/2026\/01\/Drago-Vucinic-e1735303213122-1320x733-1.webp","type":"image\/jpeg"}],"author":"dmcsrbija.com@gmail.com","twitter_card":"summary_large_image","twitter_misc":{"Written by":"dmcsrbija.com@gmail.com","Estimated reading time":"1 minute"},"schema":{"@context":"https:\/\/schema.org","@graph":[{"@type":"Article","@id":"https:\/\/dmcsrb.com\/podgorica\/vucinic-podnio-ostavku-na-funkciju-potpredsjednika-skupstine-glavnog-grada\/#article","isPartOf":{"@id":"https:\/\/dmcsrb.com\/podgorica\/vucinic-podnio-ostavku-na-funkciju-potpredsjednika-skupstine-glavnog-grada\/"},"author":{"name":"dmcsrbija.com@gmail.com","@id":"https:\/\/dmcsrb.com\/#\/schema\/person\/5c39170f12db1b8b457732d0b5c854e2"},"headline":"Vu\u010dini\u0107 podnio ostavku na funkciju potpredsjednika Skup\u0161tine Glavnog grada","datePublished":"2025-10-07T05:45:00+00:00","mainEntityOfPage":{"@id":"https:\/\/dmcsrb.com\/podgorica\/vucinic-podnio-ostavku-na-funkciju-potpredsjednika-skupstine-glavnog-grada\/"},"wordCount":248,"commentCount":0,"image":{"@id":"https:\/\/dmcsrb.com\/podgorica\/vucinic-podnio-ostavku-na-funkciju-potpredsjednika-skupstine-glavnog-grada\/#primaryimage"},"thumbnailUrl":"https:\/\/dmcsrb.com\/wp-content\/uploads\/2026\/01\/Drago-Vucinic-e1735303213122-1320x733-1.webp","keywords":["dragutin vu\u010dini\u0107","Podnesena ostavka","Potpredsjednik Skup\u0161tine Glavnog grada"],"articleSection":["Podgorica"],"inLanguage":"en-GB","potentialAction":[{"@type":"CommentAction","name":"Comment","target":["https:\/\/dmcsrb.com\/podgorica\/vucinic-podnio-ostavku-na-funkciju-potpredsjednika-skupstine-glavnog-grada\/#respond"]}]},{"@type":"WebPage","@id":"https:\/\/dmcsrb.com\/podgorica\/vucinic-podnio-ostavku-na-funkciju-potpredsjednika-skupstine-glavnog-grada\/","url":"https:\/\/dmcsrb.com\/podgorica\/vucinic-podnio-ostavku-na-funkciju-potpredsjednika-skupstine-glavnog-grada\/","name":"Vu\u010dini\u0107 podnio ostavku na funkciju potpredsjednika Skup\u0161tine Glavnog grada - dmcsrb.com","isPartOf":{"@id":"https:\/\/dmcsrb.com\/#website"},"primaryImageOfPage":{"@id":"https:\/\/dmcsrb.com\/podgorica\/vucinic-podnio-ostavku-na-funkciju-potpredsjednika-skupstine-glavnog-grada\/#primaryimage"},"image":{"@id":"https:\/\/dmcsrb.com\/podgorica\/vucinic-podnio-ostavku-na-funkciju-potpredsjednika-skupstine-glavnog-grada\/#primaryimage"},"thumbnailUrl":"https:\/\/dmcsrb.com\/wp-content\/uploads\/2026\/01\/Drago-Vucinic-e1735303213122-1320x733-1.webp","datePublished":"2025-10-07T05:45:00+00:00","author":{"@id":"https:\/\/dmcsrb.com\/#\/schema\/person\/5c39170f12db1b8b457732d0b5c854e2"},"breadcrumb":{"@id":"https:\/\/dmcsrb.com\/podgorica\/vucinic-podnio-ostavku-na-funkciju-potpredsjednika-skupstine-glavnog-grada\/#breadcrumb"},"inLanguage":"en-GB","potentialAction":[{"@type":"ReadAction","target":["https:\/\/dmcsrb.com\/podgorica\/vucinic-podnio-ostavku-na-funkciju-potpredsjednika-skupstine-glavnog-grada\/"]}]},{"@type":"ImageObject","inLanguage":"en-GB","@id":"https:\/\/dmcsrb.com\/podgorica\/vucinic-podnio-ostavku-na-funkciju-potpredsjednika-skupstine-glavnog-grada\/#primaryimage","url":"https:\/\/dmcsrb.com\/wp-content\/uploads\/2026\/01\/Drago-Vucinic-e1735303213122-1320x733-1.webp","contentUrl":"https:\/\/dmcsrb.com\/wp-content\/uploads\/2026\/01\/Drago-Vucinic-e1735303213122-1320x733-1.webp","width":1320,"height":733},{"@type":"BreadcrumbList","@id":"https:\/\/dmcsrb.com\/podgorica\/vucinic-podnio-ostavku-na-funkciju-potpredsjednika-skupstine-glavnog-grada\/#breadcrumb","itemListElement":[{"@type":"ListItem","position":1,"name":"Home","item":"https:\/\/dmcsrb.com\/"},{"@type":"ListItem","position":2,"name":"Vu\u010dini\u0107 podnio ostavku na funkciju potpredsjednika Skup\u0161tine Glavnog grada"}]},{"@type":"WebSite","@id":"https:\/\/dmcsrb.com\/#website","url":"https:\/\/dmcsrb.com\/","name":"dmcsrb.com","description":"","potentialAction":[{"@type":"SearchAction","target":{"@type":"EntryPoint","urlTemplate":"https:\/\/dmcsrb.com\/?s={search_term_string}"},"query-input":{"@type":"PropertyValueSpecification","valueRequired":true,"valueName":"search_term_string"}}],"inLanguage":"en-GB"},{"@type":"Person","@id":"https:\/\/dmcsrb.com\/#\/schema\/person\/5c39170f12db1b8b457732d0b5c854e2","name":"dmcsrbija.com@gmail.com","image":{"@type":"ImageObject","inLanguage":"en-GB","@id":"https:\/\/dmcsrb.com\/#\/schema\/person\/image\/","url":"https:\/\/secure.gravatar.com\/avatar\/68592660ad6347fad0fb587f8d5d8f1a7b44961362f56e4f2cd524feb87e9069?s=96&d=mm&r=g","contentUrl":"https:\/\/secure.gravatar.com\/avatar\/68592660ad6347fad0fb587f8d5d8f1a7b44961362f56e4f2cd524feb87e9069?s=96&d=mm&r=g","caption":"dmcsrbija.com@gmail.com"},"sameAs":["https:\/\/dmcsrb.com"],"url":"https:\/\/dmcsrb.com\/en\/author\/dmcsrbija-comgmail-com\/"}]}},"_links":{"self":[{"href":"https:\/\/dmcsrb.com\/en\/wp-json\/wp\/v2\/posts\/956256","targetHints":{"allow":["GET"]}}],"collection":[{"href":"https:\/\/dmcsrb.com\/en\/wp-json\/wp\/v2\/posts"}],"about":[{"href":"https:\/\/dmcsrb.com\/en\/wp-json\/wp\/v2\/types\/post"}],"author":[{"embeddable":true,"href":"https:\/\/dmcsrb.com\/en\/wp-json\/wp\/v2\/users\/1"}],"replies":[{"embeddable":true,"href":"https:\/\/dmcsrb.com\/en\/wp-json\/wp\/v2\/comments?post=956256"}],"version-history":[{"count":0,"href":"https:\/\/dmcsrb.com\/en\/wp-json\/wp\/v2\/posts\/956256\/revisions"}],"wp:featuredmedia":[{"embeddable":true,"href":"https:\/\/dmcsrb.com\/en\/wp-json\/wp\/v2\/media\/956257"}],"wp:attachment":[{"href":"https:\/\/dmcsrb.com\/en\/wp-json\/wp\/v2\/media?parent=956256"}],"wp:term":[{"taxonomy":"category","embeddable":true,"href":"https:\/\/dmcsrb.com\/en\/wp-json\/wp\/v2\/categories?post=956256"},{"taxonomy":"post_tag","embeddable":true,"href":"https:\/\/dmcsrb.com\/en\/wp-json\/wp\/v2\/tags?post=956256"},{"taxonomy":"naslovna","embeddable":true,"href":"https:\/\/dmcsrb.com\/en\/wp-json\/wp\/v2\/naslovna?post=956256"}],"curies":[{"name":"wp","href":"https:\/\/api.w.org\/{rel}","templated":true}]}}