{"id":956252,"date":"2025-10-07T08:15:00","date_gmt":"2025-10-07T06:15:00","guid":{"rendered":"https:\/\/dmcsrb.com\/uncategorized\/video-u-toku-evakuacija-vise-od-200-preostalih-planinara-sa-mont-everesta\/"},"modified":"2025-10-07T08:15:00","modified_gmt":"2025-10-07T06:15:00","slug":"video-u-toku-evakuacija-vise-od-200-preostalih-planinara-sa-mont-everesta","status":"publish","type":"post","link":"https:\/\/dmcsrb.com\/en\/svijet\/video-u-toku-evakuacija-vise-od-200-preostalih-planinara-sa-mont-everesta\/","title":{"rendered":"(VIDEO) U toku evakuacija vi\u0161e od 200 preostalih planinara sa Mont Everesta"},"content":{"rendered":"<p><\/p>\n\n\n\n<p>Evakuacija je po\u010dela u ponedjeljak i trebalo bi da bude zavr\u0161ena danas, rekao je izvor koji je tra\u017eio da ostane anoniman, jer nije ovla\u0161\u0107en za davanje izjava medijima.<\/p>\n\n\n\n<p>Ranije je spaseno nekoliko stotina drugih planinara koji su bili zarobljeni u dolini Karma na Tibetu.<\/p>\n\n\n\n<figure class=\"wp-block-embed is-type-rich is-provider-twitter wp-block-embed-twitter\"><div class=\"wp-block-embed__wrapper\">\n<blockquote class=\"twitter-tweet\" data-width=\"500\" data-dnt=\"true\"><p lang=\"en\" dir=\"ltr\">At least one hiker has died after a sudden snowstorm struck Tibet and Qinghai over the weekend, leaving hundreds stranded near Mount Everest \u2935\ufe0f<br><br>Nearly 1,000 people were trapped as blizzards blocked roads and collapsed tents; 137 have been rescued so far <a href=\"https:\/\/t.co\/F7jTg5cCyR\">https:\/\/t.co\/F7jTg5cCyR<\/a> <a href=\"https:\/\/t.co\/urDjiTqdVM\">pic.twitter.com\/urDjiTqdVM<\/a><\/p>&mdash; Anadolu English (@anadoluagency) <a href=\"https:\/\/twitter.com\/anadoluagency\/status\/1975244662517469663?ref_src=twsrc%5Etfw\">October 6, 2025<\/a><\/blockquote><script async src=\"https:\/\/platform.twitter.com\/widgets.js\" charset=\"utf-8\"><\/script>\n<\/div><\/figure>\n\n\n\n<p>Broj planinara u dolini Karma, koja vodi do isto\u010dne strane Everesta, porastao je posljednjih dana zbog osmodnevnog praznika u Kini.<\/p>\n\n\n\n<p>Snijeg je po\u010deo da pada u dolini, koja se nalazi na visini od oko 4.200 metara, u petak uve\u010de i nastavio da pada u subotu.<\/p>\n\n\n\n<p><\/p>","protected":false},"excerpt":{"rendered":"<p>Vi\u0161e od 200 preostalih planinara, koji su tokom vikenda bili zarobljeni zbog snje\u017ene oluje u blizini isto\u010dne strane Mont Everesta na Tibetu, trenutno se evakui\u0161u, rekao je danas izvor upoznat sa situacijom za Rojters.<\/p>","protected":false},"author":1,"featured_media":956253,"comment_status":"open","ping_status":"open","sticky":false,"template":"","format":"standard","meta":{"_acf_changed":false,"footnotes":""},"categories":[144],"tags":[3824,10365,10521],"naslovna":[],"class_list":["post-956252","post","type-post","status-publish","format-standard","has-post-thumbnail","hentry","category-svijet","tag-evakuacija","tag-mont-everest","tag-preostali-planinari"],"acf":[],"yoast_head":"<!-- This site is optimized with the Yoast SEO plugin v27.4 - https:\/\/yoast.com\/product\/yoast-seo-wordpress\/ -->\n<title>(VIDEO) U toku evakuacija vi\u0161e od 200 preostalih planinara sa Mont Everesta - dmcsrb.com<\/title>\n<meta name=\"robots\" content=\"index, follow, max-snippet:-1, max-image-preview:large, max-video-preview:-1\" \/>\n<link rel=\"canonical\" href=\"https:\/\/dmcsrb.com\/en\/svijet\/video-u-toku-evakuacija-vise-od-200-preostalih-planinara-sa-mont-everesta\/\" \/>\n<meta property=\"og:locale\" content=\"en_GB\" \/>\n<meta property=\"og:type\" content=\"article\" \/>\n<meta property=\"og:title\" content=\"(VIDEO) U toku evakuacija vi\u0161e od 200 preostalih planinara sa Mont Everesta - dmcsrb.com\" \/>\n<meta property=\"og:description\" content=\"Vi\u0161e od 200 preostalih planinara, koji su tokom vikenda bili zarobljeni zbog snje\u017ene oluje u blizini isto\u010dne strane Mont Everesta na Tibetu, trenutno se evakui\u0161u, rekao je danas izvor upoznat sa situacijom za Rojters.\" \/>\n<meta property=\"og:url\" content=\"https:\/\/dmcsrb.com\/en\/svijet\/video-u-toku-evakuacija-vise-od-200-preostalih-planinara-sa-mont-everesta\/\" \/>\n<meta property=\"og:site_name\" content=\"dmcsrb.com\" \/>\n<meta property=\"article:published_time\" content=\"2025-10-07T06:15:00+00:00\" \/>\n<meta property=\"og:image\" content=\"https:\/\/dmcsrb.com\/wp-content\/uploads\/2026\/01\/20251007074719_931432.webp\" \/>\n\t<meta property=\"og:image:width\" content=\"1200\" \/>\n\t<meta property=\"og:image:height\" content=\"800\" \/>\n\t<meta property=\"og:image:type\" content=\"image\/jpeg\" \/>\n<meta name=\"author\" content=\"dmcsrbija.com@gmail.com\" \/>\n<meta name=\"twitter:card\" content=\"summary_large_image\" \/>\n<meta name=\"twitter:label1\" content=\"Written by\" \/>\n\t<meta name=\"twitter:data1\" content=\"dmcsrbija.com@gmail.com\" \/>\n\t<meta name=\"twitter:label2\" content=\"Estimated reading time\" \/>\n\t<meta name=\"twitter:data2\" content=\"1 minute\" \/>\n<script type=\"application\/ld+json\" class=\"yoast-schema-graph\">{\"@context\":\"https:\\\/\\\/schema.org\",\"@graph\":[{\"@type\":\"Article\",\"@id\":\"https:\\\/\\\/dmcsrb.com\\\/svijet\\\/video-u-toku-evakuacija-vise-od-200-preostalih-planinara-sa-mont-everesta\\\/#article\",\"isPartOf\":{\"@id\":\"https:\\\/\\\/dmcsrb.com\\\/svijet\\\/video-u-toku-evakuacija-vise-od-200-preostalih-planinara-sa-mont-everesta\\\/\"},\"author\":{\"name\":\"dmcsrbija.com@gmail.com\",\"@id\":\"https:\\\/\\\/dmcsrb.com\\\/#\\\/schema\\\/person\\\/5c39170f12db1b8b457732d0b5c854e2\"},\"headline\":\"(VIDEO) U toku evakuacija vi\u0161e od 200 preostalih planinara sa Mont Everesta\",\"datePublished\":\"2025-10-07T06:15:00+00:00\",\"mainEntityOfPage\":{\"@id\":\"https:\\\/\\\/dmcsrb.com\\\/svijet\\\/video-u-toku-evakuacija-vise-od-200-preostalih-planinara-sa-mont-everesta\\\/\"},\"wordCount\":112,\"commentCount\":0,\"image\":{\"@id\":\"https:\\\/\\\/dmcsrb.com\\\/svijet\\\/video-u-toku-evakuacija-vise-od-200-preostalih-planinara-sa-mont-everesta\\\/#primaryimage\"},\"thumbnailUrl\":\"https:\\\/\\\/dmcsrb.com\\\/wp-content\\\/uploads\\\/2026\\\/01\\\/20251007074719_931432.webp\",\"keywords\":[\"evakuacija\",\"Mont Everest\",\"Preostali planinari\"],\"articleSection\":[\"Svijet\"],\"inLanguage\":\"en-GB\",\"potentialAction\":[{\"@type\":\"CommentAction\",\"name\":\"Comment\",\"target\":[\"https:\\\/\\\/dmcsrb.com\\\/svijet\\\/video-u-toku-evakuacija-vise-od-200-preostalih-planinara-sa-mont-everesta\\\/#respond\"]}]},{\"@type\":\"WebPage\",\"@id\":\"https:\\\/\\\/dmcsrb.com\\\/svijet\\\/video-u-toku-evakuacija-vise-od-200-preostalih-planinara-sa-mont-everesta\\\/\",\"url\":\"https:\\\/\\\/dmcsrb.com\\\/svijet\\\/video-u-toku-evakuacija-vise-od-200-preostalih-planinara-sa-mont-everesta\\\/\",\"name\":\"(VIDEO) U toku evakuacija vi\u0161e od 200 preostalih planinara sa Mont Everesta - dmcsrb.com\",\"isPartOf\":{\"@id\":\"https:\\\/\\\/dmcsrb.com\\\/#website\"},\"primaryImageOfPage\":{\"@id\":\"https:\\\/\\\/dmcsrb.com\\\/svijet\\\/video-u-toku-evakuacija-vise-od-200-preostalih-planinara-sa-mont-everesta\\\/#primaryimage\"},\"image\":{\"@id\":\"https:\\\/\\\/dmcsrb.com\\\/svijet\\\/video-u-toku-evakuacija-vise-od-200-preostalih-planinara-sa-mont-everesta\\\/#primaryimage\"},\"thumbnailUrl\":\"https:\\\/\\\/dmcsrb.com\\\/wp-content\\\/uploads\\\/2026\\\/01\\\/20251007074719_931432.webp\",\"datePublished\":\"2025-10-07T06:15:00+00:00\",\"author\":{\"@id\":\"https:\\\/\\\/dmcsrb.com\\\/#\\\/schema\\\/person\\\/5c39170f12db1b8b457732d0b5c854e2\"},\"breadcrumb\":{\"@id\":\"https:\\\/\\\/dmcsrb.com\\\/svijet\\\/video-u-toku-evakuacija-vise-od-200-preostalih-planinara-sa-mont-everesta\\\/#breadcrumb\"},\"inLanguage\":\"en-GB\",\"potentialAction\":[{\"@type\":\"ReadAction\",\"target\":[\"https:\\\/\\\/dmcsrb.com\\\/svijet\\\/video-u-toku-evakuacija-vise-od-200-preostalih-planinara-sa-mont-everesta\\\/\"]}]},{\"@type\":\"ImageObject\",\"inLanguage\":\"en-GB\",\"@id\":\"https:\\\/\\\/dmcsrb.com\\\/svijet\\\/video-u-toku-evakuacija-vise-od-200-preostalih-planinara-sa-mont-everesta\\\/#primaryimage\",\"url\":\"https:\\\/\\\/dmcsrb.com\\\/wp-content\\\/uploads\\\/2026\\\/01\\\/20251007074719_931432.webp\",\"contentUrl\":\"https:\\\/\\\/dmcsrb.com\\\/wp-content\\\/uploads\\\/2026\\\/01\\\/20251007074719_931432.webp\",\"width\":1200,\"height\":800},{\"@type\":\"BreadcrumbList\",\"@id\":\"https:\\\/\\\/dmcsrb.com\\\/svijet\\\/video-u-toku-evakuacija-vise-od-200-preostalih-planinara-sa-mont-everesta\\\/#breadcrumb\",\"itemListElement\":[{\"@type\":\"ListItem\",\"position\":1,\"name\":\"Home\",\"item\":\"https:\\\/\\\/dmcsrb.com\\\/\"},{\"@type\":\"ListItem\",\"position\":2,\"name\":\"(VIDEO) U toku evakuacija vi\u0161e od 200 preostalih planinara sa Mont Everesta\"}]},{\"@type\":\"WebSite\",\"@id\":\"https:\\\/\\\/dmcsrb.com\\\/#website\",\"url\":\"https:\\\/\\\/dmcsrb.com\\\/\",\"name\":\"dmcsrb.com\",\"description\":\"\",\"potentialAction\":[{\"@type\":\"SearchAction\",\"target\":{\"@type\":\"EntryPoint\",\"urlTemplate\":\"https:\\\/\\\/dmcsrb.com\\\/?s={search_term_string}\"},\"query-input\":{\"@type\":\"PropertyValueSpecification\",\"valueRequired\":true,\"valueName\":\"search_term_string\"}}],\"inLanguage\":\"en-GB\"},{\"@type\":\"Person\",\"@id\":\"https:\\\/\\\/dmcsrb.com\\\/#\\\/schema\\\/person\\\/5c39170f12db1b8b457732d0b5c854e2\",\"name\":\"dmcsrbija.com@gmail.com\",\"image\":{\"@type\":\"ImageObject\",\"inLanguage\":\"en-GB\",\"@id\":\"https:\\\/\\\/secure.gravatar.com\\\/avatar\\\/68592660ad6347fad0fb587f8d5d8f1a7b44961362f56e4f2cd524feb87e9069?s=96&d=mm&r=g\",\"url\":\"https:\\\/\\\/secure.gravatar.com\\\/avatar\\\/68592660ad6347fad0fb587f8d5d8f1a7b44961362f56e4f2cd524feb87e9069?s=96&d=mm&r=g\",\"contentUrl\":\"https:\\\/\\\/secure.gravatar.com\\\/avatar\\\/68592660ad6347fad0fb587f8d5d8f1a7b44961362f56e4f2cd524feb87e9069?s=96&d=mm&r=g\",\"caption\":\"dmcsrbija.com@gmail.com\"},\"sameAs\":[\"https:\\\/\\\/dmcsrb.com\"],\"url\":\"https:\\\/\\\/dmcsrb.com\\\/en\\\/author\\\/dmcsrbija-comgmail-com\\\/\"}]}<\/script>\n<!-- \/ Yoast SEO plugin. -->","yoast_head_json":{"title":"(VIDEO) U toku evakuacija vi\u0161e od 200 preostalih planinara sa Mont Everesta - dmcsrb.com","robots":{"index":"index","follow":"follow","max-snippet":"max-snippet:-1","max-image-preview":"max-image-preview:large","max-video-preview":"max-video-preview:-1"},"canonical":"https:\/\/dmcsrb.com\/en\/svijet\/video-u-toku-evakuacija-vise-od-200-preostalih-planinara-sa-mont-everesta\/","og_locale":"en_GB","og_type":"article","og_title":"(VIDEO) U toku evakuacija vi\u0161e od 200 preostalih planinara sa Mont Everesta - dmcsrb.com","og_description":"Vi\u0161e od 200 preostalih planinara, koji su tokom vikenda bili zarobljeni zbog snje\u017ene oluje u blizini isto\u010dne strane Mont Everesta na Tibetu, trenutno se evakui\u0161u, rekao je danas izvor upoznat sa situacijom za Rojters.","og_url":"https:\/\/dmcsrb.com\/en\/svijet\/video-u-toku-evakuacija-vise-od-200-preostalih-planinara-sa-mont-everesta\/","og_site_name":"dmcsrb.com","article_published_time":"2025-10-07T06:15:00+00:00","og_image":[{"width":1200,"height":800,"url":"https:\/\/dmcsrb.com\/wp-content\/uploads\/2026\/01\/20251007074719_931432.webp","type":"image\/jpeg"}],"author":"dmcsrbija.com@gmail.com","twitter_card":"summary_large_image","twitter_misc":{"Written by":"dmcsrbija.com@gmail.com","Estimated reading time":"1 minute"},"schema":{"@context":"https:\/\/schema.org","@graph":[{"@type":"Article","@id":"https:\/\/dmcsrb.com\/svijet\/video-u-toku-evakuacija-vise-od-200-preostalih-planinara-sa-mont-everesta\/#article","isPartOf":{"@id":"https:\/\/dmcsrb.com\/svijet\/video-u-toku-evakuacija-vise-od-200-preostalih-planinara-sa-mont-everesta\/"},"author":{"name":"dmcsrbija.com@gmail.com","@id":"https:\/\/dmcsrb.com\/#\/schema\/person\/5c39170f12db1b8b457732d0b5c854e2"},"headline":"(VIDEO) U toku evakuacija vi\u0161e od 200 preostalih planinara sa Mont Everesta","datePublished":"2025-10-07T06:15:00+00:00","mainEntityOfPage":{"@id":"https:\/\/dmcsrb.com\/svijet\/video-u-toku-evakuacija-vise-od-200-preostalih-planinara-sa-mont-everesta\/"},"wordCount":112,"commentCount":0,"image":{"@id":"https:\/\/dmcsrb.com\/svijet\/video-u-toku-evakuacija-vise-od-200-preostalih-planinara-sa-mont-everesta\/#primaryimage"},"thumbnailUrl":"https:\/\/dmcsrb.com\/wp-content\/uploads\/2026\/01\/20251007074719_931432.webp","keywords":["evakuacija","Mont Everest","Preostali planinari"],"articleSection":["Svijet"],"inLanguage":"en-GB","potentialAction":[{"@type":"CommentAction","name":"Comment","target":["https:\/\/dmcsrb.com\/svijet\/video-u-toku-evakuacija-vise-od-200-preostalih-planinara-sa-mont-everesta\/#respond"]}]},{"@type":"WebPage","@id":"https:\/\/dmcsrb.com\/svijet\/video-u-toku-evakuacija-vise-od-200-preostalih-planinara-sa-mont-everesta\/","url":"https:\/\/dmcsrb.com\/svijet\/video-u-toku-evakuacija-vise-od-200-preostalih-planinara-sa-mont-everesta\/","name":"(VIDEO) U toku evakuacija vi\u0161e od 200 preostalih planinara sa Mont Everesta - dmcsrb.com","isPartOf":{"@id":"https:\/\/dmcsrb.com\/#website"},"primaryImageOfPage":{"@id":"https:\/\/dmcsrb.com\/svijet\/video-u-toku-evakuacija-vise-od-200-preostalih-planinara-sa-mont-everesta\/#primaryimage"},"image":{"@id":"https:\/\/dmcsrb.com\/svijet\/video-u-toku-evakuacija-vise-od-200-preostalih-planinara-sa-mont-everesta\/#primaryimage"},"thumbnailUrl":"https:\/\/dmcsrb.com\/wp-content\/uploads\/2026\/01\/20251007074719_931432.webp","datePublished":"2025-10-07T06:15:00+00:00","author":{"@id":"https:\/\/dmcsrb.com\/#\/schema\/person\/5c39170f12db1b8b457732d0b5c854e2"},"breadcrumb":{"@id":"https:\/\/dmcsrb.com\/svijet\/video-u-toku-evakuacija-vise-od-200-preostalih-planinara-sa-mont-everesta\/#breadcrumb"},"inLanguage":"en-GB","potentialAction":[{"@type":"ReadAction","target":["https:\/\/dmcsrb.com\/svijet\/video-u-toku-evakuacija-vise-od-200-preostalih-planinara-sa-mont-everesta\/"]}]},{"@type":"ImageObject","inLanguage":"en-GB","@id":"https:\/\/dmcsrb.com\/svijet\/video-u-toku-evakuacija-vise-od-200-preostalih-planinara-sa-mont-everesta\/#primaryimage","url":"https:\/\/dmcsrb.com\/wp-content\/uploads\/2026\/01\/20251007074719_931432.webp","contentUrl":"https:\/\/dmcsrb.com\/wp-content\/uploads\/2026\/01\/20251007074719_931432.webp","width":1200,"height":800},{"@type":"BreadcrumbList","@id":"https:\/\/dmcsrb.com\/svijet\/video-u-toku-evakuacija-vise-od-200-preostalih-planinara-sa-mont-everesta\/#breadcrumb","itemListElement":[{"@type":"ListItem","position":1,"name":"Home","item":"https:\/\/dmcsrb.com\/"},{"@type":"ListItem","position":2,"name":"(VIDEO) U toku evakuacija vi\u0161e od 200 preostalih planinara sa Mont Everesta"}]},{"@type":"WebSite","@id":"https:\/\/dmcsrb.com\/#website","url":"https:\/\/dmcsrb.com\/","name":"dmcsrb.com","description":"","potentialAction":[{"@type":"SearchAction","target":{"@type":"EntryPoint","urlTemplate":"https:\/\/dmcsrb.com\/?s={search_term_string}"},"query-input":{"@type":"PropertyValueSpecification","valueRequired":true,"valueName":"search_term_string"}}],"inLanguage":"en-GB"},{"@type":"Person","@id":"https:\/\/dmcsrb.com\/#\/schema\/person\/5c39170f12db1b8b457732d0b5c854e2","name":"dmcsrbija.com@gmail.com","image":{"@type":"ImageObject","inLanguage":"en-GB","@id":"https:\/\/secure.gravatar.com\/avatar\/68592660ad6347fad0fb587f8d5d8f1a7b44961362f56e4f2cd524feb87e9069?s=96&d=mm&r=g","url":"https:\/\/secure.gravatar.com\/avatar\/68592660ad6347fad0fb587f8d5d8f1a7b44961362f56e4f2cd524feb87e9069?s=96&d=mm&r=g","contentUrl":"https:\/\/secure.gravatar.com\/avatar\/68592660ad6347fad0fb587f8d5d8f1a7b44961362f56e4f2cd524feb87e9069?s=96&d=mm&r=g","caption":"dmcsrbija.com@gmail.com"},"sameAs":["https:\/\/dmcsrb.com"],"url":"https:\/\/dmcsrb.com\/en\/author\/dmcsrbija-comgmail-com\/"}]}},"_links":{"self":[{"href":"https:\/\/dmcsrb.com\/en\/wp-json\/wp\/v2\/posts\/956252","targetHints":{"allow":["GET"]}}],"collection":[{"href":"https:\/\/dmcsrb.com\/en\/wp-json\/wp\/v2\/posts"}],"about":[{"href":"https:\/\/dmcsrb.com\/en\/wp-json\/wp\/v2\/types\/post"}],"author":[{"embeddable":true,"href":"https:\/\/dmcsrb.com\/en\/wp-json\/wp\/v2\/users\/1"}],"replies":[{"embeddable":true,"href":"https:\/\/dmcsrb.com\/en\/wp-json\/wp\/v2\/comments?post=956252"}],"version-history":[{"count":0,"href":"https:\/\/dmcsrb.com\/en\/wp-json\/wp\/v2\/posts\/956252\/revisions"}],"wp:featuredmedia":[{"embeddable":true,"href":"https:\/\/dmcsrb.com\/en\/wp-json\/wp\/v2\/media\/956253"}],"wp:attachment":[{"href":"https:\/\/dmcsrb.com\/en\/wp-json\/wp\/v2\/media?parent=956252"}],"wp:term":[{"taxonomy":"category","embeddable":true,"href":"https:\/\/dmcsrb.com\/en\/wp-json\/wp\/v2\/categories?post=956252"},{"taxonomy":"post_tag","embeddable":true,"href":"https:\/\/dmcsrb.com\/en\/wp-json\/wp\/v2\/tags?post=956252"},{"taxonomy":"naslovna","embeddable":true,"href":"https:\/\/dmcsrb.com\/en\/wp-json\/wp\/v2\/naslovna?post=956252"}],"curies":[{"name":"wp","href":"https:\/\/api.w.org\/{rel}","templated":true}]}}