{"id":956233,"date":"2025-10-07T06:05:00","date_gmt":"2025-10-07T04:05:00","guid":{"rendered":"https:\/\/dmcsrb.com\/uncategorized\/svercovali-pola-tone-kokaina\/"},"modified":"2025-10-07T06:05:00","modified_gmt":"2025-10-07T04:05:00","slug":"svercovali-pola-tone-kokaina","status":"publish","type":"post","link":"https:\/\/dmcsrb.com\/en\/hronika\/svercovali-pola-tone-kokaina\/","title":{"rendered":"\u0160vercovali pola tone kokaina"},"content":{"rendered":"<p><\/p>\n\n\n\n<p>U toj istrazi, po nalogu specijalnih tu\u017eilaca, slu\u017ebenici Specijalnog policijskog odjeljenja ju\u010de su pretresli vi\u0161e objekata u Baru, Tivtu i Kotoru.<\/p>\n\n\n\n<p>Prema saznanjima \u201cVijesti\u201d, osim Radonji\u0107a, istragom su obuhva\u0107eni i \u0161kaljarac&nbsp;<strong>Krsto Vuji\u0107<\/strong>&nbsp;(47) i&nbsp;<strong>Radisav Mi\u0107o Radovi\u0107<\/strong>, koji slovi za pripadnika balkanskog narko-kartela.<\/p>\n\n\n\n<p>Jedan od izvora rekao je da je istragom obuhva\u0107eno devet osumnji\u010denih, od kojih je sedam od ranije u zatvorima u Crnoj Gori, dr\u017eavama regiona, ali i Sjedinjenim Ameri\u010dkim Dr\u017eavama.<\/p>\n\n\n\n<p>\u201cPo nalogu Specijalnog dr\u017eavnog tu\u017eila\u0161tva, Specijalno policijsko odjeljenje izvr\u0161ava hitne dokazne radnje prema vi\u0161e lica u Baru, Tivtu i Kotoru, zbog postojanja osnova sumnje da su u\u010dinila krivi\u010dna djela stvaranje kriminalne organizacije i neovla\u0161\u0107ena proizvodnja, dr\u017eanje i stavljanje u promet opojnih droga i preduzima mjere i radnje radi njihovog li\u0161enja slobode. Specijalno dr\u017eavno tu\u017eila\u0161tvo \u0107e, nakon zavr\u0161etka dokaznih radnji koje se preduzimaju i saslu\u0161anja lica li\u0161enih slobode kao osumnji\u010denih, obavijestiti javnost o njihovim rezultatima i odluci o daljem toku postupka\u201d, saop\u0161tili su ju\u010de iz SDT-a.<\/p>\n\n\n\n<p>Prema saznanjima \u201cVijesti\u201d ju\u010de je slobode li\u0161en i&nbsp;<strong>Ivan Krsmanovi\u0107<\/strong>, a pretresena je i ku\u0107a izvjesnog&nbsp;<strong>Milo\u0161a Jovanovi\u0107a<\/strong>..<\/p>\n\n\n\n<p>Vuji\u0107 je u bjekstvu godinama.<\/p>\n\n\n\n<p>Radonji\u0107 je uhap\u0161en u Italiji u oktobru 2023. godine, a u julu naredne godine izru\u010den je Sjedinjenim Ameri\u010dkim Dr\u017eavama, gdje se suo\u010dio sa optu\u017ebama u vezi s me\u0111unarodnim \u0161vercom vi\u0161e tona kokaina.<\/p>\n\n\n\n<p>Prema sudskim podnescima, ameri\u010dki savezni tu\u017eioci i zvani\u010dnici Ministarstva za unutra\u0161nju bezbjednost i FBI, Radonji\u0107a su ozna\u010dili visokorangiranim \u010dlanom transnacionalne organizacije za drogu koja je koristila komercijalne teretne brodove, uklju\u010duju\u0107i i neke registrovane za isporuku robe u SAD, za transport tona kokaina iz Ju\u017ene Amerike u Evropu. Tvrde i da su to \u010dinili za ra\u010dun narko-kartela na Balkanu.<\/p>\n\n\n\n<p>\u201c\u010clanovi posade broda svjesno su u\u010destvovali u navodnoj trgovini drogom\u201d, navodi se u sudskim dokumentima.<\/p>\n\n\n\n<p>Radonji\u0107a ameri\u010dke vlasti terete za \u201ckoordiniranje, planiranje i transport po\u0161iljki kokaina\u201d iz Ju\u017ene Amerike u Evropu.<\/p>\n\n\n\n<p>\u010clanom ju\u010de procesuirane krimi ekipe SDT je ozna\u010dilo i Vuji\u0107a, koji je, prema ranijim optu\u017ebama, skupa sa&nbsp;<strong>Igorom Vukoti\u0107em<\/strong>, organizator grupe odgovorne za ubistvo Novljanina&nbsp;<strong>\u0160\u0107epana Roganovi\u0107a<\/strong>. Brat visokopozicioniranog kav\u010danina&nbsp;<strong>Du\u0161ka Roganovi\u0107a<\/strong>&nbsp;ubijen je 13. februara 2020. kod Kanli kule.<\/p>\n\n\n\n<p>Za to ubistvo SDT je ozna\u010dilo&nbsp;<strong>Milija Bajramovi\u0107a&nbsp;<\/strong>kao direktnog izvr\u0161ioca.<\/p>\n\n\n\n<p>Vuji\u0107u se, osim za organizaciju ubistva Roganovi\u0107a, sudi i zbog planiranja likvidacije&nbsp;<strong>Nemanje Zurovca<\/strong>, navodnog pripadnika kava\u010dkog klana.<\/p>\n\n\n\n<p>Crnogorska policija je 14. avgusta saop\u0161tila da je Vuji\u0107 uhap\u0161en u \u0160vajcarskoj po potjernici Interpola Podgorica, nagla\u0161avaju\u0107i njegovu klju\u010dnu ulogu u kriminalnoj grupi.<\/p>\n\n\n\n<p>Da ne\u0161to nije po\u0161lo po planu postalo je jasno 29. avgusta, kada se pokazalo da osoba koju su \u0161vajcarske vlasti uhapsile nije Vuji\u0107. Crnogorski policajci u Bernu odbili su da preuzmu mu\u0161karca jer su vizuelno utvrdili da nije rije\u010d o tra\u017eenom \u0161kaljarcu. Naknadno je potvr\u0111eno da je rije\u010d o dr\u017eavljaninu Slovenije.<\/p>\n\n\n\n<p>Tada su tra\u017eili hitne provjere, alarmirali pretpostavljene, koji su odmah potom zahtijevali da se otvori me\u0111unarodna istraga kako bi se utvrdilo na koji na\u010din je do\u0161lo do takvog propusta.<\/p>\n\n\n\n<p>Istra\u017eitelji Europola i Interpola morali bi da prona\u0111u ko je zakazao u lancu od onih koji su u\u010destvovali u akciji lociranja i hap\u0161enja, pa do onih koji su predali osobu za koju \u0107e se ispostaviti da nije Vuji\u0107.<\/p>\n\n\n\n<p>Crnogorski policajci na aerodromu u Bernu utvrdili su da je rije\u010d o dr\u017eavljaninu Slovenije.<\/p>\n\n\n\n<p>\u0160vajcarski Savezni zavod za pravosu\u0111e (BJ) utvr\u0111uje kako je uhap\u0161eni dr\u017eavljanin Slovenije pogre\u0161no identifikovan kao odbjegli \u0161kaljarac.<\/p>\n\n\n\n<p>To su \u201cVijestima\u201d odgovorili iz Saveznog ministarstva pravde i policije (EJPD), navode\u0107i da to \u010dine sa svim tamo\u0161njim nadle\u017enim organima koji su bili uklju\u010deni u akciju.<\/p>\n\n\n\n<p>Radovi\u0107 je hap\u0161en u Srbiji zbog optu\u017ebi da je dio kriminalne grupe koja je, u tri navrata 2020. godine pro\u0161vercovala vi\u0161e od sedam tona kokaina, koji je zaplijenjen u tri akcije na Arubi i u lukama Antverpen i Roterdam.<\/p>\n\n\n\n<p>Prema optu\u017enici srpskih tu\u017eilaca, kriminalna organizacija, \u010diji je \u010dlan, kupovala je kokain u Ju\u017enoj Americi i potom ga teretnim brodovima prebacivala skrivenog u legalnim tovarima na teritoriju Evrope.<\/p>\n\n\n\n<p>Radovi\u0107 je ozna\u010den jednim od klju\u010dnih ljudi u tom kartelu.<br><\/p>","protected":false},"excerpt":{"rendered":"<p>Specijalno dr\u017eavno tu\u017eila\u0161tvo (SDT) tereti grupu okupljenu oko ameri\u010dkog zatvorenika\u00a0Milo\u0161a Radonji\u0107a\u00a0(35) da je odgovoran za \u0161verc 560 kilograma kokaina.<\/p>","protected":false},"author":1,"featured_media":915913,"comment_status":"open","ping_status":"open","sticky":false,"template":"","format":"standard","meta":{"_acf_changed":false,"footnotes":""},"categories":[17],"tags":[1219,10496,3765],"naslovna":[],"class_list":["post-956233","post","type-post","status-publish","format-standard","has-post-thumbnail","hentry","category-hronika","tag-kokain","tag-pola-tone","tag-sverc"],"acf":[],"yoast_head":"<!-- This site is optimized with the Yoast SEO plugin v27.0 - https:\/\/yoast.com\/product\/yoast-seo-wordpress\/ -->\n<title>\u0160vercovali pola tone kokaina - dmcsrb.com<\/title>\n<meta name=\"robots\" content=\"index, follow, max-snippet:-1, max-image-preview:large, max-video-preview:-1\" \/>\n<link rel=\"canonical\" href=\"https:\/\/dmcsrb.com\/en\/hronika\/svercovali-pola-tone-kokaina\/\" \/>\n<meta property=\"og:locale\" content=\"en_GB\" \/>\n<meta property=\"og:type\" content=\"article\" \/>\n<meta property=\"og:title\" content=\"\u0160vercovali pola tone kokaina - dmcsrb.com\" \/>\n<meta property=\"og:description\" content=\"Specijalno dr\u017eavno tu\u017eila\u0161tvo (SDT) tereti grupu okupljenu oko ameri\u010dkog zatvorenika\u00a0Milo\u0161a Radonji\u0107a\u00a0(35) da je odgovoran za \u0161verc 560 kilograma kokaina.\" \/>\n<meta property=\"og:url\" content=\"https:\/\/dmcsrb.com\/en\/hronika\/svercovali-pola-tone-kokaina\/\" \/>\n<meta property=\"og:site_name\" content=\"dmcsrb.com\" \/>\n<meta property=\"article:published_time\" content=\"2025-10-07T04:05:00+00:00\" \/>\n<meta property=\"og:image\" content=\"https:\/\/dmcsrb.com\/wp-content\/uploads\/2026\/01\/sdt8_427x900_600x900_600x900.jpg\" \/>\n\t<meta property=\"og:image:width\" content=\"900\" \/>\n\t<meta property=\"og:image:height\" content=\"600\" \/>\n\t<meta property=\"og:image:type\" content=\"image\/jpeg\" \/>\n<meta name=\"author\" content=\"dmcsrbija.com@gmail.com\" \/>\n<meta name=\"twitter:card\" content=\"summary_large_image\" \/>\n<meta name=\"twitter:label1\" content=\"Written by\" \/>\n\t<meta name=\"twitter:data1\" content=\"dmcsrbija.com@gmail.com\" \/>\n\t<meta name=\"twitter:label2\" content=\"Estimated reading time\" \/>\n\t<meta name=\"twitter:data2\" content=\"4 minutes\" \/>\n<script type=\"application\/ld+json\" class=\"yoast-schema-graph\">{\"@context\":\"https:\/\/schema.org\",\"@graph\":[{\"@type\":\"Article\",\"@id\":\"https:\/\/dmcsrb.com\/en\/hronika\/svercovali-pola-tone-kokaina\/#article\",\"isPartOf\":{\"@id\":\"https:\/\/dmcsrb.com\/en\/hronika\/svercovali-pola-tone-kokaina\/\"},\"author\":{\"name\":\"dmcsrbija.com@gmail.com\",\"@id\":\"https:\/\/dmcsrb.com\/#\/schema\/person\/5c39170f12db1b8b457732d0b5c854e2\"},\"headline\":\"\u0160vercovali pola tone kokaina\",\"datePublished\":\"2025-10-07T04:05:00+00:00\",\"mainEntityOfPage\":{\"@id\":\"https:\/\/dmcsrb.com\/en\/hronika\/svercovali-pola-tone-kokaina\/\"},\"wordCount\":767,\"commentCount\":0,\"image\":{\"@id\":\"https:\/\/dmcsrb.com\/en\/hronika\/svercovali-pola-tone-kokaina\/#primaryimage\"},\"thumbnailUrl\":\"https:\/\/dmcsrb.com\/wp-content\/uploads\/2026\/01\/sdt8_427x900_600x900_600x900.jpg\",\"keywords\":[\"Kokain\",\"Pola tone\",\"\u0161verc\"],\"articleSection\":[\"Hronika\"],\"inLanguage\":\"en-GB\",\"potentialAction\":[{\"@type\":\"CommentAction\",\"name\":\"Comment\",\"target\":[\"https:\/\/dmcsrb.com\/en\/hronika\/svercovali-pola-tone-kokaina\/#respond\"]}]},{\"@type\":\"WebPage\",\"@id\":\"https:\/\/dmcsrb.com\/en\/hronika\/svercovali-pola-tone-kokaina\/\",\"url\":\"https:\/\/dmcsrb.com\/en\/hronika\/svercovali-pola-tone-kokaina\/\",\"name\":\"\u0160vercovali pola tone kokaina - dmcsrb.com\",\"isPartOf\":{\"@id\":\"https:\/\/dmcsrb.com\/#website\"},\"primaryImageOfPage\":{\"@id\":\"https:\/\/dmcsrb.com\/en\/hronika\/svercovali-pola-tone-kokaina\/#primaryimage\"},\"image\":{\"@id\":\"https:\/\/dmcsrb.com\/en\/hronika\/svercovali-pola-tone-kokaina\/#primaryimage\"},\"thumbnailUrl\":\"https:\/\/dmcsrb.com\/wp-content\/uploads\/2026\/01\/sdt8_427x900_600x900_600x900.jpg\",\"datePublished\":\"2025-10-07T04:05:00+00:00\",\"author\":{\"@id\":\"https:\/\/dmcsrb.com\/#\/schema\/person\/5c39170f12db1b8b457732d0b5c854e2\"},\"breadcrumb\":{\"@id\":\"https:\/\/dmcsrb.com\/en\/hronika\/svercovali-pola-tone-kokaina\/#breadcrumb\"},\"inLanguage\":\"en-GB\",\"potentialAction\":[{\"@type\":\"ReadAction\",\"target\":[\"https:\/\/dmcsrb.com\/en\/hronika\/svercovali-pola-tone-kokaina\/\"]}]},{\"@type\":\"ImageObject\",\"inLanguage\":\"en-GB\",\"@id\":\"https:\/\/dmcsrb.com\/en\/hronika\/svercovali-pola-tone-kokaina\/#primaryimage\",\"url\":\"https:\/\/dmcsrb.com\/wp-content\/uploads\/2026\/01\/sdt8_427x900_600x900_600x900.jpg\",\"contentUrl\":\"https:\/\/dmcsrb.com\/wp-content\/uploads\/2026\/01\/sdt8_427x900_600x900_600x900.jpg\",\"width\":900,\"height\":600},{\"@type\":\"BreadcrumbList\",\"@id\":\"https:\/\/dmcsrb.com\/en\/hronika\/svercovali-pola-tone-kokaina\/#breadcrumb\",\"itemListElement\":[{\"@type\":\"ListItem\",\"position\":1,\"name\":\"Home\",\"item\":\"https:\/\/dmcsrb.com\/\"},{\"@type\":\"ListItem\",\"position\":2,\"name\":\"\u0160vercovali pola tone kokaina\"}]},{\"@type\":\"WebSite\",\"@id\":\"https:\/\/dmcsrb.com\/#website\",\"url\":\"https:\/\/dmcsrb.com\/\",\"name\":\"dmcsrb.com\",\"description\":\"\",\"potentialAction\":[{\"@type\":\"SearchAction\",\"target\":{\"@type\":\"EntryPoint\",\"urlTemplate\":\"https:\/\/dmcsrb.com\/?s={search_term_string}\"},\"query-input\":{\"@type\":\"PropertyValueSpecification\",\"valueRequired\":true,\"valueName\":\"search_term_string\"}}],\"inLanguage\":\"en-GB\"},{\"@type\":\"Person\",\"@id\":\"https:\/\/dmcsrb.com\/#\/schema\/person\/5c39170f12db1b8b457732d0b5c854e2\",\"name\":\"dmcsrbija.com@gmail.com\",\"image\":{\"@type\":\"ImageObject\",\"inLanguage\":\"en-GB\",\"@id\":\"https:\/\/dmcsrb.com\/#\/schema\/person\/image\/\",\"url\":\"https:\/\/secure.gravatar.com\/avatar\/68592660ad6347fad0fb587f8d5d8f1a7b44961362f56e4f2cd524feb87e9069?s=96&d=mm&r=g\",\"contentUrl\":\"https:\/\/secure.gravatar.com\/avatar\/68592660ad6347fad0fb587f8d5d8f1a7b44961362f56e4f2cd524feb87e9069?s=96&d=mm&r=g\",\"caption\":\"dmcsrbija.com@gmail.com\"},\"sameAs\":[\"https:\/\/dmcsrb.com\"],\"url\":\"https:\/\/dmcsrb.com\/en\/author\/dmcsrbija-comgmail-com\/\"}]}<\/script>\n<!-- \/ Yoast SEO plugin. -->","yoast_head_json":{"title":"\u0160vercovali pola tone kokaina - dmcsrb.com","robots":{"index":"index","follow":"follow","max-snippet":"max-snippet:-1","max-image-preview":"max-image-preview:large","max-video-preview":"max-video-preview:-1"},"canonical":"https:\/\/dmcsrb.com\/en\/hronika\/svercovali-pola-tone-kokaina\/","og_locale":"en_GB","og_type":"article","og_title":"\u0160vercovali pola tone kokaina - dmcsrb.com","og_description":"Specijalno dr\u017eavno tu\u017eila\u0161tvo (SDT) tereti grupu okupljenu oko ameri\u010dkog zatvorenika\u00a0Milo\u0161a Radonji\u0107a\u00a0(35) da je odgovoran za \u0161verc 560 kilograma kokaina.","og_url":"https:\/\/dmcsrb.com\/en\/hronika\/svercovali-pola-tone-kokaina\/","og_site_name":"dmcsrb.com","article_published_time":"2025-10-07T04:05:00+00:00","og_image":[{"width":900,"height":600,"url":"https:\/\/dmcsrb.com\/wp-content\/uploads\/2026\/01\/sdt8_427x900_600x900_600x900.jpg","type":"image\/jpeg"}],"author":"dmcsrbija.com@gmail.com","twitter_card":"summary_large_image","twitter_misc":{"Written by":"dmcsrbija.com@gmail.com","Estimated reading time":"4 minutes"},"schema":{"@context":"https:\/\/schema.org","@graph":[{"@type":"Article","@id":"https:\/\/dmcsrb.com\/en\/hronika\/svercovali-pola-tone-kokaina\/#article","isPartOf":{"@id":"https:\/\/dmcsrb.com\/en\/hronika\/svercovali-pola-tone-kokaina\/"},"author":{"name":"dmcsrbija.com@gmail.com","@id":"https:\/\/dmcsrb.com\/#\/schema\/person\/5c39170f12db1b8b457732d0b5c854e2"},"headline":"\u0160vercovali pola tone kokaina","datePublished":"2025-10-07T04:05:00+00:00","mainEntityOfPage":{"@id":"https:\/\/dmcsrb.com\/en\/hronika\/svercovali-pola-tone-kokaina\/"},"wordCount":767,"commentCount":0,"image":{"@id":"https:\/\/dmcsrb.com\/en\/hronika\/svercovali-pola-tone-kokaina\/#primaryimage"},"thumbnailUrl":"https:\/\/dmcsrb.com\/wp-content\/uploads\/2026\/01\/sdt8_427x900_600x900_600x900.jpg","keywords":["Kokain","Pola tone","\u0161verc"],"articleSection":["Hronika"],"inLanguage":"en-GB","potentialAction":[{"@type":"CommentAction","name":"Comment","target":["https:\/\/dmcsrb.com\/en\/hronika\/svercovali-pola-tone-kokaina\/#respond"]}]},{"@type":"WebPage","@id":"https:\/\/dmcsrb.com\/en\/hronika\/svercovali-pola-tone-kokaina\/","url":"https:\/\/dmcsrb.com\/en\/hronika\/svercovali-pola-tone-kokaina\/","name":"\u0160vercovali pola tone kokaina - dmcsrb.com","isPartOf":{"@id":"https:\/\/dmcsrb.com\/#website"},"primaryImageOfPage":{"@id":"https:\/\/dmcsrb.com\/en\/hronika\/svercovali-pola-tone-kokaina\/#primaryimage"},"image":{"@id":"https:\/\/dmcsrb.com\/en\/hronika\/svercovali-pola-tone-kokaina\/#primaryimage"},"thumbnailUrl":"https:\/\/dmcsrb.com\/wp-content\/uploads\/2026\/01\/sdt8_427x900_600x900_600x900.jpg","datePublished":"2025-10-07T04:05:00+00:00","author":{"@id":"https:\/\/dmcsrb.com\/#\/schema\/person\/5c39170f12db1b8b457732d0b5c854e2"},"breadcrumb":{"@id":"https:\/\/dmcsrb.com\/en\/hronika\/svercovali-pola-tone-kokaina\/#breadcrumb"},"inLanguage":"en-GB","potentialAction":[{"@type":"ReadAction","target":["https:\/\/dmcsrb.com\/en\/hronika\/svercovali-pola-tone-kokaina\/"]}]},{"@type":"ImageObject","inLanguage":"en-GB","@id":"https:\/\/dmcsrb.com\/en\/hronika\/svercovali-pola-tone-kokaina\/#primaryimage","url":"https:\/\/dmcsrb.com\/wp-content\/uploads\/2026\/01\/sdt8_427x900_600x900_600x900.jpg","contentUrl":"https:\/\/dmcsrb.com\/wp-content\/uploads\/2026\/01\/sdt8_427x900_600x900_600x900.jpg","width":900,"height":600},{"@type":"BreadcrumbList","@id":"https:\/\/dmcsrb.com\/en\/hronika\/svercovali-pola-tone-kokaina\/#breadcrumb","itemListElement":[{"@type":"ListItem","position":1,"name":"Home","item":"https:\/\/dmcsrb.com\/"},{"@type":"ListItem","position":2,"name":"\u0160vercovali pola tone kokaina"}]},{"@type":"WebSite","@id":"https:\/\/dmcsrb.com\/#website","url":"https:\/\/dmcsrb.com\/","name":"dmcsrb.com","description":"","potentialAction":[{"@type":"SearchAction","target":{"@type":"EntryPoint","urlTemplate":"https:\/\/dmcsrb.com\/?s={search_term_string}"},"query-input":{"@type":"PropertyValueSpecification","valueRequired":true,"valueName":"search_term_string"}}],"inLanguage":"en-GB"},{"@type":"Person","@id":"https:\/\/dmcsrb.com\/#\/schema\/person\/5c39170f12db1b8b457732d0b5c854e2","name":"dmcsrbija.com@gmail.com","image":{"@type":"ImageObject","inLanguage":"en-GB","@id":"https:\/\/dmcsrb.com\/#\/schema\/person\/image\/","url":"https:\/\/secure.gravatar.com\/avatar\/68592660ad6347fad0fb587f8d5d8f1a7b44961362f56e4f2cd524feb87e9069?s=96&d=mm&r=g","contentUrl":"https:\/\/secure.gravatar.com\/avatar\/68592660ad6347fad0fb587f8d5d8f1a7b44961362f56e4f2cd524feb87e9069?s=96&d=mm&r=g","caption":"dmcsrbija.com@gmail.com"},"sameAs":["https:\/\/dmcsrb.com"],"url":"https:\/\/dmcsrb.com\/en\/author\/dmcsrbija-comgmail-com\/"}]}},"_links":{"self":[{"href":"https:\/\/dmcsrb.com\/en\/wp-json\/wp\/v2\/posts\/956233","targetHints":{"allow":["GET"]}}],"collection":[{"href":"https:\/\/dmcsrb.com\/en\/wp-json\/wp\/v2\/posts"}],"about":[{"href":"https:\/\/dmcsrb.com\/en\/wp-json\/wp\/v2\/types\/post"}],"author":[{"embeddable":true,"href":"https:\/\/dmcsrb.com\/en\/wp-json\/wp\/v2\/users\/1"}],"replies":[{"embeddable":true,"href":"https:\/\/dmcsrb.com\/en\/wp-json\/wp\/v2\/comments?post=956233"}],"version-history":[{"count":0,"href":"https:\/\/dmcsrb.com\/en\/wp-json\/wp\/v2\/posts\/956233\/revisions"}],"wp:featuredmedia":[{"embeddable":true,"href":"https:\/\/dmcsrb.com\/en\/wp-json\/wp\/v2\/media\/915913"}],"wp:attachment":[{"href":"https:\/\/dmcsrb.com\/en\/wp-json\/wp\/v2\/media?parent=956233"}],"wp:term":[{"taxonomy":"category","embeddable":true,"href":"https:\/\/dmcsrb.com\/en\/wp-json\/wp\/v2\/categories?post=956233"},{"taxonomy":"post_tag","embeddable":true,"href":"https:\/\/dmcsrb.com\/en\/wp-json\/wp\/v2\/tags?post=956233"},{"taxonomy":"naslovna","embeddable":true,"href":"https:\/\/dmcsrb.com\/en\/wp-json\/wp\/v2\/naslovna?post=956233"}],"curies":[{"name":"wp","href":"https:\/\/api.w.org\/{rel}","templated":true}]}}