{"id":956226,"date":"2025-10-07T08:57:00","date_gmt":"2025-10-07T06:57:00","guid":{"rendered":"https:\/\/dmcsrb.com\/uncategorized\/vaterpolo-spektakl-crnogorski-derbi-u-podgorici-a-u-centru-paznje-okrsaj-sampiona-u-kragujevcu\/"},"modified":"2025-10-07T08:57:00","modified_gmt":"2025-10-07T06:57:00","slug":"vaterpolo-spektakl-crnogorski-derbi-u-podgorici-a-u-centru-paznje-okrsaj-sampiona-u-kragujevcu","status":"publish","type":"post","link":"https:\/\/dmcsrb.com\/en\/sport\/vaterpolo-spektakl-crnogorski-derbi-u-podgorici-a-u-centru-paznje-okrsaj-sampiona-u-kragujevcu\/","title":{"rendered":"Vaterpolo spektakl \u2013 crnogorski derbi u Podgorici, a u centru pa\u017enje okr\u0161aj \u0161ampiona u Kragujevcu"},"content":{"rendered":"<p>Budu\u0107nost i Primorac u duel ulaze bez osvojenih bodova, nakon poraza u prvom kolu \u2013 Podgori\u010dani su pora\u017eeni od Radni\u010dkog, dok su Kotorani izgubili od \u0160apca. Ipak, obje ekipe \u017eele da poprave utisak.<\/p>\n\n\n\n<p>\u201eLiga je, mogu slobodno re\u0107i, najbolja na svijetu. Od osam klubova, pet je me\u0111u deset najboljih u Evropi. Izuzetno zahtjevno takmi\u010denje, ali na\u0161i momci \u0107e, nadam se, skupo prodati ko\u017eu. Prije svega \u0107emo skupljati iskustvo protiv jakih protivnika, a ima i par ekipa sa kojima mo\u017eemo igrati ravnopravno\u201c, poru\u010dio je trener Budu\u0107nosti Aleksandar Aleksi\u0107.<\/p>\n\n\n\n<p>S druge strane, u taboru Primorca vjeruju da je vrijeme za prvu pobjedu.<\/p>\n\n\n\n<p>\u201eNakon poraza na startu, \u017eelimo da osvojimo prva tri boda. Znamo da smo kvalitetniji od Budu\u0107nosti, ali to moramo potvrditi u bazenu. Bi\u0107e to dobra uvertira za duele u Ligi \u0161ampiona sljede\u0107e sedmice\u201c,\u00a0kazao je Marko Mr\u0161i\u0107, igra\u010d ekipe iz Kotora.<\/p>\n\n\n\n<p>Srijeda donosi pravi spektakl \u2013 Radni\u010dki do\u010dekuje Jadran u Kragujevcu. Oba tima su sezonu otvorila furiozno: Radni\u010dki je savladao Budu\u0107nost 27:10, dok je Jadran bio ubjedljiv protiv Partizana 21:10. Duel u Kragujevcu bi\u0107e ujedno i generalna proba za obje ekipe pred start Lige \u0161ampiona.<\/p>\n\n\n\n<p>Radni\u010dki, predvo\u0111en brojnim asovima, me\u0111u kojima je i novi kapiten Andrija Prlainovi\u0107, ima najvi\u0161e ambicije. Zanimljivo je da je Prlainovi\u0107 na po\u010detku karijere nosio kapicu Jadrana, u kojem mu je saigra\u010d bio dana\u0161nji trener hercegnovskog kluba \u2013 Vladimir Gojkovi\u0107.<\/p>\n\n\n\n<p>Pored ta dva derbija, u srijedu \u0107e Novi Beograd gostovati Partizanu na Banjici, dok \u0107e kolo biti zatvoreno u petak me\u010dom izme\u0111u Crvene zvezde i \u0160apca.<\/p>","protected":false},"excerpt":{"rendered":"<p>Vaterpolo Premijer liga nastavlja se ove sedmice uz veliki broj uzbudljivih duela, a posebnu pa\u017enju privla\u010de dva me\u010da \u2013 crnogorski derbi izme\u0111u Budu\u0107nosti i Primorca, koji se igra u utorak u Podgorici, te susret \u0161ampiona Srbije i Crne Gore, Radni\u010dkog i Jadrana, u srijedu u Kragujevcu.<\/p>","protected":false},"author":1,"featured_media":953152,"comment_status":"open","ping_status":"open","sticky":false,"template":"","format":"standard","meta":{"_acf_changed":false,"footnotes":""},"categories":[148],"tags":[10487,866,7784,10488,189],"naslovna":[],"class_list":["post-956226","post","type-post","status-publish","format-standard","has-post-thumbnail","hentry","category-sport","tag-pvk-buducnost","tag-pvk-jadran-mtel","tag-regionalna-premijer-liga","tag-vk-radnicki","tag-vpk-primorac"],"acf":[],"yoast_head":"<!-- This site is optimized with the Yoast SEO plugin v27.4 - https:\/\/yoast.com\/product\/yoast-seo-wordpress\/ -->\n<title>Vaterpolo spektakl \u2013 crnogorski derbi u Podgorici, a u centru pa\u017enje okr\u0161aj \u0161ampiona u Kragujevcu - dmcsrb.com<\/title>\n<meta name=\"robots\" content=\"index, follow, max-snippet:-1, max-image-preview:large, max-video-preview:-1\" \/>\n<link rel=\"canonical\" href=\"https:\/\/dmcsrb.com\/en\/sport\/vaterpolo-spektakl-crnogorski-derbi-u-podgorici-a-u-centru-paznje-okrsaj-sampiona-u-kragujevcu\/\" \/>\n<meta property=\"og:locale\" content=\"en_GB\" \/>\n<meta property=\"og:type\" content=\"article\" \/>\n<meta property=\"og:title\" content=\"Vaterpolo spektakl \u2013 crnogorski derbi u Podgorici, a u centru pa\u017enje okr\u0161aj \u0161ampiona u Kragujevcu - dmcsrb.com\" \/>\n<meta property=\"og:description\" content=\"Vaterpolo Premijer liga nastavlja se ove sedmice uz veliki broj uzbudljivih duela, a posebnu pa\u017enju privla\u010de dva me\u010da \u2013 crnogorski derbi izme\u0111u Budu\u0107nosti i Primorca, koji se igra u utorak u Podgorici, te susret \u0161ampiona Srbije i Crne Gore, Radni\u010dkog i Jadrana, u srijedu u Kragujevcu.\" \/>\n<meta property=\"og:url\" content=\"https:\/\/dmcsrb.com\/en\/sport\/vaterpolo-spektakl-crnogorski-derbi-u-podgorici-a-u-centru-paznje-okrsaj-sampiona-u-kragujevcu\/\" \/>\n<meta property=\"og:site_name\" content=\"dmcsrb.com\" \/>\n<meta property=\"article:published_time\" content=\"2025-10-07T06:57:00+00:00\" \/>\n<meta property=\"og:image\" content=\"https:\/\/dmcsrb.com\/wp-content\/uploads\/2026\/01\/Primorac-vaterpolo-foto-European-Aquatics.webp\" \/>\n\t<meta property=\"og:image:width\" content=\"1013\" \/>\n\t<meta property=\"og:image:height\" content=\"658\" \/>\n\t<meta property=\"og:image:type\" content=\"image\/jpeg\" \/>\n<meta name=\"author\" content=\"dmcsrbija.com@gmail.com\" \/>\n<meta name=\"twitter:card\" content=\"summary_large_image\" \/>\n<meta name=\"twitter:label1\" content=\"Written by\" \/>\n\t<meta name=\"twitter:data1\" content=\"dmcsrbija.com@gmail.com\" \/>\n\t<meta name=\"twitter:label2\" content=\"Estimated reading time\" \/>\n\t<meta name=\"twitter:data2\" content=\"1 minute\" \/>\n<script type=\"application\/ld+json\" class=\"yoast-schema-graph\">{\"@context\":\"https:\\\/\\\/schema.org\",\"@graph\":[{\"@type\":\"Article\",\"@id\":\"https:\\\/\\\/dmcsrb.com\\\/sport\\\/vaterpolo-spektakl-crnogorski-derbi-u-podgorici-a-u-centru-paznje-okrsaj-sampiona-u-kragujevcu\\\/#article\",\"isPartOf\":{\"@id\":\"https:\\\/\\\/dmcsrb.com\\\/sport\\\/vaterpolo-spektakl-crnogorski-derbi-u-podgorici-a-u-centru-paznje-okrsaj-sampiona-u-kragujevcu\\\/\"},\"author\":{\"name\":\"dmcsrbija.com@gmail.com\",\"@id\":\"https:\\\/\\\/dmcsrb.com\\\/#\\\/schema\\\/person\\\/5c39170f12db1b8b457732d0b5c854e2\"},\"headline\":\"Vaterpolo spektakl \u2013 crnogorski derbi u Podgorici, a u centru pa\u017enje okr\u0161aj \u0161ampiona u Kragujevcu\",\"datePublished\":\"2025-10-07T06:57:00+00:00\",\"mainEntityOfPage\":{\"@id\":\"https:\\\/\\\/dmcsrb.com\\\/sport\\\/vaterpolo-spektakl-crnogorski-derbi-u-podgorici-a-u-centru-paznje-okrsaj-sampiona-u-kragujevcu\\\/\"},\"wordCount\":290,\"commentCount\":0,\"image\":{\"@id\":\"https:\\\/\\\/dmcsrb.com\\\/sport\\\/vaterpolo-spektakl-crnogorski-derbi-u-podgorici-a-u-centru-paznje-okrsaj-sampiona-u-kragujevcu\\\/#primaryimage\"},\"thumbnailUrl\":\"https:\\\/\\\/dmcsrb.com\\\/wp-content\\\/uploads\\\/2026\\\/01\\\/Primorac-vaterpolo-foto-European-Aquatics.webp\",\"keywords\":[\"PVK Budu\u0107nost\",\"PVK Jadran M:tel\",\"Regionalna Premijer liga\",\"VK Radni\u010dki\",\"VPK Primorac\"],\"articleSection\":[\"Sport\"],\"inLanguage\":\"en-GB\",\"potentialAction\":[{\"@type\":\"CommentAction\",\"name\":\"Comment\",\"target\":[\"https:\\\/\\\/dmcsrb.com\\\/sport\\\/vaterpolo-spektakl-crnogorski-derbi-u-podgorici-a-u-centru-paznje-okrsaj-sampiona-u-kragujevcu\\\/#respond\"]}]},{\"@type\":\"WebPage\",\"@id\":\"https:\\\/\\\/dmcsrb.com\\\/sport\\\/vaterpolo-spektakl-crnogorski-derbi-u-podgorici-a-u-centru-paznje-okrsaj-sampiona-u-kragujevcu\\\/\",\"url\":\"https:\\\/\\\/dmcsrb.com\\\/sport\\\/vaterpolo-spektakl-crnogorski-derbi-u-podgorici-a-u-centru-paznje-okrsaj-sampiona-u-kragujevcu\\\/\",\"name\":\"Vaterpolo spektakl \u2013 crnogorski derbi u Podgorici, a u centru pa\u017enje okr\u0161aj \u0161ampiona u Kragujevcu - dmcsrb.com\",\"isPartOf\":{\"@id\":\"https:\\\/\\\/dmcsrb.com\\\/#website\"},\"primaryImageOfPage\":{\"@id\":\"https:\\\/\\\/dmcsrb.com\\\/sport\\\/vaterpolo-spektakl-crnogorski-derbi-u-podgorici-a-u-centru-paznje-okrsaj-sampiona-u-kragujevcu\\\/#primaryimage\"},\"image\":{\"@id\":\"https:\\\/\\\/dmcsrb.com\\\/sport\\\/vaterpolo-spektakl-crnogorski-derbi-u-podgorici-a-u-centru-paznje-okrsaj-sampiona-u-kragujevcu\\\/#primaryimage\"},\"thumbnailUrl\":\"https:\\\/\\\/dmcsrb.com\\\/wp-content\\\/uploads\\\/2026\\\/01\\\/Primorac-vaterpolo-foto-European-Aquatics.webp\",\"datePublished\":\"2025-10-07T06:57:00+00:00\",\"author\":{\"@id\":\"https:\\\/\\\/dmcsrb.com\\\/#\\\/schema\\\/person\\\/5c39170f12db1b8b457732d0b5c854e2\"},\"breadcrumb\":{\"@id\":\"https:\\\/\\\/dmcsrb.com\\\/sport\\\/vaterpolo-spektakl-crnogorski-derbi-u-podgorici-a-u-centru-paznje-okrsaj-sampiona-u-kragujevcu\\\/#breadcrumb\"},\"inLanguage\":\"en-GB\",\"potentialAction\":[{\"@type\":\"ReadAction\",\"target\":[\"https:\\\/\\\/dmcsrb.com\\\/sport\\\/vaterpolo-spektakl-crnogorski-derbi-u-podgorici-a-u-centru-paznje-okrsaj-sampiona-u-kragujevcu\\\/\"]}]},{\"@type\":\"ImageObject\",\"inLanguage\":\"en-GB\",\"@id\":\"https:\\\/\\\/dmcsrb.com\\\/sport\\\/vaterpolo-spektakl-crnogorski-derbi-u-podgorici-a-u-centru-paznje-okrsaj-sampiona-u-kragujevcu\\\/#primaryimage\",\"url\":\"https:\\\/\\\/dmcsrb.com\\\/wp-content\\\/uploads\\\/2026\\\/01\\\/Primorac-vaterpolo-foto-European-Aquatics.webp\",\"contentUrl\":\"https:\\\/\\\/dmcsrb.com\\\/wp-content\\\/uploads\\\/2026\\\/01\\\/Primorac-vaterpolo-foto-European-Aquatics.webp\",\"width\":1013,\"height\":658},{\"@type\":\"BreadcrumbList\",\"@id\":\"https:\\\/\\\/dmcsrb.com\\\/sport\\\/vaterpolo-spektakl-crnogorski-derbi-u-podgorici-a-u-centru-paznje-okrsaj-sampiona-u-kragujevcu\\\/#breadcrumb\",\"itemListElement\":[{\"@type\":\"ListItem\",\"position\":1,\"name\":\"Home\",\"item\":\"https:\\\/\\\/dmcsrb.com\\\/\"},{\"@type\":\"ListItem\",\"position\":2,\"name\":\"Vaterpolo spektakl \u2013 crnogorski derbi u Podgorici, a u centru pa\u017enje okr\u0161aj \u0161ampiona u Kragujevcu\"}]},{\"@type\":\"WebSite\",\"@id\":\"https:\\\/\\\/dmcsrb.com\\\/#website\",\"url\":\"https:\\\/\\\/dmcsrb.com\\\/\",\"name\":\"dmcsrb.com\",\"description\":\"\",\"potentialAction\":[{\"@type\":\"SearchAction\",\"target\":{\"@type\":\"EntryPoint\",\"urlTemplate\":\"https:\\\/\\\/dmcsrb.com\\\/?s={search_term_string}\"},\"query-input\":{\"@type\":\"PropertyValueSpecification\",\"valueRequired\":true,\"valueName\":\"search_term_string\"}}],\"inLanguage\":\"en-GB\"},{\"@type\":\"Person\",\"@id\":\"https:\\\/\\\/dmcsrb.com\\\/#\\\/schema\\\/person\\\/5c39170f12db1b8b457732d0b5c854e2\",\"name\":\"dmcsrbija.com@gmail.com\",\"image\":{\"@type\":\"ImageObject\",\"inLanguage\":\"en-GB\",\"@id\":\"https:\\\/\\\/secure.gravatar.com\\\/avatar\\\/68592660ad6347fad0fb587f8d5d8f1a7b44961362f56e4f2cd524feb87e9069?s=96&d=mm&r=g\",\"url\":\"https:\\\/\\\/secure.gravatar.com\\\/avatar\\\/68592660ad6347fad0fb587f8d5d8f1a7b44961362f56e4f2cd524feb87e9069?s=96&d=mm&r=g\",\"contentUrl\":\"https:\\\/\\\/secure.gravatar.com\\\/avatar\\\/68592660ad6347fad0fb587f8d5d8f1a7b44961362f56e4f2cd524feb87e9069?s=96&d=mm&r=g\",\"caption\":\"dmcsrbija.com@gmail.com\"},\"sameAs\":[\"https:\\\/\\\/dmcsrb.com\"],\"url\":\"https:\\\/\\\/dmcsrb.com\\\/en\\\/author\\\/dmcsrbija-comgmail-com\\\/\"}]}<\/script>\n<!-- \/ Yoast SEO plugin. -->","yoast_head_json":{"title":"Vaterpolo spektakl \u2013 crnogorski derbi u Podgorici, a u centru pa\u017enje okr\u0161aj \u0161ampiona u Kragujevcu - dmcsrb.com","robots":{"index":"index","follow":"follow","max-snippet":"max-snippet:-1","max-image-preview":"max-image-preview:large","max-video-preview":"max-video-preview:-1"},"canonical":"https:\/\/dmcsrb.com\/en\/sport\/vaterpolo-spektakl-crnogorski-derbi-u-podgorici-a-u-centru-paznje-okrsaj-sampiona-u-kragujevcu\/","og_locale":"en_GB","og_type":"article","og_title":"Vaterpolo spektakl \u2013 crnogorski derbi u Podgorici, a u centru pa\u017enje okr\u0161aj \u0161ampiona u Kragujevcu - dmcsrb.com","og_description":"Vaterpolo Premijer liga nastavlja se ove sedmice uz veliki broj uzbudljivih duela, a posebnu pa\u017enju privla\u010de dva me\u010da \u2013 crnogorski derbi izme\u0111u Budu\u0107nosti i Primorca, koji se igra u utorak u Podgorici, te susret \u0161ampiona Srbije i Crne Gore, Radni\u010dkog i Jadrana, u srijedu u Kragujevcu.","og_url":"https:\/\/dmcsrb.com\/en\/sport\/vaterpolo-spektakl-crnogorski-derbi-u-podgorici-a-u-centru-paznje-okrsaj-sampiona-u-kragujevcu\/","og_site_name":"dmcsrb.com","article_published_time":"2025-10-07T06:57:00+00:00","og_image":[{"width":1013,"height":658,"url":"https:\/\/dmcsrb.com\/wp-content\/uploads\/2026\/01\/Primorac-vaterpolo-foto-European-Aquatics.webp","type":"image\/jpeg"}],"author":"dmcsrbija.com@gmail.com","twitter_card":"summary_large_image","twitter_misc":{"Written by":"dmcsrbija.com@gmail.com","Estimated reading time":"1 minute"},"schema":{"@context":"https:\/\/schema.org","@graph":[{"@type":"Article","@id":"https:\/\/dmcsrb.com\/sport\/vaterpolo-spektakl-crnogorski-derbi-u-podgorici-a-u-centru-paznje-okrsaj-sampiona-u-kragujevcu\/#article","isPartOf":{"@id":"https:\/\/dmcsrb.com\/sport\/vaterpolo-spektakl-crnogorski-derbi-u-podgorici-a-u-centru-paznje-okrsaj-sampiona-u-kragujevcu\/"},"author":{"name":"dmcsrbija.com@gmail.com","@id":"https:\/\/dmcsrb.com\/#\/schema\/person\/5c39170f12db1b8b457732d0b5c854e2"},"headline":"Vaterpolo spektakl \u2013 crnogorski derbi u Podgorici, a u centru pa\u017enje okr\u0161aj \u0161ampiona u Kragujevcu","datePublished":"2025-10-07T06:57:00+00:00","mainEntityOfPage":{"@id":"https:\/\/dmcsrb.com\/sport\/vaterpolo-spektakl-crnogorski-derbi-u-podgorici-a-u-centru-paznje-okrsaj-sampiona-u-kragujevcu\/"},"wordCount":290,"commentCount":0,"image":{"@id":"https:\/\/dmcsrb.com\/sport\/vaterpolo-spektakl-crnogorski-derbi-u-podgorici-a-u-centru-paznje-okrsaj-sampiona-u-kragujevcu\/#primaryimage"},"thumbnailUrl":"https:\/\/dmcsrb.com\/wp-content\/uploads\/2026\/01\/Primorac-vaterpolo-foto-European-Aquatics.webp","keywords":["PVK Budu\u0107nost","PVK Jadran M:tel","Regionalna Premijer liga","VK Radni\u010dki","VPK Primorac"],"articleSection":["Sport"],"inLanguage":"en-GB","potentialAction":[{"@type":"CommentAction","name":"Comment","target":["https:\/\/dmcsrb.com\/sport\/vaterpolo-spektakl-crnogorski-derbi-u-podgorici-a-u-centru-paznje-okrsaj-sampiona-u-kragujevcu\/#respond"]}]},{"@type":"WebPage","@id":"https:\/\/dmcsrb.com\/sport\/vaterpolo-spektakl-crnogorski-derbi-u-podgorici-a-u-centru-paznje-okrsaj-sampiona-u-kragujevcu\/","url":"https:\/\/dmcsrb.com\/sport\/vaterpolo-spektakl-crnogorski-derbi-u-podgorici-a-u-centru-paznje-okrsaj-sampiona-u-kragujevcu\/","name":"Vaterpolo spektakl \u2013 crnogorski derbi u Podgorici, a u centru pa\u017enje okr\u0161aj \u0161ampiona u Kragujevcu - dmcsrb.com","isPartOf":{"@id":"https:\/\/dmcsrb.com\/#website"},"primaryImageOfPage":{"@id":"https:\/\/dmcsrb.com\/sport\/vaterpolo-spektakl-crnogorski-derbi-u-podgorici-a-u-centru-paznje-okrsaj-sampiona-u-kragujevcu\/#primaryimage"},"image":{"@id":"https:\/\/dmcsrb.com\/sport\/vaterpolo-spektakl-crnogorski-derbi-u-podgorici-a-u-centru-paznje-okrsaj-sampiona-u-kragujevcu\/#primaryimage"},"thumbnailUrl":"https:\/\/dmcsrb.com\/wp-content\/uploads\/2026\/01\/Primorac-vaterpolo-foto-European-Aquatics.webp","datePublished":"2025-10-07T06:57:00+00:00","author":{"@id":"https:\/\/dmcsrb.com\/#\/schema\/person\/5c39170f12db1b8b457732d0b5c854e2"},"breadcrumb":{"@id":"https:\/\/dmcsrb.com\/sport\/vaterpolo-spektakl-crnogorski-derbi-u-podgorici-a-u-centru-paznje-okrsaj-sampiona-u-kragujevcu\/#breadcrumb"},"inLanguage":"en-GB","potentialAction":[{"@type":"ReadAction","target":["https:\/\/dmcsrb.com\/sport\/vaterpolo-spektakl-crnogorski-derbi-u-podgorici-a-u-centru-paznje-okrsaj-sampiona-u-kragujevcu\/"]}]},{"@type":"ImageObject","inLanguage":"en-GB","@id":"https:\/\/dmcsrb.com\/sport\/vaterpolo-spektakl-crnogorski-derbi-u-podgorici-a-u-centru-paznje-okrsaj-sampiona-u-kragujevcu\/#primaryimage","url":"https:\/\/dmcsrb.com\/wp-content\/uploads\/2026\/01\/Primorac-vaterpolo-foto-European-Aquatics.webp","contentUrl":"https:\/\/dmcsrb.com\/wp-content\/uploads\/2026\/01\/Primorac-vaterpolo-foto-European-Aquatics.webp","width":1013,"height":658},{"@type":"BreadcrumbList","@id":"https:\/\/dmcsrb.com\/sport\/vaterpolo-spektakl-crnogorski-derbi-u-podgorici-a-u-centru-paznje-okrsaj-sampiona-u-kragujevcu\/#breadcrumb","itemListElement":[{"@type":"ListItem","position":1,"name":"Home","item":"https:\/\/dmcsrb.com\/"},{"@type":"ListItem","position":2,"name":"Vaterpolo spektakl \u2013 crnogorski derbi u Podgorici, a u centru pa\u017enje okr\u0161aj \u0161ampiona u Kragujevcu"}]},{"@type":"WebSite","@id":"https:\/\/dmcsrb.com\/#website","url":"https:\/\/dmcsrb.com\/","name":"dmcsrb.com","description":"","potentialAction":[{"@type":"SearchAction","target":{"@type":"EntryPoint","urlTemplate":"https:\/\/dmcsrb.com\/?s={search_term_string}"},"query-input":{"@type":"PropertyValueSpecification","valueRequired":true,"valueName":"search_term_string"}}],"inLanguage":"en-GB"},{"@type":"Person","@id":"https:\/\/dmcsrb.com\/#\/schema\/person\/5c39170f12db1b8b457732d0b5c854e2","name":"dmcsrbija.com@gmail.com","image":{"@type":"ImageObject","inLanguage":"en-GB","@id":"https:\/\/secure.gravatar.com\/avatar\/68592660ad6347fad0fb587f8d5d8f1a7b44961362f56e4f2cd524feb87e9069?s=96&d=mm&r=g","url":"https:\/\/secure.gravatar.com\/avatar\/68592660ad6347fad0fb587f8d5d8f1a7b44961362f56e4f2cd524feb87e9069?s=96&d=mm&r=g","contentUrl":"https:\/\/secure.gravatar.com\/avatar\/68592660ad6347fad0fb587f8d5d8f1a7b44961362f56e4f2cd524feb87e9069?s=96&d=mm&r=g","caption":"dmcsrbija.com@gmail.com"},"sameAs":["https:\/\/dmcsrb.com"],"url":"https:\/\/dmcsrb.com\/en\/author\/dmcsrbija-comgmail-com\/"}]}},"_links":{"self":[{"href":"https:\/\/dmcsrb.com\/en\/wp-json\/wp\/v2\/posts\/956226","targetHints":{"allow":["GET"]}}],"collection":[{"href":"https:\/\/dmcsrb.com\/en\/wp-json\/wp\/v2\/posts"}],"about":[{"href":"https:\/\/dmcsrb.com\/en\/wp-json\/wp\/v2\/types\/post"}],"author":[{"embeddable":true,"href":"https:\/\/dmcsrb.com\/en\/wp-json\/wp\/v2\/users\/1"}],"replies":[{"embeddable":true,"href":"https:\/\/dmcsrb.com\/en\/wp-json\/wp\/v2\/comments?post=956226"}],"version-history":[{"count":0,"href":"https:\/\/dmcsrb.com\/en\/wp-json\/wp\/v2\/posts\/956226\/revisions"}],"wp:featuredmedia":[{"embeddable":true,"href":"https:\/\/dmcsrb.com\/en\/wp-json\/wp\/v2\/media\/953152"}],"wp:attachment":[{"href":"https:\/\/dmcsrb.com\/en\/wp-json\/wp\/v2\/media?parent=956226"}],"wp:term":[{"taxonomy":"category","embeddable":true,"href":"https:\/\/dmcsrb.com\/en\/wp-json\/wp\/v2\/categories?post=956226"},{"taxonomy":"post_tag","embeddable":true,"href":"https:\/\/dmcsrb.com\/en\/wp-json\/wp\/v2\/tags?post=956226"},{"taxonomy":"naslovna","embeddable":true,"href":"https:\/\/dmcsrb.com\/en\/wp-json\/wp\/v2\/naslovna?post=956226"}],"curies":[{"name":"wp","href":"https:\/\/api.w.org\/{rel}","templated":true}]}}