{"id":956219,"date":"2025-10-07T06:28:00","date_gmt":"2025-10-07T04:28:00","guid":{"rendered":"https:\/\/dmcsrb.com\/uncategorized\/podgorica-docekuje-banjalucki-borac-kadija-imamo-mladu-ekipu-zeljnu-dokazivanja\/"},"modified":"2025-10-07T06:28:00","modified_gmt":"2025-10-07T04:28:00","slug":"podgorica-docekuje-banjalucki-borac-kadija-imamo-mladu-ekipu-zeljnu-dokazivanja","status":"publish","type":"post","link":"https:\/\/dmcsrb.com\/en\/sport\/podgorica-docekuje-banjalucki-borac-kadija-imamo-mladu-ekipu-zeljnu-dokazivanja\/","title":{"rendered":"Podgorica do\u010dekuje banjalu\u010dki Borac, Kadija: Imamo mladu ekipu, \u017eeljnu dokazivanja"},"content":{"rendered":"<p>U pauzi izme\u0111u dvije sezone Podgorica Bemax napravila je dosta promjena u igra\u010dkom kadru \u2013 poslije godinu provedenih u Teodu u tim se vratio Danilo Ivanovi\u0107, a osim njega za Podgoricu Bemax potpisali su Stefan Ad\u017ei\u0107, Sr\u0111a Bulatovi\u0107, Aleksa Bulaji\u0107, Petar Mini\u0107a, Sini\u0161a \u0160orak, Lazar Radeti\u0107 i Du\u0161an Mahor\u010di\u0107, dok je kormilo preuzeo Miodrag Kadija.<\/p>\n\n\n\n<p>Nakon skoro dva mjeseca priprema i osam pripremnih utakmica (Ba\u0161kimi, Sutjeska, Kotor), Al Ahli, Sloboda, Zlatibor, Mornar i Vukovi Zeta), nikad mla\u0111i tim Podgorice sjutra \u010deka prvi izazov.<\/p>\n\n\n\n<p>-O\u010dekuje nas po\u010detak nove sezone, a nakon napornog pripremnog perioda sa nestrpljenjem \u010dekamo premijerni duel. Na startu igramo protiv Borca iz Banjaluke, ekipe koja je veoma kvalitetna i iskusna, tako da nas \u010deka te\u017eak posao. Nemamo previ\u0161e informacija o njima, \u0161to je uvijek problem na po\u010detku sezone. Imamo mladu ekipu, koja je \u017eeljna dokazivanja. Siguran sam da \u0107emo se boriti i da \u0107e moji igra\u010di dati maksimum, a za \u0161ta \u0107e to biti dovoljno ostaje da se vidi \u2013 kazao je za klupski sajt Miodrag Kadija, trener Podgorice Bemax.<\/p>\n\n\n\n<p>Danilo Lacmanovi\u0107 po\u0161tuje rivala, ali vjeruje u svoj tim. <\/p>\n\n\n\n<p>-Pred nama je prvi me\u010d u novoj ABA 2 sezoni i velika je \u010dast \u0161to otvaramo takmi\u010denje na doma\u0107em terenu. Ekipa je motivisana, dobro smo radili tokom priprema i \u017eelimo da poka\u017eemo pravi karakter. Borac je kvalitetan protivnik, ali vjerujemo u sebe i svoj timski duh. O\u010dekujemo dobru, borbenu utakmicu i pravi test na samom startu sezone \u2013 rekao je Danilo Lacmanovi\u0107, prvotimac Podgorice Bemax.<\/p>","protected":false},"excerpt":{"rendered":"<p>Ko\u0161arka\u0161i Podgorice Bemax ugosti\u0107e danas (18h) u \u201cBemax areni\u201d ekipu Borca iz Banjaluke na startu nove sezone ABA2 lige.\u00a0<\/p>","protected":false},"author":1,"featured_media":951169,"comment_status":"open","ping_status":"open","sticky":false,"template":"","format":"standard","meta":{"_acf_changed":false,"footnotes":""},"categories":[148],"tags":[3207,10014,1013,10481],"naslovna":[],"class_list":["post-956219","post","type-post","status-publish","format-standard","has-post-thumbnail","hentry","category-sport","tag-aba-2-liga","tag-kk-borac-banjaluka","tag-kk-podgorica-bemax","tag-miodrag-kadija"],"acf":[],"yoast_head":"<!-- This site is optimized with the Yoast SEO plugin v27.4 - https:\/\/yoast.com\/product\/yoast-seo-wordpress\/ -->\n<title>Podgorica do\u010dekuje banjalu\u010dki Borac, Kadija: Imamo mladu ekipu, \u017eeljnu dokazivanja - dmcsrb.com<\/title>\n<meta name=\"robots\" content=\"index, follow, max-snippet:-1, max-image-preview:large, max-video-preview:-1\" \/>\n<link rel=\"canonical\" href=\"https:\/\/dmcsrb.com\/en\/sport\/podgorica-docekuje-banjalucki-borac-kadija-imamo-mladu-ekipu-zeljnu-dokazivanja\/\" \/>\n<meta property=\"og:locale\" content=\"en_GB\" \/>\n<meta property=\"og:type\" content=\"article\" \/>\n<meta property=\"og:title\" content=\"Podgorica do\u010dekuje banjalu\u010dki Borac, Kadija: Imamo mladu ekipu, \u017eeljnu dokazivanja - dmcsrb.com\" \/>\n<meta property=\"og:description\" content=\"Ko\u0161arka\u0161i Podgorice Bemax ugosti\u0107e danas (18h) u \u201cBemax areni\u201d ekipu Borca iz Banjaluke na startu nove sezone ABA2 lige.\u00a0\" \/>\n<meta property=\"og:url\" content=\"https:\/\/dmcsrb.com\/en\/sport\/podgorica-docekuje-banjalucki-borac-kadija-imamo-mladu-ekipu-zeljnu-dokazivanja\/\" \/>\n<meta property=\"og:site_name\" content=\"dmcsrb.com\" \/>\n<meta property=\"article:published_time\" content=\"2025-10-07T04:28:00+00:00\" \/>\n<meta property=\"og:image\" content=\"https:\/\/dmcsrb.com\/wp-content\/uploads\/2026\/01\/Podgorica-trening-KK-Podgorica-Bemax.webp\" \/>\n\t<meta property=\"og:image:width\" content=\"2048\" \/>\n\t<meta property=\"og:image:height\" content=\"1365\" \/>\n\t<meta property=\"og:image:type\" content=\"image\/jpeg\" \/>\n<meta name=\"author\" content=\"dmcsrbija.com@gmail.com\" \/>\n<meta name=\"twitter:card\" content=\"summary_large_image\" \/>\n<meta name=\"twitter:label1\" content=\"Written by\" \/>\n\t<meta name=\"twitter:data1\" content=\"dmcsrbija.com@gmail.com\" \/>\n\t<meta name=\"twitter:label2\" content=\"Estimated reading time\" \/>\n\t<meta name=\"twitter:data2\" content=\"1 minute\" \/>\n<script type=\"application\/ld+json\" class=\"yoast-schema-graph\">{\"@context\":\"https:\\\/\\\/schema.org\",\"@graph\":[{\"@type\":\"Article\",\"@id\":\"https:\\\/\\\/dmcsrb.com\\\/sport\\\/podgorica-docekuje-banjalucki-borac-kadija-imamo-mladu-ekipu-zeljnu-dokazivanja\\\/#article\",\"isPartOf\":{\"@id\":\"https:\\\/\\\/dmcsrb.com\\\/sport\\\/podgorica-docekuje-banjalucki-borac-kadija-imamo-mladu-ekipu-zeljnu-dokazivanja\\\/\"},\"author\":{\"name\":\"dmcsrbija.com@gmail.com\",\"@id\":\"https:\\\/\\\/dmcsrb.com\\\/#\\\/schema\\\/person\\\/5c39170f12db1b8b457732d0b5c854e2\"},\"headline\":\"Podgorica do\u010dekuje banjalu\u010dki Borac, Kadija: Imamo mladu ekipu, \u017eeljnu dokazivanja\",\"datePublished\":\"2025-10-07T04:28:00+00:00\",\"mainEntityOfPage\":{\"@id\":\"https:\\\/\\\/dmcsrb.com\\\/sport\\\/podgorica-docekuje-banjalucki-borac-kadija-imamo-mladu-ekipu-zeljnu-dokazivanja\\\/\"},\"wordCount\":275,\"commentCount\":0,\"image\":{\"@id\":\"https:\\\/\\\/dmcsrb.com\\\/sport\\\/podgorica-docekuje-banjalucki-borac-kadija-imamo-mladu-ekipu-zeljnu-dokazivanja\\\/#primaryimage\"},\"thumbnailUrl\":\"https:\\\/\\\/dmcsrb.com\\\/wp-content\\\/uploads\\\/2026\\\/01\\\/Podgorica-trening-KK-Podgorica-Bemax.webp\",\"keywords\":[\"ABA 2 liga\",\"KK Borac Banjaluka\",\"KK Podgorica Bemax\",\"Miodrag Kadija\"],\"articleSection\":[\"Sport\"],\"inLanguage\":\"en-GB\",\"potentialAction\":[{\"@type\":\"CommentAction\",\"name\":\"Comment\",\"target\":[\"https:\\\/\\\/dmcsrb.com\\\/sport\\\/podgorica-docekuje-banjalucki-borac-kadija-imamo-mladu-ekipu-zeljnu-dokazivanja\\\/#respond\"]}]},{\"@type\":\"WebPage\",\"@id\":\"https:\\\/\\\/dmcsrb.com\\\/sport\\\/podgorica-docekuje-banjalucki-borac-kadija-imamo-mladu-ekipu-zeljnu-dokazivanja\\\/\",\"url\":\"https:\\\/\\\/dmcsrb.com\\\/sport\\\/podgorica-docekuje-banjalucki-borac-kadija-imamo-mladu-ekipu-zeljnu-dokazivanja\\\/\",\"name\":\"Podgorica do\u010dekuje banjalu\u010dki Borac, Kadija: Imamo mladu ekipu, \u017eeljnu dokazivanja - dmcsrb.com\",\"isPartOf\":{\"@id\":\"https:\\\/\\\/dmcsrb.com\\\/#website\"},\"primaryImageOfPage\":{\"@id\":\"https:\\\/\\\/dmcsrb.com\\\/sport\\\/podgorica-docekuje-banjalucki-borac-kadija-imamo-mladu-ekipu-zeljnu-dokazivanja\\\/#primaryimage\"},\"image\":{\"@id\":\"https:\\\/\\\/dmcsrb.com\\\/sport\\\/podgorica-docekuje-banjalucki-borac-kadija-imamo-mladu-ekipu-zeljnu-dokazivanja\\\/#primaryimage\"},\"thumbnailUrl\":\"https:\\\/\\\/dmcsrb.com\\\/wp-content\\\/uploads\\\/2026\\\/01\\\/Podgorica-trening-KK-Podgorica-Bemax.webp\",\"datePublished\":\"2025-10-07T04:28:00+00:00\",\"author\":{\"@id\":\"https:\\\/\\\/dmcsrb.com\\\/#\\\/schema\\\/person\\\/5c39170f12db1b8b457732d0b5c854e2\"},\"breadcrumb\":{\"@id\":\"https:\\\/\\\/dmcsrb.com\\\/sport\\\/podgorica-docekuje-banjalucki-borac-kadija-imamo-mladu-ekipu-zeljnu-dokazivanja\\\/#breadcrumb\"},\"inLanguage\":\"en-GB\",\"potentialAction\":[{\"@type\":\"ReadAction\",\"target\":[\"https:\\\/\\\/dmcsrb.com\\\/sport\\\/podgorica-docekuje-banjalucki-borac-kadija-imamo-mladu-ekipu-zeljnu-dokazivanja\\\/\"]}]},{\"@type\":\"ImageObject\",\"inLanguage\":\"en-GB\",\"@id\":\"https:\\\/\\\/dmcsrb.com\\\/sport\\\/podgorica-docekuje-banjalucki-borac-kadija-imamo-mladu-ekipu-zeljnu-dokazivanja\\\/#primaryimage\",\"url\":\"https:\\\/\\\/dmcsrb.com\\\/wp-content\\\/uploads\\\/2026\\\/01\\\/Podgorica-trening-KK-Podgorica-Bemax.webp\",\"contentUrl\":\"https:\\\/\\\/dmcsrb.com\\\/wp-content\\\/uploads\\\/2026\\\/01\\\/Podgorica-trening-KK-Podgorica-Bemax.webp\",\"width\":2048,\"height\":1365},{\"@type\":\"BreadcrumbList\",\"@id\":\"https:\\\/\\\/dmcsrb.com\\\/sport\\\/podgorica-docekuje-banjalucki-borac-kadija-imamo-mladu-ekipu-zeljnu-dokazivanja\\\/#breadcrumb\",\"itemListElement\":[{\"@type\":\"ListItem\",\"position\":1,\"name\":\"Home\",\"item\":\"https:\\\/\\\/dmcsrb.com\\\/\"},{\"@type\":\"ListItem\",\"position\":2,\"name\":\"Podgorica do\u010dekuje banjalu\u010dki Borac, Kadija: Imamo mladu ekipu, \u017eeljnu dokazivanja\"}]},{\"@type\":\"WebSite\",\"@id\":\"https:\\\/\\\/dmcsrb.com\\\/#website\",\"url\":\"https:\\\/\\\/dmcsrb.com\\\/\",\"name\":\"dmcsrb.com\",\"description\":\"\",\"potentialAction\":[{\"@type\":\"SearchAction\",\"target\":{\"@type\":\"EntryPoint\",\"urlTemplate\":\"https:\\\/\\\/dmcsrb.com\\\/?s={search_term_string}\"},\"query-input\":{\"@type\":\"PropertyValueSpecification\",\"valueRequired\":true,\"valueName\":\"search_term_string\"}}],\"inLanguage\":\"en-GB\"},{\"@type\":\"Person\",\"@id\":\"https:\\\/\\\/dmcsrb.com\\\/#\\\/schema\\\/person\\\/5c39170f12db1b8b457732d0b5c854e2\",\"name\":\"dmcsrbija.com@gmail.com\",\"image\":{\"@type\":\"ImageObject\",\"inLanguage\":\"en-GB\",\"@id\":\"https:\\\/\\\/secure.gravatar.com\\\/avatar\\\/68592660ad6347fad0fb587f8d5d8f1a7b44961362f56e4f2cd524feb87e9069?s=96&d=mm&r=g\",\"url\":\"https:\\\/\\\/secure.gravatar.com\\\/avatar\\\/68592660ad6347fad0fb587f8d5d8f1a7b44961362f56e4f2cd524feb87e9069?s=96&d=mm&r=g\",\"contentUrl\":\"https:\\\/\\\/secure.gravatar.com\\\/avatar\\\/68592660ad6347fad0fb587f8d5d8f1a7b44961362f56e4f2cd524feb87e9069?s=96&d=mm&r=g\",\"caption\":\"dmcsrbija.com@gmail.com\"},\"sameAs\":[\"https:\\\/\\\/dmcsrb.com\"],\"url\":\"https:\\\/\\\/dmcsrb.com\\\/en\\\/author\\\/dmcsrbija-comgmail-com\\\/\"}]}<\/script>\n<!-- \/ Yoast SEO plugin. -->","yoast_head_json":{"title":"Podgorica do\u010dekuje banjalu\u010dki Borac, Kadija: Imamo mladu ekipu, \u017eeljnu dokazivanja - dmcsrb.com","robots":{"index":"index","follow":"follow","max-snippet":"max-snippet:-1","max-image-preview":"max-image-preview:large","max-video-preview":"max-video-preview:-1"},"canonical":"https:\/\/dmcsrb.com\/en\/sport\/podgorica-docekuje-banjalucki-borac-kadija-imamo-mladu-ekipu-zeljnu-dokazivanja\/","og_locale":"en_GB","og_type":"article","og_title":"Podgorica do\u010dekuje banjalu\u010dki Borac, Kadija: Imamo mladu ekipu, \u017eeljnu dokazivanja - dmcsrb.com","og_description":"Ko\u0161arka\u0161i Podgorice Bemax ugosti\u0107e danas (18h) u \u201cBemax areni\u201d ekipu Borca iz Banjaluke na startu nove sezone ABA2 lige.\u00a0","og_url":"https:\/\/dmcsrb.com\/en\/sport\/podgorica-docekuje-banjalucki-borac-kadija-imamo-mladu-ekipu-zeljnu-dokazivanja\/","og_site_name":"dmcsrb.com","article_published_time":"2025-10-07T04:28:00+00:00","og_image":[{"width":2048,"height":1365,"url":"https:\/\/dmcsrb.com\/wp-content\/uploads\/2026\/01\/Podgorica-trening-KK-Podgorica-Bemax.webp","type":"image\/jpeg"}],"author":"dmcsrbija.com@gmail.com","twitter_card":"summary_large_image","twitter_misc":{"Written by":"dmcsrbija.com@gmail.com","Estimated reading time":"1 minute"},"schema":{"@context":"https:\/\/schema.org","@graph":[{"@type":"Article","@id":"https:\/\/dmcsrb.com\/sport\/podgorica-docekuje-banjalucki-borac-kadija-imamo-mladu-ekipu-zeljnu-dokazivanja\/#article","isPartOf":{"@id":"https:\/\/dmcsrb.com\/sport\/podgorica-docekuje-banjalucki-borac-kadija-imamo-mladu-ekipu-zeljnu-dokazivanja\/"},"author":{"name":"dmcsrbija.com@gmail.com","@id":"https:\/\/dmcsrb.com\/#\/schema\/person\/5c39170f12db1b8b457732d0b5c854e2"},"headline":"Podgorica do\u010dekuje banjalu\u010dki Borac, Kadija: Imamo mladu ekipu, \u017eeljnu dokazivanja","datePublished":"2025-10-07T04:28:00+00:00","mainEntityOfPage":{"@id":"https:\/\/dmcsrb.com\/sport\/podgorica-docekuje-banjalucki-borac-kadija-imamo-mladu-ekipu-zeljnu-dokazivanja\/"},"wordCount":275,"commentCount":0,"image":{"@id":"https:\/\/dmcsrb.com\/sport\/podgorica-docekuje-banjalucki-borac-kadija-imamo-mladu-ekipu-zeljnu-dokazivanja\/#primaryimage"},"thumbnailUrl":"https:\/\/dmcsrb.com\/wp-content\/uploads\/2026\/01\/Podgorica-trening-KK-Podgorica-Bemax.webp","keywords":["ABA 2 liga","KK Borac Banjaluka","KK Podgorica Bemax","Miodrag Kadija"],"articleSection":["Sport"],"inLanguage":"en-GB","potentialAction":[{"@type":"CommentAction","name":"Comment","target":["https:\/\/dmcsrb.com\/sport\/podgorica-docekuje-banjalucki-borac-kadija-imamo-mladu-ekipu-zeljnu-dokazivanja\/#respond"]}]},{"@type":"WebPage","@id":"https:\/\/dmcsrb.com\/sport\/podgorica-docekuje-banjalucki-borac-kadija-imamo-mladu-ekipu-zeljnu-dokazivanja\/","url":"https:\/\/dmcsrb.com\/sport\/podgorica-docekuje-banjalucki-borac-kadija-imamo-mladu-ekipu-zeljnu-dokazivanja\/","name":"Podgorica do\u010dekuje banjalu\u010dki Borac, Kadija: Imamo mladu ekipu, \u017eeljnu dokazivanja - dmcsrb.com","isPartOf":{"@id":"https:\/\/dmcsrb.com\/#website"},"primaryImageOfPage":{"@id":"https:\/\/dmcsrb.com\/sport\/podgorica-docekuje-banjalucki-borac-kadija-imamo-mladu-ekipu-zeljnu-dokazivanja\/#primaryimage"},"image":{"@id":"https:\/\/dmcsrb.com\/sport\/podgorica-docekuje-banjalucki-borac-kadija-imamo-mladu-ekipu-zeljnu-dokazivanja\/#primaryimage"},"thumbnailUrl":"https:\/\/dmcsrb.com\/wp-content\/uploads\/2026\/01\/Podgorica-trening-KK-Podgorica-Bemax.webp","datePublished":"2025-10-07T04:28:00+00:00","author":{"@id":"https:\/\/dmcsrb.com\/#\/schema\/person\/5c39170f12db1b8b457732d0b5c854e2"},"breadcrumb":{"@id":"https:\/\/dmcsrb.com\/sport\/podgorica-docekuje-banjalucki-borac-kadija-imamo-mladu-ekipu-zeljnu-dokazivanja\/#breadcrumb"},"inLanguage":"en-GB","potentialAction":[{"@type":"ReadAction","target":["https:\/\/dmcsrb.com\/sport\/podgorica-docekuje-banjalucki-borac-kadija-imamo-mladu-ekipu-zeljnu-dokazivanja\/"]}]},{"@type":"ImageObject","inLanguage":"en-GB","@id":"https:\/\/dmcsrb.com\/sport\/podgorica-docekuje-banjalucki-borac-kadija-imamo-mladu-ekipu-zeljnu-dokazivanja\/#primaryimage","url":"https:\/\/dmcsrb.com\/wp-content\/uploads\/2026\/01\/Podgorica-trening-KK-Podgorica-Bemax.webp","contentUrl":"https:\/\/dmcsrb.com\/wp-content\/uploads\/2026\/01\/Podgorica-trening-KK-Podgorica-Bemax.webp","width":2048,"height":1365},{"@type":"BreadcrumbList","@id":"https:\/\/dmcsrb.com\/sport\/podgorica-docekuje-banjalucki-borac-kadija-imamo-mladu-ekipu-zeljnu-dokazivanja\/#breadcrumb","itemListElement":[{"@type":"ListItem","position":1,"name":"Home","item":"https:\/\/dmcsrb.com\/"},{"@type":"ListItem","position":2,"name":"Podgorica do\u010dekuje banjalu\u010dki Borac, Kadija: Imamo mladu ekipu, \u017eeljnu dokazivanja"}]},{"@type":"WebSite","@id":"https:\/\/dmcsrb.com\/#website","url":"https:\/\/dmcsrb.com\/","name":"dmcsrb.com","description":"","potentialAction":[{"@type":"SearchAction","target":{"@type":"EntryPoint","urlTemplate":"https:\/\/dmcsrb.com\/?s={search_term_string}"},"query-input":{"@type":"PropertyValueSpecification","valueRequired":true,"valueName":"search_term_string"}}],"inLanguage":"en-GB"},{"@type":"Person","@id":"https:\/\/dmcsrb.com\/#\/schema\/person\/5c39170f12db1b8b457732d0b5c854e2","name":"dmcsrbija.com@gmail.com","image":{"@type":"ImageObject","inLanguage":"en-GB","@id":"https:\/\/secure.gravatar.com\/avatar\/68592660ad6347fad0fb587f8d5d8f1a7b44961362f56e4f2cd524feb87e9069?s=96&d=mm&r=g","url":"https:\/\/secure.gravatar.com\/avatar\/68592660ad6347fad0fb587f8d5d8f1a7b44961362f56e4f2cd524feb87e9069?s=96&d=mm&r=g","contentUrl":"https:\/\/secure.gravatar.com\/avatar\/68592660ad6347fad0fb587f8d5d8f1a7b44961362f56e4f2cd524feb87e9069?s=96&d=mm&r=g","caption":"dmcsrbija.com@gmail.com"},"sameAs":["https:\/\/dmcsrb.com"],"url":"https:\/\/dmcsrb.com\/en\/author\/dmcsrbija-comgmail-com\/"}]}},"_links":{"self":[{"href":"https:\/\/dmcsrb.com\/en\/wp-json\/wp\/v2\/posts\/956219","targetHints":{"allow":["GET"]}}],"collection":[{"href":"https:\/\/dmcsrb.com\/en\/wp-json\/wp\/v2\/posts"}],"about":[{"href":"https:\/\/dmcsrb.com\/en\/wp-json\/wp\/v2\/types\/post"}],"author":[{"embeddable":true,"href":"https:\/\/dmcsrb.com\/en\/wp-json\/wp\/v2\/users\/1"}],"replies":[{"embeddable":true,"href":"https:\/\/dmcsrb.com\/en\/wp-json\/wp\/v2\/comments?post=956219"}],"version-history":[{"count":0,"href":"https:\/\/dmcsrb.com\/en\/wp-json\/wp\/v2\/posts\/956219\/revisions"}],"wp:featuredmedia":[{"embeddable":true,"href":"https:\/\/dmcsrb.com\/en\/wp-json\/wp\/v2\/media\/951169"}],"wp:attachment":[{"href":"https:\/\/dmcsrb.com\/en\/wp-json\/wp\/v2\/media?parent=956219"}],"wp:term":[{"taxonomy":"category","embeddable":true,"href":"https:\/\/dmcsrb.com\/en\/wp-json\/wp\/v2\/categories?post=956219"},{"taxonomy":"post_tag","embeddable":true,"href":"https:\/\/dmcsrb.com\/en\/wp-json\/wp\/v2\/tags?post=956219"},{"taxonomy":"naslovna","embeddable":true,"href":"https:\/\/dmcsrb.com\/en\/wp-json\/wp\/v2\/naslovna?post=956219"}],"curies":[{"name":"wp","href":"https:\/\/api.w.org\/{rel}","templated":true}]}}