{"id":956186,"date":"2025-10-06T17:11:14","date_gmt":"2025-10-06T15:11:14","guid":{"rendered":"https:\/\/dmcsrb.com\/uncategorized\/povecanje-fonda-za-javni-konkurs-za-djecu-i-mlade-potvrda-dosljedne-politike-ministarstva-kulture-i-medija\/"},"modified":"2025-10-06T17:11:14","modified_gmt":"2025-10-06T15:11:14","slug":"povecanje-fonda-za-javni-konkurs-za-djecu-i-mlade-potvrda-dosljedne-politike-ministarstva-kulture-i-medija","status":"publish","type":"post","link":"https:\/\/dmcsrb.com\/en\/drustvo\/povecanje-fonda-za-javni-konkurs-za-djecu-i-mlade-potvrda-dosljedne-politike-ministarstva-kulture-i-medija\/","title":{"rendered":"Pove\u0107anje fonda za Javni konkurs za djecu i mlade potvrda dosljedne politike Ministarstva kulture i medija"},"content":{"rendered":"<p><\/p>\n\n\n\n<p>To je saop\u0161tila<strong>&nbsp;savjetnica za festivale i manifestacije u Ministarstvu kulture i medija Svetlana Vi\u0161nji\u0107,&nbsp;<\/strong>podsje\u0107aju\u0107i da se prijave za konkurs podnose do 19. oktobra.<\/p>\n\n\n\n<p>\u201ePro\u0161le godine Ministarstvo kulture i medija je sa 150 hiljada eura sufinansiralo \u010dak 32 projekta.&nbsp;&nbsp;Ove godine raspisali smo novi konkurs, sa fondom od 250 hiljada eura. To pove\u0107anje nije samo brojka ve\u0107 potvrda na\u0161e sna\u017ene politike da kultura bude dostupna svoj djeci i mladima u Crnoj Gori\u201c, istakla je Vi\u0161nji\u0107.<\/p>\n\n\n\n<p>Prema njenim rije\u010dima, cilj ovog konkursa je izgradnja mostova izme\u0111u nosilaca kulturne djelatnosti i djece i mladih, kako bismo afirmisali i za\u0161titili njihova prava na pristup kulturi i slobodu umjetni\u010dkog izra\u017eavanja.<\/p>\n\n\n\n<p>\u201eKroz ovaj program, prije svega \u017eelimo da: obezbijedimo kvalitetne kulturne sadr\u017eaje namijenjene djeci i mladima, uklju\u010dimo ih u rad i programe institucija kulture, podr\u017eimo razvoj njihove kreativnosti i direktno u\u010de\u0161\u0107e u realizaciji projekata, te podstaknemo mobilnost i razmjenu kulturnih sadr\u017eaja \u0161irom Crne Gore\u201c, navela je Vi\u0161nji\u0107.<\/p>\n\n\n\n<p>Istakla je da je va\u017ean zadatak na kojem tim Ministarstva kulture i medija kontinuirano radi ja\u010danje i afirmacija konkursnih linija koje mogu doprinijeti realizaciji va\u0161ih ideja i projekata, ali obogatiti kulturnu ponudu.<\/p>\n\n\n\n<p>\u201eZato uspjeh konkursnih politika mjerimo i&nbsp;&nbsp;brojem pristiglih prijava koje nam svejedoce da imate povjerenje u na\u0161 sistem. Povezati institucije kulture i stvaraoce sa najmla\u0111om publikom, osigurati da djeca i mladi imaju pristup sadr\u017eajima koji oboga\u0107uju njihovo razumijevanje &#8211; istorije, naslje\u0111a, nase danasnjice i umjetnosti &#8211; e, to je na\u0161 zadatak\u201c, kazala je Vi\u0161nji\u0107.<\/p>\n\n\n\n<p>Ona je pozvala sve stvaraoce, institucije i organizacije da prijave projekte koji, kako je navela, inspiri\u0161u, povezuju i osna\u017euju djecu i mlade<\/p>\n\n\n\n<p>\u201eUlaganje u njihovu kreativnost zna\u010di ulaganje u budu\u0107nost na\u0161e kulture\u201c, poru\u010dila je Vi\u0161nji\u0107.<\/p>\n\n\n\n<p>Vi\u0161e detalja o konkursu dostupno je na linku:&nbsp;<a href=\"https:\/\/www.gov.me\/clanak\/javni-konkurs-za-djecu-i-mlade-programi-za-djecu-i-mlade-u-2025-godini\">https:\/\/www.gov.me\/clanak\/javni-konkurs-za-djecu-i-mlade-programi-za-djecu-i-mlade-u-2025-godini<\/a><\/p>","protected":false},"excerpt":{"rendered":"<p>Pove\u0107anje fonda za Javni konkurs za djecu i mlade za 100 hiljada eura nije samo brojka, ve\u0107 jasna potvrda dosljedne politike Ministarstva kulture i medija da kultura bude dostupna svoj djeci i mladima u Crnoj Gori.<\/p>","protected":false},"author":1,"featured_media":956187,"comment_status":"open","ping_status":"open","sticky":false,"template":"","format":"standard","meta":{"_acf_changed":false,"footnotes":""},"categories":[2],"tags":[10472,909],"naslovna":[],"class_list":["post-956186","post","type-post","status-publish","format-standard","has-post-thumbnail","hentry","category-drustvo","tag-fond-za-javni-konkurs-za-djecu-i-mlade","tag-mkm"],"acf":[],"yoast_head":"<!-- This site is optimized with the Yoast SEO plugin v27.4 - https:\/\/yoast.com\/product\/yoast-seo-wordpress\/ -->\n<title>Pove\u0107anje fonda za Javni konkurs za djecu i mlade potvrda dosljedne politike Ministarstva kulture i medija - dmcsrb.com<\/title>\n<meta name=\"robots\" content=\"index, follow, max-snippet:-1, max-image-preview:large, max-video-preview:-1\" \/>\n<link rel=\"canonical\" href=\"https:\/\/dmcsrb.com\/en\/drustvo\/povecanje-fonda-za-javni-konkurs-za-djecu-i-mlade-potvrda-dosljedne-politike-ministarstva-kulture-i-medija\/\" \/>\n<meta property=\"og:locale\" content=\"en_GB\" \/>\n<meta property=\"og:type\" content=\"article\" \/>\n<meta property=\"og:title\" content=\"Pove\u0107anje fonda za Javni konkurs za djecu i mlade potvrda dosljedne politike Ministarstva kulture i medija - dmcsrb.com\" \/>\n<meta property=\"og:description\" content=\"Pove\u0107anje fonda za Javni konkurs za djecu i mlade za 100 hiljada eura nije samo brojka, ve\u0107 jasna potvrda dosljedne politike Ministarstva kulture i medija da kultura bude dostupna svoj djeci i mladima u Crnoj Gori.\" \/>\n<meta property=\"og:url\" content=\"https:\/\/dmcsrb.com\/en\/drustvo\/povecanje-fonda-za-javni-konkurs-za-djecu-i-mlade-potvrda-dosljedne-politike-ministarstva-kulture-i-medija\/\" \/>\n<meta property=\"og:site_name\" content=\"dmcsrb.com\" \/>\n<meta property=\"article:published_time\" content=\"2025-10-06T15:11:14+00:00\" \/>\n<meta property=\"og:image\" content=\"https:\/\/dmcsrb.com\/wp-content\/uploads\/2026\/01\/slika-10-06-12-41-40.webp\" \/>\n\t<meta property=\"og:image:width\" content=\"1140\" \/>\n\t<meta property=\"og:image:height\" content=\"650\" \/>\n\t<meta property=\"og:image:type\" content=\"image\/jpeg\" \/>\n<meta name=\"author\" content=\"dmcsrbija.com@gmail.com\" \/>\n<meta name=\"twitter:card\" content=\"summary_large_image\" \/>\n<meta name=\"twitter:label1\" content=\"Written by\" \/>\n\t<meta name=\"twitter:data1\" content=\"dmcsrbija.com@gmail.com\" \/>\n\t<meta name=\"twitter:label2\" content=\"Estimated reading time\" \/>\n\t<meta name=\"twitter:data2\" content=\"2 minutes\" \/>\n<script type=\"application\/ld+json\" class=\"yoast-schema-graph\">{\"@context\":\"https:\\\/\\\/schema.org\",\"@graph\":[{\"@type\":\"Article\",\"@id\":\"https:\\\/\\\/dmcsrb.com\\\/drustvo\\\/povecanje-fonda-za-javni-konkurs-za-djecu-i-mlade-potvrda-dosljedne-politike-ministarstva-kulture-i-medija\\\/#article\",\"isPartOf\":{\"@id\":\"https:\\\/\\\/dmcsrb.com\\\/drustvo\\\/povecanje-fonda-za-javni-konkurs-za-djecu-i-mlade-potvrda-dosljedne-politike-ministarstva-kulture-i-medija\\\/\"},\"author\":{\"name\":\"dmcsrbija.com@gmail.com\",\"@id\":\"https:\\\/\\\/dmcsrb.com\\\/#\\\/schema\\\/person\\\/5c39170f12db1b8b457732d0b5c854e2\"},\"headline\":\"Pove\u0107anje fonda za Javni konkurs za djecu i mlade potvrda dosljedne politike Ministarstva kulture i medija\",\"datePublished\":\"2025-10-06T15:11:14+00:00\",\"mainEntityOfPage\":{\"@id\":\"https:\\\/\\\/dmcsrb.com\\\/drustvo\\\/povecanje-fonda-za-javni-konkurs-za-djecu-i-mlade-potvrda-dosljedne-politike-ministarstva-kulture-i-medija\\\/\"},\"wordCount\":346,\"commentCount\":0,\"image\":{\"@id\":\"https:\\\/\\\/dmcsrb.com\\\/drustvo\\\/povecanje-fonda-za-javni-konkurs-za-djecu-i-mlade-potvrda-dosljedne-politike-ministarstva-kulture-i-medija\\\/#primaryimage\"},\"thumbnailUrl\":\"https:\\\/\\\/dmcsrb.com\\\/wp-content\\\/uploads\\\/2026\\\/01\\\/slika-10-06-12-41-40.webp\",\"keywords\":[\"fond za Javni konkurs za djecu i mlade\",\"MKM\"],\"articleSection\":[\"Dru\u0161tvo\"],\"inLanguage\":\"en-GB\",\"potentialAction\":[{\"@type\":\"CommentAction\",\"name\":\"Comment\",\"target\":[\"https:\\\/\\\/dmcsrb.com\\\/drustvo\\\/povecanje-fonda-za-javni-konkurs-za-djecu-i-mlade-potvrda-dosljedne-politike-ministarstva-kulture-i-medija\\\/#respond\"]}]},{\"@type\":\"WebPage\",\"@id\":\"https:\\\/\\\/dmcsrb.com\\\/drustvo\\\/povecanje-fonda-za-javni-konkurs-za-djecu-i-mlade-potvrda-dosljedne-politike-ministarstva-kulture-i-medija\\\/\",\"url\":\"https:\\\/\\\/dmcsrb.com\\\/drustvo\\\/povecanje-fonda-za-javni-konkurs-za-djecu-i-mlade-potvrda-dosljedne-politike-ministarstva-kulture-i-medija\\\/\",\"name\":\"Pove\u0107anje fonda za Javni konkurs za djecu i mlade potvrda dosljedne politike Ministarstva kulture i medija - dmcsrb.com\",\"isPartOf\":{\"@id\":\"https:\\\/\\\/dmcsrb.com\\\/#website\"},\"primaryImageOfPage\":{\"@id\":\"https:\\\/\\\/dmcsrb.com\\\/drustvo\\\/povecanje-fonda-za-javni-konkurs-za-djecu-i-mlade-potvrda-dosljedne-politike-ministarstva-kulture-i-medija\\\/#primaryimage\"},\"image\":{\"@id\":\"https:\\\/\\\/dmcsrb.com\\\/drustvo\\\/povecanje-fonda-za-javni-konkurs-za-djecu-i-mlade-potvrda-dosljedne-politike-ministarstva-kulture-i-medija\\\/#primaryimage\"},\"thumbnailUrl\":\"https:\\\/\\\/dmcsrb.com\\\/wp-content\\\/uploads\\\/2026\\\/01\\\/slika-10-06-12-41-40.webp\",\"datePublished\":\"2025-10-06T15:11:14+00:00\",\"author\":{\"@id\":\"https:\\\/\\\/dmcsrb.com\\\/#\\\/schema\\\/person\\\/5c39170f12db1b8b457732d0b5c854e2\"},\"breadcrumb\":{\"@id\":\"https:\\\/\\\/dmcsrb.com\\\/drustvo\\\/povecanje-fonda-za-javni-konkurs-za-djecu-i-mlade-potvrda-dosljedne-politike-ministarstva-kulture-i-medija\\\/#breadcrumb\"},\"inLanguage\":\"en-GB\",\"potentialAction\":[{\"@type\":\"ReadAction\",\"target\":[\"https:\\\/\\\/dmcsrb.com\\\/drustvo\\\/povecanje-fonda-za-javni-konkurs-za-djecu-i-mlade-potvrda-dosljedne-politike-ministarstva-kulture-i-medija\\\/\"]}]},{\"@type\":\"ImageObject\",\"inLanguage\":\"en-GB\",\"@id\":\"https:\\\/\\\/dmcsrb.com\\\/drustvo\\\/povecanje-fonda-za-javni-konkurs-za-djecu-i-mlade-potvrda-dosljedne-politike-ministarstva-kulture-i-medija\\\/#primaryimage\",\"url\":\"https:\\\/\\\/dmcsrb.com\\\/wp-content\\\/uploads\\\/2026\\\/01\\\/slika-10-06-12-41-40.webp\",\"contentUrl\":\"https:\\\/\\\/dmcsrb.com\\\/wp-content\\\/uploads\\\/2026\\\/01\\\/slika-10-06-12-41-40.webp\",\"width\":1140,\"height\":650},{\"@type\":\"BreadcrumbList\",\"@id\":\"https:\\\/\\\/dmcsrb.com\\\/drustvo\\\/povecanje-fonda-za-javni-konkurs-za-djecu-i-mlade-potvrda-dosljedne-politike-ministarstva-kulture-i-medija\\\/#breadcrumb\",\"itemListElement\":[{\"@type\":\"ListItem\",\"position\":1,\"name\":\"Home\",\"item\":\"https:\\\/\\\/dmcsrb.com\\\/\"},{\"@type\":\"ListItem\",\"position\":2,\"name\":\"Pove\u0107anje fonda za Javni konkurs za djecu i mlade potvrda dosljedne politike Ministarstva kulture i medija\"}]},{\"@type\":\"WebSite\",\"@id\":\"https:\\\/\\\/dmcsrb.com\\\/#website\",\"url\":\"https:\\\/\\\/dmcsrb.com\\\/\",\"name\":\"dmcsrb.com\",\"description\":\"\",\"potentialAction\":[{\"@type\":\"SearchAction\",\"target\":{\"@type\":\"EntryPoint\",\"urlTemplate\":\"https:\\\/\\\/dmcsrb.com\\\/?s={search_term_string}\"},\"query-input\":{\"@type\":\"PropertyValueSpecification\",\"valueRequired\":true,\"valueName\":\"search_term_string\"}}],\"inLanguage\":\"en-GB\"},{\"@type\":\"Person\",\"@id\":\"https:\\\/\\\/dmcsrb.com\\\/#\\\/schema\\\/person\\\/5c39170f12db1b8b457732d0b5c854e2\",\"name\":\"dmcsrbija.com@gmail.com\",\"image\":{\"@type\":\"ImageObject\",\"inLanguage\":\"en-GB\",\"@id\":\"https:\\\/\\\/secure.gravatar.com\\\/avatar\\\/68592660ad6347fad0fb587f8d5d8f1a7b44961362f56e4f2cd524feb87e9069?s=96&d=mm&r=g\",\"url\":\"https:\\\/\\\/secure.gravatar.com\\\/avatar\\\/68592660ad6347fad0fb587f8d5d8f1a7b44961362f56e4f2cd524feb87e9069?s=96&d=mm&r=g\",\"contentUrl\":\"https:\\\/\\\/secure.gravatar.com\\\/avatar\\\/68592660ad6347fad0fb587f8d5d8f1a7b44961362f56e4f2cd524feb87e9069?s=96&d=mm&r=g\",\"caption\":\"dmcsrbija.com@gmail.com\"},\"sameAs\":[\"https:\\\/\\\/dmcsrb.com\"],\"url\":\"https:\\\/\\\/dmcsrb.com\\\/en\\\/author\\\/dmcsrbija-comgmail-com\\\/\"}]}<\/script>\n<!-- \/ Yoast SEO plugin. -->","yoast_head_json":{"title":"Pove\u0107anje fonda za Javni konkurs za djecu i mlade potvrda dosljedne politike Ministarstva kulture i medija - dmcsrb.com","robots":{"index":"index","follow":"follow","max-snippet":"max-snippet:-1","max-image-preview":"max-image-preview:large","max-video-preview":"max-video-preview:-1"},"canonical":"https:\/\/dmcsrb.com\/en\/drustvo\/povecanje-fonda-za-javni-konkurs-za-djecu-i-mlade-potvrda-dosljedne-politike-ministarstva-kulture-i-medija\/","og_locale":"en_GB","og_type":"article","og_title":"Pove\u0107anje fonda za Javni konkurs za djecu i mlade potvrda dosljedne politike Ministarstva kulture i medija - dmcsrb.com","og_description":"Pove\u0107anje fonda za Javni konkurs za djecu i mlade za 100 hiljada eura nije samo brojka, ve\u0107 jasna potvrda dosljedne politike Ministarstva kulture i medija da kultura bude dostupna svoj djeci i mladima u Crnoj Gori.","og_url":"https:\/\/dmcsrb.com\/en\/drustvo\/povecanje-fonda-za-javni-konkurs-za-djecu-i-mlade-potvrda-dosljedne-politike-ministarstva-kulture-i-medija\/","og_site_name":"dmcsrb.com","article_published_time":"2025-10-06T15:11:14+00:00","og_image":[{"width":1140,"height":650,"url":"https:\/\/dmcsrb.com\/wp-content\/uploads\/2026\/01\/slika-10-06-12-41-40.webp","type":"image\/jpeg"}],"author":"dmcsrbija.com@gmail.com","twitter_card":"summary_large_image","twitter_misc":{"Written by":"dmcsrbija.com@gmail.com","Estimated reading time":"2 minutes"},"schema":{"@context":"https:\/\/schema.org","@graph":[{"@type":"Article","@id":"https:\/\/dmcsrb.com\/drustvo\/povecanje-fonda-za-javni-konkurs-za-djecu-i-mlade-potvrda-dosljedne-politike-ministarstva-kulture-i-medija\/#article","isPartOf":{"@id":"https:\/\/dmcsrb.com\/drustvo\/povecanje-fonda-za-javni-konkurs-za-djecu-i-mlade-potvrda-dosljedne-politike-ministarstva-kulture-i-medija\/"},"author":{"name":"dmcsrbija.com@gmail.com","@id":"https:\/\/dmcsrb.com\/#\/schema\/person\/5c39170f12db1b8b457732d0b5c854e2"},"headline":"Pove\u0107anje fonda za Javni konkurs za djecu i mlade potvrda dosljedne politike Ministarstva kulture i medija","datePublished":"2025-10-06T15:11:14+00:00","mainEntityOfPage":{"@id":"https:\/\/dmcsrb.com\/drustvo\/povecanje-fonda-za-javni-konkurs-za-djecu-i-mlade-potvrda-dosljedne-politike-ministarstva-kulture-i-medija\/"},"wordCount":346,"commentCount":0,"image":{"@id":"https:\/\/dmcsrb.com\/drustvo\/povecanje-fonda-za-javni-konkurs-za-djecu-i-mlade-potvrda-dosljedne-politike-ministarstva-kulture-i-medija\/#primaryimage"},"thumbnailUrl":"https:\/\/dmcsrb.com\/wp-content\/uploads\/2026\/01\/slika-10-06-12-41-40.webp","keywords":["fond za Javni konkurs za djecu i mlade","MKM"],"articleSection":["Dru\u0161tvo"],"inLanguage":"en-GB","potentialAction":[{"@type":"CommentAction","name":"Comment","target":["https:\/\/dmcsrb.com\/drustvo\/povecanje-fonda-za-javni-konkurs-za-djecu-i-mlade-potvrda-dosljedne-politike-ministarstva-kulture-i-medija\/#respond"]}]},{"@type":"WebPage","@id":"https:\/\/dmcsrb.com\/drustvo\/povecanje-fonda-za-javni-konkurs-za-djecu-i-mlade-potvrda-dosljedne-politike-ministarstva-kulture-i-medija\/","url":"https:\/\/dmcsrb.com\/drustvo\/povecanje-fonda-za-javni-konkurs-za-djecu-i-mlade-potvrda-dosljedne-politike-ministarstva-kulture-i-medija\/","name":"Pove\u0107anje fonda za Javni konkurs za djecu i mlade potvrda dosljedne politike Ministarstva kulture i medija - dmcsrb.com","isPartOf":{"@id":"https:\/\/dmcsrb.com\/#website"},"primaryImageOfPage":{"@id":"https:\/\/dmcsrb.com\/drustvo\/povecanje-fonda-za-javni-konkurs-za-djecu-i-mlade-potvrda-dosljedne-politike-ministarstva-kulture-i-medija\/#primaryimage"},"image":{"@id":"https:\/\/dmcsrb.com\/drustvo\/povecanje-fonda-za-javni-konkurs-za-djecu-i-mlade-potvrda-dosljedne-politike-ministarstva-kulture-i-medija\/#primaryimage"},"thumbnailUrl":"https:\/\/dmcsrb.com\/wp-content\/uploads\/2026\/01\/slika-10-06-12-41-40.webp","datePublished":"2025-10-06T15:11:14+00:00","author":{"@id":"https:\/\/dmcsrb.com\/#\/schema\/person\/5c39170f12db1b8b457732d0b5c854e2"},"breadcrumb":{"@id":"https:\/\/dmcsrb.com\/drustvo\/povecanje-fonda-za-javni-konkurs-za-djecu-i-mlade-potvrda-dosljedne-politike-ministarstva-kulture-i-medija\/#breadcrumb"},"inLanguage":"en-GB","potentialAction":[{"@type":"ReadAction","target":["https:\/\/dmcsrb.com\/drustvo\/povecanje-fonda-za-javni-konkurs-za-djecu-i-mlade-potvrda-dosljedne-politike-ministarstva-kulture-i-medija\/"]}]},{"@type":"ImageObject","inLanguage":"en-GB","@id":"https:\/\/dmcsrb.com\/drustvo\/povecanje-fonda-za-javni-konkurs-za-djecu-i-mlade-potvrda-dosljedne-politike-ministarstva-kulture-i-medija\/#primaryimage","url":"https:\/\/dmcsrb.com\/wp-content\/uploads\/2026\/01\/slika-10-06-12-41-40.webp","contentUrl":"https:\/\/dmcsrb.com\/wp-content\/uploads\/2026\/01\/slika-10-06-12-41-40.webp","width":1140,"height":650},{"@type":"BreadcrumbList","@id":"https:\/\/dmcsrb.com\/drustvo\/povecanje-fonda-za-javni-konkurs-za-djecu-i-mlade-potvrda-dosljedne-politike-ministarstva-kulture-i-medija\/#breadcrumb","itemListElement":[{"@type":"ListItem","position":1,"name":"Home","item":"https:\/\/dmcsrb.com\/"},{"@type":"ListItem","position":2,"name":"Pove\u0107anje fonda za Javni konkurs za djecu i mlade potvrda dosljedne politike Ministarstva kulture i medija"}]},{"@type":"WebSite","@id":"https:\/\/dmcsrb.com\/#website","url":"https:\/\/dmcsrb.com\/","name":"dmcsrb.com","description":"","potentialAction":[{"@type":"SearchAction","target":{"@type":"EntryPoint","urlTemplate":"https:\/\/dmcsrb.com\/?s={search_term_string}"},"query-input":{"@type":"PropertyValueSpecification","valueRequired":true,"valueName":"search_term_string"}}],"inLanguage":"en-GB"},{"@type":"Person","@id":"https:\/\/dmcsrb.com\/#\/schema\/person\/5c39170f12db1b8b457732d0b5c854e2","name":"dmcsrbija.com@gmail.com","image":{"@type":"ImageObject","inLanguage":"en-GB","@id":"https:\/\/secure.gravatar.com\/avatar\/68592660ad6347fad0fb587f8d5d8f1a7b44961362f56e4f2cd524feb87e9069?s=96&d=mm&r=g","url":"https:\/\/secure.gravatar.com\/avatar\/68592660ad6347fad0fb587f8d5d8f1a7b44961362f56e4f2cd524feb87e9069?s=96&d=mm&r=g","contentUrl":"https:\/\/secure.gravatar.com\/avatar\/68592660ad6347fad0fb587f8d5d8f1a7b44961362f56e4f2cd524feb87e9069?s=96&d=mm&r=g","caption":"dmcsrbija.com@gmail.com"},"sameAs":["https:\/\/dmcsrb.com"],"url":"https:\/\/dmcsrb.com\/en\/author\/dmcsrbija-comgmail-com\/"}]}},"_links":{"self":[{"href":"https:\/\/dmcsrb.com\/en\/wp-json\/wp\/v2\/posts\/956186","targetHints":{"allow":["GET"]}}],"collection":[{"href":"https:\/\/dmcsrb.com\/en\/wp-json\/wp\/v2\/posts"}],"about":[{"href":"https:\/\/dmcsrb.com\/en\/wp-json\/wp\/v2\/types\/post"}],"author":[{"embeddable":true,"href":"https:\/\/dmcsrb.com\/en\/wp-json\/wp\/v2\/users\/1"}],"replies":[{"embeddable":true,"href":"https:\/\/dmcsrb.com\/en\/wp-json\/wp\/v2\/comments?post=956186"}],"version-history":[{"count":0,"href":"https:\/\/dmcsrb.com\/en\/wp-json\/wp\/v2\/posts\/956186\/revisions"}],"wp:featuredmedia":[{"embeddable":true,"href":"https:\/\/dmcsrb.com\/en\/wp-json\/wp\/v2\/media\/956187"}],"wp:attachment":[{"href":"https:\/\/dmcsrb.com\/en\/wp-json\/wp\/v2\/media?parent=956186"}],"wp:term":[{"taxonomy":"category","embeddable":true,"href":"https:\/\/dmcsrb.com\/en\/wp-json\/wp\/v2\/categories?post=956186"},{"taxonomy":"post_tag","embeddable":true,"href":"https:\/\/dmcsrb.com\/en\/wp-json\/wp\/v2\/tags?post=956186"},{"taxonomy":"naslovna","embeddable":true,"href":"https:\/\/dmcsrb.com\/en\/wp-json\/wp\/v2\/naslovna?post=956186"}],"curies":[{"name":"wp","href":"https:\/\/api.w.org\/{rel}","templated":true}]}}