{"id":956167,"date":"2025-10-06T14:51:13","date_gmt":"2025-10-06T12:51:13","guid":{"rendered":"https:\/\/dmcsrb.com\/uncategorized\/djeljosaj-vlada-prati-situaciju-po-pitanju-inflacije\/"},"modified":"2025-10-06T14:51:13","modified_gmt":"2025-10-06T12:51:13","slug":"djeljosaj-vlada-prati-situaciju-po-pitanju-inflacije","status":"publish","type":"post","link":"https:\/\/dmcsrb.com\/en\/ekonomija\/djeljosaj-vlada-prati-situaciju-po-pitanju-inflacije\/","title":{"rendered":"\u0110eljo\u0161aj: Vlada prati situaciju po pitanju inflacije"},"content":{"rendered":"<p>On je, na kontrolnom saslu\u0161anju na sjednici skup\u0161tinskog Odbora za ekonomiju, finansije i bud\u017eet, na temu Inflacija u Crnoj Gori i njeni efekti na \u017eivotni standard gra\u0111ana, kazao da smatra da on nije nadle\u017eni ministar kome bi trebalo postaviti to pitanje.<\/p>\n\n\n\n<p>\u201cHvala na pozivu, ali moram ista\u0107i da sigurno nijesam nadle\u017ean za ovo pitanje. Na\u0161e Ministarstvo radi normiranje, dok se mjere donose kroz program ekonomskih reformi, koje priprema i sprovodi Ministarstvo finansija\u201d, naveo je \u0110eljo\u0161aj.<\/p>\n\n\n\n<p>On je podsjetio na ranija istra\u017eivanja, koja su pokazala da je inflacija u Crnoj Gori uvozna i da su na nju doma\u0107i faktori uticali u manjoj mjeri.<\/p>\n\n\n\n<p>\u201cAko analiziramo region, odnosno Srbiju i Hrvatsku na koje se oslanjamo kada je u pitanju prehrambena industrija, i oni su na sli\u010dnom nivou kada je u pitanju inflacija\u201d, rekao je\u0110eljo\u0161aj.<\/p>\n\n\n\n<p>On je dodao da ima jo\u0161 uzroka koji su uticali na inflaciju, kao \u0161to su mjere koje je Skup\u0161tina usvojila na predlog Vlade, a koje su podrazumijevale dodatno oporezivanje u nekoliko sektora.<\/p>\n\n\n\n<p>\u0110eljo\u0161aj se osvrnuo i na predlog zaklju\u010daka koji je Odbor dostavio Vladi i privredi i u tom smislu ponovio da su predstavnici Ministarstva imali u kontinuitetu sastanke sa udru\u017eenjima poslodavaca i trgova\u010dkih lanaca, sa kojima analiziraju stanje i biznis barijere.<\/p>\n\n\n\n<p>\u201cI to \u0107emo i dalje nastaviti da radimo\u201d, poru\u010dio je \u0110eljo\u0161aj.<\/p>\n\n\n\n<p>On je dodao da je pove\u0107ana podr\u0161ka doma\u0107oj proizvodnji i da su odre\u0111ena sredstva preusmjerena za proizvodnju u prehrambenoj industriji. Za narednu godinu su, kako je najavio, predvi\u0111ena dodatna pove\u0107anja.<\/p>\n\n\n\n<p>\u201cSvaki cent koji bude i\u0161ao u program razvoja konkurentnosti privrede i Agrobud\u017eet se vra\u0107a dr\u017eavi vi\u0161etstruko u odnosu na ono \u0161to se investira\u201d, poru\u010dio je \u0110eljo\u0161aj.<\/p>\n\n\n\n<p>On je naveo da se radilo i na vidljivosti doma\u0107ih proizvoda u marketima, te da&nbsp;podr\u017eava smanjenje nameta za zdrave proizvode \u2013 konkretno PDV-a na vo\u0107e i povr\u0107e.<\/p>\n\n\n\n<p>Poslanik Pokreta Evropa sad,&nbsp;<strong>Ton\u0107i Janovi\u0107,<\/strong>&nbsp;smatra da se vodi medijska hajka kada je rije\u010d o skoku inflaciji i njenom uticaju na \u017eivotni standard gra\u0111ana, a da se zanemaruju rezultati Vlade po pitanju pove\u0107anju zarada.<\/p>\n\n\n\n<p>On je kazao da je inflacija u Crnoj Gori definitivno problem, kao i da je pred Vladom izazov kako da stane na kraj trgova\u010dkim lancima prilikom formiranja cijena.<\/p>\n\n\n\n<p>Poslanik Gra\u0111anskog pokreta URA,<strong>&nbsp;Milo\u0161 Konatar,<\/strong>&nbsp;rekao je da je kontrolno saslu\u0161anje organizovano kako bi se dobile informacije o tome \u0161ta Vlada namjerava da uradi da zaustavi rast cijena koji je obesmislio pove\u0107anje zarada u Crnoj Gori.<\/p>\n\n\n\n<p>On smatra da Vlada nema strategiju, niti mjere koje bi doprinijele smanjenju inflacije, te da o\u010dekuje da se \u201estvar zavr\u0161i sama od sebe\u201c.<\/p>\n\n\n\n<p>Poslanik Demokratske partije socijalista (DPS),<strong>&nbsp;Mihailo An\u0111u\u0161i\u0107,<\/strong>&nbsp;rekao je da bi Vlada vrlo rado snizila cijene proizvoda i usluga, ali da onda ne bi imala od \u010dega da se finansira.<\/p>\n\n\n\n<p>\u201eZnate li kakav bi nama onda bio bud\u017eet i podaci o deficitu\u201c, upitao je An\u0111u\u0161i\u0107 i dodao da ukoliko nijesu istiniti zvani\u010dni podaci o rastu inflacije, onda vlast to treba da demantuje.<\/p>\n\n\n\n<p>On je saop\u0161tio da je sjednica sazvana zato \u0161to je inflacija u Crnoj Gori dvostruko ve\u0107a nego u dr\u017eavama EU, zbog \u010dega Vlada mora \u0161to hitnije da reagije i preduzme odre\u0111ene mjere.<\/p>\n\n\n\n<p>An\u0111u\u0161i\u0107 je poru\u010dio i da gra\u0111ani ne treba da o\u010dekuju pad inflacije dok god je na vlasti postoje\u0107a garnitura, jer njima to odgovara.<\/p>\n\n\n\n<p>Poslanik Pokreta Evropa sad,&nbsp;<strong>Dra\u017een Petri\u0107,<\/strong>&nbsp;kazao je da je evidentno da su cijene proizvoda i usluga porasle, ali da gra\u0111ani, ipak, tvrde da se, bez obzira na to, danas \u017eivi mnogo bolje nego prije par godina.<\/p>\n\n\n\n<p>On smatra da se taj problem poku\u0161ava dodatno ista\u0107i.<\/p>\n\n\n\n<p>Poslanik DPS-a,&nbsp;<strong>Nikola Milovi\u0107,<\/strong>&nbsp;rekao je da su svi na istom zadatku \u2013 kako da se preduprijede negativne posljedice inflacije.<\/p>\n\n\n\n<p>On je objasnio da je fundamentalni uzrok inflacije nizak nivo konkurentnosti crnogorske privrede, ondosno slaba pokrivenost uvoza izvozom.<\/p>\n\n\n\n<p>\u201eTo je fijsako crnogorske ekonomije\u201c, rekao je Milovi\u0107 i dodao da je drugi uzrok inflacije poku\u0161aj da se taj problem rije\u0161i administrativnim mjerama, koje su kratkoro\u010dne i negativno uti\u010du na tr\u017ei\u0161nu utakmicu.<\/p>\n\n\n\n<p>On smatra da se Vlada nije dovoljno bavila dominantnim polo\u017eajem u Crnoj Gori i pove\u0107anjem konkurentnosti, dok je produktivnost bila izuzetno niska.<\/p>\n\n\n\n<p>\u201eCrnogorska ekonomija je pregrijana\u201c, poru\u010dio je Milovi\u0107.<\/p>\n\n\n\n<p>Predsjednik Odbora za ekonomiju finansije i bud\u017eet i poslanik Socijaldemokrata,&nbsp;<strong>Boris Mugo\u0161a,<\/strong>&nbsp;saop\u0161tio je da 74 odsto zaposlenih u Crnoj Gori ima zarade ispod prosje\u010dne, te da njih mnogo vi\u0161e poga\u0111a podatak o stopi inflacije.<\/p>\n\n\n\n<p>On je dodao i da 72 odsto penzionera u Crnoj Gori ima penziju do prosje\u010dne penzije, a 95 odsto do prosje\u010dne zarade.<\/p>\n\n\n\n<p>Mugo\u0161a smatra da se podatak o visokoj stopi inflacija ne mo\u017ee stalno pravdati ocjenom da je ona uvozna, jer se onda postavlja pitanje zbog \u010dega Crna Gora toliko uvozi.<\/p>\n\n\n\n<p>On je upozorio i da je rast bruto doma\u0107eg proizvoda (BDP) najni\u017ei u posljednjih osam godina, te da se njegova struktura pogor\u0161ava.<\/p>\n\n\n\n<p>\u201eOvaj model je od velikih u\u010dinio najve\u0107e. Profitirali su trgovi\u010dki lanci, banke, gra\u0111evinske firme, igre na sre\u0107u i telekomunikacione kompanije, ali gro biznisa koji je temelj ekonomije \u2013 pati. Mi izmi\u0161ljamo ekonomske modele, a na\u0161a privrede ne mo\u017ee da podnese razne eksperimente\u201c, poru\u010dio je Mugo\u0161a.<\/p>","protected":false},"excerpt":{"rendered":"<p>Inflacija u Crnoj Gori je dominantno uvozna i sli\u010dna kao u zemljama sa kojima smo najvi\u0161e prehrambeno povezani \u2013 Srbiji i Hrvatskoj, saop\u0161tio je ministar ekonomskog razvoja, Nik \u0110eljo\u0161aj i dodao da kontinuirano sa klju\u010dnim partnerima prate situaciju i odr\u017eavaju sastanke.<\/p>","protected":false},"author":1,"featured_media":912406,"comment_status":"open","ping_status":"open","sticky":false,"template":"","format":"standard","meta":{"_acf_changed":false,"footnotes":""},"categories":[27],"tags":[2512,1275,1319],"naslovna":[],"class_list":["post-956167","post","type-post","status-publish","format-standard","has-post-thumbnail","hentry","category-ekonomija","tag-inflacija","tag-nik-djeljosaj","tag-vlada-crne-gore"],"acf":[],"yoast_head":"<!-- This site is optimized with the Yoast SEO plugin v27.0 - https:\/\/yoast.com\/product\/yoast-seo-wordpress\/ -->\n<title>\u0110eljo\u0161aj: Vlada prati situaciju po pitanju inflacije - dmcsrb.com<\/title>\n<meta name=\"robots\" content=\"index, follow, max-snippet:-1, max-image-preview:large, max-video-preview:-1\" \/>\n<link rel=\"canonical\" href=\"https:\/\/dmcsrb.com\/en\/ekonomija\/djeljosaj-vlada-prati-situaciju-po-pitanju-inflacije\/\" \/>\n<meta property=\"og:locale\" content=\"en_GB\" \/>\n<meta property=\"og:type\" content=\"article\" \/>\n<meta property=\"og:title\" content=\"\u0110eljo\u0161aj: Vlada prati situaciju po pitanju inflacije - dmcsrb.com\" \/>\n<meta property=\"og:description\" content=\"Inflacija u Crnoj Gori je dominantno uvozna i sli\u010dna kao u zemljama sa kojima smo najvi\u0161e prehrambeno povezani \u2013 Srbiji i Hrvatskoj, saop\u0161tio je ministar ekonomskog razvoja, Nik \u0110eljo\u0161aj i dodao da kontinuirano sa klju\u010dnim partnerima prate situaciju i odr\u017eavaju sastanke.\" \/>\n<meta property=\"og:url\" content=\"https:\/\/dmcsrb.com\/en\/ekonomija\/djeljosaj-vlada-prati-situaciju-po-pitanju-inflacije\/\" \/>\n<meta property=\"og:site_name\" content=\"dmcsrb.com\" \/>\n<meta property=\"article:published_time\" content=\"2025-10-06T12:51:13+00:00\" \/>\n<meta property=\"og:image\" content=\"https:\/\/dmcsrb.com\/wp-content\/uploads\/2026\/01\/IMG-20250429-WA0001_598x900.jpg\" \/>\n\t<meta property=\"og:image:width\" content=\"899\" \/>\n\t<meta property=\"og:image:height\" content=\"598\" \/>\n\t<meta property=\"og:image:type\" content=\"image\/jpeg\" \/>\n<meta name=\"author\" content=\"dmcsrbija.com@gmail.com\" \/>\n<meta name=\"twitter:card\" content=\"summary_large_image\" \/>\n<meta name=\"twitter:label1\" content=\"Written by\" \/>\n\t<meta name=\"twitter:data1\" content=\"dmcsrbija.com@gmail.com\" \/>\n\t<meta name=\"twitter:label2\" content=\"Estimated reading time\" \/>\n\t<meta name=\"twitter:data2\" content=\"5 minutes\" \/>\n<script type=\"application\/ld+json\" class=\"yoast-schema-graph\">{\"@context\":\"https:\/\/schema.org\",\"@graph\":[{\"@type\":\"Article\",\"@id\":\"https:\/\/dmcsrb.com\/en\/ekonomija\/djeljosaj-vlada-prati-situaciju-po-pitanju-inflacije\/#article\",\"isPartOf\":{\"@id\":\"https:\/\/dmcsrb.com\/en\/ekonomija\/djeljosaj-vlada-prati-situaciju-po-pitanju-inflacije\/\"},\"author\":{\"name\":\"dmcsrbija.com@gmail.com\",\"@id\":\"https:\/\/dmcsrb.com\/#\/schema\/person\/5c39170f12db1b8b457732d0b5c854e2\"},\"headline\":\"\u0110eljo\u0161aj: Vlada prati situaciju po pitanju inflacije\",\"datePublished\":\"2025-10-06T12:51:13+00:00\",\"mainEntityOfPage\":{\"@id\":\"https:\/\/dmcsrb.com\/en\/ekonomija\/djeljosaj-vlada-prati-situaciju-po-pitanju-inflacije\/\"},\"wordCount\":951,\"commentCount\":0,\"image\":{\"@id\":\"https:\/\/dmcsrb.com\/en\/ekonomija\/djeljosaj-vlada-prati-situaciju-po-pitanju-inflacije\/#primaryimage\"},\"thumbnailUrl\":\"https:\/\/dmcsrb.com\/wp-content\/uploads\/2026\/01\/IMG-20250429-WA0001_598x900.jpg\",\"keywords\":[\"Inflacija\",\"Nik \u0110eljo\u0161aj\",\"Vlada Crne Gore\"],\"articleSection\":[\"Ekonomija\"],\"inLanguage\":\"en-GB\",\"potentialAction\":[{\"@type\":\"CommentAction\",\"name\":\"Comment\",\"target\":[\"https:\/\/dmcsrb.com\/en\/ekonomija\/djeljosaj-vlada-prati-situaciju-po-pitanju-inflacije\/#respond\"]}]},{\"@type\":\"WebPage\",\"@id\":\"https:\/\/dmcsrb.com\/en\/ekonomija\/djeljosaj-vlada-prati-situaciju-po-pitanju-inflacije\/\",\"url\":\"https:\/\/dmcsrb.com\/en\/ekonomija\/djeljosaj-vlada-prati-situaciju-po-pitanju-inflacije\/\",\"name\":\"\u0110eljo\u0161aj: Vlada prati situaciju po pitanju inflacije - dmcsrb.com\",\"isPartOf\":{\"@id\":\"https:\/\/dmcsrb.com\/#website\"},\"primaryImageOfPage\":{\"@id\":\"https:\/\/dmcsrb.com\/en\/ekonomija\/djeljosaj-vlada-prati-situaciju-po-pitanju-inflacije\/#primaryimage\"},\"image\":{\"@id\":\"https:\/\/dmcsrb.com\/en\/ekonomija\/djeljosaj-vlada-prati-situaciju-po-pitanju-inflacije\/#primaryimage\"},\"thumbnailUrl\":\"https:\/\/dmcsrb.com\/wp-content\/uploads\/2026\/01\/IMG-20250429-WA0001_598x900.jpg\",\"datePublished\":\"2025-10-06T12:51:13+00:00\",\"author\":{\"@id\":\"https:\/\/dmcsrb.com\/#\/schema\/person\/5c39170f12db1b8b457732d0b5c854e2\"},\"breadcrumb\":{\"@id\":\"https:\/\/dmcsrb.com\/en\/ekonomija\/djeljosaj-vlada-prati-situaciju-po-pitanju-inflacije\/#breadcrumb\"},\"inLanguage\":\"en-GB\",\"potentialAction\":[{\"@type\":\"ReadAction\",\"target\":[\"https:\/\/dmcsrb.com\/en\/ekonomija\/djeljosaj-vlada-prati-situaciju-po-pitanju-inflacije\/\"]}]},{\"@type\":\"ImageObject\",\"inLanguage\":\"en-GB\",\"@id\":\"https:\/\/dmcsrb.com\/en\/ekonomija\/djeljosaj-vlada-prati-situaciju-po-pitanju-inflacije\/#primaryimage\",\"url\":\"https:\/\/dmcsrb.com\/wp-content\/uploads\/2026\/01\/IMG-20250429-WA0001_598x900.jpg\",\"contentUrl\":\"https:\/\/dmcsrb.com\/wp-content\/uploads\/2026\/01\/IMG-20250429-WA0001_598x900.jpg\",\"width\":899,\"height\":598},{\"@type\":\"BreadcrumbList\",\"@id\":\"https:\/\/dmcsrb.com\/en\/ekonomija\/djeljosaj-vlada-prati-situaciju-po-pitanju-inflacije\/#breadcrumb\",\"itemListElement\":[{\"@type\":\"ListItem\",\"position\":1,\"name\":\"Home\",\"item\":\"https:\/\/dmcsrb.com\/\"},{\"@type\":\"ListItem\",\"position\":2,\"name\":\"\u0110eljo\u0161aj: Vlada prati situaciju po pitanju inflacije\"}]},{\"@type\":\"WebSite\",\"@id\":\"https:\/\/dmcsrb.com\/#website\",\"url\":\"https:\/\/dmcsrb.com\/\",\"name\":\"dmcsrb.com\",\"description\":\"\",\"potentialAction\":[{\"@type\":\"SearchAction\",\"target\":{\"@type\":\"EntryPoint\",\"urlTemplate\":\"https:\/\/dmcsrb.com\/?s={search_term_string}\"},\"query-input\":{\"@type\":\"PropertyValueSpecification\",\"valueRequired\":true,\"valueName\":\"search_term_string\"}}],\"inLanguage\":\"en-GB\"},{\"@type\":\"Person\",\"@id\":\"https:\/\/dmcsrb.com\/#\/schema\/person\/5c39170f12db1b8b457732d0b5c854e2\",\"name\":\"dmcsrbija.com@gmail.com\",\"image\":{\"@type\":\"ImageObject\",\"inLanguage\":\"en-GB\",\"@id\":\"https:\/\/dmcsrb.com\/#\/schema\/person\/image\/\",\"url\":\"https:\/\/secure.gravatar.com\/avatar\/68592660ad6347fad0fb587f8d5d8f1a7b44961362f56e4f2cd524feb87e9069?s=96&d=mm&r=g\",\"contentUrl\":\"https:\/\/secure.gravatar.com\/avatar\/68592660ad6347fad0fb587f8d5d8f1a7b44961362f56e4f2cd524feb87e9069?s=96&d=mm&r=g\",\"caption\":\"dmcsrbija.com@gmail.com\"},\"sameAs\":[\"https:\/\/dmcsrb.com\"],\"url\":\"https:\/\/dmcsrb.com\/en\/author\/dmcsrbija-comgmail-com\/\"}]}<\/script>\n<!-- \/ Yoast SEO plugin. -->","yoast_head_json":{"title":"\u0110eljo\u0161aj: Vlada prati situaciju po pitanju inflacije - dmcsrb.com","robots":{"index":"index","follow":"follow","max-snippet":"max-snippet:-1","max-image-preview":"max-image-preview:large","max-video-preview":"max-video-preview:-1"},"canonical":"https:\/\/dmcsrb.com\/en\/ekonomija\/djeljosaj-vlada-prati-situaciju-po-pitanju-inflacije\/","og_locale":"en_GB","og_type":"article","og_title":"\u0110eljo\u0161aj: Vlada prati situaciju po pitanju inflacije - dmcsrb.com","og_description":"Inflacija u Crnoj Gori je dominantno uvozna i sli\u010dna kao u zemljama sa kojima smo najvi\u0161e prehrambeno povezani \u2013 Srbiji i Hrvatskoj, saop\u0161tio je ministar ekonomskog razvoja, Nik \u0110eljo\u0161aj i dodao da kontinuirano sa klju\u010dnim partnerima prate situaciju i odr\u017eavaju sastanke.","og_url":"https:\/\/dmcsrb.com\/en\/ekonomija\/djeljosaj-vlada-prati-situaciju-po-pitanju-inflacije\/","og_site_name":"dmcsrb.com","article_published_time":"2025-10-06T12:51:13+00:00","og_image":[{"width":899,"height":598,"url":"https:\/\/dmcsrb.com\/wp-content\/uploads\/2026\/01\/IMG-20250429-WA0001_598x900.jpg","type":"image\/jpeg"}],"author":"dmcsrbija.com@gmail.com","twitter_card":"summary_large_image","twitter_misc":{"Written by":"dmcsrbija.com@gmail.com","Estimated reading time":"5 minutes"},"schema":{"@context":"https:\/\/schema.org","@graph":[{"@type":"Article","@id":"https:\/\/dmcsrb.com\/en\/ekonomija\/djeljosaj-vlada-prati-situaciju-po-pitanju-inflacije\/#article","isPartOf":{"@id":"https:\/\/dmcsrb.com\/en\/ekonomija\/djeljosaj-vlada-prati-situaciju-po-pitanju-inflacije\/"},"author":{"name":"dmcsrbija.com@gmail.com","@id":"https:\/\/dmcsrb.com\/#\/schema\/person\/5c39170f12db1b8b457732d0b5c854e2"},"headline":"\u0110eljo\u0161aj: Vlada prati situaciju po pitanju inflacije","datePublished":"2025-10-06T12:51:13+00:00","mainEntityOfPage":{"@id":"https:\/\/dmcsrb.com\/en\/ekonomija\/djeljosaj-vlada-prati-situaciju-po-pitanju-inflacije\/"},"wordCount":951,"commentCount":0,"image":{"@id":"https:\/\/dmcsrb.com\/en\/ekonomija\/djeljosaj-vlada-prati-situaciju-po-pitanju-inflacije\/#primaryimage"},"thumbnailUrl":"https:\/\/dmcsrb.com\/wp-content\/uploads\/2026\/01\/IMG-20250429-WA0001_598x900.jpg","keywords":["Inflacija","Nik \u0110eljo\u0161aj","Vlada Crne Gore"],"articleSection":["Ekonomija"],"inLanguage":"en-GB","potentialAction":[{"@type":"CommentAction","name":"Comment","target":["https:\/\/dmcsrb.com\/en\/ekonomija\/djeljosaj-vlada-prati-situaciju-po-pitanju-inflacije\/#respond"]}]},{"@type":"WebPage","@id":"https:\/\/dmcsrb.com\/en\/ekonomija\/djeljosaj-vlada-prati-situaciju-po-pitanju-inflacije\/","url":"https:\/\/dmcsrb.com\/en\/ekonomija\/djeljosaj-vlada-prati-situaciju-po-pitanju-inflacije\/","name":"\u0110eljo\u0161aj: Vlada prati situaciju po pitanju inflacije - dmcsrb.com","isPartOf":{"@id":"https:\/\/dmcsrb.com\/#website"},"primaryImageOfPage":{"@id":"https:\/\/dmcsrb.com\/en\/ekonomija\/djeljosaj-vlada-prati-situaciju-po-pitanju-inflacije\/#primaryimage"},"image":{"@id":"https:\/\/dmcsrb.com\/en\/ekonomija\/djeljosaj-vlada-prati-situaciju-po-pitanju-inflacije\/#primaryimage"},"thumbnailUrl":"https:\/\/dmcsrb.com\/wp-content\/uploads\/2026\/01\/IMG-20250429-WA0001_598x900.jpg","datePublished":"2025-10-06T12:51:13+00:00","author":{"@id":"https:\/\/dmcsrb.com\/#\/schema\/person\/5c39170f12db1b8b457732d0b5c854e2"},"breadcrumb":{"@id":"https:\/\/dmcsrb.com\/en\/ekonomija\/djeljosaj-vlada-prati-situaciju-po-pitanju-inflacije\/#breadcrumb"},"inLanguage":"en-GB","potentialAction":[{"@type":"ReadAction","target":["https:\/\/dmcsrb.com\/en\/ekonomija\/djeljosaj-vlada-prati-situaciju-po-pitanju-inflacije\/"]}]},{"@type":"ImageObject","inLanguage":"en-GB","@id":"https:\/\/dmcsrb.com\/en\/ekonomija\/djeljosaj-vlada-prati-situaciju-po-pitanju-inflacije\/#primaryimage","url":"https:\/\/dmcsrb.com\/wp-content\/uploads\/2026\/01\/IMG-20250429-WA0001_598x900.jpg","contentUrl":"https:\/\/dmcsrb.com\/wp-content\/uploads\/2026\/01\/IMG-20250429-WA0001_598x900.jpg","width":899,"height":598},{"@type":"BreadcrumbList","@id":"https:\/\/dmcsrb.com\/en\/ekonomija\/djeljosaj-vlada-prati-situaciju-po-pitanju-inflacije\/#breadcrumb","itemListElement":[{"@type":"ListItem","position":1,"name":"Home","item":"https:\/\/dmcsrb.com\/"},{"@type":"ListItem","position":2,"name":"\u0110eljo\u0161aj: Vlada prati situaciju po pitanju inflacije"}]},{"@type":"WebSite","@id":"https:\/\/dmcsrb.com\/#website","url":"https:\/\/dmcsrb.com\/","name":"dmcsrb.com","description":"","potentialAction":[{"@type":"SearchAction","target":{"@type":"EntryPoint","urlTemplate":"https:\/\/dmcsrb.com\/?s={search_term_string}"},"query-input":{"@type":"PropertyValueSpecification","valueRequired":true,"valueName":"search_term_string"}}],"inLanguage":"en-GB"},{"@type":"Person","@id":"https:\/\/dmcsrb.com\/#\/schema\/person\/5c39170f12db1b8b457732d0b5c854e2","name":"dmcsrbija.com@gmail.com","image":{"@type":"ImageObject","inLanguage":"en-GB","@id":"https:\/\/dmcsrb.com\/#\/schema\/person\/image\/","url":"https:\/\/secure.gravatar.com\/avatar\/68592660ad6347fad0fb587f8d5d8f1a7b44961362f56e4f2cd524feb87e9069?s=96&d=mm&r=g","contentUrl":"https:\/\/secure.gravatar.com\/avatar\/68592660ad6347fad0fb587f8d5d8f1a7b44961362f56e4f2cd524feb87e9069?s=96&d=mm&r=g","caption":"dmcsrbija.com@gmail.com"},"sameAs":["https:\/\/dmcsrb.com"],"url":"https:\/\/dmcsrb.com\/en\/author\/dmcsrbija-comgmail-com\/"}]}},"_links":{"self":[{"href":"https:\/\/dmcsrb.com\/en\/wp-json\/wp\/v2\/posts\/956167","targetHints":{"allow":["GET"]}}],"collection":[{"href":"https:\/\/dmcsrb.com\/en\/wp-json\/wp\/v2\/posts"}],"about":[{"href":"https:\/\/dmcsrb.com\/en\/wp-json\/wp\/v2\/types\/post"}],"author":[{"embeddable":true,"href":"https:\/\/dmcsrb.com\/en\/wp-json\/wp\/v2\/users\/1"}],"replies":[{"embeddable":true,"href":"https:\/\/dmcsrb.com\/en\/wp-json\/wp\/v2\/comments?post=956167"}],"version-history":[{"count":0,"href":"https:\/\/dmcsrb.com\/en\/wp-json\/wp\/v2\/posts\/956167\/revisions"}],"wp:featuredmedia":[{"embeddable":true,"href":"https:\/\/dmcsrb.com\/en\/wp-json\/wp\/v2\/media\/912406"}],"wp:attachment":[{"href":"https:\/\/dmcsrb.com\/en\/wp-json\/wp\/v2\/media?parent=956167"}],"wp:term":[{"taxonomy":"category","embeddable":true,"href":"https:\/\/dmcsrb.com\/en\/wp-json\/wp\/v2\/categories?post=956167"},{"taxonomy":"post_tag","embeddable":true,"href":"https:\/\/dmcsrb.com\/en\/wp-json\/wp\/v2\/tags?post=956167"},{"taxonomy":"naslovna","embeddable":true,"href":"https:\/\/dmcsrb.com\/en\/wp-json\/wp\/v2\/naslovna?post=956167"}],"curies":[{"name":"wp","href":"https:\/\/api.w.org\/{rel}","templated":true}]}}