{"id":956148,"date":"2025-10-06T13:51:35","date_gmt":"2025-10-06T11:51:35","guid":{"rendered":"https:\/\/dmcsrb.com\/uncategorized\/becic-i-krapovic-ulaganja-u-vojsku-su-ulaganja-u-buducnost-crne-gore\/"},"modified":"2025-10-06T13:51:35","modified_gmt":"2025-10-06T11:51:35","slug":"becic-i-krapovic-ulaganja-u-vojsku-su-ulaganja-u-buducnost-crne-gore","status":"publish","type":"post","link":"https:\/\/dmcsrb.com\/en\/drustvo\/becic-i-krapovic-ulaganja-u-vojsku-su-ulaganja-u-buducnost-crne-gore\/","title":{"rendered":"Be\u010di\u0107 i Krapovi\u0107: Ulaganja u Vojsku su ulaganja u budu\u0107nost Crne Gore"},"content":{"rendered":"<p><\/p>\n\n\n\n<p><\/p>\n\n\n\n<p><\/p>\n\n\n\n<p>Kako navode u saop\u0161tenju potpredsjednik Be\u010di\u0107 je istakao da Vlada Crne Gore, u susret 7. oktobru, Danu Vojske Crne Gore, sa posebnim ponosom obilje\u017eava niz zna\u010dajnih infrastrukturnih investicija u sistemu odbrane.<\/p>\n\n\n\n<p>&#8220;Koristim ovu sve\u010danu priliku da vas, u susret Danu Vojske Crne Gore, sa ponosom obavijestim da su ovih dana sve\u010dano okon\u010dani radovi na izgradnji hangara za smje\u0161taj vazduhoplova na vojnom aerodromu ,,Knjaz Danilo Petrovi\u0107 Njego\u0161\u201d u Zeti, za koji je iz kapitalnog bud\u017eeta izdvojemo oko tri miliona eura, dok je danas zavr\u0161ena i izgradnja hangara za smje\u0161taj lakooklopnih vozila i funkcionalne radionice u kasarni ,,13. jul\u201d u Nik\u0161i\u0107u, vrijedne preko dva miliona eura,\u201c rekao je Be\u010di\u0107.<\/p>\n\n\n\n<p>Dodao je da&nbsp; nastavljaju ulaganja upravo, na prostoru kasarne ,,Narodni heroj Milovan \u0160aranovi\u0107\u201d, gdje po\u010dinju izgradnju nove zgrade Komande Prvog pje\u0161adijskog bataljona, vrijedne preko 5,5 miliona eura.<\/p>\n\n\n\n<p>&#8220;Ovaj izuzetno zna\u010dajan projekat bi\u0107e realizovan u skladu sa najvi\u0161im bezbjednosnim i tehni\u010dkim standardima, a njegov zavr\u0161etak \u0107e omogu\u0107iti bolje uslove za rad pripadnika Vojske. To nije samo infrastrukturno, ve\u0107 i strate\u0161ko ulaganje u sigurnost na\u0161e zemlje, stabilnost odbrane i budu\u0107nost Vojske Crne Gore&#8221;, naglasio je potpredsjednik.<\/p>\n\n\n\n<p>Be\u010di\u0107 se, kako su naveli iz Ministarstva odbrane, zahvalio svima koji u\u010destvuju u realizaciji projekta, istakav\u0161i da \u201ciza njega stoji zajedni\u010dki trud Ministarstva odbrane, Vojske, projektanata i in\u017eenjera, drugih anga\u017eovanih lica, kao i jasna poruka da sna\u017ena Vojska zna\u010di sna\u017enu dr\u017eavu.\u201d<\/p>\n\n\n\n<p>&#8220;Ovim \u0161aljemo poruku da, osim kadrovskih reformi, sistemu donosimo i infrastrukturni za-mah koji \u0107e osjetiti na\u0161i vojnici u svim crnogorskim kasarnama. Sveobuhvatne reforme nas svim poljima idu kontinuirano sa cilje izgradnje jakog, modernog, stabilnog, otpornog i \u010distog sektora bezbjednosti i odbrane\u201d, zaklju\u010dio je Be\u010di\u0107.<\/p>\n\n\n\n<p>Izgradnja objekta vrijednog 5,6 miliona eura, kako su naveli, predstavlja jedan od najzna\u010dajnijih infrastrukturnih projekata Ministarstva odbrane. Novi objekat bi\u0107e sagra\u0111en i opremljen u skladu sa najvi\u0161im bezbjednosnim i tehni\u010dkim standardima, a radovi \u0107e trajati dvije godine.<\/p>\n\n\n\n<p>Be\u010di\u0107 i Krapovi\u0107 obi\u0161li su i nove \u0161atore tipa \u201eAlaska\u201c, koje je Ministarstvo odbrane nabavilo u okviru programa saradnje sa Sjedinjenim Ameri\u010dkim Dr\u017eavama. Ukupne vrijednosti preko 10 miliona dolara, ovi savremeni i vi\u0161efunkcionalni \u0161atori omogu\u0107avaju kvalitetan privremeni smje\u0161taj, rad i obuku do 700 osoba u poljskim uslovima.<\/p>\n\n\n\n<p>\u201e\u0160atori \u2018Alaska\u2019 zna\u010dajno unapre\u0111uju kapacitete na\u0161e Vojske u oblasti logistike i operativne podr\u0161ke, posebno u vanrednim situacijama, me\u0111unarodnim misijama i pru\u017eanju pomo\u0107i stanovni\u0161tvu u kriznim okolnostima,\u201c istakao je Krapovi\u0107.<\/p>\n\n\n\n<p>On je naglasio da sistem podrazumijeva najmodernije komandne, medicinske, logisti\u010dke i druge \u0161atore, koji su potpuno za\u0161ti\u0107eni od po\u017eara i drugih spoljnih uticaja uz klimatizaciju i kompletnu infrastrukturu za rad na terenu.<\/p>\n\n\n\n<p>&#8220;Nabavka \u0161atora nije samo infrastrukturno ulaganje, ve\u0107 ulaganje u budu\u0107nost na\u0161e Vojske i njenu spremnost da odgovori na sve izazove i zadatke. Ministarstvo odbrane ostaje posve\u0107eno stvaranju moderne, efikasne i dobro opremljene Vojske, koja je garant mira, stabilnosti i bezbjednosti svih gra\u0111ana Crne Gore,\u201c poru\u010dio je Krapovi\u0107.<\/p>\n\n\n\n<p>Dodaju da je Krapovi\u0107 posjetio i kasarnu \u201e13. jul\u201c u Nik\u0161i\u0107u, gdje je sve\u010dano otvorio radionicu za smje\u0161taj lakooklopnih vozila JLTV, vrijednu 2,2 miliona eura, \u010dija je izgradnja trajala dvije godine.<\/p>\n\n\n\n<p>&#8220;Danas ne otvaramo samo jednu gra\u0111evinu, ve\u0107 otvaramo vrata novoj etapi u ja\u010danju ka-paciteta Vojske. Ovo su objekti koji \u0107e slu\u017eiti pripadnicima na\u0161e Vojske, ali i svima nama, kao sna\u017ena poruka da dr\u017eava stoji iza svoje Vojske i cijeni njihov trud, po\u017ertvovanost i lojalnost domovini,\u201c kazao je Krapovi\u0107.<\/p>\n\n\n\n<p><\/p>","protected":false},"excerpt":{"rendered":"<p>Potpredsjednik Vlade za bezbjednost, odbranu, borbu protiv kriminala i unutra\u0161nju politiku Aleksa Be\u010di\u0107 i ministar odbrane Dragan Krapovi\u0107 obi\u0161li su, u kasarni \u201eNarodni heroj Milovan \u0160aranovi\u0107\u201c u Danilovgradu, po\u010detak radova na izgradnji nove zgrade Komande 1. pje\u0161adijskog bataljona Vojske Crne Gore.<\/p>","protected":false},"author":1,"featured_media":956149,"comment_status":"open","ping_status":"open","sticky":false,"template":"","format":"standard","meta":{"_acf_changed":false,"footnotes":""},"categories":[2],"tags":[355,60,1391],"naslovna":[],"class_list":["post-956148","post","type-post","status-publish","format-standard","has-post-thumbnail","hentry","category-drustvo","tag-aleksa-becic","tag-dragan-krapovic","tag-vojska"],"acf":[],"yoast_head":"<!-- This site is optimized with the Yoast SEO plugin v27.4 - https:\/\/yoast.com\/product\/yoast-seo-wordpress\/ -->\n<title>Be\u010di\u0107 i Krapovi\u0107: Ulaganja u Vojsku su ulaganja u budu\u0107nost Crne Gore - dmcsrb.com<\/title>\n<meta name=\"robots\" content=\"index, follow, max-snippet:-1, max-image-preview:large, max-video-preview:-1\" \/>\n<link rel=\"canonical\" href=\"https:\/\/dmcsrb.com\/en\/drustvo\/becic-i-krapovic-ulaganja-u-vojsku-su-ulaganja-u-buducnost-crne-gore\/\" \/>\n<meta property=\"og:locale\" content=\"en_GB\" \/>\n<meta property=\"og:type\" content=\"article\" \/>\n<meta property=\"og:title\" content=\"Be\u010di\u0107 i Krapovi\u0107: Ulaganja u Vojsku su ulaganja u budu\u0107nost Crne Gore - dmcsrb.com\" \/>\n<meta property=\"og:description\" content=\"Potpredsjednik Vlade za bezbjednost, odbranu, borbu protiv kriminala i unutra\u0161nju politiku Aleksa Be\u010di\u0107 i ministar odbrane Dragan Krapovi\u0107 obi\u0161li su, u kasarni \u201eNarodni heroj Milovan \u0160aranovi\u0107\u201c u Danilovgradu, po\u010detak radova na izgradnji nove zgrade Komande 1. pje\u0161adijskog bataljona Vojske Crne Gore.\" \/>\n<meta property=\"og:url\" content=\"https:\/\/dmcsrb.com\/en\/drustvo\/becic-i-krapovic-ulaganja-u-vojsku-su-ulaganja-u-buducnost-crne-gore\/\" \/>\n<meta property=\"og:site_name\" content=\"dmcsrb.com\" \/>\n<meta property=\"article:published_time\" content=\"2025-10-06T11:51:35+00:00\" \/>\n<meta property=\"og:image\" content=\"https:\/\/dmcsrb.com\/wp-content\/uploads\/2026\/01\/MO-1.webp\" \/>\n\t<meta property=\"og:image:width\" content=\"899\" \/>\n\t<meta property=\"og:image:height\" content=\"623\" \/>\n\t<meta property=\"og:image:type\" content=\"image\/jpeg\" \/>\n<meta name=\"author\" content=\"dmcsrbija.com@gmail.com\" \/>\n<meta name=\"twitter:card\" content=\"summary_large_image\" \/>\n<meta name=\"twitter:label1\" content=\"Written by\" \/>\n\t<meta name=\"twitter:data1\" content=\"dmcsrbija.com@gmail.com\" \/>\n\t<meta name=\"twitter:label2\" content=\"Estimated reading time\" \/>\n\t<meta name=\"twitter:data2\" content=\"3 minutes\" \/>\n<script type=\"application\/ld+json\" class=\"yoast-schema-graph\">{\"@context\":\"https:\\\/\\\/schema.org\",\"@graph\":[{\"@type\":\"Article\",\"@id\":\"https:\\\/\\\/dmcsrb.com\\\/en\\\/drustvo\\\/becic-i-krapovic-ulaganja-u-vojsku-su-ulaganja-u-buducnost-crne-gore\\\/#article\",\"isPartOf\":{\"@id\":\"https:\\\/\\\/dmcsrb.com\\\/en\\\/drustvo\\\/becic-i-krapovic-ulaganja-u-vojsku-su-ulaganja-u-buducnost-crne-gore\\\/\"},\"author\":{\"name\":\"dmcsrbija.com@gmail.com\",\"@id\":\"https:\\\/\\\/dmcsrb.com\\\/#\\\/schema\\\/person\\\/5c39170f12db1b8b457732d0b5c854e2\"},\"headline\":\"Be\u010di\u0107 i Krapovi\u0107: Ulaganja u Vojsku su ulaganja u budu\u0107nost Crne Gore\",\"datePublished\":\"2025-10-06T11:51:35+00:00\",\"mainEntityOfPage\":{\"@id\":\"https:\\\/\\\/dmcsrb.com\\\/en\\\/drustvo\\\/becic-i-krapovic-ulaganja-u-vojsku-su-ulaganja-u-buducnost-crne-gore\\\/\"},\"wordCount\":622,\"commentCount\":0,\"image\":{\"@id\":\"https:\\\/\\\/dmcsrb.com\\\/en\\\/drustvo\\\/becic-i-krapovic-ulaganja-u-vojsku-su-ulaganja-u-buducnost-crne-gore\\\/#primaryimage\"},\"thumbnailUrl\":\"https:\\\/\\\/dmcsrb.com\\\/wp-content\\\/uploads\\\/2026\\\/01\\\/MO-1.webp\",\"keywords\":[\"Aleksa Be\u010di\u0107\",\"Dragan Krapovi\u0107\",\"Vojska\"],\"articleSection\":[\"Dru\u0161tvo\"],\"inLanguage\":\"en-GB\",\"potentialAction\":[{\"@type\":\"CommentAction\",\"name\":\"Comment\",\"target\":[\"https:\\\/\\\/dmcsrb.com\\\/en\\\/drustvo\\\/becic-i-krapovic-ulaganja-u-vojsku-su-ulaganja-u-buducnost-crne-gore\\\/#respond\"]}]},{\"@type\":\"WebPage\",\"@id\":\"https:\\\/\\\/dmcsrb.com\\\/en\\\/drustvo\\\/becic-i-krapovic-ulaganja-u-vojsku-su-ulaganja-u-buducnost-crne-gore\\\/\",\"url\":\"https:\\\/\\\/dmcsrb.com\\\/en\\\/drustvo\\\/becic-i-krapovic-ulaganja-u-vojsku-su-ulaganja-u-buducnost-crne-gore\\\/\",\"name\":\"Be\u010di\u0107 i Krapovi\u0107: Ulaganja u Vojsku su ulaganja u budu\u0107nost Crne Gore - dmcsrb.com\",\"isPartOf\":{\"@id\":\"https:\\\/\\\/dmcsrb.com\\\/#website\"},\"primaryImageOfPage\":{\"@id\":\"https:\\\/\\\/dmcsrb.com\\\/en\\\/drustvo\\\/becic-i-krapovic-ulaganja-u-vojsku-su-ulaganja-u-buducnost-crne-gore\\\/#primaryimage\"},\"image\":{\"@id\":\"https:\\\/\\\/dmcsrb.com\\\/en\\\/drustvo\\\/becic-i-krapovic-ulaganja-u-vojsku-su-ulaganja-u-buducnost-crne-gore\\\/#primaryimage\"},\"thumbnailUrl\":\"https:\\\/\\\/dmcsrb.com\\\/wp-content\\\/uploads\\\/2026\\\/01\\\/MO-1.webp\",\"datePublished\":\"2025-10-06T11:51:35+00:00\",\"author\":{\"@id\":\"https:\\\/\\\/dmcsrb.com\\\/#\\\/schema\\\/person\\\/5c39170f12db1b8b457732d0b5c854e2\"},\"breadcrumb\":{\"@id\":\"https:\\\/\\\/dmcsrb.com\\\/en\\\/drustvo\\\/becic-i-krapovic-ulaganja-u-vojsku-su-ulaganja-u-buducnost-crne-gore\\\/#breadcrumb\"},\"inLanguage\":\"en-GB\",\"potentialAction\":[{\"@type\":\"ReadAction\",\"target\":[\"https:\\\/\\\/dmcsrb.com\\\/en\\\/drustvo\\\/becic-i-krapovic-ulaganja-u-vojsku-su-ulaganja-u-buducnost-crne-gore\\\/\"]}]},{\"@type\":\"ImageObject\",\"inLanguage\":\"en-GB\",\"@id\":\"https:\\\/\\\/dmcsrb.com\\\/en\\\/drustvo\\\/becic-i-krapovic-ulaganja-u-vojsku-su-ulaganja-u-buducnost-crne-gore\\\/#primaryimage\",\"url\":\"https:\\\/\\\/dmcsrb.com\\\/wp-content\\\/uploads\\\/2026\\\/01\\\/MO-1.webp\",\"contentUrl\":\"https:\\\/\\\/dmcsrb.com\\\/wp-content\\\/uploads\\\/2026\\\/01\\\/MO-1.webp\",\"width\":899,\"height\":623},{\"@type\":\"BreadcrumbList\",\"@id\":\"https:\\\/\\\/dmcsrb.com\\\/en\\\/drustvo\\\/becic-i-krapovic-ulaganja-u-vojsku-su-ulaganja-u-buducnost-crne-gore\\\/#breadcrumb\",\"itemListElement\":[{\"@type\":\"ListItem\",\"position\":1,\"name\":\"Home\",\"item\":\"https:\\\/\\\/dmcsrb.com\\\/\"},{\"@type\":\"ListItem\",\"position\":2,\"name\":\"Be\u010di\u0107 i Krapovi\u0107: Ulaganja u Vojsku su ulaganja u budu\u0107nost Crne Gore\"}]},{\"@type\":\"WebSite\",\"@id\":\"https:\\\/\\\/dmcsrb.com\\\/#website\",\"url\":\"https:\\\/\\\/dmcsrb.com\\\/\",\"name\":\"dmcsrb.com\",\"description\":\"\",\"potentialAction\":[{\"@type\":\"SearchAction\",\"target\":{\"@type\":\"EntryPoint\",\"urlTemplate\":\"https:\\\/\\\/dmcsrb.com\\\/?s={search_term_string}\"},\"query-input\":{\"@type\":\"PropertyValueSpecification\",\"valueRequired\":true,\"valueName\":\"search_term_string\"}}],\"inLanguage\":\"en-GB\"},{\"@type\":\"Person\",\"@id\":\"https:\\\/\\\/dmcsrb.com\\\/#\\\/schema\\\/person\\\/5c39170f12db1b8b457732d0b5c854e2\",\"name\":\"dmcsrbija.com@gmail.com\",\"image\":{\"@type\":\"ImageObject\",\"inLanguage\":\"en-GB\",\"@id\":\"https:\\\/\\\/secure.gravatar.com\\\/avatar\\\/68592660ad6347fad0fb587f8d5d8f1a7b44961362f56e4f2cd524feb87e9069?s=96&d=mm&r=g\",\"url\":\"https:\\\/\\\/secure.gravatar.com\\\/avatar\\\/68592660ad6347fad0fb587f8d5d8f1a7b44961362f56e4f2cd524feb87e9069?s=96&d=mm&r=g\",\"contentUrl\":\"https:\\\/\\\/secure.gravatar.com\\\/avatar\\\/68592660ad6347fad0fb587f8d5d8f1a7b44961362f56e4f2cd524feb87e9069?s=96&d=mm&r=g\",\"caption\":\"dmcsrbija.com@gmail.com\"},\"sameAs\":[\"https:\\\/\\\/dmcsrb.com\"],\"url\":\"https:\\\/\\\/dmcsrb.com\\\/en\\\/author\\\/dmcsrbija-comgmail-com\\\/\"}]}<\/script>\n<!-- \/ Yoast SEO plugin. -->","yoast_head_json":{"title":"Be\u010di\u0107 i Krapovi\u0107: Ulaganja u Vojsku su ulaganja u budu\u0107nost Crne Gore - dmcsrb.com","robots":{"index":"index","follow":"follow","max-snippet":"max-snippet:-1","max-image-preview":"max-image-preview:large","max-video-preview":"max-video-preview:-1"},"canonical":"https:\/\/dmcsrb.com\/en\/drustvo\/becic-i-krapovic-ulaganja-u-vojsku-su-ulaganja-u-buducnost-crne-gore\/","og_locale":"en_GB","og_type":"article","og_title":"Be\u010di\u0107 i Krapovi\u0107: Ulaganja u Vojsku su ulaganja u budu\u0107nost Crne Gore - dmcsrb.com","og_description":"Potpredsjednik Vlade za bezbjednost, odbranu, borbu protiv kriminala i unutra\u0161nju politiku Aleksa Be\u010di\u0107 i ministar odbrane Dragan Krapovi\u0107 obi\u0161li su, u kasarni \u201eNarodni heroj Milovan \u0160aranovi\u0107\u201c u Danilovgradu, po\u010detak radova na izgradnji nove zgrade Komande 1. pje\u0161adijskog bataljona Vojske Crne Gore.","og_url":"https:\/\/dmcsrb.com\/en\/drustvo\/becic-i-krapovic-ulaganja-u-vojsku-su-ulaganja-u-buducnost-crne-gore\/","og_site_name":"dmcsrb.com","article_published_time":"2025-10-06T11:51:35+00:00","og_image":[{"width":899,"height":623,"url":"https:\/\/dmcsrb.com\/wp-content\/uploads\/2026\/01\/MO-1.webp","type":"image\/jpeg"}],"author":"dmcsrbija.com@gmail.com","twitter_card":"summary_large_image","twitter_misc":{"Written by":"dmcsrbija.com@gmail.com","Estimated reading time":"3 minutes"},"schema":{"@context":"https:\/\/schema.org","@graph":[{"@type":"Article","@id":"https:\/\/dmcsrb.com\/en\/drustvo\/becic-i-krapovic-ulaganja-u-vojsku-su-ulaganja-u-buducnost-crne-gore\/#article","isPartOf":{"@id":"https:\/\/dmcsrb.com\/en\/drustvo\/becic-i-krapovic-ulaganja-u-vojsku-su-ulaganja-u-buducnost-crne-gore\/"},"author":{"name":"dmcsrbija.com@gmail.com","@id":"https:\/\/dmcsrb.com\/#\/schema\/person\/5c39170f12db1b8b457732d0b5c854e2"},"headline":"Be\u010di\u0107 i Krapovi\u0107: Ulaganja u Vojsku su ulaganja u budu\u0107nost Crne Gore","datePublished":"2025-10-06T11:51:35+00:00","mainEntityOfPage":{"@id":"https:\/\/dmcsrb.com\/en\/drustvo\/becic-i-krapovic-ulaganja-u-vojsku-su-ulaganja-u-buducnost-crne-gore\/"},"wordCount":622,"commentCount":0,"image":{"@id":"https:\/\/dmcsrb.com\/en\/drustvo\/becic-i-krapovic-ulaganja-u-vojsku-su-ulaganja-u-buducnost-crne-gore\/#primaryimage"},"thumbnailUrl":"https:\/\/dmcsrb.com\/wp-content\/uploads\/2026\/01\/MO-1.webp","keywords":["Aleksa Be\u010di\u0107","Dragan Krapovi\u0107","Vojska"],"articleSection":["Dru\u0161tvo"],"inLanguage":"en-GB","potentialAction":[{"@type":"CommentAction","name":"Comment","target":["https:\/\/dmcsrb.com\/en\/drustvo\/becic-i-krapovic-ulaganja-u-vojsku-su-ulaganja-u-buducnost-crne-gore\/#respond"]}]},{"@type":"WebPage","@id":"https:\/\/dmcsrb.com\/en\/drustvo\/becic-i-krapovic-ulaganja-u-vojsku-su-ulaganja-u-buducnost-crne-gore\/","url":"https:\/\/dmcsrb.com\/en\/drustvo\/becic-i-krapovic-ulaganja-u-vojsku-su-ulaganja-u-buducnost-crne-gore\/","name":"Be\u010di\u0107 i Krapovi\u0107: Ulaganja u Vojsku su ulaganja u budu\u0107nost Crne Gore - dmcsrb.com","isPartOf":{"@id":"https:\/\/dmcsrb.com\/#website"},"primaryImageOfPage":{"@id":"https:\/\/dmcsrb.com\/en\/drustvo\/becic-i-krapovic-ulaganja-u-vojsku-su-ulaganja-u-buducnost-crne-gore\/#primaryimage"},"image":{"@id":"https:\/\/dmcsrb.com\/en\/drustvo\/becic-i-krapovic-ulaganja-u-vojsku-su-ulaganja-u-buducnost-crne-gore\/#primaryimage"},"thumbnailUrl":"https:\/\/dmcsrb.com\/wp-content\/uploads\/2026\/01\/MO-1.webp","datePublished":"2025-10-06T11:51:35+00:00","author":{"@id":"https:\/\/dmcsrb.com\/#\/schema\/person\/5c39170f12db1b8b457732d0b5c854e2"},"breadcrumb":{"@id":"https:\/\/dmcsrb.com\/en\/drustvo\/becic-i-krapovic-ulaganja-u-vojsku-su-ulaganja-u-buducnost-crne-gore\/#breadcrumb"},"inLanguage":"en-GB","potentialAction":[{"@type":"ReadAction","target":["https:\/\/dmcsrb.com\/en\/drustvo\/becic-i-krapovic-ulaganja-u-vojsku-su-ulaganja-u-buducnost-crne-gore\/"]}]},{"@type":"ImageObject","inLanguage":"en-GB","@id":"https:\/\/dmcsrb.com\/en\/drustvo\/becic-i-krapovic-ulaganja-u-vojsku-su-ulaganja-u-buducnost-crne-gore\/#primaryimage","url":"https:\/\/dmcsrb.com\/wp-content\/uploads\/2026\/01\/MO-1.webp","contentUrl":"https:\/\/dmcsrb.com\/wp-content\/uploads\/2026\/01\/MO-1.webp","width":899,"height":623},{"@type":"BreadcrumbList","@id":"https:\/\/dmcsrb.com\/en\/drustvo\/becic-i-krapovic-ulaganja-u-vojsku-su-ulaganja-u-buducnost-crne-gore\/#breadcrumb","itemListElement":[{"@type":"ListItem","position":1,"name":"Home","item":"https:\/\/dmcsrb.com\/"},{"@type":"ListItem","position":2,"name":"Be\u010di\u0107 i Krapovi\u0107: Ulaganja u Vojsku su ulaganja u budu\u0107nost Crne Gore"}]},{"@type":"WebSite","@id":"https:\/\/dmcsrb.com\/#website","url":"https:\/\/dmcsrb.com\/","name":"dmcsrb.com","description":"","potentialAction":[{"@type":"SearchAction","target":{"@type":"EntryPoint","urlTemplate":"https:\/\/dmcsrb.com\/?s={search_term_string}"},"query-input":{"@type":"PropertyValueSpecification","valueRequired":true,"valueName":"search_term_string"}}],"inLanguage":"en-GB"},{"@type":"Person","@id":"https:\/\/dmcsrb.com\/#\/schema\/person\/5c39170f12db1b8b457732d0b5c854e2","name":"dmcsrbija.com@gmail.com","image":{"@type":"ImageObject","inLanguage":"en-GB","@id":"https:\/\/secure.gravatar.com\/avatar\/68592660ad6347fad0fb587f8d5d8f1a7b44961362f56e4f2cd524feb87e9069?s=96&d=mm&r=g","url":"https:\/\/secure.gravatar.com\/avatar\/68592660ad6347fad0fb587f8d5d8f1a7b44961362f56e4f2cd524feb87e9069?s=96&d=mm&r=g","contentUrl":"https:\/\/secure.gravatar.com\/avatar\/68592660ad6347fad0fb587f8d5d8f1a7b44961362f56e4f2cd524feb87e9069?s=96&d=mm&r=g","caption":"dmcsrbija.com@gmail.com"},"sameAs":["https:\/\/dmcsrb.com"],"url":"https:\/\/dmcsrb.com\/en\/author\/dmcsrbija-comgmail-com\/"}]}},"_links":{"self":[{"href":"https:\/\/dmcsrb.com\/en\/wp-json\/wp\/v2\/posts\/956148","targetHints":{"allow":["GET"]}}],"collection":[{"href":"https:\/\/dmcsrb.com\/en\/wp-json\/wp\/v2\/posts"}],"about":[{"href":"https:\/\/dmcsrb.com\/en\/wp-json\/wp\/v2\/types\/post"}],"author":[{"embeddable":true,"href":"https:\/\/dmcsrb.com\/en\/wp-json\/wp\/v2\/users\/1"}],"replies":[{"embeddable":true,"href":"https:\/\/dmcsrb.com\/en\/wp-json\/wp\/v2\/comments?post=956148"}],"version-history":[{"count":0,"href":"https:\/\/dmcsrb.com\/en\/wp-json\/wp\/v2\/posts\/956148\/revisions"}],"wp:featuredmedia":[{"embeddable":true,"href":"https:\/\/dmcsrb.com\/en\/wp-json\/wp\/v2\/media\/956149"}],"wp:attachment":[{"href":"https:\/\/dmcsrb.com\/en\/wp-json\/wp\/v2\/media?parent=956148"}],"wp:term":[{"taxonomy":"category","embeddable":true,"href":"https:\/\/dmcsrb.com\/en\/wp-json\/wp\/v2\/categories?post=956148"},{"taxonomy":"post_tag","embeddable":true,"href":"https:\/\/dmcsrb.com\/en\/wp-json\/wp\/v2\/tags?post=956148"},{"taxonomy":"naslovna","embeddable":true,"href":"https:\/\/dmcsrb.com\/en\/wp-json\/wp\/v2\/naslovna?post=956148"}],"curies":[{"name":"wp","href":"https:\/\/api.w.org\/{rel}","templated":true}]}}