{"id":956139,"date":"2025-10-06T14:30:00","date_gmt":"2025-10-06T12:30:00","guid":{"rendered":"https:\/\/dmcsrb.com\/uncategorized\/univerzitet-u-sevilji-docekao-dvije-nove-generacije-studenata-na-ulysseus-zajednickim-master-studijama\/"},"modified":"2025-10-06T14:30:00","modified_gmt":"2025-10-06T12:30:00","slug":"univerzitet-u-sevilji-docekao-dvije-nove-generacije-studenata-na-ulysseus-zajednickim-master-studijama","status":"publish","type":"post","link":"https:\/\/dmcsrb.com\/en\/drustvo\/univerzitet-u-sevilji-docekao-dvije-nove-generacije-studenata-na-ulysseus-zajednickim-master-studijama\/","title":{"rendered":"Univerzitet u Sevilji do\u010dekao dvije nove generacije studenata na Ulysseus zajedni\u010dkim master studijama"},"content":{"rendered":"<p><\/p>\n\n\n\n<p>Novi studenti zajedni\u010dkih master programa&nbsp;CitiesMD&nbsp;i&nbsp;imAGEin&nbsp;danas zapo\u010dinju svoje me\u0111unarodno studijsko iskustvo u okviru Evropskog univerziteta&nbsp;Ulysseus&nbsp;u&nbsp;Sevilji.<\/p>\n\n\n\n<p>Univerzitet u&nbsp;Sevilji&nbsp;sa ponosom do\u010dekuje nove generacije na dva pionirska programa:&nbsp;CitiesMD&nbsp;\u2013 Zajedni\u010dki evropski master iz oblasti energetski efikasnog i odr\u017eivog transporta i mobilnosti za izgradnju pametnih gradova budu\u0107nosti, i&nbsp;imAGEin&nbsp;\u2013 Erasmus Mundus zajedni\u010dki master iz biologije procesa starenja.<\/p>\n\n\n\n<p>Ovaj doga\u0111aj predstavlja va\u017enu prekretnicu u zajedni\u010dkom akademskom razvoju&nbsp;Ulysseus&nbsp;univerziteta, potvr\u0111uju\u0107i sna\u017enu posve\u0107enost inovacijama, internacionalizaciji i izvrsnosti u visokom obrazovanju.<\/p>\n\n\n\n<p>Oba programa osmi\u0161ljena su kao me\u0111unarodni, fleksibilni i mobilno orijentisani studijski putevi, koji studentima pru\u017eaju jedinstvenu priliku da studiraju na vi\u0161e evropskih univerziteta i steknu zajedni\u010dku, potpuno akreditovanu diplomu. Nastava se odvija na engleskom jeziku, \u0161to omogu\u0107ava pristup raznolikoj me\u0111unarodnoj zajednici studenata.<\/p>\n\n\n\n<p><strong>CitiesMD<\/strong><\/p>\n\n\n\n<p>Program&nbsp;CitiesMD&nbsp;, koji koordinira Univerzitet u&nbsp;Sevilji, studentima pru\u017ea naprednu interdisciplinarnu obuku iz oblasti energije, transporta, mobilnosti i pametnih gradova. Program kombinuje nau\u010dna i tehni\u010dka znanja sa transverzalnim vje\u0161tinama u oblastima digitalizacije, jezika, kreativnosti, inovacija, liderstva i preduzetni\u0161tva. Zahvaljuju\u0107i modularnoj strukturi, studenti imaju priliku da u\u010destvuju u mobilnim studijskim iskustvima na partnerskim univerzitetima, virtuelnim ili kombinovanim oblicima nastave, kao i na stru\u010dno prilago\u0111enim praksama u skladu sa svojim profesionalnim ili istra\u017eiva\u010dkim ambicijama.<\/p>\n\n\n\n<p>Po zavr\u0161etku studija, studenti dobijaju Zajedni\u010dku evropsku master diplomu koju dodjeljuju Univerzitet u&nbsp;Sevilji&nbsp;(\u0160panija), Universit\u00e9 C\u00f4te d\u2019Azur (Francuska), uz mogu\u0107nosti mobilnosti na MCI | The Entrepreneurial School\u00ae (Austrija), Tehni\u010dkom univerzitetu u&nbsp;Ko\u0161icama&nbsp;(Slova\u010dka), Univerzitetu u&nbsp;\u0110enovi&nbsp;(Italija) i&nbsp;Haaga-Helia&nbsp;Univerzitetu primijenjenih nauka (Finska).<\/p>\n\n\n\n<p>Program&nbsp;CitiesMD&nbsp;namijenjen je studentima i profesionalcima sa tehni\u010dkim obrazovanjem, poput energetskog in\u017eenjerstva,&nbsp;robotike, vazduhoplovstva, gra\u0111evinarstva i srodnih oblasti, koji \u017eele da rade ili istra\u017euju u dinami\u010dnom sektoru pametnih gradova.<\/p>\n\n\n\n<p><strong>ImAGEin<\/strong><\/p>\n\n\n\n<p>Komplementarno ovom programu, Erasmus Mundus zajedni\u010dki master iz biologije starenja (imAGEin) bavi se jednim od najva\u017enijih dru\u0161tvenih izazova Evrope&nbsp;\u2013 zdravstvenim posljedicama starenja populacije. Program koordinira Universit\u00e9 C\u00f4te d\u2019Azur, u saradnji sa vode\u0107im institucijama: Univerzitetom u&nbsp;Sevilji&nbsp;(\u0160panija), Univerzitetom u Kelnu i CECAD-om (Njema\u010dka), Sorbonne Universit\u00e9 (Francuska) i Univerzitetom u&nbsp;Koimbri&nbsp;(Portugal).<\/p>\n\n\n\n<p>Program&nbsp;imAGEin&nbsp;kombinuje ekspertizu iz oblasti biologije,&nbsp;biomedicinskih&nbsp;istra\u017eivanja, biotehnologije i inovacija. Kurikulum nagla\u0161ava i fundamentalna i primijenjena istra\u017eivanja, a fizi\u010dka mobilnost izme\u0111u partnerskih zemalja obavezna je kako bi se podstakla me\u0111unarodna saradnja i razmjena znanja.<\/p>\n\n\n\n<p>Zajedno, ovi programi predstavljaju misiju&nbsp;Ulysseus&nbsp;univerziteta&nbsp;\u2013 da studentima pru\u017ee klju\u010dne vje\u0161tine, globalne perspektive i inovativan na\u010din razmi\u0161ljanja neophodan za rje\u0161avanje savremenih izazova. Pridru\u017eivanjem&nbsp;Ulysseus&nbsp;Evropskom univerzitetu, studenti zapo\u010dinju transformativno obrazovno putovanje koje ih priprema za liderske uloge u istra\u017eivanju, inovacijama i profesionalnoj praksi u svijetu koji se brzo mijenja.<\/p>\n\n\n\n<p><strong>O&nbsp;Ulysseus&nbsp;univerzitetu<\/strong><\/p>\n\n\n\n<p>Ulysseus&nbsp;je jedan od 64 Evropska univerziteta koje je izabrala Evropska komisija da postanu univerziteti budu\u0107nosti. Na \u010delu alijanse nalazi se Univerzitet u&nbsp;Sevilji, a \u010dlanice su i: Univerzitet u&nbsp;\u0110enovi&nbsp;(Italija), Universit\u00e9 C\u00f4te d\u2019Azur (Francuska), Tehni\u010dki univerzitet u&nbsp;Ko\u0161icama&nbsp;(Slova\u010dka), MCI | The Entrepreneurial School\u00ae (Austrija),&nbsp;Haaga-Helia&nbsp;Univerzitet primijenjenih nauka (Finska), Univerzitet u&nbsp;Minsteru&nbsp;(Njema\u010dka) i Univerzitet Crne Gore (Crna Gora).<\/p>","protected":false},"excerpt":{"rendered":"<p>Univerzitet u\u00a0Sevilji\u00a0je do\u010dekao dvije nove generacije studenata na\u00a0Ulysseus\u00a0zajedni\u010dkim master studijama, \u010dime se obilje\u017eava nova era u evropskoj akademskoj saradnji<\/p>","protected":false},"author":1,"featured_media":956140,"comment_status":"open","ping_status":"open","sticky":false,"template":"","format":"standard","meta":{"_acf_changed":false,"footnotes":""},"categories":[2],"tags":[38,10450,10451],"naslovna":[],"class_list":["post-956139","post","type-post","status-publish","format-standard","has-post-thumbnail","hentry","category-drustvo","tag-ucg","tag-ulysseus","tag-univerzitet-u-sevilji"],"acf":[],"yoast_head":"<!-- This site is optimized with the Yoast SEO plugin v27.4 - https:\/\/yoast.com\/product\/yoast-seo-wordpress\/ -->\n<title>Univerzitet u Sevilji do\u010dekao dvije nove generacije studenata na Ulysseus zajedni\u010dkim master studijama - dmcsrb.com<\/title>\n<meta name=\"robots\" content=\"index, follow, max-snippet:-1, max-image-preview:large, max-video-preview:-1\" \/>\n<link rel=\"canonical\" href=\"https:\/\/dmcsrb.com\/en\/drustvo\/univerzitet-u-sevilji-docekao-dvije-nove-generacije-studenata-na-ulysseus-zajednickim-master-studijama\/\" \/>\n<meta property=\"og:locale\" content=\"en_GB\" \/>\n<meta property=\"og:type\" content=\"article\" \/>\n<meta property=\"og:title\" content=\"Univerzitet u Sevilji do\u010dekao dvije nove generacije studenata na Ulysseus zajedni\u010dkim master studijama - dmcsrb.com\" \/>\n<meta property=\"og:description\" content=\"Univerzitet u\u00a0Sevilji\u00a0je do\u010dekao dvije nove generacije studenata na\u00a0Ulysseus\u00a0zajedni\u010dkim master studijama, \u010dime se obilje\u017eava nova era u evropskoj akademskoj saradnji\" \/>\n<meta property=\"og:url\" content=\"https:\/\/dmcsrb.com\/en\/drustvo\/univerzitet-u-sevilji-docekao-dvije-nove-generacije-studenata-na-ulysseus-zajednickim-master-studijama\/\" \/>\n<meta property=\"og:site_name\" content=\"dmcsrb.com\" \/>\n<meta property=\"article:published_time\" content=\"2025-10-06T12:30:00+00:00\" \/>\n<meta property=\"og:image\" content=\"https:\/\/dmcsrb.com\/wp-content\/uploads\/2026\/01\/tumber-1-7.webp\" \/>\n\t<meta property=\"og:image:width\" content=\"968\" \/>\n\t<meta property=\"og:image:height\" content=\"645\" \/>\n\t<meta property=\"og:image:type\" content=\"image\/jpeg\" \/>\n<meta name=\"author\" content=\"dmcsrbija.com@gmail.com\" \/>\n<meta name=\"twitter:card\" content=\"summary_large_image\" \/>\n<meta name=\"twitter:label1\" content=\"Written by\" \/>\n\t<meta name=\"twitter:data1\" content=\"dmcsrbija.com@gmail.com\" \/>\n\t<meta name=\"twitter:label2\" content=\"Estimated reading time\" \/>\n\t<meta name=\"twitter:data2\" content=\"3 minutes\" \/>\n<script type=\"application\/ld+json\" class=\"yoast-schema-graph\">{\"@context\":\"https:\\\/\\\/schema.org\",\"@graph\":[{\"@type\":\"Article\",\"@id\":\"https:\\\/\\\/dmcsrb.com\\\/drustvo\\\/univerzitet-u-sevilji-docekao-dvije-nove-generacije-studenata-na-ulysseus-zajednickim-master-studijama\\\/#article\",\"isPartOf\":{\"@id\":\"https:\\\/\\\/dmcsrb.com\\\/drustvo\\\/univerzitet-u-sevilji-docekao-dvije-nove-generacije-studenata-na-ulysseus-zajednickim-master-studijama\\\/\"},\"author\":{\"name\":\"dmcsrbija.com@gmail.com\",\"@id\":\"https:\\\/\\\/dmcsrb.com\\\/#\\\/schema\\\/person\\\/5c39170f12db1b8b457732d0b5c854e2\"},\"headline\":\"Univerzitet u Sevilji do\u010dekao dvije nove generacije studenata na Ulysseus zajedni\u010dkim master studijama\",\"datePublished\":\"2025-10-06T12:30:00+00:00\",\"mainEntityOfPage\":{\"@id\":\"https:\\\/\\\/dmcsrb.com\\\/drustvo\\\/univerzitet-u-sevilji-docekao-dvije-nove-generacije-studenata-na-ulysseus-zajednickim-master-studijama\\\/\"},\"wordCount\":616,\"commentCount\":0,\"image\":{\"@id\":\"https:\\\/\\\/dmcsrb.com\\\/drustvo\\\/univerzitet-u-sevilji-docekao-dvije-nove-generacije-studenata-na-ulysseus-zajednickim-master-studijama\\\/#primaryimage\"},\"thumbnailUrl\":\"https:\\\/\\\/dmcsrb.com\\\/wp-content\\\/uploads\\\/2026\\\/01\\\/tumber-1-7.webp\",\"keywords\":[\"UCG\",\"Ulysseus\",\"Univerzitet u Sevilji\"],\"articleSection\":[\"Dru\u0161tvo\"],\"inLanguage\":\"en-GB\",\"potentialAction\":[{\"@type\":\"CommentAction\",\"name\":\"Comment\",\"target\":[\"https:\\\/\\\/dmcsrb.com\\\/drustvo\\\/univerzitet-u-sevilji-docekao-dvije-nove-generacije-studenata-na-ulysseus-zajednickim-master-studijama\\\/#respond\"]}]},{\"@type\":\"WebPage\",\"@id\":\"https:\\\/\\\/dmcsrb.com\\\/drustvo\\\/univerzitet-u-sevilji-docekao-dvije-nove-generacije-studenata-na-ulysseus-zajednickim-master-studijama\\\/\",\"url\":\"https:\\\/\\\/dmcsrb.com\\\/drustvo\\\/univerzitet-u-sevilji-docekao-dvije-nove-generacije-studenata-na-ulysseus-zajednickim-master-studijama\\\/\",\"name\":\"Univerzitet u Sevilji do\u010dekao dvije nove generacije studenata na Ulysseus zajedni\u010dkim master studijama - dmcsrb.com\",\"isPartOf\":{\"@id\":\"https:\\\/\\\/dmcsrb.com\\\/#website\"},\"primaryImageOfPage\":{\"@id\":\"https:\\\/\\\/dmcsrb.com\\\/drustvo\\\/univerzitet-u-sevilji-docekao-dvije-nove-generacije-studenata-na-ulysseus-zajednickim-master-studijama\\\/#primaryimage\"},\"image\":{\"@id\":\"https:\\\/\\\/dmcsrb.com\\\/drustvo\\\/univerzitet-u-sevilji-docekao-dvije-nove-generacije-studenata-na-ulysseus-zajednickim-master-studijama\\\/#primaryimage\"},\"thumbnailUrl\":\"https:\\\/\\\/dmcsrb.com\\\/wp-content\\\/uploads\\\/2026\\\/01\\\/tumber-1-7.webp\",\"datePublished\":\"2025-10-06T12:30:00+00:00\",\"author\":{\"@id\":\"https:\\\/\\\/dmcsrb.com\\\/#\\\/schema\\\/person\\\/5c39170f12db1b8b457732d0b5c854e2\"},\"breadcrumb\":{\"@id\":\"https:\\\/\\\/dmcsrb.com\\\/drustvo\\\/univerzitet-u-sevilji-docekao-dvije-nove-generacije-studenata-na-ulysseus-zajednickim-master-studijama\\\/#breadcrumb\"},\"inLanguage\":\"en-GB\",\"potentialAction\":[{\"@type\":\"ReadAction\",\"target\":[\"https:\\\/\\\/dmcsrb.com\\\/drustvo\\\/univerzitet-u-sevilji-docekao-dvije-nove-generacije-studenata-na-ulysseus-zajednickim-master-studijama\\\/\"]}]},{\"@type\":\"ImageObject\",\"inLanguage\":\"en-GB\",\"@id\":\"https:\\\/\\\/dmcsrb.com\\\/drustvo\\\/univerzitet-u-sevilji-docekao-dvije-nove-generacije-studenata-na-ulysseus-zajednickim-master-studijama\\\/#primaryimage\",\"url\":\"https:\\\/\\\/dmcsrb.com\\\/wp-content\\\/uploads\\\/2026\\\/01\\\/tumber-1-7.webp\",\"contentUrl\":\"https:\\\/\\\/dmcsrb.com\\\/wp-content\\\/uploads\\\/2026\\\/01\\\/tumber-1-7.webp\",\"width\":968,\"height\":645},{\"@type\":\"BreadcrumbList\",\"@id\":\"https:\\\/\\\/dmcsrb.com\\\/drustvo\\\/univerzitet-u-sevilji-docekao-dvije-nove-generacije-studenata-na-ulysseus-zajednickim-master-studijama\\\/#breadcrumb\",\"itemListElement\":[{\"@type\":\"ListItem\",\"position\":1,\"name\":\"Home\",\"item\":\"https:\\\/\\\/dmcsrb.com\\\/\"},{\"@type\":\"ListItem\",\"position\":2,\"name\":\"Univerzitet u Sevilji do\u010dekao dvije nove generacije studenata na Ulysseus zajedni\u010dkim master studijama\"}]},{\"@type\":\"WebSite\",\"@id\":\"https:\\\/\\\/dmcsrb.com\\\/#website\",\"url\":\"https:\\\/\\\/dmcsrb.com\\\/\",\"name\":\"dmcsrb.com\",\"description\":\"\",\"potentialAction\":[{\"@type\":\"SearchAction\",\"target\":{\"@type\":\"EntryPoint\",\"urlTemplate\":\"https:\\\/\\\/dmcsrb.com\\\/?s={search_term_string}\"},\"query-input\":{\"@type\":\"PropertyValueSpecification\",\"valueRequired\":true,\"valueName\":\"search_term_string\"}}],\"inLanguage\":\"en-GB\"},{\"@type\":\"Person\",\"@id\":\"https:\\\/\\\/dmcsrb.com\\\/#\\\/schema\\\/person\\\/5c39170f12db1b8b457732d0b5c854e2\",\"name\":\"dmcsrbija.com@gmail.com\",\"image\":{\"@type\":\"ImageObject\",\"inLanguage\":\"en-GB\",\"@id\":\"https:\\\/\\\/secure.gravatar.com\\\/avatar\\\/68592660ad6347fad0fb587f8d5d8f1a7b44961362f56e4f2cd524feb87e9069?s=96&d=mm&r=g\",\"url\":\"https:\\\/\\\/secure.gravatar.com\\\/avatar\\\/68592660ad6347fad0fb587f8d5d8f1a7b44961362f56e4f2cd524feb87e9069?s=96&d=mm&r=g\",\"contentUrl\":\"https:\\\/\\\/secure.gravatar.com\\\/avatar\\\/68592660ad6347fad0fb587f8d5d8f1a7b44961362f56e4f2cd524feb87e9069?s=96&d=mm&r=g\",\"caption\":\"dmcsrbija.com@gmail.com\"},\"sameAs\":[\"https:\\\/\\\/dmcsrb.com\"],\"url\":\"https:\\\/\\\/dmcsrb.com\\\/en\\\/author\\\/dmcsrbija-comgmail-com\\\/\"}]}<\/script>\n<!-- \/ Yoast SEO plugin. -->","yoast_head_json":{"title":"Univerzitet u Sevilji do\u010dekao dvije nove generacije studenata na Ulysseus zajedni\u010dkim master studijama - dmcsrb.com","robots":{"index":"index","follow":"follow","max-snippet":"max-snippet:-1","max-image-preview":"max-image-preview:large","max-video-preview":"max-video-preview:-1"},"canonical":"https:\/\/dmcsrb.com\/en\/drustvo\/univerzitet-u-sevilji-docekao-dvije-nove-generacije-studenata-na-ulysseus-zajednickim-master-studijama\/","og_locale":"en_GB","og_type":"article","og_title":"Univerzitet u Sevilji do\u010dekao dvije nove generacije studenata na Ulysseus zajedni\u010dkim master studijama - dmcsrb.com","og_description":"Univerzitet u\u00a0Sevilji\u00a0je do\u010dekao dvije nove generacije studenata na\u00a0Ulysseus\u00a0zajedni\u010dkim master studijama, \u010dime se obilje\u017eava nova era u evropskoj akademskoj saradnji","og_url":"https:\/\/dmcsrb.com\/en\/drustvo\/univerzitet-u-sevilji-docekao-dvije-nove-generacije-studenata-na-ulysseus-zajednickim-master-studijama\/","og_site_name":"dmcsrb.com","article_published_time":"2025-10-06T12:30:00+00:00","og_image":[{"width":968,"height":645,"url":"https:\/\/dmcsrb.com\/wp-content\/uploads\/2026\/01\/tumber-1-7.webp","type":"image\/jpeg"}],"author":"dmcsrbija.com@gmail.com","twitter_card":"summary_large_image","twitter_misc":{"Written by":"dmcsrbija.com@gmail.com","Estimated reading time":"3 minutes"},"schema":{"@context":"https:\/\/schema.org","@graph":[{"@type":"Article","@id":"https:\/\/dmcsrb.com\/drustvo\/univerzitet-u-sevilji-docekao-dvije-nove-generacije-studenata-na-ulysseus-zajednickim-master-studijama\/#article","isPartOf":{"@id":"https:\/\/dmcsrb.com\/drustvo\/univerzitet-u-sevilji-docekao-dvije-nove-generacije-studenata-na-ulysseus-zajednickim-master-studijama\/"},"author":{"name":"dmcsrbija.com@gmail.com","@id":"https:\/\/dmcsrb.com\/#\/schema\/person\/5c39170f12db1b8b457732d0b5c854e2"},"headline":"Univerzitet u Sevilji do\u010dekao dvije nove generacije studenata na Ulysseus zajedni\u010dkim master studijama","datePublished":"2025-10-06T12:30:00+00:00","mainEntityOfPage":{"@id":"https:\/\/dmcsrb.com\/drustvo\/univerzitet-u-sevilji-docekao-dvije-nove-generacije-studenata-na-ulysseus-zajednickim-master-studijama\/"},"wordCount":616,"commentCount":0,"image":{"@id":"https:\/\/dmcsrb.com\/drustvo\/univerzitet-u-sevilji-docekao-dvije-nove-generacije-studenata-na-ulysseus-zajednickim-master-studijama\/#primaryimage"},"thumbnailUrl":"https:\/\/dmcsrb.com\/wp-content\/uploads\/2026\/01\/tumber-1-7.webp","keywords":["UCG","Ulysseus","Univerzitet u Sevilji"],"articleSection":["Dru\u0161tvo"],"inLanguage":"en-GB","potentialAction":[{"@type":"CommentAction","name":"Comment","target":["https:\/\/dmcsrb.com\/drustvo\/univerzitet-u-sevilji-docekao-dvije-nove-generacije-studenata-na-ulysseus-zajednickim-master-studijama\/#respond"]}]},{"@type":"WebPage","@id":"https:\/\/dmcsrb.com\/drustvo\/univerzitet-u-sevilji-docekao-dvije-nove-generacije-studenata-na-ulysseus-zajednickim-master-studijama\/","url":"https:\/\/dmcsrb.com\/drustvo\/univerzitet-u-sevilji-docekao-dvije-nove-generacije-studenata-na-ulysseus-zajednickim-master-studijama\/","name":"Univerzitet u Sevilji do\u010dekao dvije nove generacije studenata na Ulysseus zajedni\u010dkim master studijama - dmcsrb.com","isPartOf":{"@id":"https:\/\/dmcsrb.com\/#website"},"primaryImageOfPage":{"@id":"https:\/\/dmcsrb.com\/drustvo\/univerzitet-u-sevilji-docekao-dvije-nove-generacije-studenata-na-ulysseus-zajednickim-master-studijama\/#primaryimage"},"image":{"@id":"https:\/\/dmcsrb.com\/drustvo\/univerzitet-u-sevilji-docekao-dvije-nove-generacije-studenata-na-ulysseus-zajednickim-master-studijama\/#primaryimage"},"thumbnailUrl":"https:\/\/dmcsrb.com\/wp-content\/uploads\/2026\/01\/tumber-1-7.webp","datePublished":"2025-10-06T12:30:00+00:00","author":{"@id":"https:\/\/dmcsrb.com\/#\/schema\/person\/5c39170f12db1b8b457732d0b5c854e2"},"breadcrumb":{"@id":"https:\/\/dmcsrb.com\/drustvo\/univerzitet-u-sevilji-docekao-dvije-nove-generacije-studenata-na-ulysseus-zajednickim-master-studijama\/#breadcrumb"},"inLanguage":"en-GB","potentialAction":[{"@type":"ReadAction","target":["https:\/\/dmcsrb.com\/drustvo\/univerzitet-u-sevilji-docekao-dvije-nove-generacije-studenata-na-ulysseus-zajednickim-master-studijama\/"]}]},{"@type":"ImageObject","inLanguage":"en-GB","@id":"https:\/\/dmcsrb.com\/drustvo\/univerzitet-u-sevilji-docekao-dvije-nove-generacije-studenata-na-ulysseus-zajednickim-master-studijama\/#primaryimage","url":"https:\/\/dmcsrb.com\/wp-content\/uploads\/2026\/01\/tumber-1-7.webp","contentUrl":"https:\/\/dmcsrb.com\/wp-content\/uploads\/2026\/01\/tumber-1-7.webp","width":968,"height":645},{"@type":"BreadcrumbList","@id":"https:\/\/dmcsrb.com\/drustvo\/univerzitet-u-sevilji-docekao-dvije-nove-generacije-studenata-na-ulysseus-zajednickim-master-studijama\/#breadcrumb","itemListElement":[{"@type":"ListItem","position":1,"name":"Home","item":"https:\/\/dmcsrb.com\/"},{"@type":"ListItem","position":2,"name":"Univerzitet u Sevilji do\u010dekao dvije nove generacije studenata na Ulysseus zajedni\u010dkim master studijama"}]},{"@type":"WebSite","@id":"https:\/\/dmcsrb.com\/#website","url":"https:\/\/dmcsrb.com\/","name":"dmcsrb.com","description":"","potentialAction":[{"@type":"SearchAction","target":{"@type":"EntryPoint","urlTemplate":"https:\/\/dmcsrb.com\/?s={search_term_string}"},"query-input":{"@type":"PropertyValueSpecification","valueRequired":true,"valueName":"search_term_string"}}],"inLanguage":"en-GB"},{"@type":"Person","@id":"https:\/\/dmcsrb.com\/#\/schema\/person\/5c39170f12db1b8b457732d0b5c854e2","name":"dmcsrbija.com@gmail.com","image":{"@type":"ImageObject","inLanguage":"en-GB","@id":"https:\/\/secure.gravatar.com\/avatar\/68592660ad6347fad0fb587f8d5d8f1a7b44961362f56e4f2cd524feb87e9069?s=96&d=mm&r=g","url":"https:\/\/secure.gravatar.com\/avatar\/68592660ad6347fad0fb587f8d5d8f1a7b44961362f56e4f2cd524feb87e9069?s=96&d=mm&r=g","contentUrl":"https:\/\/secure.gravatar.com\/avatar\/68592660ad6347fad0fb587f8d5d8f1a7b44961362f56e4f2cd524feb87e9069?s=96&d=mm&r=g","caption":"dmcsrbija.com@gmail.com"},"sameAs":["https:\/\/dmcsrb.com"],"url":"https:\/\/dmcsrb.com\/en\/author\/dmcsrbija-comgmail-com\/"}]}},"_links":{"self":[{"href":"https:\/\/dmcsrb.com\/en\/wp-json\/wp\/v2\/posts\/956139","targetHints":{"allow":["GET"]}}],"collection":[{"href":"https:\/\/dmcsrb.com\/en\/wp-json\/wp\/v2\/posts"}],"about":[{"href":"https:\/\/dmcsrb.com\/en\/wp-json\/wp\/v2\/types\/post"}],"author":[{"embeddable":true,"href":"https:\/\/dmcsrb.com\/en\/wp-json\/wp\/v2\/users\/1"}],"replies":[{"embeddable":true,"href":"https:\/\/dmcsrb.com\/en\/wp-json\/wp\/v2\/comments?post=956139"}],"version-history":[{"count":0,"href":"https:\/\/dmcsrb.com\/en\/wp-json\/wp\/v2\/posts\/956139\/revisions"}],"wp:featuredmedia":[{"embeddable":true,"href":"https:\/\/dmcsrb.com\/en\/wp-json\/wp\/v2\/media\/956140"}],"wp:attachment":[{"href":"https:\/\/dmcsrb.com\/en\/wp-json\/wp\/v2\/media?parent=956139"}],"wp:term":[{"taxonomy":"category","embeddable":true,"href":"https:\/\/dmcsrb.com\/en\/wp-json\/wp\/v2\/categories?post=956139"},{"taxonomy":"post_tag","embeddable":true,"href":"https:\/\/dmcsrb.com\/en\/wp-json\/wp\/v2\/tags?post=956139"},{"taxonomy":"naslovna","embeddable":true,"href":"https:\/\/dmcsrb.com\/en\/wp-json\/wp\/v2\/naslovna?post=956139"}],"curies":[{"name":"wp","href":"https:\/\/api.w.org\/{rel}","templated":true}]}}