{"id":956101,"date":"2025-10-06T11:05:42","date_gmt":"2025-10-06T09:05:42","guid":{"rendered":"https:\/\/dmcsrb.com\/uncategorized\/ibrahimovic-smatramo-da-je-jadran-nas-kroz-rad-komisije-naci-rjesenje\/"},"modified":"2025-10-06T11:05:42","modified_gmt":"2025-10-06T09:05:42","slug":"ibrahimovic-smatramo-da-je-jadran-nas-kroz-rad-komisije-naci-rjesenje","status":"publish","type":"post","link":"https:\/\/dmcsrb.com\/en\/politika\/ibrahimovic-smatramo-da-je-jadran-nas-kroz-rad-komisije-naci-rjesenje\/","title":{"rendered":"Ibrahimovi\u0107: Smatramo da je &#8220;Jadran&#8221; na\u0161, kroz rad komisije na\u0107i rje\u0161enje"},"content":{"rendered":"<p><\/p>\n\n\n\n<p><\/p>\n\n\n\n<p>&#8220;Pitanje &#8216;Jadrana&#8217; &#8211; nama je Hrvatska jedan od glavnih partnera kada je u pitanju na\u0161 EU put. Tako da u jednom prijateljskom odnosu radimo. Jutros me zvao ministar Grli\u0107 Radman da se zahvali na jednom lijepom gostoprimstvu i civijizacijskom koraku koji je naopravila Crna Gora. Odr\u017eavamo dobre odnose i vjerujem kroz formiranje komisije, s na\u0161e strane jer je Hrvati ve\u0107 imaju, da \u0107emo na\u0107i zajedni\u010dko rje\u0161enje&#8221;, rekao je Ibrahimovi\u0107.<\/p>\n\n\n\n<p>Kako je naveo, on zastupa interese Crne Gore.<\/p>\n\n\n\n<p>&#8220;Mi smatramo da je brod &#8216;Jadran&#8217; na\u0161. I na\u0161i prijatelji iz Hrvatske imaju pravo da misle da je njihov&#8221;, rekao je Ibrahimovi\u0107.<\/p>\n\n\n\n<p>Izrazio je nadu da \u0107e Hrvatska uskoro podr\u017eati zatvaranje poglavlja 31 u pregovorima sa EU.&nbsp;<\/p>\n\n\n\n<p>&#8220;Mi planiramo sa na\u0161im partnerima da napravimo mapu puta zatvaranja pogalvlja&#8221;, rekao je Ibrahimovi\u0107.&nbsp;<\/p>","protected":false},"excerpt":{"rendered":"<p>Ministar vanjskih poslova Ervin Ibrahimovi\u0107 rekao je da je stav Crne Gore da je \u0161kolski brod &#8220;Jadran&#8221; njeno vlasni\u0161tvo. On je na sjednici skup\u0161tinskog Odbora za me\u0111unarodne odnose kazao da vjeruje da \u0107e i to pitanje, kao i sva druga, rje\u0161avati u dobrom duhu sa Republikom Hrvatskom.<\/p>","protected":false},"author":1,"featured_media":913149,"comment_status":"open","ping_status":"open","sticky":false,"template":"","format":"standard","meta":{"_acf_changed":false,"footnotes":""},"categories":[12],"tags":[8833,10421],"naslovna":[],"class_list":["post-956101","post","type-post","status-publish","format-standard","has-post-thumbnail","hentry","category-politika","tag-ibrahimovic","tag-jadran-split"],"acf":[],"yoast_head":"<!-- This site is optimized with the Yoast SEO plugin v27.4 - https:\/\/yoast.com\/product\/yoast-seo-wordpress\/ -->\n<title>Ibrahimovi\u0107: Smatramo da je &quot;Jadran&quot; na\u0161, kroz rad komisije na\u0107i rje\u0161enje - dmcsrb.com<\/title>\n<meta name=\"robots\" content=\"index, follow, max-snippet:-1, max-image-preview:large, max-video-preview:-1\" \/>\n<link rel=\"canonical\" href=\"https:\/\/dmcsrb.com\/en\/politika\/ibrahimovic-smatramo-da-je-jadran-nas-kroz-rad-komisije-naci-rjesenje\/\" \/>\n<meta property=\"og:locale\" content=\"en_GB\" \/>\n<meta property=\"og:type\" content=\"article\" \/>\n<meta property=\"og:title\" content=\"Ibrahimovi\u0107: Smatramo da je &quot;Jadran&quot; na\u0161, kroz rad komisije na\u0107i rje\u0161enje - dmcsrb.com\" \/>\n<meta property=\"og:description\" content=\"Ministar vanjskih poslova Ervin Ibrahimovi\u0107 rekao je da je stav Crne Gore da je \u0161kolski brod &quot;Jadran&quot; njeno vlasni\u0161tvo. On je na sjednici skup\u0161tinskog Odbora za me\u0111unarodne odnose kazao da vjeruje da \u0107e i to pitanje, kao i sva druga, rje\u0161avati u dobrom duhu sa Republikom Hrvatskom.\" \/>\n<meta property=\"og:url\" content=\"https:\/\/dmcsrb.com\/en\/politika\/ibrahimovic-smatramo-da-je-jadran-nas-kroz-rad-komisije-naci-rjesenje\/\" \/>\n<meta property=\"og:site_name\" content=\"dmcsrb.com\" \/>\n<meta property=\"article:published_time\" content=\"2025-10-06T09:05:42+00:00\" \/>\n<meta property=\"og:image\" content=\"https:\/\/dmcsrb.com\/wp-content\/uploads\/2026\/01\/Ervin-Ibrahimovic-foto-vlada-cg-1.jpg\" \/>\n\t<meta property=\"og:image:width\" content=\"962\" \/>\n\t<meta property=\"og:image:height\" content=\"556\" \/>\n\t<meta property=\"og:image:type\" content=\"image\/jpeg\" \/>\n<meta name=\"author\" content=\"dmcsrbija.com@gmail.com\" \/>\n<meta name=\"twitter:card\" content=\"summary_large_image\" \/>\n<meta name=\"twitter:label1\" content=\"Written by\" \/>\n\t<meta name=\"twitter:data1\" content=\"dmcsrbija.com@gmail.com\" \/>\n\t<meta name=\"twitter:label2\" content=\"Estimated reading time\" \/>\n\t<meta name=\"twitter:data2\" content=\"1 minute\" \/>\n<script type=\"application\/ld+json\" class=\"yoast-schema-graph\">{\"@context\":\"https:\\\/\\\/schema.org\",\"@graph\":[{\"@type\":\"Article\",\"@id\":\"https:\\\/\\\/dmcsrb.com\\\/politika\\\/ibrahimovic-smatramo-da-je-jadran-nas-kroz-rad-komisije-naci-rjesenje\\\/#article\",\"isPartOf\":{\"@id\":\"https:\\\/\\\/dmcsrb.com\\\/politika\\\/ibrahimovic-smatramo-da-je-jadran-nas-kroz-rad-komisije-naci-rjesenje\\\/\"},\"author\":{\"name\":\"dmcsrbija.com@gmail.com\",\"@id\":\"https:\\\/\\\/dmcsrb.com\\\/#\\\/schema\\\/person\\\/5c39170f12db1b8b457732d0b5c854e2\"},\"headline\":\"Ibrahimovi\u0107: Smatramo da je &#8220;Jadran&#8221; na\u0161, kroz rad komisije na\u0107i rje\u0161enje\",\"datePublished\":\"2025-10-06T09:05:42+00:00\",\"mainEntityOfPage\":{\"@id\":\"https:\\\/\\\/dmcsrb.com\\\/politika\\\/ibrahimovic-smatramo-da-je-jadran-nas-kroz-rad-komisije-naci-rjesenje\\\/\"},\"wordCount\":150,\"commentCount\":0,\"image\":{\"@id\":\"https:\\\/\\\/dmcsrb.com\\\/politika\\\/ibrahimovic-smatramo-da-je-jadran-nas-kroz-rad-komisije-naci-rjesenje\\\/#primaryimage\"},\"thumbnailUrl\":\"https:\\\/\\\/dmcsrb.com\\\/wp-content\\\/uploads\\\/2026\\\/01\\\/Ervin-Ibrahimovic-foto-vlada-cg-1.jpg\",\"keywords\":[\"Ibrahimovi\u0107\",\"Jadran Split\"],\"articleSection\":[\"Politika\"],\"inLanguage\":\"en-GB\",\"potentialAction\":[{\"@type\":\"CommentAction\",\"name\":\"Comment\",\"target\":[\"https:\\\/\\\/dmcsrb.com\\\/politika\\\/ibrahimovic-smatramo-da-je-jadran-nas-kroz-rad-komisije-naci-rjesenje\\\/#respond\"]}]},{\"@type\":\"WebPage\",\"@id\":\"https:\\\/\\\/dmcsrb.com\\\/politika\\\/ibrahimovic-smatramo-da-je-jadran-nas-kroz-rad-komisije-naci-rjesenje\\\/\",\"url\":\"https:\\\/\\\/dmcsrb.com\\\/politika\\\/ibrahimovic-smatramo-da-je-jadran-nas-kroz-rad-komisije-naci-rjesenje\\\/\",\"name\":\"Ibrahimovi\u0107: Smatramo da je \\\"Jadran\\\" na\u0161, kroz rad komisije na\u0107i rje\u0161enje - dmcsrb.com\",\"isPartOf\":{\"@id\":\"https:\\\/\\\/dmcsrb.com\\\/#website\"},\"primaryImageOfPage\":{\"@id\":\"https:\\\/\\\/dmcsrb.com\\\/politika\\\/ibrahimovic-smatramo-da-je-jadran-nas-kroz-rad-komisije-naci-rjesenje\\\/#primaryimage\"},\"image\":{\"@id\":\"https:\\\/\\\/dmcsrb.com\\\/politika\\\/ibrahimovic-smatramo-da-je-jadran-nas-kroz-rad-komisije-naci-rjesenje\\\/#primaryimage\"},\"thumbnailUrl\":\"https:\\\/\\\/dmcsrb.com\\\/wp-content\\\/uploads\\\/2026\\\/01\\\/Ervin-Ibrahimovic-foto-vlada-cg-1.jpg\",\"datePublished\":\"2025-10-06T09:05:42+00:00\",\"author\":{\"@id\":\"https:\\\/\\\/dmcsrb.com\\\/#\\\/schema\\\/person\\\/5c39170f12db1b8b457732d0b5c854e2\"},\"breadcrumb\":{\"@id\":\"https:\\\/\\\/dmcsrb.com\\\/politika\\\/ibrahimovic-smatramo-da-je-jadran-nas-kroz-rad-komisije-naci-rjesenje\\\/#breadcrumb\"},\"inLanguage\":\"en-GB\",\"potentialAction\":[{\"@type\":\"ReadAction\",\"target\":[\"https:\\\/\\\/dmcsrb.com\\\/politika\\\/ibrahimovic-smatramo-da-je-jadran-nas-kroz-rad-komisije-naci-rjesenje\\\/\"]}]},{\"@type\":\"ImageObject\",\"inLanguage\":\"en-GB\",\"@id\":\"https:\\\/\\\/dmcsrb.com\\\/politika\\\/ibrahimovic-smatramo-da-je-jadran-nas-kroz-rad-komisije-naci-rjesenje\\\/#primaryimage\",\"url\":\"https:\\\/\\\/dmcsrb.com\\\/wp-content\\\/uploads\\\/2026\\\/01\\\/Ervin-Ibrahimovic-foto-vlada-cg-1.jpg\",\"contentUrl\":\"https:\\\/\\\/dmcsrb.com\\\/wp-content\\\/uploads\\\/2026\\\/01\\\/Ervin-Ibrahimovic-foto-vlada-cg-1.jpg\",\"width\":962,\"height\":556},{\"@type\":\"BreadcrumbList\",\"@id\":\"https:\\\/\\\/dmcsrb.com\\\/politika\\\/ibrahimovic-smatramo-da-je-jadran-nas-kroz-rad-komisije-naci-rjesenje\\\/#breadcrumb\",\"itemListElement\":[{\"@type\":\"ListItem\",\"position\":1,\"name\":\"Home\",\"item\":\"https:\\\/\\\/dmcsrb.com\\\/\"},{\"@type\":\"ListItem\",\"position\":2,\"name\":\"Ibrahimovi\u0107: Smatramo da je &#8220;Jadran&#8221; na\u0161, kroz rad komisije na\u0107i rje\u0161enje\"}]},{\"@type\":\"WebSite\",\"@id\":\"https:\\\/\\\/dmcsrb.com\\\/#website\",\"url\":\"https:\\\/\\\/dmcsrb.com\\\/\",\"name\":\"dmcsrb.com\",\"description\":\"\",\"potentialAction\":[{\"@type\":\"SearchAction\",\"target\":{\"@type\":\"EntryPoint\",\"urlTemplate\":\"https:\\\/\\\/dmcsrb.com\\\/?s={search_term_string}\"},\"query-input\":{\"@type\":\"PropertyValueSpecification\",\"valueRequired\":true,\"valueName\":\"search_term_string\"}}],\"inLanguage\":\"en-GB\"},{\"@type\":\"Person\",\"@id\":\"https:\\\/\\\/dmcsrb.com\\\/#\\\/schema\\\/person\\\/5c39170f12db1b8b457732d0b5c854e2\",\"name\":\"dmcsrbija.com@gmail.com\",\"image\":{\"@type\":\"ImageObject\",\"inLanguage\":\"en-GB\",\"@id\":\"https:\\\/\\\/secure.gravatar.com\\\/avatar\\\/68592660ad6347fad0fb587f8d5d8f1a7b44961362f56e4f2cd524feb87e9069?s=96&d=mm&r=g\",\"url\":\"https:\\\/\\\/secure.gravatar.com\\\/avatar\\\/68592660ad6347fad0fb587f8d5d8f1a7b44961362f56e4f2cd524feb87e9069?s=96&d=mm&r=g\",\"contentUrl\":\"https:\\\/\\\/secure.gravatar.com\\\/avatar\\\/68592660ad6347fad0fb587f8d5d8f1a7b44961362f56e4f2cd524feb87e9069?s=96&d=mm&r=g\",\"caption\":\"dmcsrbija.com@gmail.com\"},\"sameAs\":[\"https:\\\/\\\/dmcsrb.com\"],\"url\":\"https:\\\/\\\/dmcsrb.com\\\/en\\\/author\\\/dmcsrbija-comgmail-com\\\/\"}]}<\/script>\n<!-- \/ Yoast SEO plugin. -->","yoast_head_json":{"title":"Ibrahimovi\u0107: Smatramo da je \"Jadran\" na\u0161, kroz rad komisije na\u0107i rje\u0161enje - dmcsrb.com","robots":{"index":"index","follow":"follow","max-snippet":"max-snippet:-1","max-image-preview":"max-image-preview:large","max-video-preview":"max-video-preview:-1"},"canonical":"https:\/\/dmcsrb.com\/en\/politika\/ibrahimovic-smatramo-da-je-jadran-nas-kroz-rad-komisije-naci-rjesenje\/","og_locale":"en_GB","og_type":"article","og_title":"Ibrahimovi\u0107: Smatramo da je \"Jadran\" na\u0161, kroz rad komisije na\u0107i rje\u0161enje - dmcsrb.com","og_description":"Ministar vanjskih poslova Ervin Ibrahimovi\u0107 rekao je da je stav Crne Gore da je \u0161kolski brod \"Jadran\" njeno vlasni\u0161tvo. On je na sjednici skup\u0161tinskog Odbora za me\u0111unarodne odnose kazao da vjeruje da \u0107e i to pitanje, kao i sva druga, rje\u0161avati u dobrom duhu sa Republikom Hrvatskom.","og_url":"https:\/\/dmcsrb.com\/en\/politika\/ibrahimovic-smatramo-da-je-jadran-nas-kroz-rad-komisije-naci-rjesenje\/","og_site_name":"dmcsrb.com","article_published_time":"2025-10-06T09:05:42+00:00","og_image":[{"width":962,"height":556,"url":"https:\/\/dmcsrb.com\/wp-content\/uploads\/2026\/01\/Ervin-Ibrahimovic-foto-vlada-cg-1.jpg","type":"image\/jpeg"}],"author":"dmcsrbija.com@gmail.com","twitter_card":"summary_large_image","twitter_misc":{"Written by":"dmcsrbija.com@gmail.com","Estimated reading time":"1 minute"},"schema":{"@context":"https:\/\/schema.org","@graph":[{"@type":"Article","@id":"https:\/\/dmcsrb.com\/politika\/ibrahimovic-smatramo-da-je-jadran-nas-kroz-rad-komisije-naci-rjesenje\/#article","isPartOf":{"@id":"https:\/\/dmcsrb.com\/politika\/ibrahimovic-smatramo-da-je-jadran-nas-kroz-rad-komisije-naci-rjesenje\/"},"author":{"name":"dmcsrbija.com@gmail.com","@id":"https:\/\/dmcsrb.com\/#\/schema\/person\/5c39170f12db1b8b457732d0b5c854e2"},"headline":"Ibrahimovi\u0107: Smatramo da je &#8220;Jadran&#8221; na\u0161, kroz rad komisije na\u0107i rje\u0161enje","datePublished":"2025-10-06T09:05:42+00:00","mainEntityOfPage":{"@id":"https:\/\/dmcsrb.com\/politika\/ibrahimovic-smatramo-da-je-jadran-nas-kroz-rad-komisije-naci-rjesenje\/"},"wordCount":150,"commentCount":0,"image":{"@id":"https:\/\/dmcsrb.com\/politika\/ibrahimovic-smatramo-da-je-jadran-nas-kroz-rad-komisije-naci-rjesenje\/#primaryimage"},"thumbnailUrl":"https:\/\/dmcsrb.com\/wp-content\/uploads\/2026\/01\/Ervin-Ibrahimovic-foto-vlada-cg-1.jpg","keywords":["Ibrahimovi\u0107","Jadran Split"],"articleSection":["Politika"],"inLanguage":"en-GB","potentialAction":[{"@type":"CommentAction","name":"Comment","target":["https:\/\/dmcsrb.com\/politika\/ibrahimovic-smatramo-da-je-jadran-nas-kroz-rad-komisije-naci-rjesenje\/#respond"]}]},{"@type":"WebPage","@id":"https:\/\/dmcsrb.com\/politika\/ibrahimovic-smatramo-da-je-jadran-nas-kroz-rad-komisije-naci-rjesenje\/","url":"https:\/\/dmcsrb.com\/politika\/ibrahimovic-smatramo-da-je-jadran-nas-kroz-rad-komisije-naci-rjesenje\/","name":"Ibrahimovi\u0107: Smatramo da je \"Jadran\" na\u0161, kroz rad komisije na\u0107i rje\u0161enje - dmcsrb.com","isPartOf":{"@id":"https:\/\/dmcsrb.com\/#website"},"primaryImageOfPage":{"@id":"https:\/\/dmcsrb.com\/politika\/ibrahimovic-smatramo-da-je-jadran-nas-kroz-rad-komisije-naci-rjesenje\/#primaryimage"},"image":{"@id":"https:\/\/dmcsrb.com\/politika\/ibrahimovic-smatramo-da-je-jadran-nas-kroz-rad-komisije-naci-rjesenje\/#primaryimage"},"thumbnailUrl":"https:\/\/dmcsrb.com\/wp-content\/uploads\/2026\/01\/Ervin-Ibrahimovic-foto-vlada-cg-1.jpg","datePublished":"2025-10-06T09:05:42+00:00","author":{"@id":"https:\/\/dmcsrb.com\/#\/schema\/person\/5c39170f12db1b8b457732d0b5c854e2"},"breadcrumb":{"@id":"https:\/\/dmcsrb.com\/politika\/ibrahimovic-smatramo-da-je-jadran-nas-kroz-rad-komisije-naci-rjesenje\/#breadcrumb"},"inLanguage":"en-GB","potentialAction":[{"@type":"ReadAction","target":["https:\/\/dmcsrb.com\/politika\/ibrahimovic-smatramo-da-je-jadran-nas-kroz-rad-komisije-naci-rjesenje\/"]}]},{"@type":"ImageObject","inLanguage":"en-GB","@id":"https:\/\/dmcsrb.com\/politika\/ibrahimovic-smatramo-da-je-jadran-nas-kroz-rad-komisije-naci-rjesenje\/#primaryimage","url":"https:\/\/dmcsrb.com\/wp-content\/uploads\/2026\/01\/Ervin-Ibrahimovic-foto-vlada-cg-1.jpg","contentUrl":"https:\/\/dmcsrb.com\/wp-content\/uploads\/2026\/01\/Ervin-Ibrahimovic-foto-vlada-cg-1.jpg","width":962,"height":556},{"@type":"BreadcrumbList","@id":"https:\/\/dmcsrb.com\/politika\/ibrahimovic-smatramo-da-je-jadran-nas-kroz-rad-komisije-naci-rjesenje\/#breadcrumb","itemListElement":[{"@type":"ListItem","position":1,"name":"Home","item":"https:\/\/dmcsrb.com\/"},{"@type":"ListItem","position":2,"name":"Ibrahimovi\u0107: Smatramo da je &#8220;Jadran&#8221; na\u0161, kroz rad komisije na\u0107i rje\u0161enje"}]},{"@type":"WebSite","@id":"https:\/\/dmcsrb.com\/#website","url":"https:\/\/dmcsrb.com\/","name":"dmcsrb.com","description":"","potentialAction":[{"@type":"SearchAction","target":{"@type":"EntryPoint","urlTemplate":"https:\/\/dmcsrb.com\/?s={search_term_string}"},"query-input":{"@type":"PropertyValueSpecification","valueRequired":true,"valueName":"search_term_string"}}],"inLanguage":"en-GB"},{"@type":"Person","@id":"https:\/\/dmcsrb.com\/#\/schema\/person\/5c39170f12db1b8b457732d0b5c854e2","name":"dmcsrbija.com@gmail.com","image":{"@type":"ImageObject","inLanguage":"en-GB","@id":"https:\/\/secure.gravatar.com\/avatar\/68592660ad6347fad0fb587f8d5d8f1a7b44961362f56e4f2cd524feb87e9069?s=96&d=mm&r=g","url":"https:\/\/secure.gravatar.com\/avatar\/68592660ad6347fad0fb587f8d5d8f1a7b44961362f56e4f2cd524feb87e9069?s=96&d=mm&r=g","contentUrl":"https:\/\/secure.gravatar.com\/avatar\/68592660ad6347fad0fb587f8d5d8f1a7b44961362f56e4f2cd524feb87e9069?s=96&d=mm&r=g","caption":"dmcsrbija.com@gmail.com"},"sameAs":["https:\/\/dmcsrb.com"],"url":"https:\/\/dmcsrb.com\/en\/author\/dmcsrbija-comgmail-com\/"}]}},"_links":{"self":[{"href":"https:\/\/dmcsrb.com\/en\/wp-json\/wp\/v2\/posts\/956101","targetHints":{"allow":["GET"]}}],"collection":[{"href":"https:\/\/dmcsrb.com\/en\/wp-json\/wp\/v2\/posts"}],"about":[{"href":"https:\/\/dmcsrb.com\/en\/wp-json\/wp\/v2\/types\/post"}],"author":[{"embeddable":true,"href":"https:\/\/dmcsrb.com\/en\/wp-json\/wp\/v2\/users\/1"}],"replies":[{"embeddable":true,"href":"https:\/\/dmcsrb.com\/en\/wp-json\/wp\/v2\/comments?post=956101"}],"version-history":[{"count":0,"href":"https:\/\/dmcsrb.com\/en\/wp-json\/wp\/v2\/posts\/956101\/revisions"}],"wp:featuredmedia":[{"embeddable":true,"href":"https:\/\/dmcsrb.com\/en\/wp-json\/wp\/v2\/media\/913149"}],"wp:attachment":[{"href":"https:\/\/dmcsrb.com\/en\/wp-json\/wp\/v2\/media?parent=956101"}],"wp:term":[{"taxonomy":"category","embeddable":true,"href":"https:\/\/dmcsrb.com\/en\/wp-json\/wp\/v2\/categories?post=956101"},{"taxonomy":"post_tag","embeddable":true,"href":"https:\/\/dmcsrb.com\/en\/wp-json\/wp\/v2\/tags?post=956101"},{"taxonomy":"naslovna","embeddable":true,"href":"https:\/\/dmcsrb.com\/en\/wp-json\/wp\/v2\/naslovna?post=956101"}],"curies":[{"name":"wp","href":"https:\/\/api.w.org\/{rel}","templated":true}]}}